{"id":3305,"date":"2024-10-31T16:45:56","date_gmt":"2024-10-31T19:45:56","guid":{"rendered":"https:\/\/www.fiemg.com.br\/associativismo\/noticias\/cafe-empresarial-trilha-da-exportacao-impulsiona-negocios-em-governador-valadares\/"},"modified":"2024-10-31T16:47:04","modified_gmt":"2024-10-31T19:47:04","slug":"cafe-empresarial-trilha-da-exportacao-impulsiona-negocios-em-governador-valadares","status":"publish","type":"noticias","link":"https:\/\/www.fiemg.com.br\/associativismo\/noticias\/cafe-empresarial-trilha-da-exportacao-impulsiona-negocios-em-governador-valadares\/","title":{"rendered":"Caf\u00e9 Empresarial Trilha da Exporta\u00e7\u00e3o impulsiona neg\u00f3cios em Governador Valadares"},"content":{"rendered":"\n<p>O Caf\u00e9 Empresarial Trilha da Exporta\u00e7\u00e3o, realizado pela FIEMG Regional Rio Doce em 17 de outubro, reuniu empres\u00e1rios da regi\u00e3o interessados em expandir suas opera\u00e7\u00f5es no mercado internacional. O evento, promovido em parceria com o Sicredi, VMS Advogados, CIN-FIEMG e os sindicatos patronais da FIEMG &#8211; SIM, SINPAC, SIMEVAL, SINDAL, e SINDUSCON, trouxe importantes discuss\u00f5es sobre aspectos tribut\u00e1rios e as tend\u00eancias globais que afetam o setor de exporta\u00e7\u00e3o.<\/p>\n\n\n\n<p>Com palestras de Ana Luiza Junqueira e Leonardo Germano, advogados especialistas da VMS Advogados, e Alexandre Brito, economista do CIN, os participantes tiveram a oportunidade de se atualizar sobre as melhores pr\u00e1ticas para exporta\u00e7\u00e3o e identificar novas oportunidades de neg\u00f3cios, incluindo o crescente &#8220;mercado da saudade&#8221;, voltado para brasileiros no exterior. A manh\u00e3 tamb\u00e9m proporcionou um momento de networking, no qual os empres\u00e1rios puderam trocar experi\u00eancias e realizar conex\u00f5es.<\/p>\n\n\n\n<p>\u201cEsse evento foi essencial para mostrar \u00e0s ind\u00fastrias de nossa regi\u00e3o que a internacionaliza\u00e7\u00e3o \u00e9 um caminho poss\u00edvel e estrat\u00e9gico. Com o apoio de especialistas e o acesso a informa\u00e7\u00f5es de qualidade, nossos empres\u00e1rios est\u00e3o mais preparados para enfrentar os desafios e aproveitar as oportunidades do com\u00e9rcio exterior\u201d, disse o presidente do Sindicato das Ind\u00fastrias do Mobili\u00e1rio de Governador Valadares, Sandro Heringer.<\/p>\n\n\n\n<p>Gra\u00e7as \u00e0 colabora\u00e7\u00e3o do Sicredi, VMS Advogados, e os sindicatos patronais da FIEMG, o evento consolidou-se como um importante marco no fortalecimento da economia regional e na prepara\u00e7\u00e3o das empresas para o mercado global.<\/p>\n\n\n\n<p><strong>Imprensa FIEMG<\/strong><\/p>\n\n\n\n<figure class=\"wp-block-image aligncenter size-large\"><img fetchpriority=\"high\" decoding=\"async\" width=\"1024\" height=\"396\" src=\"https:\/\/www.fiemg.com.br\/associativismo\/wp-content\/uploads\/sites\/29\/2024\/10\/cafe-regional_interna-1024x396.jpeg\" alt=\"Caf\u00e9 Empresarial Trilha da Exporta\u00e7\u00e3o impulsiona neg\u00f3cios em Governador Valadares\n\" class=\"wp-image-3307\" srcset=\"https:\/\/www.fiemg.com.br\/associativismo\/wp-content\/uploads\/sites\/29\/2024\/10\/cafe-regional_interna-1024x396.jpeg 1024w, https:\/\/www.fiemg.com.br\/associativismo\/wp-content\/uploads\/sites\/29\/2024\/10\/cafe-regional_interna-300x116.jpeg 300w, https:\/\/www.fiemg.com.br\/associativismo\/wp-content\/uploads\/sites\/29\/2024\/10\/cafe-regional_interna-768x297.jpeg 768w, https:\/\/www.fiemg.com.br\/associativismo\/wp-content\/uploads\/sites\/29\/2024\/10\/cafe-regional_interna.jpeg 1080w\" sizes=\"(max-width: 1024px) 100vw, 1024px\" \/><\/figure>\n","protected":false},"featured_media":3306,"template":"","categories":[15],"tags":[],"class_list":["post-3305","noticias","type-noticias","status-publish","has-post-thumbnail","hentry","category-desenvolvimento-industrial"],"acf":[],"yoast_head":"<!-- This site is optimized with the Yoast SEO plugin v26.2 - https:\/\/yoast.com\/wordpress\/plugins\/seo\/ -->\n<title>Caf\u00e9 Empresarial Trilha da Exporta\u00e7\u00e3o impulsiona neg\u00f3cios em Governador Valadares - Associativismo<\/title>\n<meta name=\"description\" content=\"Evento fomentou debates sobre aspectos tribut\u00e1rios e as tend\u00eancias globais que afetam o setor de exporta\u00e7\u00e3o\" \/>\n<meta name=\"robots\" content=\"index, follow, max-snippet:-1, max-image-preview:large, max-video-preview:-1\" \/>\n<link rel=\"canonical\" href=\"https:\/\/www.fiemg.com.br\/associativismo\/noticias\/cafe-empresarial-trilha-da-exportacao-impulsiona-negocios-em-governador-valadares\/\" \/>\n<meta property=\"og:locale\" content=\"pt_BR\" \/>\n<meta property=\"og:type\" content=\"article\" \/>\n<meta property=\"og:title\" content=\"Caf\u00e9 Empresarial Trilha da Exporta\u00e7\u00e3o impulsiona neg\u00f3cios em Governador Valadares - Associativismo\" \/>\n<meta property=\"og:description\" content=\"Evento fomentou debates sobre aspectos tribut\u00e1rios e as tend\u00eancias globais que afetam o setor de exporta\u00e7\u00e3o\" \/>\n<meta property=\"og:url\" content=\"https:\/\/www.fiemg.com.br\/associativismo\/noticias\/cafe-empresarial-trilha-da-exportacao-impulsiona-negocios-em-governador-valadares\/\" \/>\n<meta property=\"og:site_name\" content=\"Associativismo\" \/>\n<meta property=\"article:modified_time\" content=\"2024-10-31T19:47:04+00:00\" \/>\n<meta property=\"og:image\" content=\"https:\/\/www.fiemg.com.br\/associativismo\/wp-content\/uploads\/sites\/29\/2024\/10\/regional_thumb.jpeg\" \/>\n\t<meta property=\"og:image:width\" content=\"512\" \/>\n\t<meta property=\"og:image:height\" content=\"512\" \/>\n\t<meta property=\"og:image:type\" content=\"image\/jpeg\" \/>\n<meta name=\"twitter:card\" content=\"summary_large_image\" \/>\n<meta name=\"twitter:label1\" content=\"Est. tempo de leitura\" \/>\n\t<meta name=\"twitter:data1\" content=\"2 minutos\" \/>\n<script type=\"application\/ld+json\" class=\"yoast-schema-graph\">{\"@context\":\"https:\/\/schema.org\",\"@graph\":[{\"@type\":\"WebPage\",\"@id\":\"https:\/\/www.fiemg.com.br\/associativismo\/noticias\/cafe-empresarial-trilha-da-exportacao-impulsiona-negocios-em-governador-valadares\/\",\"url\":\"https:\/\/www.fiemg.com.br\/associativismo\/noticias\/cafe-empresarial-trilha-da-exportacao-impulsiona-negocios-em-governador-valadares\/\",\"name\":\"Caf\u00e9 Empresarial Trilha da Exporta\u00e7\u00e3o impulsiona neg\u00f3cios em Governador Valadares - Associativismo\",\"isPartOf\":{\"@id\":\"https:\/\/www.fiemg.com.br\/associativismo\/#website\"},\"primaryImageOfPage\":{\"@id\":\"https:\/\/www.fiemg.com.br\/associativismo\/noticias\/cafe-empresarial-trilha-da-exportacao-impulsiona-negocios-em-governador-valadares\/#primaryimage\"},\"image\":{\"@id\":\"https:\/\/www.fiemg.com.br\/associativismo\/noticias\/cafe-empresarial-trilha-da-exportacao-impulsiona-negocios-em-governador-valadares\/#primaryimage\"},\"thumbnailUrl\":\"https:\/\/www.fiemg.com.br\/associativismo\/wp-content\/uploads\/sites\/29\/2024\/10\/regional_thumb.jpeg\",\"datePublished\":\"2024-10-31T19:45:56+00:00\",\"dateModified\":\"2024-10-31T19:47:04+00:00\",\"description\":\"Evento fomentou debates sobre aspectos tribut\u00e1rios e as tend\u00eancias globais que afetam o setor de exporta\u00e7\u00e3o\",\"breadcrumb\":{\"@id\":\"https:\/\/www.fiemg.com.br\/associativismo\/noticias\/cafe-empresarial-trilha-da-exportacao-impulsiona-negocios-em-governador-valadares\/#breadcrumb\"},\"inLanguage\":\"pt-BR\",\"potentialAction\":[{\"@type\":\"ReadAction\",\"target\":[\"https:\/\/www.fiemg.com.br\/associativismo\/noticias\/cafe-empresarial-trilha-da-exportacao-impulsiona-negocios-em-governador-valadares\/\"]}]},{\"@type\":\"ImageObject\",\"inLanguage\":\"pt-BR\",\"@id\":\"https:\/\/www.fiemg.com.br\/associativismo\/noticias\/cafe-empresarial-trilha-da-exportacao-impulsiona-negocios-em-governador-valadares\/#primaryimage\",\"url\":\"https:\/\/www.fiemg.com.br\/associativismo\/wp-content\/uploads\/sites\/29\/2024\/10\/regional_thumb.jpeg\",\"contentUrl\":\"https:\/\/www.fiemg.com.br\/associativismo\/wp-content\/uploads\/sites\/29\/2024\/10\/regional_thumb.jpeg\",\"width\":512,\"height\":512,\"caption\":\"Caf\u00e9 Empresarial Trilha da Exporta\u00e7\u00e3o impulsiona neg\u00f3cios em Governador Valadares\"},{\"@type\":\"BreadcrumbList\",\"@id\":\"https:\/\/www.fiemg.com.br\/associativismo\/noticias\/cafe-empresarial-trilha-da-exportacao-impulsiona-negocios-em-governador-valadares\/#breadcrumb\",\"itemListElement\":[{\"@type\":\"ListItem\",\"position\":1,\"name\":\"In\u00edcio\",\"item\":\"https:\/\/www.fiemg.com.br\/associativismo\/\"},{\"@type\":\"ListItem\",\"position\":2,\"name\":\"Caf\u00e9 Empresarial Trilha da Exporta\u00e7\u00e3o impulsiona neg\u00f3cios em Governador Valadares\"}]},{\"@type\":\"WebSite\",\"@id\":\"https:\/\/www.fiemg.com.br\/associativismo\/#website\",\"url\":\"https:\/\/www.fiemg.com.br\/associativismo\/\",\"name\":\"Associativismo\",\"description\":\"Federa\u00e7\u00e3o das Ind\u00fastrias do Estado de Minas Gerais\",\"publisher\":{\"@id\":\"https:\/\/www.fiemg.com.br\/associativismo\/#organization\"},\"potentialAction\":[{\"@type\":\"SearchAction\",\"target\":{\"@type\":\"EntryPoint\",\"urlTemplate\":\"https:\/\/www.fiemg.com.br\/associativismo\/?s={search_term_string}\"},\"query-input\":{\"@type\":\"PropertyValueSpecification\",\"valueRequired\":true,\"valueName\":\"search_term_string\"}}],\"inLanguage\":\"pt-BR\"},{\"@type\":\"Organization\",\"@id\":\"https:\/\/www.fiemg.com.br\/associativismo\/#organization\",\"name\":\"Associativismo\",\"url\":\"https:\/\/www.fiemg.com.br\/associativismo\/\",\"logo\":{\"@type\":\"ImageObject\",\"inLanguage\":\"pt-BR\",\"@id\":\"https:\/\/www.fiemg.com.br\/associativismo\/#\/schema\/logo\/image\/\",\"url\":\"https:\/\/www.fiemg.com.br\/associativismo\/wp-content\/uploads\/sites\/29\/2023\/02\/fiemg_branco.svg\",\"contentUrl\":\"https:\/\/www.fiemg.com.br\/associativismo\/wp-content\/uploads\/sites\/29\/2023\/02\/fiemg_branco.svg\",\"width\":561,\"height\":147,\"caption\":\"Associativismo\"},\"image\":{\"@id\":\"https:\/\/www.fiemg.com.br\/associativismo\/#\/schema\/logo\/image\/\"}}]}<\/script>\n<!-- \/ Yoast SEO plugin. -->","yoast_head_json":{"title":"Caf\u00e9 Empresarial Trilha da Exporta\u00e7\u00e3o impulsiona neg\u00f3cios em Governador Valadares - Associativismo","description":"Evento fomentou debates sobre aspectos tribut\u00e1rios e as tend\u00eancias globais que afetam o setor de exporta\u00e7\u00e3o","robots":{"index":"index","follow":"follow","max-snippet":"max-snippet:-1","max-image-preview":"max-image-preview:large","max-video-preview":"max-video-preview:-1"},"canonical":"https:\/\/www.fiemg.com.br\/associativismo\/noticias\/cafe-empresarial-trilha-da-exportacao-impulsiona-negocios-em-governador-valadares\/","og_locale":"pt_BR","og_type":"article","og_title":"Caf\u00e9 Empresarial Trilha da Exporta\u00e7\u00e3o impulsiona neg\u00f3cios em Governador Valadares - Associativismo","og_description":"Evento fomentou debates sobre aspectos tribut\u00e1rios e as tend\u00eancias globais que afetam o setor de exporta\u00e7\u00e3o","og_url":"https:\/\/www.fiemg.com.br\/associativismo\/noticias\/cafe-empresarial-trilha-da-exportacao-impulsiona-negocios-em-governador-valadares\/","og_site_name":"Associativismo","article_modified_time":"2024-10-31T19:47:04+00:00","og_image":[{"width":512,"height":512,"url":"https:\/\/www.fiemg.com.br\/associativismo\/wp-content\/uploads\/sites\/29\/2024\/10\/regional_thumb.jpeg","type":"image\/jpeg"}],"twitter_card":"summary_large_image","twitter_misc":{"Est. tempo de leitura":"2 minutos"},"schema":{"@context":"https:\/\/schema.org","@graph":[{"@type":"WebPage","@id":"https:\/\/www.fiemg.com.br\/associativismo\/noticias\/cafe-empresarial-trilha-da-exportacao-impulsiona-negocios-em-governador-valadares\/","url":"https:\/\/www.fiemg.com.br\/associativismo\/noticias\/cafe-empresarial-trilha-da-exportacao-impulsiona-negocios-em-governador-valadares\/","name":"Caf\u00e9 Empresarial Trilha da Exporta\u00e7\u00e3o impulsiona neg\u00f3cios em Governador Valadares - Associativismo","isPartOf":{"@id":"https:\/\/www.fiemg.com.br\/associativismo\/#website"},"primaryImageOfPage":{"@id":"https:\/\/www.fiemg.com.br\/associativismo\/noticias\/cafe-empresarial-trilha-da-exportacao-impulsiona-negocios-em-governador-valadares\/#primaryimage"},"image":{"@id":"https:\/\/www.fiemg.com.br\/associativismo\/noticias\/cafe-empresarial-trilha-da-exportacao-impulsiona-negocios-em-governador-valadares\/#primaryimage"},"thumbnailUrl":"https:\/\/www.fiemg.com.br\/associativismo\/wp-content\/uploads\/sites\/29\/2024\/10\/regional_thumb.jpeg","datePublished":"2024-10-31T19:45:56+00:00","dateModified":"2024-10-31T19:47:04+00:00","description":"Evento fomentou debates sobre aspectos tribut\u00e1rios e as tend\u00eancias globais que afetam o setor de exporta\u00e7\u00e3o","breadcrumb":{"@id":"https:\/\/www.fiemg.com.br\/associativismo\/noticias\/cafe-empresarial-trilha-da-exportacao-impulsiona-negocios-em-governador-valadares\/#breadcrumb"},"inLanguage":"pt-BR","potentialAction":[{"@type":"ReadAction","target":["https:\/\/www.fiemg.com.br\/associativismo\/noticias\/cafe-empresarial-trilha-da-exportacao-impulsiona-negocios-em-governador-valadares\/"]}]},{"@type":"ImageObject","inLanguage":"pt-BR","@id":"https:\/\/www.fiemg.com.br\/associativismo\/noticias\/cafe-empresarial-trilha-da-exportacao-impulsiona-negocios-em-governador-valadares\/#primaryimage","url":"https:\/\/www.fiemg.com.br\/associativismo\/wp-content\/uploads\/sites\/29\/2024\/10\/regional_thumb.jpeg","contentUrl":"https:\/\/www.fiemg.com.br\/associativismo\/wp-content\/uploads\/sites\/29\/2024\/10\/regional_thumb.jpeg","width":512,"height":512,"caption":"Caf\u00e9 Empresarial Trilha da Exporta\u00e7\u00e3o impulsiona neg\u00f3cios em Governador Valadares"},{"@type":"BreadcrumbList","@id":"https:\/\/www.fiemg.com.br\/associativismo\/noticias\/cafe-empresarial-trilha-da-exportacao-impulsiona-negocios-em-governador-valadares\/#breadcrumb","itemListElement":[{"@type":"ListItem","position":1,"name":"In\u00edcio","item":"https:\/\/www.fiemg.com.br\/associativismo\/"},{"@type":"ListItem","position":2,"name":"Caf\u00e9 Empresarial Trilha da Exporta\u00e7\u00e3o impulsiona neg\u00f3cios em Governador Valadares"}]},{"@type":"WebSite","@id":"https:\/\/www.fiemg.com.br\/associativismo\/#website","url":"https:\/\/www.fiemg.com.br\/associativismo\/","name":"Associativismo","description":"Federa\u00e7\u00e3o das Ind\u00fastrias do Estado de Minas Gerais","publisher":{"@id":"https:\/\/www.fiemg.com.br\/associativismo\/#organization"},"potentialAction":[{"@type":"SearchAction","target":{"@type":"EntryPoint","urlTemplate":"https:\/\/www.fiemg.com.br\/associativismo\/?s={search_term_string}"},"query-input":{"@type":"PropertyValueSpecification","valueRequired":true,"valueName":"search_term_string"}}],"inLanguage":"pt-BR"},{"@type":"Organization","@id":"https:\/\/www.fiemg.com.br\/associativismo\/#organization","name":"Associativismo","url":"https:\/\/www.fiemg.com.br\/associativismo\/","logo":{"@type":"ImageObject","inLanguage":"pt-BR","@id":"https:\/\/www.fiemg.com.br\/associativismo\/#\/schema\/logo\/image\/","url":"https:\/\/www.fiemg.com.br\/associativismo\/wp-content\/uploads\/sites\/29\/2023\/02\/fiemg_branco.svg","contentUrl":"https:\/\/www.fiemg.com.br\/associativismo\/wp-content\/uploads\/sites\/29\/2023\/02\/fiemg_branco.svg","width":561,"height":147,"caption":"Associativismo"},"image":{"@id":"https:\/\/www.fiemg.com.br\/associativismo\/#\/schema\/logo\/image\/"}}]}},"_links":{"self":[{"href":"https:\/\/www.fiemg.com.br\/associativismo\/wp-json\/wp\/v2\/noticias\/3305","targetHints":{"allow":["GET"]}}],"collection":[{"href":"https:\/\/www.fiemg.com.br\/associativismo\/wp-json\/wp\/v2\/noticias"}],"about":[{"href":"https:\/\/www.fiemg.com.br\/associativismo\/wp-json\/wp\/v2\/types\/noticias"}],"wp:featuredmedia":[{"embeddable":true,"href":"https:\/\/www.fiemg.com.br\/associativismo\/wp-json\/wp\/v2\/media\/3306"}],"wp:attachment":[{"href":"https:\/\/www.fiemg.com.br\/associativismo\/wp-json\/wp\/v2\/media?parent=3305"}],"wp:term":[{"taxonomy":"category","embeddable":true,"href":"https:\/\/www.fiemg.com.br\/associativismo\/wp-json\/wp\/v2\/categories?post=3305"},{"taxonomy":"post_tag","embeddable":true,"href":"https:\/\/www.fiemg.com.br\/associativismo\/wp-json\/wp\/v2\/tags?post=3305"}],"curies":[{"name":"wp","href":"https:\/\/api.w.org\/{rel}","templated":true}]}}