{"id":3320,"date":"2024-11-04T16:01:47","date_gmt":"2024-11-04T19:01:47","guid":{"rendered":"https:\/\/www.fiemg.com.br\/associativismo\/noticias\/delegacao-brasileira-participa-de-capacitacao-empresarial-na-china\/"},"modified":"2024-11-04T16:01:48","modified_gmt":"2024-11-04T19:01:48","slug":"delegacao-brasileira-participa-de-capacitacao-empresarial-na-china","status":"publish","type":"noticias","link":"https:\/\/www.fiemg.com.br\/associativismo\/noticias\/delegacao-brasileira-participa-de-capacitacao-empresarial-na-china\/","title":{"rendered":"Delega\u00e7\u00e3o brasileira participa de capacita\u00e7\u00e3o empresarial na China"},"content":{"rendered":"\n<p><\/p>\n\n\n\n<p>A delega\u00e7\u00e3o de brasileiros que integra a Miss\u00e3o China, organizada pela Federa\u00e7\u00e3o das Ind\u00fastrias do Estado de Minas Gerais (FIEMG), participou nesta segunda-feira (4\/11) de uma capacita\u00e7\u00e3o empresarial exclusiva na Escola de Administra\u00e7\u00e3o e Gest\u00e3o da Universidade Tongji, em Xangai. O treinamento tratou de temas como a transforma\u00e7\u00e3o de neg\u00f3cios, marketing, economia, intelig\u00eancia artificial e digitaliza\u00e7\u00e3o.&nbsp;<\/p>\n\n\n\n<p>O objetivo da capacita\u00e7\u00e3o \u00e9 que os participantes entendam como a China se adapta rapidamente aos avan\u00e7os tecnol\u00f3gicos, bem como \u00e0s prefer\u00eancias de consumo e \u00e0s demandas regulat\u00f3rias, de forma que os empres\u00e1rios voltem ao Brasil com ferramentas valiosas para aplicar no mercado nacional e potencializar o impacto de seus neg\u00f3cios.&nbsp;<\/p>\n\n\n\n<p>\u201cA China \u00e9 hoje nosso principal parceiro comercial e a gente precisa entender um pouco mais como o mercado chin\u00eas funciona e para onde ele est\u00e1 indo. Hoje, a densidade econ\u00f4mica da China \u00e9 t\u00e3o grande que ela consegue mover e fazer disrup\u00e7\u00f5es no mercado como um todo. Ent\u00e3o, se n\u00f3s estivermos a par do que a China est\u00e1 pensando e o que ela est\u00e1 elaborando para o futuro, n\u00f3s vamos adaptar nossas empresas para atender essas mudan\u00e7as que a pr\u00f3pria China vai causar no mercado mundial\u201d, destacou o presidente da Federa\u00e7\u00e3o das Ind\u00fastrias do Estado de Minas Gerais (FIEMG), Fl\u00e1vio Roscoe.&nbsp;<\/p>\n\n\n\n<p>Ao todo, a delega\u00e7\u00e3o brasileira \u00e9 formada por 42 empres\u00e1rios dos setores de extrativismo e minera\u00e7\u00e3o, alimentos e bebidas, m\u00e1quinas e equipamentos, constru\u00e7\u00e3o civil e metal mec\u00e2nica, al\u00e9m de parlamentares, governantes, lideran\u00e7as sindicais e equipe t\u00e9cnica do Centro Internacional de Neg\u00f3cios (CIN) da FIEMG.&nbsp;<\/p>\n\n\n\n<p>A miss\u00e3o acontece at\u00e9 o dia 8 de novembro e, al\u00e9m das capacita\u00e7\u00f5es empresariais, conta com visitas t\u00e9cnicas a ind\u00fastrias chinesas e a participa\u00e7\u00e3o na China International Import Expo (CIIE), considerada a maior feira de importa\u00e7\u00e3o do pa\u00eds.&nbsp;<\/p>\n\n\n\n<p>A iniciativa est\u00e1 sendo articulada pela FIEMG, no \u00e2mbito do conv\u00eanio da Confedera\u00e7\u00e3o Nacional das Ind\u00fastrias (CNI), Apex-Brasil e Rede CIN.<\/p>\n\n\n\n<p><strong>Leia tamb\u00e9m:<\/strong><br>&#8211; <a href=\"https:\/\/www.fiemg.com.br\/noticias\/governador-romeu-zema-confirma-participacao-em-missao-da-fiemg-a-china\/\">Governad<\/a><a href=\"https:\/\/www.fiemg.com.br\/noticias\/governador-romeu-zema-confirma-participacao-em-missao-da-fiemg-a-china\/\" target=\"_blank\" rel=\"noreferrer noopener\">or Romeu Zema confirma participa\u00e7\u00e3o em miss\u00e3o da FIEMG \u00e0 China<\/a><br>&#8211; <a href=\"https:\/\/www.fiemg.com.br\/noticias\/missao-da-fiemg-promove-forum-com-investidores-e-empresarios-chineses\/\" target=\"_blank\" rel=\"noreferrer noopener\">Miss\u00e3o da FIEMG promove f\u00f3rum com investidores e empres\u00e1rios<\/a><a href=\"https:\/\/www.fiemg.com.br\/noticias\/missao-da-fiemg-promove-forum-com-investidores-e-empresarios-chineses\/\"> chineses<\/a><br>&#8211; <a href=\"https:\/\/www.fiemg.com.br\/noticias\/missao-china-visa-ampliar-relacoes-comerciais-entre-brasil-e-o-pais-asiatico\/\" target=\"_blank\" rel=\"noreferrer noopener\">Mi<\/a><a href=\"https:\/\/www.fiemg.com.br\/noticias\/missao-china-visa-ampliar-relacoes-comerciais-entre-brasil-e-o-pais-asiatico\/\">ss\u00e3o China visa ampliar rela\u00e7\u00f5es comerciais entre Brasil e o pa\u00eds asi\u00e1tico<\/a><br><br><em>Tha\u00eds Mota<\/em><br><strong>Imprensa FIEMG<\/strong><\/p>\n\n\n\n<p><\/p>\n\n\n\n<p><\/p>\n\n\n\n<p><\/p>\n","protected":false},"featured_media":3321,"template":"","categories":[5],"tags":[710,775,47,424,919,920],"class_list":["post-3320","noticias","type-noticias","status-publish","has-post-thumbnail","hentry","category-capacitacao-empresarial","tag-capacitacao-empresarial","tag-china-international-import-expo","tag-flavio-roscoe","tag-missao-china","tag-universidade-tongji","tag-xangai"],"acf":[],"yoast_head":"<!-- This site is optimized with the Yoast SEO plugin v26.2 - https:\/\/yoast.com\/wordpress\/plugins\/seo\/ -->\n<title>Delega\u00e7\u00e3o brasileira participa de capacita\u00e7\u00e3o empresarial na China - Associativismo<\/title>\n<meta name=\"description\" content=\"Miss\u00e3o China, organizada pela FIEMG, acontece at\u00e9 o dia 8 de novembro em Xangai\" \/>\n<meta name=\"robots\" content=\"index, follow, max-snippet:-1, max-image-preview:large, max-video-preview:-1\" \/>\n<link rel=\"canonical\" href=\"https:\/\/www.fiemg.com.br\/associativismo\/noticias\/delegacao-brasileira-participa-de-capacitacao-empresarial-na-china\/\" \/>\n<meta property=\"og:locale\" content=\"pt_BR\" \/>\n<meta property=\"og:type\" content=\"article\" \/>\n<meta property=\"og:title\" content=\"Delega\u00e7\u00e3o brasileira participa de capacita\u00e7\u00e3o empresarial na China - Associativismo\" \/>\n<meta property=\"og:description\" content=\"Miss\u00e3o China, organizada pela FIEMG, acontece at\u00e9 o dia 8 de novembro em Xangai\" \/>\n<meta property=\"og:url\" content=\"https:\/\/www.fiemg.com.br\/associativismo\/noticias\/delegacao-brasileira-participa-de-capacitacao-empresarial-na-china\/\" \/>\n<meta property=\"og:site_name\" content=\"Associativismo\" \/>\n<meta property=\"article:modified_time\" content=\"2024-11-04T19:01:48+00:00\" \/>\n<meta property=\"og:image\" content=\"https:\/\/www.fiemg.com.br\/associativismo\/wp-content\/uploads\/sites\/29\/2024\/11\/Missao-China-capacitacao-2.jpg\" \/>\n\t<meta property=\"og:image:width\" content=\"512\" \/>\n\t<meta property=\"og:image:height\" content=\"512\" \/>\n\t<meta property=\"og:image:type\" content=\"image\/jpeg\" \/>\n<meta name=\"twitter:card\" content=\"summary_large_image\" \/>\n<meta name=\"twitter:label1\" content=\"Est. tempo de leitura\" \/>\n\t<meta name=\"twitter:data1\" content=\"3 minutos\" \/>\n<script type=\"application\/ld+json\" class=\"yoast-schema-graph\">{\"@context\":\"https:\/\/schema.org\",\"@graph\":[{\"@type\":\"WebPage\",\"@id\":\"https:\/\/www.fiemg.com.br\/associativismo\/noticias\/delegacao-brasileira-participa-de-capacitacao-empresarial-na-china\/\",\"url\":\"https:\/\/www.fiemg.com.br\/associativismo\/noticias\/delegacao-brasileira-participa-de-capacitacao-empresarial-na-china\/\",\"name\":\"Delega\u00e7\u00e3o brasileira participa de capacita\u00e7\u00e3o empresarial na China - Associativismo\",\"isPartOf\":{\"@id\":\"https:\/\/www.fiemg.com.br\/associativismo\/#website\"},\"primaryImageOfPage\":{\"@id\":\"https:\/\/www.fiemg.com.br\/associativismo\/noticias\/delegacao-brasileira-participa-de-capacitacao-empresarial-na-china\/#primaryimage\"},\"image\":{\"@id\":\"https:\/\/www.fiemg.com.br\/associativismo\/noticias\/delegacao-brasileira-participa-de-capacitacao-empresarial-na-china\/#primaryimage\"},\"thumbnailUrl\":\"https:\/\/www.fiemg.com.br\/associativismo\/wp-content\/uploads\/sites\/29\/2024\/11\/Missao-China-capacitacao-2.jpg\",\"datePublished\":\"2024-11-04T19:01:47+00:00\",\"dateModified\":\"2024-11-04T19:01:48+00:00\",\"description\":\"Miss\u00e3o China, organizada pela FIEMG, acontece at\u00e9 o dia 8 de novembro em Xangai\",\"breadcrumb\":{\"@id\":\"https:\/\/www.fiemg.com.br\/associativismo\/noticias\/delegacao-brasileira-participa-de-capacitacao-empresarial-na-china\/#breadcrumb\"},\"inLanguage\":\"pt-BR\",\"potentialAction\":[{\"@type\":\"ReadAction\",\"target\":[\"https:\/\/www.fiemg.com.br\/associativismo\/noticias\/delegacao-brasileira-participa-de-capacitacao-empresarial-na-china\/\"]}]},{\"@type\":\"ImageObject\",\"inLanguage\":\"pt-BR\",\"@id\":\"https:\/\/www.fiemg.com.br\/associativismo\/noticias\/delegacao-brasileira-participa-de-capacitacao-empresarial-na-china\/#primaryimage\",\"url\":\"https:\/\/www.fiemg.com.br\/associativismo\/wp-content\/uploads\/sites\/29\/2024\/11\/Missao-China-capacitacao-2.jpg\",\"contentUrl\":\"https:\/\/www.fiemg.com.br\/associativismo\/wp-content\/uploads\/sites\/29\/2024\/11\/Missao-China-capacitacao-2.jpg\",\"width\":512,\"height\":512},{\"@type\":\"BreadcrumbList\",\"@id\":\"https:\/\/www.fiemg.com.br\/associativismo\/noticias\/delegacao-brasileira-participa-de-capacitacao-empresarial-na-china\/#breadcrumb\",\"itemListElement\":[{\"@type\":\"ListItem\",\"position\":1,\"name\":\"In\u00edcio\",\"item\":\"https:\/\/www.fiemg.com.br\/associativismo\/\"},{\"@type\":\"ListItem\",\"position\":2,\"name\":\"Delega\u00e7\u00e3o brasileira participa de capacita\u00e7\u00e3o empresarial na China\"}]},{\"@type\":\"WebSite\",\"@id\":\"https:\/\/www.fiemg.com.br\/associativismo\/#website\",\"url\":\"https:\/\/www.fiemg.com.br\/associativismo\/\",\"name\":\"Associativismo\",\"description\":\"Federa\u00e7\u00e3o das Ind\u00fastrias do Estado de Minas Gerais\",\"publisher\":{\"@id\":\"https:\/\/www.fiemg.com.br\/associativismo\/#organization\"},\"potentialAction\":[{\"@type\":\"SearchAction\",\"target\":{\"@type\":\"EntryPoint\",\"urlTemplate\":\"https:\/\/www.fiemg.com.br\/associativismo\/?s={search_term_string}\"},\"query-input\":{\"@type\":\"PropertyValueSpecification\",\"valueRequired\":true,\"valueName\":\"search_term_string\"}}],\"inLanguage\":\"pt-BR\"},{\"@type\":\"Organization\",\"@id\":\"https:\/\/www.fiemg.com.br\/associativismo\/#organization\",\"name\":\"Associativismo\",\"url\":\"https:\/\/www.fiemg.com.br\/associativismo\/\",\"logo\":{\"@type\":\"ImageObject\",\"inLanguage\":\"pt-BR\",\"@id\":\"https:\/\/www.fiemg.com.br\/associativismo\/#\/schema\/logo\/image\/\",\"url\":\"https:\/\/www.fiemg.com.br\/associativismo\/wp-content\/uploads\/sites\/29\/2023\/02\/fiemg_branco.svg\",\"contentUrl\":\"https:\/\/www.fiemg.com.br\/associativismo\/wp-content\/uploads\/sites\/29\/2023\/02\/fiemg_branco.svg\",\"width\":561,\"height\":147,\"caption\":\"Associativismo\"},\"image\":{\"@id\":\"https:\/\/www.fiemg.com.br\/associativismo\/#\/schema\/logo\/image\/\"}}]}<\/script>\n<!-- \/ Yoast SEO plugin. -->","yoast_head_json":{"title":"Delega\u00e7\u00e3o brasileira participa de capacita\u00e7\u00e3o empresarial na China - Associativismo","description":"Miss\u00e3o China, organizada pela FIEMG, acontece at\u00e9 o dia 8 de novembro em Xangai","robots":{"index":"index","follow":"follow","max-snippet":"max-snippet:-1","max-image-preview":"max-image-preview:large","max-video-preview":"max-video-preview:-1"},"canonical":"https:\/\/www.fiemg.com.br\/associativismo\/noticias\/delegacao-brasileira-participa-de-capacitacao-empresarial-na-china\/","og_locale":"pt_BR","og_type":"article","og_title":"Delega\u00e7\u00e3o brasileira participa de capacita\u00e7\u00e3o empresarial na China - Associativismo","og_description":"Miss\u00e3o China, organizada pela FIEMG, acontece at\u00e9 o dia 8 de novembro em Xangai","og_url":"https:\/\/www.fiemg.com.br\/associativismo\/noticias\/delegacao-brasileira-participa-de-capacitacao-empresarial-na-china\/","og_site_name":"Associativismo","article_modified_time":"2024-11-04T19:01:48+00:00","og_image":[{"width":512,"height":512,"url":"https:\/\/www.fiemg.com.br\/associativismo\/wp-content\/uploads\/sites\/29\/2024\/11\/Missao-China-capacitacao-2.jpg","type":"image\/jpeg"}],"twitter_card":"summary_large_image","twitter_misc":{"Est. tempo de leitura":"3 minutos"},"schema":{"@context":"https:\/\/schema.org","@graph":[{"@type":"WebPage","@id":"https:\/\/www.fiemg.com.br\/associativismo\/noticias\/delegacao-brasileira-participa-de-capacitacao-empresarial-na-china\/","url":"https:\/\/www.fiemg.com.br\/associativismo\/noticias\/delegacao-brasileira-participa-de-capacitacao-empresarial-na-china\/","name":"Delega\u00e7\u00e3o brasileira participa de capacita\u00e7\u00e3o empresarial na China - Associativismo","isPartOf":{"@id":"https:\/\/www.fiemg.com.br\/associativismo\/#website"},"primaryImageOfPage":{"@id":"https:\/\/www.fiemg.com.br\/associativismo\/noticias\/delegacao-brasileira-participa-de-capacitacao-empresarial-na-china\/#primaryimage"},"image":{"@id":"https:\/\/www.fiemg.com.br\/associativismo\/noticias\/delegacao-brasileira-participa-de-capacitacao-empresarial-na-china\/#primaryimage"},"thumbnailUrl":"https:\/\/www.fiemg.com.br\/associativismo\/wp-content\/uploads\/sites\/29\/2024\/11\/Missao-China-capacitacao-2.jpg","datePublished":"2024-11-04T19:01:47+00:00","dateModified":"2024-11-04T19:01:48+00:00","description":"Miss\u00e3o China, organizada pela FIEMG, acontece at\u00e9 o dia 8 de novembro em Xangai","breadcrumb":{"@id":"https:\/\/www.fiemg.com.br\/associativismo\/noticias\/delegacao-brasileira-participa-de-capacitacao-empresarial-na-china\/#breadcrumb"},"inLanguage":"pt-BR","potentialAction":[{"@type":"ReadAction","target":["https:\/\/www.fiemg.com.br\/associativismo\/noticias\/delegacao-brasileira-participa-de-capacitacao-empresarial-na-china\/"]}]},{"@type":"ImageObject","inLanguage":"pt-BR","@id":"https:\/\/www.fiemg.com.br\/associativismo\/noticias\/delegacao-brasileira-participa-de-capacitacao-empresarial-na-china\/#primaryimage","url":"https:\/\/www.fiemg.com.br\/associativismo\/wp-content\/uploads\/sites\/29\/2024\/11\/Missao-China-capacitacao-2.jpg","contentUrl":"https:\/\/www.fiemg.com.br\/associativismo\/wp-content\/uploads\/sites\/29\/2024\/11\/Missao-China-capacitacao-2.jpg","width":512,"height":512},{"@type":"BreadcrumbList","@id":"https:\/\/www.fiemg.com.br\/associativismo\/noticias\/delegacao-brasileira-participa-de-capacitacao-empresarial-na-china\/#breadcrumb","itemListElement":[{"@type":"ListItem","position":1,"name":"In\u00edcio","item":"https:\/\/www.fiemg.com.br\/associativismo\/"},{"@type":"ListItem","position":2,"name":"Delega\u00e7\u00e3o brasileira participa de capacita\u00e7\u00e3o empresarial na China"}]},{"@type":"WebSite","@id":"https:\/\/www.fiemg.com.br\/associativismo\/#website","url":"https:\/\/www.fiemg.com.br\/associativismo\/","name":"Associativismo","description":"Federa\u00e7\u00e3o das Ind\u00fastrias do Estado de Minas Gerais","publisher":{"@id":"https:\/\/www.fiemg.com.br\/associativismo\/#organization"},"potentialAction":[{"@type":"SearchAction","target":{"@type":"EntryPoint","urlTemplate":"https:\/\/www.fiemg.com.br\/associativismo\/?s={search_term_string}"},"query-input":{"@type":"PropertyValueSpecification","valueRequired":true,"valueName":"search_term_string"}}],"inLanguage":"pt-BR"},{"@type":"Organization","@id":"https:\/\/www.fiemg.com.br\/associativismo\/#organization","name":"Associativismo","url":"https:\/\/www.fiemg.com.br\/associativismo\/","logo":{"@type":"ImageObject","inLanguage":"pt-BR","@id":"https:\/\/www.fiemg.com.br\/associativismo\/#\/schema\/logo\/image\/","url":"https:\/\/www.fiemg.com.br\/associativismo\/wp-content\/uploads\/sites\/29\/2023\/02\/fiemg_branco.svg","contentUrl":"https:\/\/www.fiemg.com.br\/associativismo\/wp-content\/uploads\/sites\/29\/2023\/02\/fiemg_branco.svg","width":561,"height":147,"caption":"Associativismo"},"image":{"@id":"https:\/\/www.fiemg.com.br\/associativismo\/#\/schema\/logo\/image\/"}}]}},"_links":{"self":[{"href":"https:\/\/www.fiemg.com.br\/associativismo\/wp-json\/wp\/v2\/noticias\/3320","targetHints":{"allow":["GET"]}}],"collection":[{"href":"https:\/\/www.fiemg.com.br\/associativismo\/wp-json\/wp\/v2\/noticias"}],"about":[{"href":"https:\/\/www.fiemg.com.br\/associativismo\/wp-json\/wp\/v2\/types\/noticias"}],"wp:featuredmedia":[{"embeddable":true,"href":"https:\/\/www.fiemg.com.br\/associativismo\/wp-json\/wp\/v2\/media\/3321"}],"wp:attachment":[{"href":"https:\/\/www.fiemg.com.br\/associativismo\/wp-json\/wp\/v2\/media?parent=3320"}],"wp:term":[{"taxonomy":"category","embeddable":true,"href":"https:\/\/www.fiemg.com.br\/associativismo\/wp-json\/wp\/v2\/categories?post=3320"},{"taxonomy":"post_tag","embeddable":true,"href":"https:\/\/www.fiemg.com.br\/associativismo\/wp-json\/wp\/v2\/tags?post=3320"}],"curies":[{"name":"wp","href":"https:\/\/api.w.org\/{rel}","templated":true}]}}