{"id":3438,"date":"2024-12-09T16:40:08","date_gmt":"2024-12-09T19:40:08","guid":{"rendered":"https:\/\/www.fiemg.com.br\/associativismo\/noticias\/industria-textil-e-de-couro-em-minas-gerais-aposta-na-recuperacao-e-inovacao\/"},"modified":"2024-12-09T16:40:08","modified_gmt":"2024-12-09T19:40:08","slug":"industria-textil-e-de-couro-em-minas-gerais-aposta-na-recuperacao-e-inovacao","status":"publish","type":"noticias","link":"https:\/\/www.fiemg.com.br\/associativismo\/noticias\/industria-textil-e-de-couro-em-minas-gerais-aposta-na-recuperacao-e-inovacao\/","title":{"rendered":"Ind\u00fastria t\u00eaxtil e de couro em Minas Gerais aposta na recupera\u00e7\u00e3o e inova\u00e7\u00e3o"},"content":{"rendered":"\n<p>A ind\u00fastria t\u00eaxtil e o segmento de couros e peles s\u00e3o pilares importantes da economia brasileira, representando gera\u00e7\u00e3o de empregos e desenvolvimento em diversas regi\u00f5es do pa\u00eds. Em 2024, o setor t\u00eaxtil nacional apresentou sinais de recupera\u00e7\u00e3o, com crescimento acumulado de 3,6% na produ\u00e7\u00e3o at\u00e9 setembro, ap\u00f3s um cen\u00e1rio de retra\u00e7\u00e3o nos \u00faltimos anos. A combina\u00e7\u00e3o de pol\u00edticas p\u00fablicas, como a taxa\u00e7\u00e3o de 20% sobre pequenas importa\u00e7\u00f5es internacionais, e o cen\u00e1rio favor\u00e1vel de pre\u00e7os de insumos, como o algod\u00e3o, contribuiu para esse desempenho positivo.<\/p>\n\n\n\n<p>J\u00e1 o segmento de couros e peles registrou um crescimento expressivo nas exporta\u00e7\u00f5es, que somaram US$ 1 bilh\u00e3o at\u00e9 outubro, representando uma alta de 8,7%. A forte demanda internacional, especialmente da China e do setor automotivo, impulsionou o bom desempenho.<\/p>\n\n\n\n<p>Em Minas Gerais, a situa\u00e7\u00e3o apresenta desafios espec\u00edficos. O setor t\u00eaxtil mineiro registrou uma retra\u00e7\u00e3o de 5,9% nas horas trabalhadas at\u00e9 setembro de 2024, reflexo das dificuldades operacionais enfrentadas nos \u00faltimos anos. No entanto, observa-se uma desacelera\u00e7\u00e3o na queda, sinalizando uma poss\u00edvel estabiliza\u00e7\u00e3o.<\/p>\n\n\n\n<p>No com\u00e9rcio exterior, as exporta\u00e7\u00f5es t\u00eaxteis mineiras somaram US$ 17,6 milh\u00f5es at\u00e9 outubro, representando uma queda de 25,1% em rela\u00e7\u00e3o ao ano anterior. J\u00e1 as importa\u00e7\u00f5es cresceram 22,6%, intensificando a concorr\u00eancia externa. Em contrapartida, o segmento de couros e peles em Minas Gerais apresentou resultados promissores, com US$ 43,8 milh\u00f5es exportados no mesmo per\u00edodo, uma alta expressiva de 62,2%.<\/p>\n\n\n\n<p>De acordo com a FIEMG, pol\u00edticas p\u00fablicas como o Proalminas t\u00eam sido essenciais para incentivar a cadeia produtiva local, especialmente no cultivo de algod\u00e3o, aumentando a competitividade e dinamismo do setor. De 2019 a 2024, o Governo de Minas investiu R$ 12,8 milh\u00f5es na cadeia produtiva do algod\u00e3o.<\/p>\n\n\n\n<p>Para 2025, s\u00e3o vislumbradas oportunidades com a busca por maior sustentabilidade no setor t\u00eaxtil, que tem ampliado a demanda internacional por fibras naturais, o que favorece o Brasil, que se destaca como o maior produtor de algod\u00e3o do mundo. Al\u00e9m disso, espera-se que a taxa\u00e7\u00e3o de compras internacionais de pequenos valores fortale\u00e7a, em alguma medida, a competitividade do mercado interno.<\/p>\n\n\n\n<p>Acesse <a href=\"https:\/\/www.fiemg.com.br\/associativismo\/wp-content\/uploads\/sites\/29\/2024\/12\/industrias-textil-pele-couro-estudo.pdf\">aqui<\/a> para visualizar o estudo na \u00edntegra.<\/p>\n\n\n\n<p><strong>Sindimalhas-MG celebra 30 anos em cerim\u00f4nia de posse do presidente reeleito<\/strong><\/p>\n\n\n\n<p>Nesta ter\u00e7a-feira, 10\/12, o Sindicato das Ind\u00fastrias T\u00eaxteis de Malhas e de Curtimento de Couros e Peles de Minas Gerais (Sindimalhas-MG) realizar\u00e1, na sede da FIEMG, em Belo Horizonte, a cerim\u00f4nia de posse do seu presidente reeleito, Aroldo Teodoro Campos, em conjunto com a comemora\u00e7\u00e3o dos 30 anos de atua\u00e7\u00e3o da entidade. Na ocasi\u00e3o, os ex-presidentes da entidade, que se destacaram no setor nos \u00faltimos anos ser\u00e3o homenageados.<\/p>\n\n\n\n<p>O Sindimalhas-MG tem sido um importante representante da ind\u00fastria t\u00eaxtil no estado, apoiando o desenvolvimento do setor e enfrentando desafios com iniciativas voltadas para a inova\u00e7\u00e3o e a competitividade.<\/p>\n\n\n\n<p>A solenidade de comemora\u00e7\u00e3o dos 30 anos do Sindimalhas-MG tem apoio da UNIFI, l\u00edder global em solu\u00e7\u00f5es t\u00eaxteis de alto desempenho, reconhecida mundialmente como um dos principais e mais inovadores produtores mundiais de fibras e fios de filamento sint\u00e9ticos.<\/p>\n\n\n\n<p><em>Ana Paula Motta<br><\/em><strong>Imprensa FIEMG<\/strong><\/p>\n","protected":false},"featured_media":3440,"template":"","categories":[15],"tags":[],"class_list":["post-3438","noticias","type-noticias","status-publish","has-post-thumbnail","hentry","category-desenvolvimento-industrial"],"acf":[],"yoast_head":"<!-- This site is optimized with the Yoast SEO plugin v26.2 - https:\/\/yoast.com\/wordpress\/plugins\/seo\/ -->\n<title>Ind\u00fastria t\u00eaxtil e de couro em Minas Gerais aposta na recupera\u00e7\u00e3o e inova\u00e7\u00e3o - Associativismo<\/title>\n<meta name=\"robots\" content=\"index, follow, max-snippet:-1, max-image-preview:large, max-video-preview:-1\" \/>\n<link rel=\"canonical\" href=\"https:\/\/www.fiemg.com.br\/associativismo\/noticias\/industria-textil-e-de-couro-em-minas-gerais-aposta-na-recuperacao-e-inovacao\/\" \/>\n<meta property=\"og:locale\" content=\"pt_BR\" \/>\n<meta property=\"og:type\" content=\"article\" \/>\n<meta property=\"og:title\" content=\"Ind\u00fastria t\u00eaxtil e de couro em Minas Gerais aposta na recupera\u00e7\u00e3o e inova\u00e7\u00e3o - Associativismo\" \/>\n<meta property=\"og:description\" content=\"A ind\u00fastria t\u00eaxtil e o segmento de couros e peles s\u00e3o pilares importantes da economia brasileira, representando gera\u00e7\u00e3o de empregos e desenvolvimento em diversas regi\u00f5es do pa\u00eds. Em 2024, o setor t\u00eaxtil nacional apresentou sinais de recupera\u00e7\u00e3o, com crescimento acumulado de 3,6% na produ\u00e7\u00e3o at\u00e9 setembro, ap\u00f3s um cen\u00e1rio de retra\u00e7\u00e3o nos \u00faltimos anos. A [&hellip;]\" \/>\n<meta property=\"og:url\" content=\"https:\/\/www.fiemg.com.br\/associativismo\/noticias\/industria-textil-e-de-couro-em-minas-gerais-aposta-na-recuperacao-e-inovacao\/\" \/>\n<meta property=\"og:site_name\" content=\"Associativismo\" \/>\n<meta property=\"og:image\" content=\"https:\/\/www.fiemg.com.br\/associativismo\/wp-content\/uploads\/sites\/29\/2024\/12\/Thumb-Noticia-28.jpg\" \/>\n\t<meta property=\"og:image:width\" content=\"512\" \/>\n\t<meta property=\"og:image:height\" content=\"512\" \/>\n\t<meta property=\"og:image:type\" content=\"image\/jpeg\" \/>\n<meta name=\"twitter:card\" content=\"summary_large_image\" \/>\n<meta name=\"twitter:label1\" content=\"Est. tempo de leitura\" \/>\n\t<meta name=\"twitter:data1\" content=\"3 minutos\" \/>\n<script type=\"application\/ld+json\" class=\"yoast-schema-graph\">{\"@context\":\"https:\/\/schema.org\",\"@graph\":[{\"@type\":\"WebPage\",\"@id\":\"https:\/\/www.fiemg.com.br\/associativismo\/noticias\/industria-textil-e-de-couro-em-minas-gerais-aposta-na-recuperacao-e-inovacao\/\",\"url\":\"https:\/\/www.fiemg.com.br\/associativismo\/noticias\/industria-textil-e-de-couro-em-minas-gerais-aposta-na-recuperacao-e-inovacao\/\",\"name\":\"Ind\u00fastria t\u00eaxtil e de couro em Minas Gerais aposta na recupera\u00e7\u00e3o e inova\u00e7\u00e3o - Associativismo\",\"isPartOf\":{\"@id\":\"https:\/\/www.fiemg.com.br\/associativismo\/#website\"},\"primaryImageOfPage\":{\"@id\":\"https:\/\/www.fiemg.com.br\/associativismo\/noticias\/industria-textil-e-de-couro-em-minas-gerais-aposta-na-recuperacao-e-inovacao\/#primaryimage\"},\"image\":{\"@id\":\"https:\/\/www.fiemg.com.br\/associativismo\/noticias\/industria-textil-e-de-couro-em-minas-gerais-aposta-na-recuperacao-e-inovacao\/#primaryimage\"},\"thumbnailUrl\":\"https:\/\/www.fiemg.com.br\/associativismo\/wp-content\/uploads\/sites\/29\/2024\/12\/Thumb-Noticia-28.jpg\",\"datePublished\":\"2024-12-09T19:40:08+00:00\",\"breadcrumb\":{\"@id\":\"https:\/\/www.fiemg.com.br\/associativismo\/noticias\/industria-textil-e-de-couro-em-minas-gerais-aposta-na-recuperacao-e-inovacao\/#breadcrumb\"},\"inLanguage\":\"pt-BR\",\"potentialAction\":[{\"@type\":\"ReadAction\",\"target\":[\"https:\/\/www.fiemg.com.br\/associativismo\/noticias\/industria-textil-e-de-couro-em-minas-gerais-aposta-na-recuperacao-e-inovacao\/\"]}]},{\"@type\":\"ImageObject\",\"inLanguage\":\"pt-BR\",\"@id\":\"https:\/\/www.fiemg.com.br\/associativismo\/noticias\/industria-textil-e-de-couro-em-minas-gerais-aposta-na-recuperacao-e-inovacao\/#primaryimage\",\"url\":\"https:\/\/www.fiemg.com.br\/associativismo\/wp-content\/uploads\/sites\/29\/2024\/12\/Thumb-Noticia-28.jpg\",\"contentUrl\":\"https:\/\/www.fiemg.com.br\/associativismo\/wp-content\/uploads\/sites\/29\/2024\/12\/Thumb-Noticia-28.jpg\",\"width\":512,\"height\":512},{\"@type\":\"BreadcrumbList\",\"@id\":\"https:\/\/www.fiemg.com.br\/associativismo\/noticias\/industria-textil-e-de-couro-em-minas-gerais-aposta-na-recuperacao-e-inovacao\/#breadcrumb\",\"itemListElement\":[{\"@type\":\"ListItem\",\"position\":1,\"name\":\"In\u00edcio\",\"item\":\"https:\/\/www.fiemg.com.br\/associativismo\/\"},{\"@type\":\"ListItem\",\"position\":2,\"name\":\"Ind\u00fastria t\u00eaxtil e de couro em Minas Gerais aposta na recupera\u00e7\u00e3o e inova\u00e7\u00e3o\"}]},{\"@type\":\"WebSite\",\"@id\":\"https:\/\/www.fiemg.com.br\/associativismo\/#website\",\"url\":\"https:\/\/www.fiemg.com.br\/associativismo\/\",\"name\":\"Associativismo\",\"description\":\"Federa\u00e7\u00e3o das Ind\u00fastrias do Estado de Minas Gerais\",\"publisher\":{\"@id\":\"https:\/\/www.fiemg.com.br\/associativismo\/#organization\"},\"potentialAction\":[{\"@type\":\"SearchAction\",\"target\":{\"@type\":\"EntryPoint\",\"urlTemplate\":\"https:\/\/www.fiemg.com.br\/associativismo\/?s={search_term_string}\"},\"query-input\":{\"@type\":\"PropertyValueSpecification\",\"valueRequired\":true,\"valueName\":\"search_term_string\"}}],\"inLanguage\":\"pt-BR\"},{\"@type\":\"Organization\",\"@id\":\"https:\/\/www.fiemg.com.br\/associativismo\/#organization\",\"name\":\"Associativismo\",\"url\":\"https:\/\/www.fiemg.com.br\/associativismo\/\",\"logo\":{\"@type\":\"ImageObject\",\"inLanguage\":\"pt-BR\",\"@id\":\"https:\/\/www.fiemg.com.br\/associativismo\/#\/schema\/logo\/image\/\",\"url\":\"https:\/\/www.fiemg.com.br\/associativismo\/wp-content\/uploads\/sites\/29\/2023\/02\/fiemg_branco.svg\",\"contentUrl\":\"https:\/\/www.fiemg.com.br\/associativismo\/wp-content\/uploads\/sites\/29\/2023\/02\/fiemg_branco.svg\",\"width\":561,\"height\":147,\"caption\":\"Associativismo\"},\"image\":{\"@id\":\"https:\/\/www.fiemg.com.br\/associativismo\/#\/schema\/logo\/image\/\"}}]}<\/script>\n<!-- \/ Yoast SEO plugin. -->","yoast_head_json":{"title":"Ind\u00fastria t\u00eaxtil e de couro em Minas Gerais aposta na recupera\u00e7\u00e3o e inova\u00e7\u00e3o - Associativismo","robots":{"index":"index","follow":"follow","max-snippet":"max-snippet:-1","max-image-preview":"max-image-preview:large","max-video-preview":"max-video-preview:-1"},"canonical":"https:\/\/www.fiemg.com.br\/associativismo\/noticias\/industria-textil-e-de-couro-em-minas-gerais-aposta-na-recuperacao-e-inovacao\/","og_locale":"pt_BR","og_type":"article","og_title":"Ind\u00fastria t\u00eaxtil e de couro em Minas Gerais aposta na recupera\u00e7\u00e3o e inova\u00e7\u00e3o - Associativismo","og_description":"A ind\u00fastria t\u00eaxtil e o segmento de couros e peles s\u00e3o pilares importantes da economia brasileira, representando gera\u00e7\u00e3o de empregos e desenvolvimento em diversas regi\u00f5es do pa\u00eds. Em 2024, o setor t\u00eaxtil nacional apresentou sinais de recupera\u00e7\u00e3o, com crescimento acumulado de 3,6% na produ\u00e7\u00e3o at\u00e9 setembro, ap\u00f3s um cen\u00e1rio de retra\u00e7\u00e3o nos \u00faltimos anos. A [&hellip;]","og_url":"https:\/\/www.fiemg.com.br\/associativismo\/noticias\/industria-textil-e-de-couro-em-minas-gerais-aposta-na-recuperacao-e-inovacao\/","og_site_name":"Associativismo","og_image":[{"width":512,"height":512,"url":"https:\/\/www.fiemg.com.br\/associativismo\/wp-content\/uploads\/sites\/29\/2024\/12\/Thumb-Noticia-28.jpg","type":"image\/jpeg"}],"twitter_card":"summary_large_image","twitter_misc":{"Est. tempo de leitura":"3 minutos"},"schema":{"@context":"https:\/\/schema.org","@graph":[{"@type":"WebPage","@id":"https:\/\/www.fiemg.com.br\/associativismo\/noticias\/industria-textil-e-de-couro-em-minas-gerais-aposta-na-recuperacao-e-inovacao\/","url":"https:\/\/www.fiemg.com.br\/associativismo\/noticias\/industria-textil-e-de-couro-em-minas-gerais-aposta-na-recuperacao-e-inovacao\/","name":"Ind\u00fastria t\u00eaxtil e de couro em Minas Gerais aposta na recupera\u00e7\u00e3o e inova\u00e7\u00e3o - Associativismo","isPartOf":{"@id":"https:\/\/www.fiemg.com.br\/associativismo\/#website"},"primaryImageOfPage":{"@id":"https:\/\/www.fiemg.com.br\/associativismo\/noticias\/industria-textil-e-de-couro-em-minas-gerais-aposta-na-recuperacao-e-inovacao\/#primaryimage"},"image":{"@id":"https:\/\/www.fiemg.com.br\/associativismo\/noticias\/industria-textil-e-de-couro-em-minas-gerais-aposta-na-recuperacao-e-inovacao\/#primaryimage"},"thumbnailUrl":"https:\/\/www.fiemg.com.br\/associativismo\/wp-content\/uploads\/sites\/29\/2024\/12\/Thumb-Noticia-28.jpg","datePublished":"2024-12-09T19:40:08+00:00","breadcrumb":{"@id":"https:\/\/www.fiemg.com.br\/associativismo\/noticias\/industria-textil-e-de-couro-em-minas-gerais-aposta-na-recuperacao-e-inovacao\/#breadcrumb"},"inLanguage":"pt-BR","potentialAction":[{"@type":"ReadAction","target":["https:\/\/www.fiemg.com.br\/associativismo\/noticias\/industria-textil-e-de-couro-em-minas-gerais-aposta-na-recuperacao-e-inovacao\/"]}]},{"@type":"ImageObject","inLanguage":"pt-BR","@id":"https:\/\/www.fiemg.com.br\/associativismo\/noticias\/industria-textil-e-de-couro-em-minas-gerais-aposta-na-recuperacao-e-inovacao\/#primaryimage","url":"https:\/\/www.fiemg.com.br\/associativismo\/wp-content\/uploads\/sites\/29\/2024\/12\/Thumb-Noticia-28.jpg","contentUrl":"https:\/\/www.fiemg.com.br\/associativismo\/wp-content\/uploads\/sites\/29\/2024\/12\/Thumb-Noticia-28.jpg","width":512,"height":512},{"@type":"BreadcrumbList","@id":"https:\/\/www.fiemg.com.br\/associativismo\/noticias\/industria-textil-e-de-couro-em-minas-gerais-aposta-na-recuperacao-e-inovacao\/#breadcrumb","itemListElement":[{"@type":"ListItem","position":1,"name":"In\u00edcio","item":"https:\/\/www.fiemg.com.br\/associativismo\/"},{"@type":"ListItem","position":2,"name":"Ind\u00fastria t\u00eaxtil e de couro em Minas Gerais aposta na recupera\u00e7\u00e3o e inova\u00e7\u00e3o"}]},{"@type":"WebSite","@id":"https:\/\/www.fiemg.com.br\/associativismo\/#website","url":"https:\/\/www.fiemg.com.br\/associativismo\/","name":"Associativismo","description":"Federa\u00e7\u00e3o das Ind\u00fastrias do Estado de Minas Gerais","publisher":{"@id":"https:\/\/www.fiemg.com.br\/associativismo\/#organization"},"potentialAction":[{"@type":"SearchAction","target":{"@type":"EntryPoint","urlTemplate":"https:\/\/www.fiemg.com.br\/associativismo\/?s={search_term_string}"},"query-input":{"@type":"PropertyValueSpecification","valueRequired":true,"valueName":"search_term_string"}}],"inLanguage":"pt-BR"},{"@type":"Organization","@id":"https:\/\/www.fiemg.com.br\/associativismo\/#organization","name":"Associativismo","url":"https:\/\/www.fiemg.com.br\/associativismo\/","logo":{"@type":"ImageObject","inLanguage":"pt-BR","@id":"https:\/\/www.fiemg.com.br\/associativismo\/#\/schema\/logo\/image\/","url":"https:\/\/www.fiemg.com.br\/associativismo\/wp-content\/uploads\/sites\/29\/2023\/02\/fiemg_branco.svg","contentUrl":"https:\/\/www.fiemg.com.br\/associativismo\/wp-content\/uploads\/sites\/29\/2023\/02\/fiemg_branco.svg","width":561,"height":147,"caption":"Associativismo"},"image":{"@id":"https:\/\/www.fiemg.com.br\/associativismo\/#\/schema\/logo\/image\/"}}]}},"_links":{"self":[{"href":"https:\/\/www.fiemg.com.br\/associativismo\/wp-json\/wp\/v2\/noticias\/3438","targetHints":{"allow":["GET"]}}],"collection":[{"href":"https:\/\/www.fiemg.com.br\/associativismo\/wp-json\/wp\/v2\/noticias"}],"about":[{"href":"https:\/\/www.fiemg.com.br\/associativismo\/wp-json\/wp\/v2\/types\/noticias"}],"wp:featuredmedia":[{"embeddable":true,"href":"https:\/\/www.fiemg.com.br\/associativismo\/wp-json\/wp\/v2\/media\/3440"}],"wp:attachment":[{"href":"https:\/\/www.fiemg.com.br\/associativismo\/wp-json\/wp\/v2\/media?parent=3438"}],"wp:term":[{"taxonomy":"category","embeddable":true,"href":"https:\/\/www.fiemg.com.br\/associativismo\/wp-json\/wp\/v2\/categories?post=3438"},{"taxonomy":"post_tag","embeddable":true,"href":"https:\/\/www.fiemg.com.br\/associativismo\/wp-json\/wp\/v2\/tags?post=3438"}],"curies":[{"name":"wp","href":"https:\/\/api.w.org\/{rel}","templated":true}]}}