{"id":3458,"date":"2024-12-12T13:56:52","date_gmt":"2024-12-12T16:56:52","guid":{"rendered":"https:\/\/www.fiemg.com.br\/associativismo\/noticias\/prefeitura-de-timoteo-entrega-1a-etapa-do-galpao-de-oficinas-tecnicas-do-senai\/"},"modified":"2024-12-12T13:56:53","modified_gmt":"2024-12-12T16:56:53","slug":"prefeitura-de-timoteo-entrega-1a-etapa-do-galpao-de-oficinas-tecnicas-do-senai","status":"publish","type":"noticias","link":"https:\/\/www.fiemg.com.br\/associativismo\/noticias\/prefeitura-de-timoteo-entrega-1a-etapa-do-galpao-de-oficinas-tecnicas-do-senai\/","title":{"rendered":"Prefeitura de Tim\u00f3teo entrega 1\u00aa etapa do Galp\u00e3o de Oficinas T\u00e9cnicas do SENAI"},"content":{"rendered":"\n<p>Com a presen\u00e7a de diversas autoridades, dentre elas o prefeito de Tim\u00f3teo, Douglas Willkys, o Vice-prefeito, Jos\u00e9 Vespasiano Cassemiro, o Presidente da FIEMG Regional Vale do A\u00e7o, Jo\u00e3o Batista Alves, Humberto Marin, Diretor Industrial e de Desenvolvimento da Aperam, Andreza Oto, Gerente da Unidade SENAI de Tim\u00f3teo e do Vice-presidente do Sindivest Minas Gerais, Luciano Ara\u00fajo foi inaugurado nesta sexta-feira, 06\/12, a primeira etapa do Galp\u00e3o de Oficinas T\u00e9cnicas do Senai, em Tim\u00f3teo.<\/p>\n\n\n\n<p>A obra civil iniciada em dezembro do ano passado contempla a constru\u00e7\u00e3o do galp\u00e3o com acessibilidade, rampas e escadas de acesso ao novo im\u00f3vel, estruturado com pilares e vigas met\u00e1licas, conta com uma \u00e1rea constru\u00edda de 818 metros quadrados no primeiro t\u00e9rreo, adaptado com banheiros acess\u00edveis e almoxarifado e um mezanino com 94 metros quadrados no pavimento superior.<\/p>\n\n\n\n<p>\u201cHoje estamos dando um primeiro passo, todas as demandas de novos cursos estar\u00e3o alinhadas \u00e0s demandas da ind\u00fastria. Quero refor\u00e7ar que o compromisso do SENAI \u00e9 forte para fazer com que essa unidade seja, de fato, uma refer\u00eancia ainda maior no desenvolvimento de projetos de inova\u00e7\u00e3o\u201d, anunciou Andreza Oto, Gerente da Unidade.<\/p>\n\n\n\n<p>O Prefeito de Tim\u00f3teo, Douglas Willkys, celebrou mais uma entrega de relev\u00e2ncia na reta final do seu mandato. \u201cFico emocionado em poder atrav\u00e9s dessa entrega fazer a diferen\u00e7a na vida das pessoas por meio da educa\u00e7\u00e3o. Esse investimento marca um momento importante para a amplia\u00e7\u00e3o do atendimento ao setor metalmec\u00e2nico, atrav\u00e9s de uma educa\u00e7\u00e3o de qualidade\u201d, declarou o prefeito que na oportunidade anunciou que solicitar\u00e1 ao governo de Minas o aumento na oferta de cursos t\u00e9cnicos para a Unidade, via Programa Trilhas de Futuro.<\/p>\n\n\n\n<p>Para Luciano Ara\u00fajo, patrono da escola, a concretiza\u00e7\u00e3o dessa obra \u00e9 motivo de alegria e de novas possibilidades para a unidade e para as empresas da regi\u00e3o. \u201cO que transforma a sociedade \u00e9 a educa\u00e7\u00e3o e a concretiza\u00e7\u00e3o desse galp\u00e3o retrata um novo ciclo para o Senai de Tim\u00f3teo. Esse galp\u00e3o vem para qualificar melhor nossas empresas, aumentando sua competitividade, permitindo mais efici\u00eancia associada a muita inova\u00e7\u00e3o e tecnologia. Aos empres\u00e1rios, tragam demandas para o SENAI para que juntos possamos valorizar e usufruir de toda essa estrutura\u201d, pontuou.<\/p>\n\n\n\n<p>De acordo com Diogo Boy, Supervisor T\u00e9cnico da Unidade, a segunda etapa da obra consistir\u00e1 na adequa\u00e7\u00e3o do SENAI, com investimentos da FIEMG na montagem das oficinas t\u00e9cnicas industriais de soldagem, usinagem e ajustagem mec\u00e2nica, eletricidade predial e industrial. A terceira e \u00faltima etapa ser\u00e1 de teste operacional para compatibilizar os equipamentos na infraestrutura do galp\u00e3o, garantindo a seguran\u00e7a das opera\u00e7\u00f5es para os estudantes. A expectativa \u00e9 que no primeiro trimestre de 2025 a obra esteja 100% conclu\u00edda.<\/p>\n\n\n\n<p>O Presidente da FIEMG Regional Vale do A\u00e7o, Jo\u00e3o Batista Alves, parabenizou a prefeitura pelo investimento e agradeceu a parceria. \u201cDouglas \u00e9 um grande parceiro da FIEMG, da Agenda de Converg\u00eancia e de tantas iniciativas promovidas em seu mandato que perpetuar\u00e3o beneficiando tantas pessoas, como o investimento desse galp\u00e3o que contribuir\u00e1 para a forma\u00e7\u00e3o e qualifica\u00e7\u00e3o profissional para atender as ind\u00fastrias\u201d, afirmou.<\/p>\n\n\n\n<p>Humberto Marin, Diretor Industrial e de Desenvolvimento da Aperam, parabenizou pela iniciativa e desejou sucesso. \u201cAcredito no desenvolvimento econ\u00f4mico e social quando ele vem do conhecimento e da educa\u00e7\u00e3o como base. A Aperam fica feliz com esse centro de desenvolvimento metalmec\u00e2nico e deseja continuar essa parceria de sucesso para a institui\u00e7\u00e3o, para empresa e para a sociedade de Tim\u00f3teo\u201d, concluiu.<\/p>\n\n\n\n<p><strong><em>Senai Luciano Jos\u00e9 de Ara\u00fajo<\/em><\/strong><\/p>\n\n\n\n<p>Inaugurado em 2012, o SENAI Luciano Jos\u00e9 de Ara\u00fajo \u00e9 respons\u00e1vel pela forma\u00e7\u00e3o profissional para a ind\u00fastria e presta\u00e7\u00e3o de servi\u00e7os como assist\u00eancia t\u00e9cnica e tecnologia ao setor produtivo.<\/p>\n\n\n\n<p>Atualmente a unidade oferece cursos T\u00e9cnicos e Aprendizagem Industrial, Aperfei\u00e7oamento e Qualifica\u00e7\u00f5es profissionais e conta com 600 alunos nos tr\u00eas turnos. Para 2025, a proje\u00e7\u00e3o \u00e9 que a Unidade atue na forma\u00e7\u00e3o de 900 estudantes. \u201cA oferta de cursos \u00e9 muito din\u00e2mica e customizada para as demandas industriais da regi\u00e3o, nas modalidades de aprendizagem industrial, de forma\u00e7\u00e3o t\u00e9cnica, aperfei\u00e7oamentos e qualifica\u00e7\u00f5es. J\u00e1 os atendimentos dos cursos concentram-se nas \u00e1reas de metalmec\u00e2nica, constru\u00e7\u00e3o civil, seguran\u00e7a do trabalho, qualidade, gest\u00e3o, eletrot\u00e9cnica e eletr\u00f4nica\u201d, explicou Diogo.<\/p>\n","protected":false},"featured_media":1418,"template":"","categories":[],"tags":[],"class_list":["post-3458","noticias","type-noticias","status-publish","has-post-thumbnail","hentry"],"acf":[],"yoast_head":"<!-- This site is optimized with the Yoast SEO plugin v26.2 - https:\/\/yoast.com\/wordpress\/plugins\/seo\/ -->\n<title>Prefeitura de Tim\u00f3teo entrega 1\u00aa etapa do Galp\u00e3o de Oficinas T\u00e9cnicas do SENAI - Associativismo<\/title>\n<meta name=\"robots\" content=\"index, follow, max-snippet:-1, max-image-preview:large, max-video-preview:-1\" \/>\n<link rel=\"canonical\" href=\"https:\/\/www.fiemg.com.br\/associativismo\/noticias\/prefeitura-de-timoteo-entrega-1a-etapa-do-galpao-de-oficinas-tecnicas-do-senai\/\" \/>\n<meta property=\"og:locale\" content=\"pt_BR\" \/>\n<meta property=\"og:type\" content=\"article\" \/>\n<meta property=\"og:title\" content=\"Prefeitura de Tim\u00f3teo entrega 1\u00aa etapa do Galp\u00e3o de Oficinas T\u00e9cnicas do SENAI - Associativismo\" \/>\n<meta property=\"og:description\" content=\"Com a presen\u00e7a de diversas autoridades, dentre elas o prefeito de Tim\u00f3teo, Douglas Willkys, o Vice-prefeito, Jos\u00e9 Vespasiano Cassemiro, o Presidente da FIEMG Regional Vale do A\u00e7o, Jo\u00e3o Batista Alves, Humberto Marin, Diretor Industrial e de Desenvolvimento da Aperam, Andreza Oto, Gerente da Unidade SENAI de Tim\u00f3teo e do Vice-presidente do Sindivest Minas Gerais, Luciano [&hellip;]\" \/>\n<meta property=\"og:url\" content=\"https:\/\/www.fiemg.com.br\/associativismo\/noticias\/prefeitura-de-timoteo-entrega-1a-etapa-do-galpao-de-oficinas-tecnicas-do-senai\/\" \/>\n<meta property=\"og:site_name\" content=\"Associativismo\" \/>\n<meta property=\"article:modified_time\" content=\"2024-12-12T16:56:53+00:00\" \/>\n<meta property=\"og:image\" content=\"https:\/\/www.fiemg.com.br\/associativismo\/wp-content\/uploads\/sites\/29\/2023\/08\/default.png\" \/>\n\t<meta property=\"og:image:width\" content=\"300\" \/>\n\t<meta property=\"og:image:height\" content=\"300\" \/>\n\t<meta property=\"og:image:type\" content=\"image\/png\" \/>\n<meta name=\"twitter:card\" content=\"summary_large_image\" \/>\n<meta name=\"twitter:label1\" content=\"Est. tempo de leitura\" \/>\n\t<meta name=\"twitter:data1\" content=\"4 minutos\" \/>\n<script type=\"application\/ld+json\" class=\"yoast-schema-graph\">{\"@context\":\"https:\/\/schema.org\",\"@graph\":[{\"@type\":\"WebPage\",\"@id\":\"https:\/\/www.fiemg.com.br\/associativismo\/noticias\/prefeitura-de-timoteo-entrega-1a-etapa-do-galpao-de-oficinas-tecnicas-do-senai\/\",\"url\":\"https:\/\/www.fiemg.com.br\/associativismo\/noticias\/prefeitura-de-timoteo-entrega-1a-etapa-do-galpao-de-oficinas-tecnicas-do-senai\/\",\"name\":\"Prefeitura de Tim\u00f3teo entrega 1\u00aa etapa do Galp\u00e3o de Oficinas T\u00e9cnicas do SENAI - Associativismo\",\"isPartOf\":{\"@id\":\"https:\/\/www.fiemg.com.br\/associativismo\/#website\"},\"primaryImageOfPage\":{\"@id\":\"https:\/\/www.fiemg.com.br\/associativismo\/noticias\/prefeitura-de-timoteo-entrega-1a-etapa-do-galpao-de-oficinas-tecnicas-do-senai\/#primaryimage\"},\"image\":{\"@id\":\"https:\/\/www.fiemg.com.br\/associativismo\/noticias\/prefeitura-de-timoteo-entrega-1a-etapa-do-galpao-de-oficinas-tecnicas-do-senai\/#primaryimage\"},\"thumbnailUrl\":\"https:\/\/www.fiemg.com.br\/associativismo\/wp-content\/uploads\/sites\/29\/2023\/08\/default.png\",\"datePublished\":\"2024-12-12T16:56:52+00:00\",\"dateModified\":\"2024-12-12T16:56:53+00:00\",\"breadcrumb\":{\"@id\":\"https:\/\/www.fiemg.com.br\/associativismo\/noticias\/prefeitura-de-timoteo-entrega-1a-etapa-do-galpao-de-oficinas-tecnicas-do-senai\/#breadcrumb\"},\"inLanguage\":\"pt-BR\",\"potentialAction\":[{\"@type\":\"ReadAction\",\"target\":[\"https:\/\/www.fiemg.com.br\/associativismo\/noticias\/prefeitura-de-timoteo-entrega-1a-etapa-do-galpao-de-oficinas-tecnicas-do-senai\/\"]}]},{\"@type\":\"ImageObject\",\"inLanguage\":\"pt-BR\",\"@id\":\"https:\/\/www.fiemg.com.br\/associativismo\/noticias\/prefeitura-de-timoteo-entrega-1a-etapa-do-galpao-de-oficinas-tecnicas-do-senai\/#primaryimage\",\"url\":\"https:\/\/www.fiemg.com.br\/associativismo\/wp-content\/uploads\/sites\/29\/2023\/08\/default.png\",\"contentUrl\":\"https:\/\/www.fiemg.com.br\/associativismo\/wp-content\/uploads\/sites\/29\/2023\/08\/default.png\",\"width\":300,\"height\":300},{\"@type\":\"BreadcrumbList\",\"@id\":\"https:\/\/www.fiemg.com.br\/associativismo\/noticias\/prefeitura-de-timoteo-entrega-1a-etapa-do-galpao-de-oficinas-tecnicas-do-senai\/#breadcrumb\",\"itemListElement\":[{\"@type\":\"ListItem\",\"position\":1,\"name\":\"In\u00edcio\",\"item\":\"https:\/\/www.fiemg.com.br\/associativismo\/\"},{\"@type\":\"ListItem\",\"position\":2,\"name\":\"Prefeitura de Tim\u00f3teo entrega 1\u00aa etapa do Galp\u00e3o de Oficinas T\u00e9cnicas do SENAI\"}]},{\"@type\":\"WebSite\",\"@id\":\"https:\/\/www.fiemg.com.br\/associativismo\/#website\",\"url\":\"https:\/\/www.fiemg.com.br\/associativismo\/\",\"name\":\"Associativismo\",\"description\":\"Federa\u00e7\u00e3o das Ind\u00fastrias do Estado de Minas Gerais\",\"publisher\":{\"@id\":\"https:\/\/www.fiemg.com.br\/associativismo\/#organization\"},\"potentialAction\":[{\"@type\":\"SearchAction\",\"target\":{\"@type\":\"EntryPoint\",\"urlTemplate\":\"https:\/\/www.fiemg.com.br\/associativismo\/?s={search_term_string}\"},\"query-input\":{\"@type\":\"PropertyValueSpecification\",\"valueRequired\":true,\"valueName\":\"search_term_string\"}}],\"inLanguage\":\"pt-BR\"},{\"@type\":\"Organization\",\"@id\":\"https:\/\/www.fiemg.com.br\/associativismo\/#organization\",\"name\":\"Associativismo\",\"url\":\"https:\/\/www.fiemg.com.br\/associativismo\/\",\"logo\":{\"@type\":\"ImageObject\",\"inLanguage\":\"pt-BR\",\"@id\":\"https:\/\/www.fiemg.com.br\/associativismo\/#\/schema\/logo\/image\/\",\"url\":\"https:\/\/www.fiemg.com.br\/associativismo\/wp-content\/uploads\/sites\/29\/2023\/02\/fiemg_branco.svg\",\"contentUrl\":\"https:\/\/www.fiemg.com.br\/associativismo\/wp-content\/uploads\/sites\/29\/2023\/02\/fiemg_branco.svg\",\"width\":561,\"height\":147,\"caption\":\"Associativismo\"},\"image\":{\"@id\":\"https:\/\/www.fiemg.com.br\/associativismo\/#\/schema\/logo\/image\/\"}}]}<\/script>\n<!-- \/ Yoast SEO plugin. -->","yoast_head_json":{"title":"Prefeitura de Tim\u00f3teo entrega 1\u00aa etapa do Galp\u00e3o de Oficinas T\u00e9cnicas do SENAI - Associativismo","robots":{"index":"index","follow":"follow","max-snippet":"max-snippet:-1","max-image-preview":"max-image-preview:large","max-video-preview":"max-video-preview:-1"},"canonical":"https:\/\/www.fiemg.com.br\/associativismo\/noticias\/prefeitura-de-timoteo-entrega-1a-etapa-do-galpao-de-oficinas-tecnicas-do-senai\/","og_locale":"pt_BR","og_type":"article","og_title":"Prefeitura de Tim\u00f3teo entrega 1\u00aa etapa do Galp\u00e3o de Oficinas T\u00e9cnicas do SENAI - Associativismo","og_description":"Com a presen\u00e7a de diversas autoridades, dentre elas o prefeito de Tim\u00f3teo, Douglas Willkys, o Vice-prefeito, Jos\u00e9 Vespasiano Cassemiro, o Presidente da FIEMG Regional Vale do A\u00e7o, Jo\u00e3o Batista Alves, Humberto Marin, Diretor Industrial e de Desenvolvimento da Aperam, Andreza Oto, Gerente da Unidade SENAI de Tim\u00f3teo e do Vice-presidente do Sindivest Minas Gerais, Luciano [&hellip;]","og_url":"https:\/\/www.fiemg.com.br\/associativismo\/noticias\/prefeitura-de-timoteo-entrega-1a-etapa-do-galpao-de-oficinas-tecnicas-do-senai\/","og_site_name":"Associativismo","article_modified_time":"2024-12-12T16:56:53+00:00","og_image":[{"width":300,"height":300,"url":"https:\/\/www.fiemg.com.br\/associativismo\/wp-content\/uploads\/sites\/29\/2023\/08\/default.png","type":"image\/png"}],"twitter_card":"summary_large_image","twitter_misc":{"Est. tempo de leitura":"4 minutos"},"schema":{"@context":"https:\/\/schema.org","@graph":[{"@type":"WebPage","@id":"https:\/\/www.fiemg.com.br\/associativismo\/noticias\/prefeitura-de-timoteo-entrega-1a-etapa-do-galpao-de-oficinas-tecnicas-do-senai\/","url":"https:\/\/www.fiemg.com.br\/associativismo\/noticias\/prefeitura-de-timoteo-entrega-1a-etapa-do-galpao-de-oficinas-tecnicas-do-senai\/","name":"Prefeitura de Tim\u00f3teo entrega 1\u00aa etapa do Galp\u00e3o de Oficinas T\u00e9cnicas do SENAI - Associativismo","isPartOf":{"@id":"https:\/\/www.fiemg.com.br\/associativismo\/#website"},"primaryImageOfPage":{"@id":"https:\/\/www.fiemg.com.br\/associativismo\/noticias\/prefeitura-de-timoteo-entrega-1a-etapa-do-galpao-de-oficinas-tecnicas-do-senai\/#primaryimage"},"image":{"@id":"https:\/\/www.fiemg.com.br\/associativismo\/noticias\/prefeitura-de-timoteo-entrega-1a-etapa-do-galpao-de-oficinas-tecnicas-do-senai\/#primaryimage"},"thumbnailUrl":"https:\/\/www.fiemg.com.br\/associativismo\/wp-content\/uploads\/sites\/29\/2023\/08\/default.png","datePublished":"2024-12-12T16:56:52+00:00","dateModified":"2024-12-12T16:56:53+00:00","breadcrumb":{"@id":"https:\/\/www.fiemg.com.br\/associativismo\/noticias\/prefeitura-de-timoteo-entrega-1a-etapa-do-galpao-de-oficinas-tecnicas-do-senai\/#breadcrumb"},"inLanguage":"pt-BR","potentialAction":[{"@type":"ReadAction","target":["https:\/\/www.fiemg.com.br\/associativismo\/noticias\/prefeitura-de-timoteo-entrega-1a-etapa-do-galpao-de-oficinas-tecnicas-do-senai\/"]}]},{"@type":"ImageObject","inLanguage":"pt-BR","@id":"https:\/\/www.fiemg.com.br\/associativismo\/noticias\/prefeitura-de-timoteo-entrega-1a-etapa-do-galpao-de-oficinas-tecnicas-do-senai\/#primaryimage","url":"https:\/\/www.fiemg.com.br\/associativismo\/wp-content\/uploads\/sites\/29\/2023\/08\/default.png","contentUrl":"https:\/\/www.fiemg.com.br\/associativismo\/wp-content\/uploads\/sites\/29\/2023\/08\/default.png","width":300,"height":300},{"@type":"BreadcrumbList","@id":"https:\/\/www.fiemg.com.br\/associativismo\/noticias\/prefeitura-de-timoteo-entrega-1a-etapa-do-galpao-de-oficinas-tecnicas-do-senai\/#breadcrumb","itemListElement":[{"@type":"ListItem","position":1,"name":"In\u00edcio","item":"https:\/\/www.fiemg.com.br\/associativismo\/"},{"@type":"ListItem","position":2,"name":"Prefeitura de Tim\u00f3teo entrega 1\u00aa etapa do Galp\u00e3o de Oficinas T\u00e9cnicas do SENAI"}]},{"@type":"WebSite","@id":"https:\/\/www.fiemg.com.br\/associativismo\/#website","url":"https:\/\/www.fiemg.com.br\/associativismo\/","name":"Associativismo","description":"Federa\u00e7\u00e3o das Ind\u00fastrias do Estado de Minas Gerais","publisher":{"@id":"https:\/\/www.fiemg.com.br\/associativismo\/#organization"},"potentialAction":[{"@type":"SearchAction","target":{"@type":"EntryPoint","urlTemplate":"https:\/\/www.fiemg.com.br\/associativismo\/?s={search_term_string}"},"query-input":{"@type":"PropertyValueSpecification","valueRequired":true,"valueName":"search_term_string"}}],"inLanguage":"pt-BR"},{"@type":"Organization","@id":"https:\/\/www.fiemg.com.br\/associativismo\/#organization","name":"Associativismo","url":"https:\/\/www.fiemg.com.br\/associativismo\/","logo":{"@type":"ImageObject","inLanguage":"pt-BR","@id":"https:\/\/www.fiemg.com.br\/associativismo\/#\/schema\/logo\/image\/","url":"https:\/\/www.fiemg.com.br\/associativismo\/wp-content\/uploads\/sites\/29\/2023\/02\/fiemg_branco.svg","contentUrl":"https:\/\/www.fiemg.com.br\/associativismo\/wp-content\/uploads\/sites\/29\/2023\/02\/fiemg_branco.svg","width":561,"height":147,"caption":"Associativismo"},"image":{"@id":"https:\/\/www.fiemg.com.br\/associativismo\/#\/schema\/logo\/image\/"}}]}},"_links":{"self":[{"href":"https:\/\/www.fiemg.com.br\/associativismo\/wp-json\/wp\/v2\/noticias\/3458","targetHints":{"allow":["GET"]}}],"collection":[{"href":"https:\/\/www.fiemg.com.br\/associativismo\/wp-json\/wp\/v2\/noticias"}],"about":[{"href":"https:\/\/www.fiemg.com.br\/associativismo\/wp-json\/wp\/v2\/types\/noticias"}],"wp:featuredmedia":[{"embeddable":true,"href":"https:\/\/www.fiemg.com.br\/associativismo\/wp-json\/wp\/v2\/media\/1418"}],"wp:attachment":[{"href":"https:\/\/www.fiemg.com.br\/associativismo\/wp-json\/wp\/v2\/media?parent=3458"}],"wp:term":[{"taxonomy":"category","embeddable":true,"href":"https:\/\/www.fiemg.com.br\/associativismo\/wp-json\/wp\/v2\/categories?post=3458"},{"taxonomy":"post_tag","embeddable":true,"href":"https:\/\/www.fiemg.com.br\/associativismo\/wp-json\/wp\/v2\/tags?post=3458"}],"curies":[{"name":"wp","href":"https:\/\/api.w.org\/{rel}","templated":true}]}}