{"id":3484,"date":"2024-12-18T15:11:33","date_gmt":"2024-12-18T18:11:33","guid":{"rendered":"https:\/\/www.fiemg.com.br\/associativismo\/noticias\/metal-jf-promove-confraternizacao-de-final-de-ano-reforcando-os-lacos-que-unem-o-setor\/"},"modified":"2024-12-18T16:02:19","modified_gmt":"2024-12-18T19:02:19","slug":"metal-jf-promove-confraternizacao-de-final-de-ano-reforcando-os-lacos-que-unem-o-setor","status":"publish","type":"noticias","link":"https:\/\/www.fiemg.com.br\/associativismo\/noticias\/metal-jf-promove-confraternizacao-de-final-de-ano-reforcando-os-lacos-que-unem-o-setor\/","title":{"rendered":"Metal JF promove confraterniza\u00e7\u00e3o de final de ano refor\u00e7ando la\u00e7os que unem o setor"},"content":{"rendered":"\n<p>Dia 10 de dezembro foi a data reservada para a Confraterniza\u00e7\u00e3o de Final de Ano do Sindicato das Ind\u00fastrias Metal\u00fargicas, Mec\u00e2nicas e de Material El\u00e9trico de Juiz de Fora (Metal JF). O evento reuniu associados e diretores da entidade na sede da FIEMG Regional Zona da Mata para uma noite especial marcada por gratid\u00e3o e celebra\u00e7\u00e3o.<\/p>\n\n\n\n<p>A presidente Ana L\u00facia Machado Sabino iniciou a noite expressando sua satisfa\u00e7\u00e3o e alegria pela presen\u00e7a de todos, destacando que o encontro n\u00e3o apenas celebrava o final de um ano, mas tamb\u00e9m refor\u00e7ava os la\u00e7os fundamentais que fortalecem o setor metal\u00fargico. Em seu discurso, Ana L\u00facia agradeceu a todos que contribu\u00edram para tornar o ano significativo para o Metal JF e ressaltou o quanto a participa\u00e7\u00e3o de todos \u00e9 importante para o fortalecimento da entidade.<\/p>\n\n\n\n<p>A presidente colocou a entidade \u00e0 disposi\u00e7\u00e3o dos associados, dizendo que o Sindicato est\u00e1 aberto para ajudar as empresas, oferecendo assessorias, conv\u00eanios e suporte. Destacou ainda o apoio que a FIEMG oferece nas mais diversas \u00e1reas, como jur\u00eddica, ambiental, trabalhista, tribut\u00e1ria, econ\u00f4mica, entre outras. \u201cPara sermos cada vez mais fortes, precisamos do engajamento de todos. Tragam suas dificuldades e d\u00favidas para o Metal JF, pois estamos aqui para ajudar. Este ano realizamos muitos eventos de capacita\u00e7\u00e3o, principalmente para a \u00e1rea mec\u00e2nica e automotiva, e nosso objetivo \u00e9 fazer isso para todos os segmentos, visando o crescimento de nossas ind\u00fastrias\u201d, disse.<\/p>\n\n\n\n<p>A diretoria, que ao lado da presidente dedicou-se ao fortalecimento do setor, foi lembrada como pe\u00e7a-chave para o sucesso e supera\u00e7\u00e3o dos desafios enfrentados em 2024. A uni\u00e3o de esfor\u00e7os e o comprometimento de cada diretor e associado foram ressaltados como fundamentais para consolidar o papel atuante do Sindicato. \u201cVamos nos unir, participar das palestras, eventos e miss\u00f5es, que nos agregam tanto conhecimento. O associativismo \u00e9 fundamental. Desejo a todos um feliz 2025 com muita paz, sa\u00fade e disposi\u00e7\u00e3o para o trabalho\u201d, disse.<\/p>\n\n\n\n<p>O diretor Lazer Waner da Cruz (Nequinha) prop\u00f4s a realiza\u00e7\u00e3o de uma reuni\u00e3o onde cada associado possa apresentar sua empresa e seu produtos, visando estreitar os relacionamentos. \u201cMuitas vezes n\u00e3o sabemos onde buscar o que precisamos. Temos que divulgar cada empresa, melhorar conviv\u00eancia. A presidente Ana sozinha n\u00e3o consegue, temos que estar unidos\u201d, disse. Ele incentivou os empres\u00e1rios a espalharem a mensagem de que o Sindicato est\u00e1 de portas abertas para receber a todos e fortalecer ainda mais a entidade.<\/p>\n\n\n\n<p>A confraterniza\u00e7\u00e3o foi um momento de olhar para o futuro com otimismo e aprender com os desafios do ano que se encerra. Mais uma vez o Metal JF se consolida como um espa\u00e7o de uni\u00e3o e crescimento para as ind\u00fastrias metal\u00fargicas, mec\u00e2nicas e de material el\u00e9trico.<\/p>\n\n\n\n<p>.<\/p>\n\n\n\n<p><em>Graciele Vianna<\/em><br><strong>Imprensa FIEMG<\/strong><\/p>\n","protected":false},"featured_media":1418,"template":"","categories":[],"tags":[],"class_list":["post-3484","noticias","type-noticias","status-publish","has-post-thumbnail","hentry"],"acf":[],"yoast_head":"<!-- This site is optimized with the Yoast SEO plugin v26.2 - https:\/\/yoast.com\/wordpress\/plugins\/seo\/ -->\n<title>Metal JF promove confraterniza\u00e7\u00e3o de final de ano refor\u00e7ando la\u00e7os que unem o setor - Associativismo<\/title>\n<meta name=\"robots\" content=\"index, follow, max-snippet:-1, max-image-preview:large, max-video-preview:-1\" \/>\n<link rel=\"canonical\" href=\"https:\/\/www.fiemg.com.br\/associativismo\/noticias\/metal-jf-promove-confraternizacao-de-final-de-ano-reforcando-os-lacos-que-unem-o-setor\/\" \/>\n<meta property=\"og:locale\" content=\"pt_BR\" \/>\n<meta property=\"og:type\" content=\"article\" \/>\n<meta property=\"og:title\" content=\"Metal JF promove confraterniza\u00e7\u00e3o de final de ano refor\u00e7ando la\u00e7os que unem o setor - Associativismo\" \/>\n<meta property=\"og:description\" content=\"Dia 10 de dezembro foi a data reservada para a Confraterniza\u00e7\u00e3o de Final de Ano do Sindicato das Ind\u00fastrias Metal\u00fargicas, Mec\u00e2nicas e de Material El\u00e9trico de Juiz de Fora (Metal JF). O evento reuniu associados e diretores da entidade na sede da FIEMG Regional Zona da Mata para uma noite especial marcada por gratid\u00e3o e [&hellip;]\" \/>\n<meta property=\"og:url\" content=\"https:\/\/www.fiemg.com.br\/associativismo\/noticias\/metal-jf-promove-confraternizacao-de-final-de-ano-reforcando-os-lacos-que-unem-o-setor\/\" \/>\n<meta property=\"og:site_name\" content=\"Associativismo\" \/>\n<meta property=\"article:modified_time\" content=\"2024-12-18T19:02:19+00:00\" \/>\n<meta property=\"og:image\" content=\"https:\/\/www.fiemg.com.br\/associativismo\/wp-content\/uploads\/sites\/29\/2023\/08\/default.png\" \/>\n\t<meta property=\"og:image:width\" content=\"300\" \/>\n\t<meta property=\"og:image:height\" content=\"300\" \/>\n\t<meta property=\"og:image:type\" content=\"image\/png\" \/>\n<meta name=\"twitter:card\" content=\"summary_large_image\" \/>\n<meta name=\"twitter:label1\" content=\"Est. tempo de leitura\" \/>\n\t<meta name=\"twitter:data1\" content=\"2 minutos\" \/>\n<script type=\"application\/ld+json\" class=\"yoast-schema-graph\">{\"@context\":\"https:\/\/schema.org\",\"@graph\":[{\"@type\":\"WebPage\",\"@id\":\"https:\/\/www.fiemg.com.br\/associativismo\/noticias\/metal-jf-promove-confraternizacao-de-final-de-ano-reforcando-os-lacos-que-unem-o-setor\/\",\"url\":\"https:\/\/www.fiemg.com.br\/associativismo\/noticias\/metal-jf-promove-confraternizacao-de-final-de-ano-reforcando-os-lacos-que-unem-o-setor\/\",\"name\":\"Metal JF promove confraterniza\u00e7\u00e3o de final de ano refor\u00e7ando la\u00e7os que unem o setor - Associativismo\",\"isPartOf\":{\"@id\":\"https:\/\/www.fiemg.com.br\/associativismo\/#website\"},\"primaryImageOfPage\":{\"@id\":\"https:\/\/www.fiemg.com.br\/associativismo\/noticias\/metal-jf-promove-confraternizacao-de-final-de-ano-reforcando-os-lacos-que-unem-o-setor\/#primaryimage\"},\"image\":{\"@id\":\"https:\/\/www.fiemg.com.br\/associativismo\/noticias\/metal-jf-promove-confraternizacao-de-final-de-ano-reforcando-os-lacos-que-unem-o-setor\/#primaryimage\"},\"thumbnailUrl\":\"https:\/\/www.fiemg.com.br\/associativismo\/wp-content\/uploads\/sites\/29\/2023\/08\/default.png\",\"datePublished\":\"2024-12-18T18:11:33+00:00\",\"dateModified\":\"2024-12-18T19:02:19+00:00\",\"breadcrumb\":{\"@id\":\"https:\/\/www.fiemg.com.br\/associativismo\/noticias\/metal-jf-promove-confraternizacao-de-final-de-ano-reforcando-os-lacos-que-unem-o-setor\/#breadcrumb\"},\"inLanguage\":\"pt-BR\",\"potentialAction\":[{\"@type\":\"ReadAction\",\"target\":[\"https:\/\/www.fiemg.com.br\/associativismo\/noticias\/metal-jf-promove-confraternizacao-de-final-de-ano-reforcando-os-lacos-que-unem-o-setor\/\"]}]},{\"@type\":\"ImageObject\",\"inLanguage\":\"pt-BR\",\"@id\":\"https:\/\/www.fiemg.com.br\/associativismo\/noticias\/metal-jf-promove-confraternizacao-de-final-de-ano-reforcando-os-lacos-que-unem-o-setor\/#primaryimage\",\"url\":\"https:\/\/www.fiemg.com.br\/associativismo\/wp-content\/uploads\/sites\/29\/2023\/08\/default.png\",\"contentUrl\":\"https:\/\/www.fiemg.com.br\/associativismo\/wp-content\/uploads\/sites\/29\/2023\/08\/default.png\",\"width\":300,\"height\":300},{\"@type\":\"BreadcrumbList\",\"@id\":\"https:\/\/www.fiemg.com.br\/associativismo\/noticias\/metal-jf-promove-confraternizacao-de-final-de-ano-reforcando-os-lacos-que-unem-o-setor\/#breadcrumb\",\"itemListElement\":[{\"@type\":\"ListItem\",\"position\":1,\"name\":\"In\u00edcio\",\"item\":\"https:\/\/www.fiemg.com.br\/associativismo\/\"},{\"@type\":\"ListItem\",\"position\":2,\"name\":\"Metal JF promove confraterniza\u00e7\u00e3o de final de ano refor\u00e7ando la\u00e7os que unem o setor\"}]},{\"@type\":\"WebSite\",\"@id\":\"https:\/\/www.fiemg.com.br\/associativismo\/#website\",\"url\":\"https:\/\/www.fiemg.com.br\/associativismo\/\",\"name\":\"Associativismo\",\"description\":\"Federa\u00e7\u00e3o das Ind\u00fastrias do Estado de Minas Gerais\",\"publisher\":{\"@id\":\"https:\/\/www.fiemg.com.br\/associativismo\/#organization\"},\"potentialAction\":[{\"@type\":\"SearchAction\",\"target\":{\"@type\":\"EntryPoint\",\"urlTemplate\":\"https:\/\/www.fiemg.com.br\/associativismo\/?s={search_term_string}\"},\"query-input\":{\"@type\":\"PropertyValueSpecification\",\"valueRequired\":true,\"valueName\":\"search_term_string\"}}],\"inLanguage\":\"pt-BR\"},{\"@type\":\"Organization\",\"@id\":\"https:\/\/www.fiemg.com.br\/associativismo\/#organization\",\"name\":\"Associativismo\",\"url\":\"https:\/\/www.fiemg.com.br\/associativismo\/\",\"logo\":{\"@type\":\"ImageObject\",\"inLanguage\":\"pt-BR\",\"@id\":\"https:\/\/www.fiemg.com.br\/associativismo\/#\/schema\/logo\/image\/\",\"url\":\"https:\/\/www.fiemg.com.br\/associativismo\/wp-content\/uploads\/sites\/29\/2023\/02\/fiemg_branco.svg\",\"contentUrl\":\"https:\/\/www.fiemg.com.br\/associativismo\/wp-content\/uploads\/sites\/29\/2023\/02\/fiemg_branco.svg\",\"width\":561,\"height\":147,\"caption\":\"Associativismo\"},\"image\":{\"@id\":\"https:\/\/www.fiemg.com.br\/associativismo\/#\/schema\/logo\/image\/\"}}]}<\/script>\n<!-- \/ Yoast SEO plugin. -->","yoast_head_json":{"title":"Metal JF promove confraterniza\u00e7\u00e3o de final de ano refor\u00e7ando la\u00e7os que unem o setor - Associativismo","robots":{"index":"index","follow":"follow","max-snippet":"max-snippet:-1","max-image-preview":"max-image-preview:large","max-video-preview":"max-video-preview:-1"},"canonical":"https:\/\/www.fiemg.com.br\/associativismo\/noticias\/metal-jf-promove-confraternizacao-de-final-de-ano-reforcando-os-lacos-que-unem-o-setor\/","og_locale":"pt_BR","og_type":"article","og_title":"Metal JF promove confraterniza\u00e7\u00e3o de final de ano refor\u00e7ando la\u00e7os que unem o setor - Associativismo","og_description":"Dia 10 de dezembro foi a data reservada para a Confraterniza\u00e7\u00e3o de Final de Ano do Sindicato das Ind\u00fastrias Metal\u00fargicas, Mec\u00e2nicas e de Material El\u00e9trico de Juiz de Fora (Metal JF). O evento reuniu associados e diretores da entidade na sede da FIEMG Regional Zona da Mata para uma noite especial marcada por gratid\u00e3o e [&hellip;]","og_url":"https:\/\/www.fiemg.com.br\/associativismo\/noticias\/metal-jf-promove-confraternizacao-de-final-de-ano-reforcando-os-lacos-que-unem-o-setor\/","og_site_name":"Associativismo","article_modified_time":"2024-12-18T19:02:19+00:00","og_image":[{"width":300,"height":300,"url":"https:\/\/www.fiemg.com.br\/associativismo\/wp-content\/uploads\/sites\/29\/2023\/08\/default.png","type":"image\/png"}],"twitter_card":"summary_large_image","twitter_misc":{"Est. tempo de leitura":"2 minutos"},"schema":{"@context":"https:\/\/schema.org","@graph":[{"@type":"WebPage","@id":"https:\/\/www.fiemg.com.br\/associativismo\/noticias\/metal-jf-promove-confraternizacao-de-final-de-ano-reforcando-os-lacos-que-unem-o-setor\/","url":"https:\/\/www.fiemg.com.br\/associativismo\/noticias\/metal-jf-promove-confraternizacao-de-final-de-ano-reforcando-os-lacos-que-unem-o-setor\/","name":"Metal JF promove confraterniza\u00e7\u00e3o de final de ano refor\u00e7ando la\u00e7os que unem o setor - Associativismo","isPartOf":{"@id":"https:\/\/www.fiemg.com.br\/associativismo\/#website"},"primaryImageOfPage":{"@id":"https:\/\/www.fiemg.com.br\/associativismo\/noticias\/metal-jf-promove-confraternizacao-de-final-de-ano-reforcando-os-lacos-que-unem-o-setor\/#primaryimage"},"image":{"@id":"https:\/\/www.fiemg.com.br\/associativismo\/noticias\/metal-jf-promove-confraternizacao-de-final-de-ano-reforcando-os-lacos-que-unem-o-setor\/#primaryimage"},"thumbnailUrl":"https:\/\/www.fiemg.com.br\/associativismo\/wp-content\/uploads\/sites\/29\/2023\/08\/default.png","datePublished":"2024-12-18T18:11:33+00:00","dateModified":"2024-12-18T19:02:19+00:00","breadcrumb":{"@id":"https:\/\/www.fiemg.com.br\/associativismo\/noticias\/metal-jf-promove-confraternizacao-de-final-de-ano-reforcando-os-lacos-que-unem-o-setor\/#breadcrumb"},"inLanguage":"pt-BR","potentialAction":[{"@type":"ReadAction","target":["https:\/\/www.fiemg.com.br\/associativismo\/noticias\/metal-jf-promove-confraternizacao-de-final-de-ano-reforcando-os-lacos-que-unem-o-setor\/"]}]},{"@type":"ImageObject","inLanguage":"pt-BR","@id":"https:\/\/www.fiemg.com.br\/associativismo\/noticias\/metal-jf-promove-confraternizacao-de-final-de-ano-reforcando-os-lacos-que-unem-o-setor\/#primaryimage","url":"https:\/\/www.fiemg.com.br\/associativismo\/wp-content\/uploads\/sites\/29\/2023\/08\/default.png","contentUrl":"https:\/\/www.fiemg.com.br\/associativismo\/wp-content\/uploads\/sites\/29\/2023\/08\/default.png","width":300,"height":300},{"@type":"BreadcrumbList","@id":"https:\/\/www.fiemg.com.br\/associativismo\/noticias\/metal-jf-promove-confraternizacao-de-final-de-ano-reforcando-os-lacos-que-unem-o-setor\/#breadcrumb","itemListElement":[{"@type":"ListItem","position":1,"name":"In\u00edcio","item":"https:\/\/www.fiemg.com.br\/associativismo\/"},{"@type":"ListItem","position":2,"name":"Metal JF promove confraterniza\u00e7\u00e3o de final de ano refor\u00e7ando la\u00e7os que unem o setor"}]},{"@type":"WebSite","@id":"https:\/\/www.fiemg.com.br\/associativismo\/#website","url":"https:\/\/www.fiemg.com.br\/associativismo\/","name":"Associativismo","description":"Federa\u00e7\u00e3o das Ind\u00fastrias do Estado de Minas Gerais","publisher":{"@id":"https:\/\/www.fiemg.com.br\/associativismo\/#organization"},"potentialAction":[{"@type":"SearchAction","target":{"@type":"EntryPoint","urlTemplate":"https:\/\/www.fiemg.com.br\/associativismo\/?s={search_term_string}"},"query-input":{"@type":"PropertyValueSpecification","valueRequired":true,"valueName":"search_term_string"}}],"inLanguage":"pt-BR"},{"@type":"Organization","@id":"https:\/\/www.fiemg.com.br\/associativismo\/#organization","name":"Associativismo","url":"https:\/\/www.fiemg.com.br\/associativismo\/","logo":{"@type":"ImageObject","inLanguage":"pt-BR","@id":"https:\/\/www.fiemg.com.br\/associativismo\/#\/schema\/logo\/image\/","url":"https:\/\/www.fiemg.com.br\/associativismo\/wp-content\/uploads\/sites\/29\/2023\/02\/fiemg_branco.svg","contentUrl":"https:\/\/www.fiemg.com.br\/associativismo\/wp-content\/uploads\/sites\/29\/2023\/02\/fiemg_branco.svg","width":561,"height":147,"caption":"Associativismo"},"image":{"@id":"https:\/\/www.fiemg.com.br\/associativismo\/#\/schema\/logo\/image\/"}}]}},"_links":{"self":[{"href":"https:\/\/www.fiemg.com.br\/associativismo\/wp-json\/wp\/v2\/noticias\/3484","targetHints":{"allow":["GET"]}}],"collection":[{"href":"https:\/\/www.fiemg.com.br\/associativismo\/wp-json\/wp\/v2\/noticias"}],"about":[{"href":"https:\/\/www.fiemg.com.br\/associativismo\/wp-json\/wp\/v2\/types\/noticias"}],"wp:featuredmedia":[{"embeddable":true,"href":"https:\/\/www.fiemg.com.br\/associativismo\/wp-json\/wp\/v2\/media\/1418"}],"wp:attachment":[{"href":"https:\/\/www.fiemg.com.br\/associativismo\/wp-json\/wp\/v2\/media?parent=3484"}],"wp:term":[{"taxonomy":"category","embeddable":true,"href":"https:\/\/www.fiemg.com.br\/associativismo\/wp-json\/wp\/v2\/categories?post=3484"},{"taxonomy":"post_tag","embeddable":true,"href":"https:\/\/www.fiemg.com.br\/associativismo\/wp-json\/wp\/v2\/tags?post=3484"}],"curies":[{"name":"wp","href":"https:\/\/api.w.org\/{rel}","templated":true}]}}