{"id":3525,"date":"2024-12-17T18:07:00","date_gmt":"2024-12-17T21:07:00","guid":{"rendered":"https:\/\/www.fiemg.com.br\/associativismo\/noticias\/sindivest-jf-reune-associados-para-reuniao-e-encontro-de-confraternizacao\/"},"modified":"2024-12-20T16:21:23","modified_gmt":"2024-12-20T19:21:23","slug":"sindivest-jf-reune-associados-para-reuniao-e-encontro-de-confraternizacao","status":"publish","type":"noticias","link":"https:\/\/www.fiemg.com.br\/associativismo\/noticias\/sindivest-jf-reune-associados-para-reuniao-e-encontro-de-confraternizacao\/","title":{"rendered":"Sindivest-JF re\u00fane associados para reuni\u00e3o e encontro de confraterniza\u00e7\u00e3o"},"content":{"rendered":"\n<p>Foi numa atmosfera de celebra\u00e7\u00e3o e gratid\u00e3o que o Sindicato das Ind\u00fastrias do Vestu\u00e1rio de Juiz de Fora (Sindivest-JF) realizou seu Encontro de Confraterniza\u00e7\u00e3o de Final de Ano, voltado para os associados da entidade. O evento aconteceu no dia 16 de dezembro, na sede da FIEMG Regional Zona da Mata, onde tamb\u00e9m fica localizado o Sindicato, reunindo membros da Diretoria e representantes das empresas que fazem parte do setor. Na ocasi\u00e3o, a presidente Mari\u00e2ngela Miranda Marcon tamb\u00e9m realizou uma reuni\u00e3o de associados onde apresentou uma retrospectiva das atividades do Sindicato durante o ano, destacando o desenvolvimento da entidade.<\/p>\n\n\n\n<p>Em 2024, v\u00e1rias a\u00e7\u00f5es foram realizadas buscando o desenvolvimento das ind\u00fastrias do Vestu\u00e1rio. Ela destacou a miss\u00e3o empresarial \u00e0 Alemanha, promovida de 19 a 28 de abril, e sua participa\u00e7\u00e3o em dois eventos globais: Hannover Messe e TechTextil. \u201cEsta \u00e9 uma das maiores feiras industriais do mundo, com quase 4 mil expositores. Mais de 150 empres\u00e1rios mineiros participaram, fortalecendo rela\u00e7\u00f5es bilaterais entre Minas Gerais e Alemanha. O objetivo de nossa participa\u00e7\u00e3o foi promover a inova\u00e7\u00e3o, criar conex\u00f5es estrat\u00e9gicas e antecipar tend\u00eancias globais. J\u00e1 a TechTextil esteve focada em avan\u00e7os no setor t\u00eaxtil, com destaque para tecnologias de reciclagem e sustentabilidade\u201d, disse.<\/p>\n\n\n\n<p>A presidente falou tamb\u00e9m sobre a visita \u00e0 Febratex 2024, realizada entre os dias 20 e 23 de agosto em Blumenau (SC). \u201cO evento ocupou mais de 30 mil metros quadrados, teve cerca de 57 mil visitantes e contou com a presen\u00e7a de expositores de 48 pa\u00edses, com destaque para a It\u00e1lia. Tivemos de m\u00e1quinas e equipamentos t\u00eaxteis at\u00e9 tecidos e fios inovadores, insumos qu\u00edmicos, solu\u00e7\u00f5es tecnol\u00f3gicas avan\u00e7adas, principalmente de automa\u00e7\u00e3o e digitaliza\u00e7\u00e3o que v\u00eam transformando a ind\u00fastria t\u00eaxtil\u201d, destacou.<\/p>\n\n\n\n<p>Mari\u00e2ngela Marcon, que tamb\u00e9m \u00e9 presidente da C\u00e2mara da Ind\u00fastria do Vestu\u00e1rio e Acess\u00f3rios da FIEMG, tamb\u00e9m falou sobre o trabalho de prospec\u00e7\u00e3o de novas marcas realizado pelo Sindivest JF-GV para o Sal\u00e3o de Neg\u00f3cios do Minas Trend, atraindo empresas de destaque. Tamb\u00e9m destacou a cria\u00e7\u00e3o do informativo Sindivestinforma, uma iniciativa para fortalecer a comunica\u00e7\u00e3o entre o sindicato e seus associados e atuar como uma ponte para o crescimento e a competitividade do setor do vestu\u00e1rio. Mari\u00e2ngela ressaltou ainda sua participa\u00e7\u00e3o no F\u00f3rum Econ\u00f4mico Empresarial Brasil-It\u00e1lia, que refor\u00e7ou as rela\u00e7\u00f5es comerciais entre os dois pa\u00edses, como foco em \u00e1reas energia renov\u00e1vel, infraestrutura e sustentabilidade.<\/p>\n\n\n\n<p>\u201cEste foi um ano de conquistas e participa\u00e7\u00f5es. Com iniciativas inovadoras e representa\u00e7\u00f5es estrat\u00e9gicas, seguimos conectando nossos associados \u00e0s tend\u00eancias globais e promovendo o desenvolvimento sustent\u00e1vel. Essas realiza\u00e7\u00f5es refletem o empenho coletivo e inspiram novos desafios para o pr\u00f3ximo ano, consolidando o Sindivest JF-GV como refer\u00eancia no setor. Continuarei trabalhando em prol de uma gest\u00e3o transformadora\u201d, disse Mari\u00e2ngela. A presidente do Sindivest-JF agradeceu a confian\u00e7a de seus associados e desejou a todos um feliz Natal e um 2025 ainda mais promissor e repleto de grandes conquistas. Logo ap\u00f3s a reuni\u00e3o, os empres\u00e1rios participaram de um jantar de confraterniza\u00e7\u00e3o.<\/p>\n\n\n\n<p>.<\/p>\n\n\n\n<p><em>Graciele Vianna<\/em><\/p>\n\n\n\n<p><strong>Imprensa FIEMG<\/strong><\/p>\n","protected":false},"featured_media":1418,"template":"","categories":[],"tags":[],"class_list":["post-3525","noticias","type-noticias","status-publish","has-post-thumbnail","hentry"],"acf":[],"yoast_head":"<!-- This site is optimized with the Yoast SEO plugin v26.2 - https:\/\/yoast.com\/wordpress\/plugins\/seo\/ -->\n<title>Sindivest-JF re\u00fane associados para reuni\u00e3o e encontro de confraterniza\u00e7\u00e3o - Associativismo<\/title>\n<meta name=\"robots\" content=\"index, follow, max-snippet:-1, max-image-preview:large, max-video-preview:-1\" \/>\n<link rel=\"canonical\" href=\"https:\/\/www.fiemg.com.br\/associativismo\/noticias\/sindivest-jf-reune-associados-para-reuniao-e-encontro-de-confraternizacao\/\" \/>\n<meta property=\"og:locale\" content=\"pt_BR\" \/>\n<meta property=\"og:type\" content=\"article\" \/>\n<meta property=\"og:title\" content=\"Sindivest-JF re\u00fane associados para reuni\u00e3o e encontro de confraterniza\u00e7\u00e3o - Associativismo\" \/>\n<meta property=\"og:description\" content=\"Foi numa atmosfera de celebra\u00e7\u00e3o e gratid\u00e3o que o Sindicato das Ind\u00fastrias do Vestu\u00e1rio de Juiz de Fora (Sindivest-JF) realizou seu Encontro de Confraterniza\u00e7\u00e3o de Final de Ano, voltado para os associados da entidade. O evento aconteceu no dia 16 de dezembro, na sede da FIEMG Regional Zona da Mata, onde tamb\u00e9m fica localizado o [&hellip;]\" \/>\n<meta property=\"og:url\" content=\"https:\/\/www.fiemg.com.br\/associativismo\/noticias\/sindivest-jf-reune-associados-para-reuniao-e-encontro-de-confraternizacao\/\" \/>\n<meta property=\"og:site_name\" content=\"Associativismo\" \/>\n<meta property=\"article:modified_time\" content=\"2024-12-20T19:21:23+00:00\" \/>\n<meta property=\"og:image\" content=\"https:\/\/www.fiemg.com.br\/associativismo\/wp-content\/uploads\/sites\/29\/2023\/08\/default.png\" \/>\n\t<meta property=\"og:image:width\" content=\"300\" \/>\n\t<meta property=\"og:image:height\" content=\"300\" \/>\n\t<meta property=\"og:image:type\" content=\"image\/png\" \/>\n<meta name=\"twitter:card\" content=\"summary_large_image\" \/>\n<meta name=\"twitter:label1\" content=\"Est. tempo de leitura\" \/>\n\t<meta name=\"twitter:data1\" content=\"3 minutos\" \/>\n<script type=\"application\/ld+json\" class=\"yoast-schema-graph\">{\"@context\":\"https:\/\/schema.org\",\"@graph\":[{\"@type\":\"WebPage\",\"@id\":\"https:\/\/www.fiemg.com.br\/associativismo\/noticias\/sindivest-jf-reune-associados-para-reuniao-e-encontro-de-confraternizacao\/\",\"url\":\"https:\/\/www.fiemg.com.br\/associativismo\/noticias\/sindivest-jf-reune-associados-para-reuniao-e-encontro-de-confraternizacao\/\",\"name\":\"Sindivest-JF re\u00fane associados para reuni\u00e3o e encontro de confraterniza\u00e7\u00e3o - Associativismo\",\"isPartOf\":{\"@id\":\"https:\/\/www.fiemg.com.br\/associativismo\/#website\"},\"primaryImageOfPage\":{\"@id\":\"https:\/\/www.fiemg.com.br\/associativismo\/noticias\/sindivest-jf-reune-associados-para-reuniao-e-encontro-de-confraternizacao\/#primaryimage\"},\"image\":{\"@id\":\"https:\/\/www.fiemg.com.br\/associativismo\/noticias\/sindivest-jf-reune-associados-para-reuniao-e-encontro-de-confraternizacao\/#primaryimage\"},\"thumbnailUrl\":\"https:\/\/www.fiemg.com.br\/associativismo\/wp-content\/uploads\/sites\/29\/2023\/08\/default.png\",\"datePublished\":\"2024-12-17T21:07:00+00:00\",\"dateModified\":\"2024-12-20T19:21:23+00:00\",\"breadcrumb\":{\"@id\":\"https:\/\/www.fiemg.com.br\/associativismo\/noticias\/sindivest-jf-reune-associados-para-reuniao-e-encontro-de-confraternizacao\/#breadcrumb\"},\"inLanguage\":\"pt-BR\",\"potentialAction\":[{\"@type\":\"ReadAction\",\"target\":[\"https:\/\/www.fiemg.com.br\/associativismo\/noticias\/sindivest-jf-reune-associados-para-reuniao-e-encontro-de-confraternizacao\/\"]}]},{\"@type\":\"ImageObject\",\"inLanguage\":\"pt-BR\",\"@id\":\"https:\/\/www.fiemg.com.br\/associativismo\/noticias\/sindivest-jf-reune-associados-para-reuniao-e-encontro-de-confraternizacao\/#primaryimage\",\"url\":\"https:\/\/www.fiemg.com.br\/associativismo\/wp-content\/uploads\/sites\/29\/2023\/08\/default.png\",\"contentUrl\":\"https:\/\/www.fiemg.com.br\/associativismo\/wp-content\/uploads\/sites\/29\/2023\/08\/default.png\",\"width\":300,\"height\":300},{\"@type\":\"BreadcrumbList\",\"@id\":\"https:\/\/www.fiemg.com.br\/associativismo\/noticias\/sindivest-jf-reune-associados-para-reuniao-e-encontro-de-confraternizacao\/#breadcrumb\",\"itemListElement\":[{\"@type\":\"ListItem\",\"position\":1,\"name\":\"In\u00edcio\",\"item\":\"https:\/\/www.fiemg.com.br\/associativismo\/\"},{\"@type\":\"ListItem\",\"position\":2,\"name\":\"Sindivest-JF re\u00fane associados para reuni\u00e3o e encontro de confraterniza\u00e7\u00e3o\"}]},{\"@type\":\"WebSite\",\"@id\":\"https:\/\/www.fiemg.com.br\/associativismo\/#website\",\"url\":\"https:\/\/www.fiemg.com.br\/associativismo\/\",\"name\":\"Associativismo\",\"description\":\"Federa\u00e7\u00e3o das Ind\u00fastrias do Estado de Minas Gerais\",\"publisher\":{\"@id\":\"https:\/\/www.fiemg.com.br\/associativismo\/#organization\"},\"potentialAction\":[{\"@type\":\"SearchAction\",\"target\":{\"@type\":\"EntryPoint\",\"urlTemplate\":\"https:\/\/www.fiemg.com.br\/associativismo\/?s={search_term_string}\"},\"query-input\":{\"@type\":\"PropertyValueSpecification\",\"valueRequired\":true,\"valueName\":\"search_term_string\"}}],\"inLanguage\":\"pt-BR\"},{\"@type\":\"Organization\",\"@id\":\"https:\/\/www.fiemg.com.br\/associativismo\/#organization\",\"name\":\"Associativismo\",\"url\":\"https:\/\/www.fiemg.com.br\/associativismo\/\",\"logo\":{\"@type\":\"ImageObject\",\"inLanguage\":\"pt-BR\",\"@id\":\"https:\/\/www.fiemg.com.br\/associativismo\/#\/schema\/logo\/image\/\",\"url\":\"https:\/\/www.fiemg.com.br\/associativismo\/wp-content\/uploads\/sites\/29\/2023\/02\/fiemg_branco.svg\",\"contentUrl\":\"https:\/\/www.fiemg.com.br\/associativismo\/wp-content\/uploads\/sites\/29\/2023\/02\/fiemg_branco.svg\",\"width\":561,\"height\":147,\"caption\":\"Associativismo\"},\"image\":{\"@id\":\"https:\/\/www.fiemg.com.br\/associativismo\/#\/schema\/logo\/image\/\"}}]}<\/script>\n<!-- \/ Yoast SEO plugin. -->","yoast_head_json":{"title":"Sindivest-JF re\u00fane associados para reuni\u00e3o e encontro de confraterniza\u00e7\u00e3o - Associativismo","robots":{"index":"index","follow":"follow","max-snippet":"max-snippet:-1","max-image-preview":"max-image-preview:large","max-video-preview":"max-video-preview:-1"},"canonical":"https:\/\/www.fiemg.com.br\/associativismo\/noticias\/sindivest-jf-reune-associados-para-reuniao-e-encontro-de-confraternizacao\/","og_locale":"pt_BR","og_type":"article","og_title":"Sindivest-JF re\u00fane associados para reuni\u00e3o e encontro de confraterniza\u00e7\u00e3o - Associativismo","og_description":"Foi numa atmosfera de celebra\u00e7\u00e3o e gratid\u00e3o que o Sindicato das Ind\u00fastrias do Vestu\u00e1rio de Juiz de Fora (Sindivest-JF) realizou seu Encontro de Confraterniza\u00e7\u00e3o de Final de Ano, voltado para os associados da entidade. O evento aconteceu no dia 16 de dezembro, na sede da FIEMG Regional Zona da Mata, onde tamb\u00e9m fica localizado o [&hellip;]","og_url":"https:\/\/www.fiemg.com.br\/associativismo\/noticias\/sindivest-jf-reune-associados-para-reuniao-e-encontro-de-confraternizacao\/","og_site_name":"Associativismo","article_modified_time":"2024-12-20T19:21:23+00:00","og_image":[{"width":300,"height":300,"url":"https:\/\/www.fiemg.com.br\/associativismo\/wp-content\/uploads\/sites\/29\/2023\/08\/default.png","type":"image\/png"}],"twitter_card":"summary_large_image","twitter_misc":{"Est. tempo de leitura":"3 minutos"},"schema":{"@context":"https:\/\/schema.org","@graph":[{"@type":"WebPage","@id":"https:\/\/www.fiemg.com.br\/associativismo\/noticias\/sindivest-jf-reune-associados-para-reuniao-e-encontro-de-confraternizacao\/","url":"https:\/\/www.fiemg.com.br\/associativismo\/noticias\/sindivest-jf-reune-associados-para-reuniao-e-encontro-de-confraternizacao\/","name":"Sindivest-JF re\u00fane associados para reuni\u00e3o e encontro de confraterniza\u00e7\u00e3o - Associativismo","isPartOf":{"@id":"https:\/\/www.fiemg.com.br\/associativismo\/#website"},"primaryImageOfPage":{"@id":"https:\/\/www.fiemg.com.br\/associativismo\/noticias\/sindivest-jf-reune-associados-para-reuniao-e-encontro-de-confraternizacao\/#primaryimage"},"image":{"@id":"https:\/\/www.fiemg.com.br\/associativismo\/noticias\/sindivest-jf-reune-associados-para-reuniao-e-encontro-de-confraternizacao\/#primaryimage"},"thumbnailUrl":"https:\/\/www.fiemg.com.br\/associativismo\/wp-content\/uploads\/sites\/29\/2023\/08\/default.png","datePublished":"2024-12-17T21:07:00+00:00","dateModified":"2024-12-20T19:21:23+00:00","breadcrumb":{"@id":"https:\/\/www.fiemg.com.br\/associativismo\/noticias\/sindivest-jf-reune-associados-para-reuniao-e-encontro-de-confraternizacao\/#breadcrumb"},"inLanguage":"pt-BR","potentialAction":[{"@type":"ReadAction","target":["https:\/\/www.fiemg.com.br\/associativismo\/noticias\/sindivest-jf-reune-associados-para-reuniao-e-encontro-de-confraternizacao\/"]}]},{"@type":"ImageObject","inLanguage":"pt-BR","@id":"https:\/\/www.fiemg.com.br\/associativismo\/noticias\/sindivest-jf-reune-associados-para-reuniao-e-encontro-de-confraternizacao\/#primaryimage","url":"https:\/\/www.fiemg.com.br\/associativismo\/wp-content\/uploads\/sites\/29\/2023\/08\/default.png","contentUrl":"https:\/\/www.fiemg.com.br\/associativismo\/wp-content\/uploads\/sites\/29\/2023\/08\/default.png","width":300,"height":300},{"@type":"BreadcrumbList","@id":"https:\/\/www.fiemg.com.br\/associativismo\/noticias\/sindivest-jf-reune-associados-para-reuniao-e-encontro-de-confraternizacao\/#breadcrumb","itemListElement":[{"@type":"ListItem","position":1,"name":"In\u00edcio","item":"https:\/\/www.fiemg.com.br\/associativismo\/"},{"@type":"ListItem","position":2,"name":"Sindivest-JF re\u00fane associados para reuni\u00e3o e encontro de confraterniza\u00e7\u00e3o"}]},{"@type":"WebSite","@id":"https:\/\/www.fiemg.com.br\/associativismo\/#website","url":"https:\/\/www.fiemg.com.br\/associativismo\/","name":"Associativismo","description":"Federa\u00e7\u00e3o das Ind\u00fastrias do Estado de Minas Gerais","publisher":{"@id":"https:\/\/www.fiemg.com.br\/associativismo\/#organization"},"potentialAction":[{"@type":"SearchAction","target":{"@type":"EntryPoint","urlTemplate":"https:\/\/www.fiemg.com.br\/associativismo\/?s={search_term_string}"},"query-input":{"@type":"PropertyValueSpecification","valueRequired":true,"valueName":"search_term_string"}}],"inLanguage":"pt-BR"},{"@type":"Organization","@id":"https:\/\/www.fiemg.com.br\/associativismo\/#organization","name":"Associativismo","url":"https:\/\/www.fiemg.com.br\/associativismo\/","logo":{"@type":"ImageObject","inLanguage":"pt-BR","@id":"https:\/\/www.fiemg.com.br\/associativismo\/#\/schema\/logo\/image\/","url":"https:\/\/www.fiemg.com.br\/associativismo\/wp-content\/uploads\/sites\/29\/2023\/02\/fiemg_branco.svg","contentUrl":"https:\/\/www.fiemg.com.br\/associativismo\/wp-content\/uploads\/sites\/29\/2023\/02\/fiemg_branco.svg","width":561,"height":147,"caption":"Associativismo"},"image":{"@id":"https:\/\/www.fiemg.com.br\/associativismo\/#\/schema\/logo\/image\/"}}]}},"_links":{"self":[{"href":"https:\/\/www.fiemg.com.br\/associativismo\/wp-json\/wp\/v2\/noticias\/3525","targetHints":{"allow":["GET"]}}],"collection":[{"href":"https:\/\/www.fiemg.com.br\/associativismo\/wp-json\/wp\/v2\/noticias"}],"about":[{"href":"https:\/\/www.fiemg.com.br\/associativismo\/wp-json\/wp\/v2\/types\/noticias"}],"wp:featuredmedia":[{"embeddable":true,"href":"https:\/\/www.fiemg.com.br\/associativismo\/wp-json\/wp\/v2\/media\/1418"}],"wp:attachment":[{"href":"https:\/\/www.fiemg.com.br\/associativismo\/wp-json\/wp\/v2\/media?parent=3525"}],"wp:term":[{"taxonomy":"category","embeddable":true,"href":"https:\/\/www.fiemg.com.br\/associativismo\/wp-json\/wp\/v2\/categories?post=3525"},{"taxonomy":"post_tag","embeddable":true,"href":"https:\/\/www.fiemg.com.br\/associativismo\/wp-json\/wp\/v2\/tags?post=3525"}],"curies":[{"name":"wp","href":"https:\/\/api.w.org\/{rel}","templated":true}]}}