{"id":3544,"date":"2024-12-27T16:18:46","date_gmt":"2024-12-27T19:18:46","guid":{"rendered":"https:\/\/www.fiemg.com.br\/associativismo\/noticias\/criacao-de-empregos-formais-no-brasil-fica-abaixo-do-esperado-em-novembro\/"},"modified":"2024-12-27T16:18:56","modified_gmt":"2024-12-27T19:18:56","slug":"criacao-de-empregos-formais-no-brasil-fica-abaixo-do-esperado-em-novembro","status":"publish","type":"noticias","link":"https:\/\/www.fiemg.com.br\/associativismo\/noticias\/criacao-de-empregos-formais-no-brasil-fica-abaixo-do-esperado-em-novembro\/","title":{"rendered":"Cria\u00e7\u00e3o de empregos formais no Brasil fica abaixo do esperado em novembro"},"content":{"rendered":"\n<p><\/p>\n\n\n\n<p>Em novembro, o Brasil registrou a abertura l\u00edquida (admiss\u00f5es menos demiss\u00f5es) de 106,6 mil postos formais de trabalho. O resultado ficou abaixo das expectativas de mercado (129,5 mil vagas). Apesar da desacelera\u00e7\u00e3o nos \u00faltimos meses, no acumulado de janeiro a novembro de 2024, o pa\u00eds registrou a cria\u00e7\u00e3o de 2,22 milh\u00f5es de empregos formais, valor 52,9% superior ao resultado de todo o ano de 2023 (1,46 milh\u00e3o). A an\u00e1lise \u00e9 da Federa\u00e7\u00e3o das Ind\u00fastrias do Estado de Minas Gerais (FIEMG) a partir dos dados do Cadastro Geral de Empregados e Desempregados (Caged), divulgados nesta sexta-feira (27\/12).&nbsp;<\/p>\n\n\n\n<p>Dois dos quatro grandes setores da economia mostraram cria\u00e7\u00e3o l\u00edquida de postos formais de trabalho em novembro, destacando-se com\u00e9rcio (94,6 mil vagas) e servi\u00e7os (71,2 mil vagas), estes impulsionados por servi\u00e7os de informa\u00e7\u00e3o, comunica\u00e7\u00e3o e finan\u00e7as, al\u00e9m de alojamento e alimenta\u00e7\u00e3o.<\/p>\n\n\n\n<p>A ind\u00fastria total registrou redu\u00e7\u00e3o de 36,8 mil postos de trabalho. O resultado foi influenciado, sobretudo, pelo segmento de constru\u00e7\u00e3o (-30 mil vagas). No segmento de transforma\u00e7\u00e3o, 10 das 24 atividades apresentaram retra\u00e7\u00e3o no emprego formal. A atividade de fabrica\u00e7\u00e3o de petr\u00f3leo e biocombust\u00edveis (-4,8 mil vagas) registrou o maior recuo no m\u00eas. Por sua vez, a atividade de fabrica\u00e7\u00e3o de ve\u00edculos automotores (2,2 mil vagas) registrou o maior avan\u00e7o no per\u00edodo.<\/p>\n\n\n\n<p>Em outubro, Minas Gerais registrou a gera\u00e7\u00e3o de 1,1 mil vagas de emprego formal. No acumulado de janeiro a novembro de 2024, o estado registrou a cria\u00e7\u00e3o de 207,5 mil vagas, resultado 50,2% superior a todo o ano de 2023 (138,1 mil). Dois dos quatro grandes setores mostraram cria\u00e7\u00e3o l\u00edquida de postos de trabalho em outubro: com\u00e9rcio (7,7 mil vagas) e servi\u00e7os (6,2 mil vagas). Em contrapartida, a agropecu\u00e1ria registrou o recuo de 5,7 mil vagas, e a ind\u00fastria total 7,1 mil vagas.<\/p>\n\n\n\n<p>O resultado da ind\u00fastria total foi impulsionado, principalmente, pelo desempenho negativo do segmento de constru\u00e7\u00e3o (-7,1 mil vagas).&nbsp;<\/p>\n\n\n\n<p>No segmento de transforma\u00e7\u00e3o, 12 das 24 atividades apresentaram resultados positivos, com destaque para a fabrica\u00e7\u00e3o de ve\u00edculos automotores (926 vagas) e produtos aliment\u00edcios (299 vagas). Por sua vez, a fabrica\u00e7\u00e3o de derivados de petr\u00f3leo (-586 vagas) registrou o pior desempenho no m\u00eas.<\/p>\n\n\n\n<p>No segmento de constru\u00e7\u00e3o, as tr\u00eas atividades apresentaram resultado negativo: obras de infraestrutura (-3,6 mil vagas), constru\u00e7\u00e3o de edif\u00edcios (-1,8 mil vagas) e servi\u00e7os especializados para constru\u00e7\u00e3o (-1,6 mil vagas).&nbsp;<\/p>\n\n\n\n<p><strong>Perspectivas&nbsp;<\/strong><\/p>\n\n\n\n<p>As perspectivas para o final de 2024 s\u00e3o d eque o mercado de trabalho ser\u00e1 impulsionado pela sazonalidade t\u00edpica do per\u00edodo, especialmente no setor de com\u00e9rcio, em raz\u00e3o do aumento expressivo na demanda gerado pelas festividades de fim de ano. Esse movimento sazonal dever\u00e1 resultar em uma amplia\u00e7\u00e3o de contrata\u00e7\u00f5es, caracterizando uma expans\u00e3o pontual na gera\u00e7\u00e3o de empregos no curto prazo.&nbsp;<\/p>\n\n\n\n<p>Para o pr\u00f3ximo ano,no entanto, projeta-se um mercado de trabalho ainda aquecido, mas com um ritmo mais moderado, em conson\u00e2ncia com as expectativas de desacelera\u00e7\u00e3o da atividade econ\u00f4mica. Esse cen\u00e1rio reflete os efeitos persistentes de uma pol\u00edtica monet\u00e1ria contracionista \u2013 com taxas de juros em patamares elevados \u2013 e a redu\u00e7\u00e3o dos est\u00edmulos fiscais.<\/p>\n\n\n\n<p>Confira a \u00edntegra da an\u00e1lise da FIEMG sobre os dados do CAGED, <a href=\"https:\/\/www.fiemg.com.br\/wp-content\/uploads\/2024\/12\/CAGED_nov_2024-1.pdf\" target=\"_blank\" rel=\"noreferrer noopener\">clicando aqui<\/a><\/p>\n\n\n\n<p><strong>Imprensa FIEMG<\/strong><\/p>\n\n\n\n<p><\/p>\n","protected":false},"featured_media":1418,"template":"","categories":[15],"tags":[994,995,46,996,997],"class_list":["post-3544","noticias","type-noticias","status-publish","has-post-thumbnail","hentry","category-desenvolvimento-industrial","tag-caged","tag-criacao-de-empregos","tag-fiemg","tag-novembro","tag-saldo"],"acf":[],"yoast_head":"<!-- This site is optimized with the Yoast SEO plugin v26.2 - https:\/\/yoast.com\/wordpress\/plugins\/seo\/ -->\n<title>Cria\u00e7\u00e3o de empregos formais no Brasil fica abaixo do esperado em novembro - Associativismo<\/title>\n<meta name=\"description\" content=\"Apesar da desacelera\u00e7\u00e3o nos \u00faltimos meses, no acumulado de janeiro a novembro de 2024, o pa\u00eds criou 52,9% mais empregos formais do que o registrado em 2023\" \/>\n<meta name=\"robots\" content=\"index, follow, max-snippet:-1, max-image-preview:large, max-video-preview:-1\" \/>\n<link rel=\"canonical\" href=\"https:\/\/www.fiemg.com.br\/associativismo\/noticias\/criacao-de-empregos-formais-no-brasil-fica-abaixo-do-esperado-em-novembro\/\" \/>\n<meta property=\"og:locale\" content=\"pt_BR\" \/>\n<meta property=\"og:type\" content=\"article\" \/>\n<meta property=\"og:title\" content=\"Cria\u00e7\u00e3o de empregos formais no Brasil fica abaixo do esperado em novembro - Associativismo\" \/>\n<meta property=\"og:description\" content=\"Apesar da desacelera\u00e7\u00e3o nos \u00faltimos meses, no acumulado de janeiro a novembro de 2024, o pa\u00eds criou 52,9% mais empregos formais do que o registrado em 2023\" \/>\n<meta property=\"og:url\" content=\"https:\/\/www.fiemg.com.br\/associativismo\/noticias\/criacao-de-empregos-formais-no-brasil-fica-abaixo-do-esperado-em-novembro\/\" \/>\n<meta property=\"og:site_name\" content=\"Associativismo\" \/>\n<meta property=\"article:modified_time\" content=\"2024-12-27T19:18:56+00:00\" \/>\n<meta property=\"og:image\" content=\"https:\/\/www.fiemg.com.br\/associativismo\/wp-content\/uploads\/sites\/29\/2023\/08\/default.png\" \/>\n\t<meta property=\"og:image:width\" content=\"300\" \/>\n\t<meta property=\"og:image:height\" content=\"300\" \/>\n\t<meta property=\"og:image:type\" content=\"image\/png\" \/>\n<meta name=\"twitter:card\" content=\"summary_large_image\" \/>\n<meta name=\"twitter:label1\" content=\"Est. tempo de leitura\" \/>\n\t<meta name=\"twitter:data1\" content=\"3 minutos\" \/>\n<script type=\"application\/ld+json\" class=\"yoast-schema-graph\">{\"@context\":\"https:\/\/schema.org\",\"@graph\":[{\"@type\":\"WebPage\",\"@id\":\"https:\/\/www.fiemg.com.br\/associativismo\/noticias\/criacao-de-empregos-formais-no-brasil-fica-abaixo-do-esperado-em-novembro\/\",\"url\":\"https:\/\/www.fiemg.com.br\/associativismo\/noticias\/criacao-de-empregos-formais-no-brasil-fica-abaixo-do-esperado-em-novembro\/\",\"name\":\"Cria\u00e7\u00e3o de empregos formais no Brasil fica abaixo do esperado em novembro - Associativismo\",\"isPartOf\":{\"@id\":\"https:\/\/www.fiemg.com.br\/associativismo\/#website\"},\"primaryImageOfPage\":{\"@id\":\"https:\/\/www.fiemg.com.br\/associativismo\/noticias\/criacao-de-empregos-formais-no-brasil-fica-abaixo-do-esperado-em-novembro\/#primaryimage\"},\"image\":{\"@id\":\"https:\/\/www.fiemg.com.br\/associativismo\/noticias\/criacao-de-empregos-formais-no-brasil-fica-abaixo-do-esperado-em-novembro\/#primaryimage\"},\"thumbnailUrl\":\"https:\/\/www.fiemg.com.br\/associativismo\/wp-content\/uploads\/sites\/29\/2023\/08\/default.png\",\"datePublished\":\"2024-12-27T19:18:46+00:00\",\"dateModified\":\"2024-12-27T19:18:56+00:00\",\"description\":\"Apesar da desacelera\u00e7\u00e3o nos \u00faltimos meses, no acumulado de janeiro a novembro de 2024, o pa\u00eds criou 52,9% mais empregos formais do que o registrado em 2023\",\"breadcrumb\":{\"@id\":\"https:\/\/www.fiemg.com.br\/associativismo\/noticias\/criacao-de-empregos-formais-no-brasil-fica-abaixo-do-esperado-em-novembro\/#breadcrumb\"},\"inLanguage\":\"pt-BR\",\"potentialAction\":[{\"@type\":\"ReadAction\",\"target\":[\"https:\/\/www.fiemg.com.br\/associativismo\/noticias\/criacao-de-empregos-formais-no-brasil-fica-abaixo-do-esperado-em-novembro\/\"]}]},{\"@type\":\"ImageObject\",\"inLanguage\":\"pt-BR\",\"@id\":\"https:\/\/www.fiemg.com.br\/associativismo\/noticias\/criacao-de-empregos-formais-no-brasil-fica-abaixo-do-esperado-em-novembro\/#primaryimage\",\"url\":\"https:\/\/www.fiemg.com.br\/associativismo\/wp-content\/uploads\/sites\/29\/2023\/08\/default.png\",\"contentUrl\":\"https:\/\/www.fiemg.com.br\/associativismo\/wp-content\/uploads\/sites\/29\/2023\/08\/default.png\",\"width\":300,\"height\":300},{\"@type\":\"BreadcrumbList\",\"@id\":\"https:\/\/www.fiemg.com.br\/associativismo\/noticias\/criacao-de-empregos-formais-no-brasil-fica-abaixo-do-esperado-em-novembro\/#breadcrumb\",\"itemListElement\":[{\"@type\":\"ListItem\",\"position\":1,\"name\":\"In\u00edcio\",\"item\":\"https:\/\/www.fiemg.com.br\/associativismo\/\"},{\"@type\":\"ListItem\",\"position\":2,\"name\":\"Cria\u00e7\u00e3o de empregos formais no Brasil fica abaixo do esperado em novembro\"}]},{\"@type\":\"WebSite\",\"@id\":\"https:\/\/www.fiemg.com.br\/associativismo\/#website\",\"url\":\"https:\/\/www.fiemg.com.br\/associativismo\/\",\"name\":\"Associativismo\",\"description\":\"Federa\u00e7\u00e3o das Ind\u00fastrias do Estado de Minas Gerais\",\"publisher\":{\"@id\":\"https:\/\/www.fiemg.com.br\/associativismo\/#organization\"},\"potentialAction\":[{\"@type\":\"SearchAction\",\"target\":{\"@type\":\"EntryPoint\",\"urlTemplate\":\"https:\/\/www.fiemg.com.br\/associativismo\/?s={search_term_string}\"},\"query-input\":{\"@type\":\"PropertyValueSpecification\",\"valueRequired\":true,\"valueName\":\"search_term_string\"}}],\"inLanguage\":\"pt-BR\"},{\"@type\":\"Organization\",\"@id\":\"https:\/\/www.fiemg.com.br\/associativismo\/#organization\",\"name\":\"Associativismo\",\"url\":\"https:\/\/www.fiemg.com.br\/associativismo\/\",\"logo\":{\"@type\":\"ImageObject\",\"inLanguage\":\"pt-BR\",\"@id\":\"https:\/\/www.fiemg.com.br\/associativismo\/#\/schema\/logo\/image\/\",\"url\":\"https:\/\/www.fiemg.com.br\/associativismo\/wp-content\/uploads\/sites\/29\/2023\/02\/fiemg_branco.svg\",\"contentUrl\":\"https:\/\/www.fiemg.com.br\/associativismo\/wp-content\/uploads\/sites\/29\/2023\/02\/fiemg_branco.svg\",\"width\":561,\"height\":147,\"caption\":\"Associativismo\"},\"image\":{\"@id\":\"https:\/\/www.fiemg.com.br\/associativismo\/#\/schema\/logo\/image\/\"}}]}<\/script>\n<!-- \/ Yoast SEO plugin. -->","yoast_head_json":{"title":"Cria\u00e7\u00e3o de empregos formais no Brasil fica abaixo do esperado em novembro - Associativismo","description":"Apesar da desacelera\u00e7\u00e3o nos \u00faltimos meses, no acumulado de janeiro a novembro de 2024, o pa\u00eds criou 52,9% mais empregos formais do que o registrado em 2023","robots":{"index":"index","follow":"follow","max-snippet":"max-snippet:-1","max-image-preview":"max-image-preview:large","max-video-preview":"max-video-preview:-1"},"canonical":"https:\/\/www.fiemg.com.br\/associativismo\/noticias\/criacao-de-empregos-formais-no-brasil-fica-abaixo-do-esperado-em-novembro\/","og_locale":"pt_BR","og_type":"article","og_title":"Cria\u00e7\u00e3o de empregos formais no Brasil fica abaixo do esperado em novembro - Associativismo","og_description":"Apesar da desacelera\u00e7\u00e3o nos \u00faltimos meses, no acumulado de janeiro a novembro de 2024, o pa\u00eds criou 52,9% mais empregos formais do que o registrado em 2023","og_url":"https:\/\/www.fiemg.com.br\/associativismo\/noticias\/criacao-de-empregos-formais-no-brasil-fica-abaixo-do-esperado-em-novembro\/","og_site_name":"Associativismo","article_modified_time":"2024-12-27T19:18:56+00:00","og_image":[{"width":300,"height":300,"url":"https:\/\/www.fiemg.com.br\/associativismo\/wp-content\/uploads\/sites\/29\/2023\/08\/default.png","type":"image\/png"}],"twitter_card":"summary_large_image","twitter_misc":{"Est. tempo de leitura":"3 minutos"},"schema":{"@context":"https:\/\/schema.org","@graph":[{"@type":"WebPage","@id":"https:\/\/www.fiemg.com.br\/associativismo\/noticias\/criacao-de-empregos-formais-no-brasil-fica-abaixo-do-esperado-em-novembro\/","url":"https:\/\/www.fiemg.com.br\/associativismo\/noticias\/criacao-de-empregos-formais-no-brasil-fica-abaixo-do-esperado-em-novembro\/","name":"Cria\u00e7\u00e3o de empregos formais no Brasil fica abaixo do esperado em novembro - Associativismo","isPartOf":{"@id":"https:\/\/www.fiemg.com.br\/associativismo\/#website"},"primaryImageOfPage":{"@id":"https:\/\/www.fiemg.com.br\/associativismo\/noticias\/criacao-de-empregos-formais-no-brasil-fica-abaixo-do-esperado-em-novembro\/#primaryimage"},"image":{"@id":"https:\/\/www.fiemg.com.br\/associativismo\/noticias\/criacao-de-empregos-formais-no-brasil-fica-abaixo-do-esperado-em-novembro\/#primaryimage"},"thumbnailUrl":"https:\/\/www.fiemg.com.br\/associativismo\/wp-content\/uploads\/sites\/29\/2023\/08\/default.png","datePublished":"2024-12-27T19:18:46+00:00","dateModified":"2024-12-27T19:18:56+00:00","description":"Apesar da desacelera\u00e7\u00e3o nos \u00faltimos meses, no acumulado de janeiro a novembro de 2024, o pa\u00eds criou 52,9% mais empregos formais do que o registrado em 2023","breadcrumb":{"@id":"https:\/\/www.fiemg.com.br\/associativismo\/noticias\/criacao-de-empregos-formais-no-brasil-fica-abaixo-do-esperado-em-novembro\/#breadcrumb"},"inLanguage":"pt-BR","potentialAction":[{"@type":"ReadAction","target":["https:\/\/www.fiemg.com.br\/associativismo\/noticias\/criacao-de-empregos-formais-no-brasil-fica-abaixo-do-esperado-em-novembro\/"]}]},{"@type":"ImageObject","inLanguage":"pt-BR","@id":"https:\/\/www.fiemg.com.br\/associativismo\/noticias\/criacao-de-empregos-formais-no-brasil-fica-abaixo-do-esperado-em-novembro\/#primaryimage","url":"https:\/\/www.fiemg.com.br\/associativismo\/wp-content\/uploads\/sites\/29\/2023\/08\/default.png","contentUrl":"https:\/\/www.fiemg.com.br\/associativismo\/wp-content\/uploads\/sites\/29\/2023\/08\/default.png","width":300,"height":300},{"@type":"BreadcrumbList","@id":"https:\/\/www.fiemg.com.br\/associativismo\/noticias\/criacao-de-empregos-formais-no-brasil-fica-abaixo-do-esperado-em-novembro\/#breadcrumb","itemListElement":[{"@type":"ListItem","position":1,"name":"In\u00edcio","item":"https:\/\/www.fiemg.com.br\/associativismo\/"},{"@type":"ListItem","position":2,"name":"Cria\u00e7\u00e3o de empregos formais no Brasil fica abaixo do esperado em novembro"}]},{"@type":"WebSite","@id":"https:\/\/www.fiemg.com.br\/associativismo\/#website","url":"https:\/\/www.fiemg.com.br\/associativismo\/","name":"Associativismo","description":"Federa\u00e7\u00e3o das Ind\u00fastrias do Estado de Minas Gerais","publisher":{"@id":"https:\/\/www.fiemg.com.br\/associativismo\/#organization"},"potentialAction":[{"@type":"SearchAction","target":{"@type":"EntryPoint","urlTemplate":"https:\/\/www.fiemg.com.br\/associativismo\/?s={search_term_string}"},"query-input":{"@type":"PropertyValueSpecification","valueRequired":true,"valueName":"search_term_string"}}],"inLanguage":"pt-BR"},{"@type":"Organization","@id":"https:\/\/www.fiemg.com.br\/associativismo\/#organization","name":"Associativismo","url":"https:\/\/www.fiemg.com.br\/associativismo\/","logo":{"@type":"ImageObject","inLanguage":"pt-BR","@id":"https:\/\/www.fiemg.com.br\/associativismo\/#\/schema\/logo\/image\/","url":"https:\/\/www.fiemg.com.br\/associativismo\/wp-content\/uploads\/sites\/29\/2023\/02\/fiemg_branco.svg","contentUrl":"https:\/\/www.fiemg.com.br\/associativismo\/wp-content\/uploads\/sites\/29\/2023\/02\/fiemg_branco.svg","width":561,"height":147,"caption":"Associativismo"},"image":{"@id":"https:\/\/www.fiemg.com.br\/associativismo\/#\/schema\/logo\/image\/"}}]}},"_links":{"self":[{"href":"https:\/\/www.fiemg.com.br\/associativismo\/wp-json\/wp\/v2\/noticias\/3544","targetHints":{"allow":["GET"]}}],"collection":[{"href":"https:\/\/www.fiemg.com.br\/associativismo\/wp-json\/wp\/v2\/noticias"}],"about":[{"href":"https:\/\/www.fiemg.com.br\/associativismo\/wp-json\/wp\/v2\/types\/noticias"}],"wp:featuredmedia":[{"embeddable":true,"href":"https:\/\/www.fiemg.com.br\/associativismo\/wp-json\/wp\/v2\/media\/1418"}],"wp:attachment":[{"href":"https:\/\/www.fiemg.com.br\/associativismo\/wp-json\/wp\/v2\/media?parent=3544"}],"wp:term":[{"taxonomy":"category","embeddable":true,"href":"https:\/\/www.fiemg.com.br\/associativismo\/wp-json\/wp\/v2\/categories?post=3544"},{"taxonomy":"post_tag","embeddable":true,"href":"https:\/\/www.fiemg.com.br\/associativismo\/wp-json\/wp\/v2\/tags?post=3544"}],"curies":[{"name":"wp","href":"https:\/\/api.w.org\/{rel}","templated":true}]}}