{"id":3553,"date":"2025-01-09T14:45:26","date_gmt":"2025-01-09T17:45:26","guid":{"rendered":"https:\/\/www.fiemg.com.br\/associativismo\/noticias\/regional-norte-recebeu-visita-do-novo-secretario-de-aceleracao-economica-de-montes-claros\/"},"modified":"2025-01-09T15:49:30","modified_gmt":"2025-01-09T18:49:30","slug":"regional-norte-recebeu-visita-do-novo-secretario-de-aceleracao-economica-de-montes-claros","status":"publish","type":"noticias","link":"https:\/\/www.fiemg.com.br\/associativismo\/noticias\/regional-norte-recebeu-visita-do-novo-secretario-de-aceleracao-economica-de-montes-claros\/","title":{"rendered":"Regional Norte recebeu visita do novo Secret\u00e1rio de Acelera\u00e7\u00e3o Econ\u00f4mica de Montes Claros"},"content":{"rendered":"\n<p>Em busca de uma maior aproxima\u00e7\u00e3o com a <strong>FIEMG<\/strong>, o novo <strong>Secret\u00e1rio de Acelera\u00e7\u00e3o Econ\u00f4mica de Montes Claros, Glen Andrade,<\/strong> esteve nessa quinta-feira, 08 de janeiro de 2025, em reuni\u00e3o com o presidente da <strong>Regional Norte da FIEMG, Adauto Marques<\/strong>.<\/p>\n\n\n\n<p>Andrade, que assumiu no in\u00edcio de janeiro a secretaria nessa nova administra\u00e7\u00e3o municipal, veio \u201cestreitar os la\u00e7os\u201d com a FIEMG para unir for\u00e7as visando buscar atrair novos investimentos para a cidade, especificamente no setor industrial.<\/p>\n\n\n\n<p>\u201cPrecisamos ampliar o parque industrial de Montes Claros e isso somente ser\u00e1 poss\u00edvel trabalhando em conjunto com a FIEMG\u201d, disse o secret\u00e1rio. \u00a0Ele ainda destacou o trabalho que vem sendo feito pelo presidente da Regional, Adauto Marques, que tem resultado na vinda de grandes laborat\u00f3rios farmac\u00eauticos, o que, segundo Andrade, \u201ctransforma no <strong>Polo Farmac\u00eautico<\/strong> local em uma dos maiores do Pa\u00eds\u201d.<\/p>\n\n\n\n<p>O presidente da Regional Norte considerou muito importante esse contato com Glen Andrade, agora como secret\u00e1rio municipal. Ele j\u00e1 \u00e9 parceiro da FIEMG, pois \u00e9 presidente do <strong>Sindicato do Com\u00e9rcio de Montes Claros<\/strong> (SindCom\u00e9rcio) e integra a Uni\u00e3o das Entidades de Classe de Montes Claros, criada pela Regional. \u201cO primeiro contato de uma empresa que est\u00e1 interessada em vir para Montes Claros \u00e9 com o munic\u00edpio, e por isso estreitar os la\u00e7os entre prefeitura e FIEMG \u00e9 fundamental para a concretiza\u00e7\u00e3o da sua vinda. \u00c9 importante tamb\u00e9m parabenizar o prefeito <strong>Guilherme Guimar\u00e3es <\/strong>pela acertada escolha do nome de Glen Andrade para uma secretaria de tamanha import\u00e2ncia para atra\u00e7\u00e3o de investimentos para o munic\u00edpio. Ser\u00e1 muito bom trabalhar em conjunto pela ind\u00fastria\u201d, destacou Marques.<\/p>\n\n\n\n<p>Quem tamb\u00e9m participou do encontro foi o advogado <strong>Artur Cordeiro<\/strong>.<\/p>\n\n\n\n<p>Rosangela Silveira<\/p>\n\n\n\n<p><strong>Imprensa FIEMG Regional Norte<\/strong><\/p>\n\n\n\n<p><\/p>\n","protected":false},"featured_media":3555,"template":"","categories":[14],"tags":[],"class_list":["post-3553","noticias","type-noticias","status-publish","has-post-thumbnail","hentry","category-noticias"],"acf":[],"yoast_head":"<!-- This site is optimized with the Yoast SEO plugin v26.2 - https:\/\/yoast.com\/wordpress\/plugins\/seo\/ -->\n<title>Regional Norte recebeu visita do novo Secret\u00e1rio de Acelera\u00e7\u00e3o Econ\u00f4mica de Montes Claros - Associativismo<\/title>\n<meta name=\"robots\" content=\"index, follow, max-snippet:-1, max-image-preview:large, max-video-preview:-1\" \/>\n<link rel=\"canonical\" href=\"https:\/\/www.fiemg.com.br\/associativismo\/noticias\/regional-norte-recebeu-visita-do-novo-secretario-de-aceleracao-economica-de-montes-claros\/\" \/>\n<meta property=\"og:locale\" content=\"pt_BR\" \/>\n<meta property=\"og:type\" content=\"article\" \/>\n<meta property=\"og:title\" content=\"Regional Norte recebeu visita do novo Secret\u00e1rio de Acelera\u00e7\u00e3o Econ\u00f4mica de Montes Claros - Associativismo\" \/>\n<meta property=\"og:description\" content=\"Em busca de uma maior aproxima\u00e7\u00e3o com a FIEMG, o novo Secret\u00e1rio de Acelera\u00e7\u00e3o Econ\u00f4mica de Montes Claros, Glen Andrade, esteve nessa quinta-feira, 08 de janeiro de 2025, em reuni\u00e3o com o presidente da Regional Norte da FIEMG, Adauto Marques. Andrade, que assumiu no in\u00edcio de janeiro a secretaria nessa nova administra\u00e7\u00e3o municipal, veio \u201cestreitar [&hellip;]\" \/>\n<meta property=\"og:url\" content=\"https:\/\/www.fiemg.com.br\/associativismo\/noticias\/regional-norte-recebeu-visita-do-novo-secretario-de-aceleracao-economica-de-montes-claros\/\" \/>\n<meta property=\"og:site_name\" content=\"Associativismo\" \/>\n<meta property=\"article:modified_time\" content=\"2025-01-09T18:49:30+00:00\" \/>\n<meta property=\"og:image\" content=\"https:\/\/www.fiemg.com.br\/associativismo\/wp-content\/uploads\/sites\/29\/2025\/01\/Adauto-Secretario-Glen-Andrade-Fiemg.jpg\" \/>\n\t<meta property=\"og:image:width\" content=\"267\" \/>\n\t<meta property=\"og:image:height\" content=\"200\" \/>\n\t<meta property=\"og:image:type\" content=\"image\/jpeg\" \/>\n<meta name=\"twitter:card\" content=\"summary_large_image\" \/>\n<meta name=\"twitter:label1\" content=\"Est. tempo de leitura\" \/>\n\t<meta name=\"twitter:data1\" content=\"2 minutos\" \/>\n<script type=\"application\/ld+json\" class=\"yoast-schema-graph\">{\"@context\":\"https:\/\/schema.org\",\"@graph\":[{\"@type\":\"WebPage\",\"@id\":\"https:\/\/www.fiemg.com.br\/associativismo\/noticias\/regional-norte-recebeu-visita-do-novo-secretario-de-aceleracao-economica-de-montes-claros\/\",\"url\":\"https:\/\/www.fiemg.com.br\/associativismo\/noticias\/regional-norte-recebeu-visita-do-novo-secretario-de-aceleracao-economica-de-montes-claros\/\",\"name\":\"Regional Norte recebeu visita do novo Secret\u00e1rio de Acelera\u00e7\u00e3o Econ\u00f4mica de Montes Claros - Associativismo\",\"isPartOf\":{\"@id\":\"https:\/\/www.fiemg.com.br\/associativismo\/#website\"},\"primaryImageOfPage\":{\"@id\":\"https:\/\/www.fiemg.com.br\/associativismo\/noticias\/regional-norte-recebeu-visita-do-novo-secretario-de-aceleracao-economica-de-montes-claros\/#primaryimage\"},\"image\":{\"@id\":\"https:\/\/www.fiemg.com.br\/associativismo\/noticias\/regional-norte-recebeu-visita-do-novo-secretario-de-aceleracao-economica-de-montes-claros\/#primaryimage\"},\"thumbnailUrl\":\"https:\/\/www.fiemg.com.br\/associativismo\/wp-content\/uploads\/sites\/29\/2025\/01\/Adauto-Secretario-Glen-Andrade-Fiemg.jpg\",\"datePublished\":\"2025-01-09T17:45:26+00:00\",\"dateModified\":\"2025-01-09T18:49:30+00:00\",\"breadcrumb\":{\"@id\":\"https:\/\/www.fiemg.com.br\/associativismo\/noticias\/regional-norte-recebeu-visita-do-novo-secretario-de-aceleracao-economica-de-montes-claros\/#breadcrumb\"},\"inLanguage\":\"pt-BR\",\"potentialAction\":[{\"@type\":\"ReadAction\",\"target\":[\"https:\/\/www.fiemg.com.br\/associativismo\/noticias\/regional-norte-recebeu-visita-do-novo-secretario-de-aceleracao-economica-de-montes-claros\/\"]}]},{\"@type\":\"ImageObject\",\"inLanguage\":\"pt-BR\",\"@id\":\"https:\/\/www.fiemg.com.br\/associativismo\/noticias\/regional-norte-recebeu-visita-do-novo-secretario-de-aceleracao-economica-de-montes-claros\/#primaryimage\",\"url\":\"https:\/\/www.fiemg.com.br\/associativismo\/wp-content\/uploads\/sites\/29\/2025\/01\/Adauto-Secretario-Glen-Andrade-Fiemg.jpg\",\"contentUrl\":\"https:\/\/www.fiemg.com.br\/associativismo\/wp-content\/uploads\/sites\/29\/2025\/01\/Adauto-Secretario-Glen-Andrade-Fiemg.jpg\",\"width\":267,\"height\":200},{\"@type\":\"BreadcrumbList\",\"@id\":\"https:\/\/www.fiemg.com.br\/associativismo\/noticias\/regional-norte-recebeu-visita-do-novo-secretario-de-aceleracao-economica-de-montes-claros\/#breadcrumb\",\"itemListElement\":[{\"@type\":\"ListItem\",\"position\":1,\"name\":\"In\u00edcio\",\"item\":\"https:\/\/www.fiemg.com.br\/associativismo\/\"},{\"@type\":\"ListItem\",\"position\":2,\"name\":\"Regional Norte recebeu visita do novo Secret\u00e1rio de Acelera\u00e7\u00e3o Econ\u00f4mica de Montes Claros\"}]},{\"@type\":\"WebSite\",\"@id\":\"https:\/\/www.fiemg.com.br\/associativismo\/#website\",\"url\":\"https:\/\/www.fiemg.com.br\/associativismo\/\",\"name\":\"Associativismo\",\"description\":\"Federa\u00e7\u00e3o das Ind\u00fastrias do Estado de Minas Gerais\",\"publisher\":{\"@id\":\"https:\/\/www.fiemg.com.br\/associativismo\/#organization\"},\"potentialAction\":[{\"@type\":\"SearchAction\",\"target\":{\"@type\":\"EntryPoint\",\"urlTemplate\":\"https:\/\/www.fiemg.com.br\/associativismo\/?s={search_term_string}\"},\"query-input\":{\"@type\":\"PropertyValueSpecification\",\"valueRequired\":true,\"valueName\":\"search_term_string\"}}],\"inLanguage\":\"pt-BR\"},{\"@type\":\"Organization\",\"@id\":\"https:\/\/www.fiemg.com.br\/associativismo\/#organization\",\"name\":\"Associativismo\",\"url\":\"https:\/\/www.fiemg.com.br\/associativismo\/\",\"logo\":{\"@type\":\"ImageObject\",\"inLanguage\":\"pt-BR\",\"@id\":\"https:\/\/www.fiemg.com.br\/associativismo\/#\/schema\/logo\/image\/\",\"url\":\"https:\/\/www.fiemg.com.br\/associativismo\/wp-content\/uploads\/sites\/29\/2023\/02\/fiemg_branco.svg\",\"contentUrl\":\"https:\/\/www.fiemg.com.br\/associativismo\/wp-content\/uploads\/sites\/29\/2023\/02\/fiemg_branco.svg\",\"width\":561,\"height\":147,\"caption\":\"Associativismo\"},\"image\":{\"@id\":\"https:\/\/www.fiemg.com.br\/associativismo\/#\/schema\/logo\/image\/\"}}]}<\/script>\n<!-- \/ Yoast SEO plugin. -->","yoast_head_json":{"title":"Regional Norte recebeu visita do novo Secret\u00e1rio de Acelera\u00e7\u00e3o Econ\u00f4mica de Montes Claros - Associativismo","robots":{"index":"index","follow":"follow","max-snippet":"max-snippet:-1","max-image-preview":"max-image-preview:large","max-video-preview":"max-video-preview:-1"},"canonical":"https:\/\/www.fiemg.com.br\/associativismo\/noticias\/regional-norte-recebeu-visita-do-novo-secretario-de-aceleracao-economica-de-montes-claros\/","og_locale":"pt_BR","og_type":"article","og_title":"Regional Norte recebeu visita do novo Secret\u00e1rio de Acelera\u00e7\u00e3o Econ\u00f4mica de Montes Claros - Associativismo","og_description":"Em busca de uma maior aproxima\u00e7\u00e3o com a FIEMG, o novo Secret\u00e1rio de Acelera\u00e7\u00e3o Econ\u00f4mica de Montes Claros, Glen Andrade, esteve nessa quinta-feira, 08 de janeiro de 2025, em reuni\u00e3o com o presidente da Regional Norte da FIEMG, Adauto Marques. Andrade, que assumiu no in\u00edcio de janeiro a secretaria nessa nova administra\u00e7\u00e3o municipal, veio \u201cestreitar [&hellip;]","og_url":"https:\/\/www.fiemg.com.br\/associativismo\/noticias\/regional-norte-recebeu-visita-do-novo-secretario-de-aceleracao-economica-de-montes-claros\/","og_site_name":"Associativismo","article_modified_time":"2025-01-09T18:49:30+00:00","og_image":[{"width":267,"height":200,"url":"https:\/\/www.fiemg.com.br\/associativismo\/wp-content\/uploads\/sites\/29\/2025\/01\/Adauto-Secretario-Glen-Andrade-Fiemg.jpg","type":"image\/jpeg"}],"twitter_card":"summary_large_image","twitter_misc":{"Est. tempo de leitura":"2 minutos"},"schema":{"@context":"https:\/\/schema.org","@graph":[{"@type":"WebPage","@id":"https:\/\/www.fiemg.com.br\/associativismo\/noticias\/regional-norte-recebeu-visita-do-novo-secretario-de-aceleracao-economica-de-montes-claros\/","url":"https:\/\/www.fiemg.com.br\/associativismo\/noticias\/regional-norte-recebeu-visita-do-novo-secretario-de-aceleracao-economica-de-montes-claros\/","name":"Regional Norte recebeu visita do novo Secret\u00e1rio de Acelera\u00e7\u00e3o Econ\u00f4mica de Montes Claros - Associativismo","isPartOf":{"@id":"https:\/\/www.fiemg.com.br\/associativismo\/#website"},"primaryImageOfPage":{"@id":"https:\/\/www.fiemg.com.br\/associativismo\/noticias\/regional-norte-recebeu-visita-do-novo-secretario-de-aceleracao-economica-de-montes-claros\/#primaryimage"},"image":{"@id":"https:\/\/www.fiemg.com.br\/associativismo\/noticias\/regional-norte-recebeu-visita-do-novo-secretario-de-aceleracao-economica-de-montes-claros\/#primaryimage"},"thumbnailUrl":"https:\/\/www.fiemg.com.br\/associativismo\/wp-content\/uploads\/sites\/29\/2025\/01\/Adauto-Secretario-Glen-Andrade-Fiemg.jpg","datePublished":"2025-01-09T17:45:26+00:00","dateModified":"2025-01-09T18:49:30+00:00","breadcrumb":{"@id":"https:\/\/www.fiemg.com.br\/associativismo\/noticias\/regional-norte-recebeu-visita-do-novo-secretario-de-aceleracao-economica-de-montes-claros\/#breadcrumb"},"inLanguage":"pt-BR","potentialAction":[{"@type":"ReadAction","target":["https:\/\/www.fiemg.com.br\/associativismo\/noticias\/regional-norte-recebeu-visita-do-novo-secretario-de-aceleracao-economica-de-montes-claros\/"]}]},{"@type":"ImageObject","inLanguage":"pt-BR","@id":"https:\/\/www.fiemg.com.br\/associativismo\/noticias\/regional-norte-recebeu-visita-do-novo-secretario-de-aceleracao-economica-de-montes-claros\/#primaryimage","url":"https:\/\/www.fiemg.com.br\/associativismo\/wp-content\/uploads\/sites\/29\/2025\/01\/Adauto-Secretario-Glen-Andrade-Fiemg.jpg","contentUrl":"https:\/\/www.fiemg.com.br\/associativismo\/wp-content\/uploads\/sites\/29\/2025\/01\/Adauto-Secretario-Glen-Andrade-Fiemg.jpg","width":267,"height":200},{"@type":"BreadcrumbList","@id":"https:\/\/www.fiemg.com.br\/associativismo\/noticias\/regional-norte-recebeu-visita-do-novo-secretario-de-aceleracao-economica-de-montes-claros\/#breadcrumb","itemListElement":[{"@type":"ListItem","position":1,"name":"In\u00edcio","item":"https:\/\/www.fiemg.com.br\/associativismo\/"},{"@type":"ListItem","position":2,"name":"Regional Norte recebeu visita do novo Secret\u00e1rio de Acelera\u00e7\u00e3o Econ\u00f4mica de Montes Claros"}]},{"@type":"WebSite","@id":"https:\/\/www.fiemg.com.br\/associativismo\/#website","url":"https:\/\/www.fiemg.com.br\/associativismo\/","name":"Associativismo","description":"Federa\u00e7\u00e3o das Ind\u00fastrias do Estado de Minas Gerais","publisher":{"@id":"https:\/\/www.fiemg.com.br\/associativismo\/#organization"},"potentialAction":[{"@type":"SearchAction","target":{"@type":"EntryPoint","urlTemplate":"https:\/\/www.fiemg.com.br\/associativismo\/?s={search_term_string}"},"query-input":{"@type":"PropertyValueSpecification","valueRequired":true,"valueName":"search_term_string"}}],"inLanguage":"pt-BR"},{"@type":"Organization","@id":"https:\/\/www.fiemg.com.br\/associativismo\/#organization","name":"Associativismo","url":"https:\/\/www.fiemg.com.br\/associativismo\/","logo":{"@type":"ImageObject","inLanguage":"pt-BR","@id":"https:\/\/www.fiemg.com.br\/associativismo\/#\/schema\/logo\/image\/","url":"https:\/\/www.fiemg.com.br\/associativismo\/wp-content\/uploads\/sites\/29\/2023\/02\/fiemg_branco.svg","contentUrl":"https:\/\/www.fiemg.com.br\/associativismo\/wp-content\/uploads\/sites\/29\/2023\/02\/fiemg_branco.svg","width":561,"height":147,"caption":"Associativismo"},"image":{"@id":"https:\/\/www.fiemg.com.br\/associativismo\/#\/schema\/logo\/image\/"}}]}},"_links":{"self":[{"href":"https:\/\/www.fiemg.com.br\/associativismo\/wp-json\/wp\/v2\/noticias\/3553","targetHints":{"allow":["GET"]}}],"collection":[{"href":"https:\/\/www.fiemg.com.br\/associativismo\/wp-json\/wp\/v2\/noticias"}],"about":[{"href":"https:\/\/www.fiemg.com.br\/associativismo\/wp-json\/wp\/v2\/types\/noticias"}],"wp:featuredmedia":[{"embeddable":true,"href":"https:\/\/www.fiemg.com.br\/associativismo\/wp-json\/wp\/v2\/media\/3555"}],"wp:attachment":[{"href":"https:\/\/www.fiemg.com.br\/associativismo\/wp-json\/wp\/v2\/media?parent=3553"}],"wp:term":[{"taxonomy":"category","embeddable":true,"href":"https:\/\/www.fiemg.com.br\/associativismo\/wp-json\/wp\/v2\/categories?post=3553"},{"taxonomy":"post_tag","embeddable":true,"href":"https:\/\/www.fiemg.com.br\/associativismo\/wp-json\/wp\/v2\/tags?post=3553"}],"curies":[{"name":"wp","href":"https:\/\/api.w.org\/{rel}","templated":true}]}}