{"id":3574,"date":"2025-01-28T11:58:35","date_gmt":"2025-01-28T14:58:35","guid":{"rendered":"https:\/\/www.fiemg.com.br\/associativismo\/noticias\/cin-promove-webinar-gratuito-sobre-oportunidades-no-cenario-mercosul-ue\/"},"modified":"2025-01-28T11:58:42","modified_gmt":"2025-01-28T14:58:42","slug":"cin-promove-webinar-gratuito-sobre-oportunidades-no-cenario-mercosul-ue","status":"publish","type":"noticias","link":"https:\/\/www.fiemg.com.br\/associativismo\/noticias\/cin-promove-webinar-gratuito-sobre-oportunidades-no-cenario-mercosul-ue\/","title":{"rendered":"CIN promove webinar gratuito sobre oportunidades no cen\u00e1rio Mercosul &#8211; UE"},"content":{"rendered":"\n<p><\/p>\n\n\n\n<p>No dia 6 de fevereiro, a Federa\u00e7\u00e3o das Ind\u00fastrias do Estado de Minas Gerais (FIEMG), por meio do Centro Internacional de Neg\u00f3cios (CIN), vai realizar um webinar sobre as &#8220;Oportunidades diante do novo cen\u00e1rio Mercosul &#8211; Uni\u00e3o Europeia&#8221;. O evento ser\u00e1 gratuito e online e acontecer\u00e1 das 16h30 \u00e0s 18h.<\/p>\n\n\n\n<p>O webinar tem como objetivo fornecer uma an\u00e1lise das oportunidades para as empresas brasileiras no contexto do novo acordo Mercosul &#8211; Uni\u00e3o Europeia, visando esclarecer como as empresas podem aproveitar as vantagens comerciais, lidar com os impactos regulat\u00f3rios e explorar setores estrat\u00e9gicos, promovendo uma compreens\u00e3o profunda das implica\u00e7\u00f5es econ\u00f4micas e comerciais do acordo.<\/p>\n\n\n\n<p>Entre os principais t\u00f3picos a serem abordados est\u00e3o:<\/p>\n\n\n\n<ul class=\"wp-block-list\">\n<li>Principais pontos do acordo: tarifas, regula\u00e7\u00f5es e acessos ao mercado;<\/li>\n\n\n\n<li>Setores mais impactados no Brasil e na Uni\u00e3o Europeia;<\/li>\n\n\n\n<li>Exporta\u00e7\u00e3o de produtos agr\u00edcolas: vantagens competitivas do Brasil;<\/li>\n\n\n\n<li>Acesso ao mercado europeu: como empresas brasileiras podem se beneficiar da redu\u00e7\u00e3o de tarifas;<\/li>\n\n\n\n<li>Exemplos de setores em alta: alimentos, tecnologia e sustentabilidade;<\/li>\n\n\n\n<li>Participa\u00e7\u00e3o em licita\u00e7\u00f5es p\u00fablicas na Uni\u00e3o Europeia;<\/li>\n<\/ul>\n\n\n\n<p>O evento contar\u00e1 com a participa\u00e7\u00e3o especial do consultor multidisciplinar da AQL Consultoria, Alexander Pinheiro. J\u00e1 a coordenadora executiva do CIN da Federa\u00e7\u00e3o das Ind\u00fastrias do Estado do Par\u00e1 (Fiepa), Cassandra Lobato, ser\u00e1 a mediadora.\u00a0<\/p>\n\n\n\n<p>O webinar gratuito \u00e9 aberto ao p\u00fablico e os interessados podem se inscrever <a href=\"https:\/\/forms.gle\/3Arv5bBk68JMfWc37\" target=\"_blank\" rel=\"noreferrer noopener\">clicando aqui<\/a>. <\/p>\n\n\n\n<p><strong>Webinar Oportunidades diante do novo cen\u00e1rio Mercosul &#8211; Uni\u00e3o Europeia<\/strong><br><strong>Data:<\/strong> 6 de fevereiro de 2025<br><strong>Hor\u00e1rio: <\/strong>16h30 \u00e0s 18h<br><strong>Inscri\u00e7\u00f5es: <\/strong>gratuitas, <a href=\"https:\/\/forms.gle\/3Arv5bBk68JMfWc37\" target=\"_blank\" rel=\"noreferrer noopener\">clicando aqui<\/a> <\/p>\n\n\n\n<p><em>Tha\u00eds Mota<\/em><br><strong>Imprensa FIEMG<\/strong><\/p>\n","protected":false},"featured_media":3446,"template":"","categories":[5],"tags":[73,46,986,674,935],"class_list":["post-3574","noticias","type-noticias","status-publish","has-post-thumbnail","hentry","category-capacitacao-empresarial","tag-cin","tag-fiemg","tag-mercosul","tag-uniao-europeia","tag-webinar"],"acf":[],"yoast_head":"<!-- This site is optimized with the Yoast SEO plugin v26.2 - https:\/\/yoast.com\/wordpress\/plugins\/seo\/ -->\n<title>CIN promove webinar gratuito sobre oportunidades no cen\u00e1rio Mercosul - UE - Associativismo<\/title>\n<meta name=\"description\" content=\"Evento visa atualizar empresas para as novas possibilidades trazidas pelo novo acordo Mercosul-Uni\u00e3o Europeia\" \/>\n<meta name=\"robots\" content=\"index, follow, max-snippet:-1, max-image-preview:large, max-video-preview:-1\" \/>\n<link rel=\"canonical\" href=\"https:\/\/www.fiemg.com.br\/associativismo\/noticias\/cin-promove-webinar-gratuito-sobre-oportunidades-no-cenario-mercosul-ue\/\" \/>\n<meta property=\"og:locale\" content=\"pt_BR\" \/>\n<meta property=\"og:type\" content=\"article\" \/>\n<meta property=\"og:title\" content=\"CIN promove webinar gratuito sobre oportunidades no cen\u00e1rio Mercosul - UE - Associativismo\" \/>\n<meta property=\"og:description\" content=\"Evento visa atualizar empresas para as novas possibilidades trazidas pelo novo acordo Mercosul-Uni\u00e3o Europeia\" \/>\n<meta property=\"og:url\" content=\"https:\/\/www.fiemg.com.br\/associativismo\/noticias\/cin-promove-webinar-gratuito-sobre-oportunidades-no-cenario-mercosul-ue\/\" \/>\n<meta property=\"og:site_name\" content=\"Associativismo\" \/>\n<meta property=\"article:modified_time\" content=\"2025-01-28T14:58:42+00:00\" \/>\n<meta property=\"og:image\" content=\"https:\/\/www.fiemg.com.br\/associativismo\/wp-content\/uploads\/sites\/29\/2024\/12\/cin_thumb-2.jpeg\" \/>\n\t<meta property=\"og:image:width\" content=\"512\" \/>\n\t<meta property=\"og:image:height\" content=\"512\" \/>\n\t<meta property=\"og:image:type\" content=\"image\/jpeg\" \/>\n<meta name=\"twitter:card\" content=\"summary_large_image\" \/>\n<meta name=\"twitter:label1\" content=\"Est. tempo de leitura\" \/>\n\t<meta name=\"twitter:data1\" content=\"2 minutos\" \/>\n<script type=\"application\/ld+json\" class=\"yoast-schema-graph\">{\"@context\":\"https:\/\/schema.org\",\"@graph\":[{\"@type\":\"WebPage\",\"@id\":\"https:\/\/www.fiemg.com.br\/associativismo\/noticias\/cin-promove-webinar-gratuito-sobre-oportunidades-no-cenario-mercosul-ue\/\",\"url\":\"https:\/\/www.fiemg.com.br\/associativismo\/noticias\/cin-promove-webinar-gratuito-sobre-oportunidades-no-cenario-mercosul-ue\/\",\"name\":\"CIN promove webinar gratuito sobre oportunidades no cen\u00e1rio Mercosul - UE - Associativismo\",\"isPartOf\":{\"@id\":\"https:\/\/www.fiemg.com.br\/associativismo\/#website\"},\"primaryImageOfPage\":{\"@id\":\"https:\/\/www.fiemg.com.br\/associativismo\/noticias\/cin-promove-webinar-gratuito-sobre-oportunidades-no-cenario-mercosul-ue\/#primaryimage\"},\"image\":{\"@id\":\"https:\/\/www.fiemg.com.br\/associativismo\/noticias\/cin-promove-webinar-gratuito-sobre-oportunidades-no-cenario-mercosul-ue\/#primaryimage\"},\"thumbnailUrl\":\"https:\/\/www.fiemg.com.br\/associativismo\/wp-content\/uploads\/sites\/29\/2024\/12\/cin_thumb-2.jpeg\",\"datePublished\":\"2025-01-28T14:58:35+00:00\",\"dateModified\":\"2025-01-28T14:58:42+00:00\",\"description\":\"Evento visa atualizar empresas para as novas possibilidades trazidas pelo novo acordo Mercosul-Uni\u00e3o Europeia\",\"breadcrumb\":{\"@id\":\"https:\/\/www.fiemg.com.br\/associativismo\/noticias\/cin-promove-webinar-gratuito-sobre-oportunidades-no-cenario-mercosul-ue\/#breadcrumb\"},\"inLanguage\":\"pt-BR\",\"potentialAction\":[{\"@type\":\"ReadAction\",\"target\":[\"https:\/\/www.fiemg.com.br\/associativismo\/noticias\/cin-promove-webinar-gratuito-sobre-oportunidades-no-cenario-mercosul-ue\/\"]}]},{\"@type\":\"ImageObject\",\"inLanguage\":\"pt-BR\",\"@id\":\"https:\/\/www.fiemg.com.br\/associativismo\/noticias\/cin-promove-webinar-gratuito-sobre-oportunidades-no-cenario-mercosul-ue\/#primaryimage\",\"url\":\"https:\/\/www.fiemg.com.br\/associativismo\/wp-content\/uploads\/sites\/29\/2024\/12\/cin_thumb-2.jpeg\",\"contentUrl\":\"https:\/\/www.fiemg.com.br\/associativismo\/wp-content\/uploads\/sites\/29\/2024\/12\/cin_thumb-2.jpeg\",\"width\":512,\"height\":512,\"caption\":\"CIN vai promover capacita\u00e7\u00e3o em contratos internacionais\"},{\"@type\":\"BreadcrumbList\",\"@id\":\"https:\/\/www.fiemg.com.br\/associativismo\/noticias\/cin-promove-webinar-gratuito-sobre-oportunidades-no-cenario-mercosul-ue\/#breadcrumb\",\"itemListElement\":[{\"@type\":\"ListItem\",\"position\":1,\"name\":\"In\u00edcio\",\"item\":\"https:\/\/www.fiemg.com.br\/associativismo\/\"},{\"@type\":\"ListItem\",\"position\":2,\"name\":\"CIN promove webinar gratuito sobre oportunidades no cen\u00e1rio Mercosul &#8211; UE\"}]},{\"@type\":\"WebSite\",\"@id\":\"https:\/\/www.fiemg.com.br\/associativismo\/#website\",\"url\":\"https:\/\/www.fiemg.com.br\/associativismo\/\",\"name\":\"Associativismo\",\"description\":\"Federa\u00e7\u00e3o das Ind\u00fastrias do Estado de Minas Gerais\",\"publisher\":{\"@id\":\"https:\/\/www.fiemg.com.br\/associativismo\/#organization\"},\"potentialAction\":[{\"@type\":\"SearchAction\",\"target\":{\"@type\":\"EntryPoint\",\"urlTemplate\":\"https:\/\/www.fiemg.com.br\/associativismo\/?s={search_term_string}\"},\"query-input\":{\"@type\":\"PropertyValueSpecification\",\"valueRequired\":true,\"valueName\":\"search_term_string\"}}],\"inLanguage\":\"pt-BR\"},{\"@type\":\"Organization\",\"@id\":\"https:\/\/www.fiemg.com.br\/associativismo\/#organization\",\"name\":\"Associativismo\",\"url\":\"https:\/\/www.fiemg.com.br\/associativismo\/\",\"logo\":{\"@type\":\"ImageObject\",\"inLanguage\":\"pt-BR\",\"@id\":\"https:\/\/www.fiemg.com.br\/associativismo\/#\/schema\/logo\/image\/\",\"url\":\"https:\/\/www.fiemg.com.br\/associativismo\/wp-content\/uploads\/sites\/29\/2023\/02\/fiemg_branco.svg\",\"contentUrl\":\"https:\/\/www.fiemg.com.br\/associativismo\/wp-content\/uploads\/sites\/29\/2023\/02\/fiemg_branco.svg\",\"width\":561,\"height\":147,\"caption\":\"Associativismo\"},\"image\":{\"@id\":\"https:\/\/www.fiemg.com.br\/associativismo\/#\/schema\/logo\/image\/\"}}]}<\/script>\n<!-- \/ Yoast SEO plugin. -->","yoast_head_json":{"title":"CIN promove webinar gratuito sobre oportunidades no cen\u00e1rio Mercosul - UE - Associativismo","description":"Evento visa atualizar empresas para as novas possibilidades trazidas pelo novo acordo Mercosul-Uni\u00e3o Europeia","robots":{"index":"index","follow":"follow","max-snippet":"max-snippet:-1","max-image-preview":"max-image-preview:large","max-video-preview":"max-video-preview:-1"},"canonical":"https:\/\/www.fiemg.com.br\/associativismo\/noticias\/cin-promove-webinar-gratuito-sobre-oportunidades-no-cenario-mercosul-ue\/","og_locale":"pt_BR","og_type":"article","og_title":"CIN promove webinar gratuito sobre oportunidades no cen\u00e1rio Mercosul - UE - Associativismo","og_description":"Evento visa atualizar empresas para as novas possibilidades trazidas pelo novo acordo Mercosul-Uni\u00e3o Europeia","og_url":"https:\/\/www.fiemg.com.br\/associativismo\/noticias\/cin-promove-webinar-gratuito-sobre-oportunidades-no-cenario-mercosul-ue\/","og_site_name":"Associativismo","article_modified_time":"2025-01-28T14:58:42+00:00","og_image":[{"width":512,"height":512,"url":"https:\/\/www.fiemg.com.br\/associativismo\/wp-content\/uploads\/sites\/29\/2024\/12\/cin_thumb-2.jpeg","type":"image\/jpeg"}],"twitter_card":"summary_large_image","twitter_misc":{"Est. tempo de leitura":"2 minutos"},"schema":{"@context":"https:\/\/schema.org","@graph":[{"@type":"WebPage","@id":"https:\/\/www.fiemg.com.br\/associativismo\/noticias\/cin-promove-webinar-gratuito-sobre-oportunidades-no-cenario-mercosul-ue\/","url":"https:\/\/www.fiemg.com.br\/associativismo\/noticias\/cin-promove-webinar-gratuito-sobre-oportunidades-no-cenario-mercosul-ue\/","name":"CIN promove webinar gratuito sobre oportunidades no cen\u00e1rio Mercosul - UE - Associativismo","isPartOf":{"@id":"https:\/\/www.fiemg.com.br\/associativismo\/#website"},"primaryImageOfPage":{"@id":"https:\/\/www.fiemg.com.br\/associativismo\/noticias\/cin-promove-webinar-gratuito-sobre-oportunidades-no-cenario-mercosul-ue\/#primaryimage"},"image":{"@id":"https:\/\/www.fiemg.com.br\/associativismo\/noticias\/cin-promove-webinar-gratuito-sobre-oportunidades-no-cenario-mercosul-ue\/#primaryimage"},"thumbnailUrl":"https:\/\/www.fiemg.com.br\/associativismo\/wp-content\/uploads\/sites\/29\/2024\/12\/cin_thumb-2.jpeg","datePublished":"2025-01-28T14:58:35+00:00","dateModified":"2025-01-28T14:58:42+00:00","description":"Evento visa atualizar empresas para as novas possibilidades trazidas pelo novo acordo Mercosul-Uni\u00e3o Europeia","breadcrumb":{"@id":"https:\/\/www.fiemg.com.br\/associativismo\/noticias\/cin-promove-webinar-gratuito-sobre-oportunidades-no-cenario-mercosul-ue\/#breadcrumb"},"inLanguage":"pt-BR","potentialAction":[{"@type":"ReadAction","target":["https:\/\/www.fiemg.com.br\/associativismo\/noticias\/cin-promove-webinar-gratuito-sobre-oportunidades-no-cenario-mercosul-ue\/"]}]},{"@type":"ImageObject","inLanguage":"pt-BR","@id":"https:\/\/www.fiemg.com.br\/associativismo\/noticias\/cin-promove-webinar-gratuito-sobre-oportunidades-no-cenario-mercosul-ue\/#primaryimage","url":"https:\/\/www.fiemg.com.br\/associativismo\/wp-content\/uploads\/sites\/29\/2024\/12\/cin_thumb-2.jpeg","contentUrl":"https:\/\/www.fiemg.com.br\/associativismo\/wp-content\/uploads\/sites\/29\/2024\/12\/cin_thumb-2.jpeg","width":512,"height":512,"caption":"CIN vai promover capacita\u00e7\u00e3o em contratos internacionais"},{"@type":"BreadcrumbList","@id":"https:\/\/www.fiemg.com.br\/associativismo\/noticias\/cin-promove-webinar-gratuito-sobre-oportunidades-no-cenario-mercosul-ue\/#breadcrumb","itemListElement":[{"@type":"ListItem","position":1,"name":"In\u00edcio","item":"https:\/\/www.fiemg.com.br\/associativismo\/"},{"@type":"ListItem","position":2,"name":"CIN promove webinar gratuito sobre oportunidades no cen\u00e1rio Mercosul &#8211; UE"}]},{"@type":"WebSite","@id":"https:\/\/www.fiemg.com.br\/associativismo\/#website","url":"https:\/\/www.fiemg.com.br\/associativismo\/","name":"Associativismo","description":"Federa\u00e7\u00e3o das Ind\u00fastrias do Estado de Minas Gerais","publisher":{"@id":"https:\/\/www.fiemg.com.br\/associativismo\/#organization"},"potentialAction":[{"@type":"SearchAction","target":{"@type":"EntryPoint","urlTemplate":"https:\/\/www.fiemg.com.br\/associativismo\/?s={search_term_string}"},"query-input":{"@type":"PropertyValueSpecification","valueRequired":true,"valueName":"search_term_string"}}],"inLanguage":"pt-BR"},{"@type":"Organization","@id":"https:\/\/www.fiemg.com.br\/associativismo\/#organization","name":"Associativismo","url":"https:\/\/www.fiemg.com.br\/associativismo\/","logo":{"@type":"ImageObject","inLanguage":"pt-BR","@id":"https:\/\/www.fiemg.com.br\/associativismo\/#\/schema\/logo\/image\/","url":"https:\/\/www.fiemg.com.br\/associativismo\/wp-content\/uploads\/sites\/29\/2023\/02\/fiemg_branco.svg","contentUrl":"https:\/\/www.fiemg.com.br\/associativismo\/wp-content\/uploads\/sites\/29\/2023\/02\/fiemg_branco.svg","width":561,"height":147,"caption":"Associativismo"},"image":{"@id":"https:\/\/www.fiemg.com.br\/associativismo\/#\/schema\/logo\/image\/"}}]}},"_links":{"self":[{"href":"https:\/\/www.fiemg.com.br\/associativismo\/wp-json\/wp\/v2\/noticias\/3574","targetHints":{"allow":["GET"]}}],"collection":[{"href":"https:\/\/www.fiemg.com.br\/associativismo\/wp-json\/wp\/v2\/noticias"}],"about":[{"href":"https:\/\/www.fiemg.com.br\/associativismo\/wp-json\/wp\/v2\/types\/noticias"}],"wp:featuredmedia":[{"embeddable":true,"href":"https:\/\/www.fiemg.com.br\/associativismo\/wp-json\/wp\/v2\/media\/3446"}],"wp:attachment":[{"href":"https:\/\/www.fiemg.com.br\/associativismo\/wp-json\/wp\/v2\/media?parent=3574"}],"wp:term":[{"taxonomy":"category","embeddable":true,"href":"https:\/\/www.fiemg.com.br\/associativismo\/wp-json\/wp\/v2\/categories?post=3574"},{"taxonomy":"post_tag","embeddable":true,"href":"https:\/\/www.fiemg.com.br\/associativismo\/wp-json\/wp\/v2\/tags?post=3574"}],"curies":[{"name":"wp","href":"https:\/\/api.w.org\/{rel}","templated":true}]}}