{"id":3604,"date":"2025-02-21T13:37:59","date_gmt":"2025-02-21T16:37:59","guid":{"rendered":"https:\/\/www.fiemg.com.br\/associativismo\/noticias\/fiemg-recebe-visita-do-embaixador-do-japao-no-brasil\/"},"modified":"2025-02-21T13:39:55","modified_gmt":"2025-02-21T16:39:55","slug":"fiemg-recebe-visita-do-embaixador-do-japao-no-brasil","status":"publish","type":"noticias","link":"https:\/\/www.fiemg.com.br\/associativismo\/noticias\/fiemg-recebe-visita-do-embaixador-do-japao-no-brasil\/","title":{"rendered":"FIEMG recebe visita do embaixador do Jap\u00e3o no Brasil"},"content":{"rendered":"\n<p><\/p>\n\n\n\n<p>A Federa\u00e7\u00e3o das Ind\u00fastrias do Estado de Minas Gerais (FIEMG) recebeu nesta sexta-feira (21\/02) o embaixador do Jap\u00e3o no Brasil, Teiji Hayashi, acompanhado de uma comitiva de representantes da diplomacia japonesa que est\u00e3o em Belo Horizonte por ocasi\u00e3o do 12\u00ba Festival do Jap\u00e3o em Minas, que acontece neste final de semana na capital mineira.&nbsp;<\/p>\n\n\n\n<p>Na reuni\u00e3o, o presidente em exerc\u00edcio da FIEMG e presidente do Sindicato das Ind\u00fastrias de Produtos Farmac\u00eauticos e Qu\u00edmicos para Fins Industriais no Estado de Minas Gerais (SINDUSFARQ), Carlos M\u00e1rio de Moraes, apresentou o trabalho realizado pela Federa\u00e7\u00e3o na defesa da ind\u00fastria no Estado e destacou o interesse do setor em expandir as parcerias comerciais entre Minas e Jap\u00e3o.<\/p>\n\n\n\n<p>J\u00e1 a gerente do Centro Internacional de Neg\u00f3cios (CIN) da FIEMG, Rebecca Macedo, falou sobre a <a href=\"https:\/\/www.fiemg.com.br\/noticias\/fiemg-promove-missao-ao-japao-e-a-expo-osaka-em-2025\/\" target=\"_blank\" rel=\"noreferrer noopener\">Miss\u00e3o ao Jap\u00e3o<\/a>, que acontecer\u00e1 em junho deste ano com uma delega\u00e7\u00e3o de mais de 250 empres\u00e1rios mineiros, al\u00e9m de parlamentares e autoridades do governo de Minas.\u00a0<\/p>\n\n\n\n<p>A miss\u00e3o tem como objetivo conhecer o mercado japon\u00eas, buscar fornecedores e investimentos, bem como ampliar a presen\u00e7a de produtos mineiros no mercado internacional. Na programa\u00e7\u00e3o est\u00e3o previstas o \u201cBrazil Japan Business Forum\u201d e o jantar \u201cThe Bearer of the Future\u201d, al\u00e9m de visitas \u00e0 Expo Osaka 2025 e a parques industriais com centros tecnol\u00f3gicos de inova\u00e7\u00e3o.<\/p>\n\n\n\n<p>Ainda na reuni\u00e3o, os presentes trataram da expans\u00e3o e consolida\u00e7\u00e3o de parcerias estrat\u00e9gicas entre empresas mineiras e japonesas. O presidente da Invest Minas, Jo\u00e3o Paulo Braga, destacou a import\u00e2ncia de uma amplia\u00e7\u00e3o das alian\u00e7as entre o Estado e o Jap\u00e3o em uma agenda relacionada \u00e0s metas de descarboniza\u00e7\u00e3o, citando como exemplos a produ\u00e7\u00e3o de combust\u00edveis sustent\u00e1veis, como a SAF (Combust\u00edvel Sustent\u00e1vel de Avia\u00e7\u00e3o), a partir do etanol. J\u00e1 o presidente Carlos M\u00e1rio tamb\u00e9m citou a crescente ind\u00fastria farmac\u00eautica em Minas e as poss\u00edveis parcerias com farmac\u00eauticas japonesas.<\/p>\n\n\n\n<p>O embaixador Teiji Hayashi destacou o hist\u00f3rico de coopera\u00e7\u00e3o entre Brasil e Jap\u00e3o, e citou diversos eventos, agendas e a\u00e7\u00f5es promovidas em conjunto pelos dois pa\u00edses e se comprometeu a fazer contato com o embaixador do Brasil no Jap\u00e3o para estreitar la\u00e7os e auxiliar na Miss\u00e3o da FIEMG ao pa\u00eds. Tamb\u00e9m sinalizou que vai levar a possibilidade de parceria na \u00e1rea farmac\u00eautica ao Minist\u00e9rio da Sa\u00fade do Jap\u00e3o.<\/p>\n\n\n\n<p>Al\u00e9m do embaixador Teiji Hayashi, a comitiva japonesa foi formada pelo c\u00f4nsul-geral do Jap\u00e3o no Rio de Janeiro, Takashi Manabe; a vice-c\u00f4nsul do Jap\u00e3o no Rio de Janeiro, Kana Hasegawa; o c\u00f4nsul honor\u00e1rio do Jap\u00e3o em Belo Horizonte, Wilson Brumer; e o terceiro secret\u00e1rio da Embaixada do Brasil no Jap\u00e3o, So Yamauchi<\/p>\n\n\n\n<p>Tamb\u00e9m participaram da reuni\u00e3o representando o governo de Minas o analista de Relacionamento Internacional da Secretaria de Estado da Casa Civil, Pedro Le\u00e3o; o superintendente de Atra\u00e7\u00e3o de Investimentos e Est\u00edmulo \u00e0 Exporta\u00e7\u00e3o da Secretaria de Desenvolvimento Econ\u00f4mico do Governo de Minas, Gustavo Costa de Souza; a chefe da Secretaria Executiva do governo de Minas, J\u00e9ssica Leoc\u00e1dio; e o assessor da Secretaria Executiva, Lucas Rodrigues. Al\u00e9m disso, o superintendente Regional do Minist\u00e9rio do Trabalho em Minas Gerais, Carlos Calazan, tamb\u00e9m esteve presente no encontro.<\/p>\n\n\n\n<p>Veja mais fotos da reuni\u00e3o, <a href=\"https:\/\/www.flickr.com\/photos\/sistemafiemg\/albums\/72177720323976631\/with\/54341465741\">cli<\/a><a href=\"https:\/\/www.flickr.com\/photos\/sistemafiemg\/albums\/72177720323976631\/with\/54341465741\" target=\"_blank\" rel=\"noreferrer noopener\">cando aqui<\/a><\/p>\n\n\n\n<p><em>Tha\u00eds Mota<\/em><br><strong>Imprensa FIEMG<\/strong><\/p>\n","protected":false},"featured_media":3605,"template":"","categories":[15],"tags":[1023,46,1024],"class_list":["post-3604","noticias","type-noticias","status-publish","has-post-thumbnail","hentry","category-desenvolvimento-industrial","tag-embaixada-do-japao","tag-fiemg","tag-missao-ao-japao"],"acf":[],"yoast_head":"<!-- This site is optimized with the Yoast SEO plugin v26.2 - https:\/\/yoast.com\/wordpress\/plugins\/seo\/ -->\n<title>FIEMG recebe visita do embaixador do Jap\u00e3o no Brasil - Associativismo<\/title>\n<meta name=\"description\" content=\"Encontro tratou de parcerias entre o pa\u00eds e Minas Gerais e da Miss\u00e3o da Federa\u00e7\u00e3o ao pa\u00eds no pr\u00f3ximo m\u00eas de junho\" \/>\n<meta name=\"robots\" content=\"index, follow, max-snippet:-1, max-image-preview:large, max-video-preview:-1\" \/>\n<link rel=\"canonical\" href=\"https:\/\/www.fiemg.com.br\/associativismo\/noticias\/fiemg-recebe-visita-do-embaixador-do-japao-no-brasil\/\" \/>\n<meta property=\"og:locale\" content=\"pt_BR\" \/>\n<meta property=\"og:type\" content=\"article\" \/>\n<meta property=\"og:title\" content=\"FIEMG recebe visita do embaixador do Jap\u00e3o no Brasil - Associativismo\" \/>\n<meta property=\"og:description\" content=\"Encontro tratou de parcerias entre o pa\u00eds e Minas Gerais e da Miss\u00e3o da Federa\u00e7\u00e3o ao pa\u00eds no pr\u00f3ximo m\u00eas de junho\" \/>\n<meta property=\"og:url\" content=\"https:\/\/www.fiemg.com.br\/associativismo\/noticias\/fiemg-recebe-visita-do-embaixador-do-japao-no-brasil\/\" \/>\n<meta property=\"og:site_name\" content=\"Associativismo\" \/>\n<meta property=\"article:modified_time\" content=\"2025-02-21T16:39:55+00:00\" \/>\n<meta property=\"og:image\" content=\"https:\/\/www.fiemg.com.br\/associativismo\/wp-content\/uploads\/sites\/29\/2025\/02\/Embaixada-Japao-2.jpg\" \/>\n\t<meta property=\"og:image:width\" content=\"512\" \/>\n\t<meta property=\"og:image:height\" content=\"512\" \/>\n\t<meta property=\"og:image:type\" content=\"image\/jpeg\" \/>\n<meta name=\"twitter:card\" content=\"summary_large_image\" \/>\n<meta name=\"twitter:label1\" content=\"Est. tempo de leitura\" \/>\n\t<meta name=\"twitter:data1\" content=\"4 minutos\" \/>\n<script type=\"application\/ld+json\" class=\"yoast-schema-graph\">{\"@context\":\"https:\/\/schema.org\",\"@graph\":[{\"@type\":\"WebPage\",\"@id\":\"https:\/\/www.fiemg.com.br\/associativismo\/noticias\/fiemg-recebe-visita-do-embaixador-do-japao-no-brasil\/\",\"url\":\"https:\/\/www.fiemg.com.br\/associativismo\/noticias\/fiemg-recebe-visita-do-embaixador-do-japao-no-brasil\/\",\"name\":\"FIEMG recebe visita do embaixador do Jap\u00e3o no Brasil - Associativismo\",\"isPartOf\":{\"@id\":\"https:\/\/www.fiemg.com.br\/associativismo\/#website\"},\"primaryImageOfPage\":{\"@id\":\"https:\/\/www.fiemg.com.br\/associativismo\/noticias\/fiemg-recebe-visita-do-embaixador-do-japao-no-brasil\/#primaryimage\"},\"image\":{\"@id\":\"https:\/\/www.fiemg.com.br\/associativismo\/noticias\/fiemg-recebe-visita-do-embaixador-do-japao-no-brasil\/#primaryimage\"},\"thumbnailUrl\":\"https:\/\/www.fiemg.com.br\/associativismo\/wp-content\/uploads\/sites\/29\/2025\/02\/Embaixada-Japao-2.jpg\",\"datePublished\":\"2025-02-21T16:37:59+00:00\",\"dateModified\":\"2025-02-21T16:39:55+00:00\",\"description\":\"Encontro tratou de parcerias entre o pa\u00eds e Minas Gerais e da Miss\u00e3o da Federa\u00e7\u00e3o ao pa\u00eds no pr\u00f3ximo m\u00eas de junho\",\"breadcrumb\":{\"@id\":\"https:\/\/www.fiemg.com.br\/associativismo\/noticias\/fiemg-recebe-visita-do-embaixador-do-japao-no-brasil\/#breadcrumb\"},\"inLanguage\":\"pt-BR\",\"potentialAction\":[{\"@type\":\"ReadAction\",\"target\":[\"https:\/\/www.fiemg.com.br\/associativismo\/noticias\/fiemg-recebe-visita-do-embaixador-do-japao-no-brasil\/\"]}]},{\"@type\":\"ImageObject\",\"inLanguage\":\"pt-BR\",\"@id\":\"https:\/\/www.fiemg.com.br\/associativismo\/noticias\/fiemg-recebe-visita-do-embaixador-do-japao-no-brasil\/#primaryimage\",\"url\":\"https:\/\/www.fiemg.com.br\/associativismo\/wp-content\/uploads\/sites\/29\/2025\/02\/Embaixada-Japao-2.jpg\",\"contentUrl\":\"https:\/\/www.fiemg.com.br\/associativismo\/wp-content\/uploads\/sites\/29\/2025\/02\/Embaixada-Japao-2.jpg\",\"width\":512,\"height\":512},{\"@type\":\"BreadcrumbList\",\"@id\":\"https:\/\/www.fiemg.com.br\/associativismo\/noticias\/fiemg-recebe-visita-do-embaixador-do-japao-no-brasil\/#breadcrumb\",\"itemListElement\":[{\"@type\":\"ListItem\",\"position\":1,\"name\":\"In\u00edcio\",\"item\":\"https:\/\/www.fiemg.com.br\/associativismo\/\"},{\"@type\":\"ListItem\",\"position\":2,\"name\":\"FIEMG recebe visita do embaixador do Jap\u00e3o no Brasil\"}]},{\"@type\":\"WebSite\",\"@id\":\"https:\/\/www.fiemg.com.br\/associativismo\/#website\",\"url\":\"https:\/\/www.fiemg.com.br\/associativismo\/\",\"name\":\"Associativismo\",\"description\":\"Federa\u00e7\u00e3o das Ind\u00fastrias do Estado de Minas Gerais\",\"publisher\":{\"@id\":\"https:\/\/www.fiemg.com.br\/associativismo\/#organization\"},\"potentialAction\":[{\"@type\":\"SearchAction\",\"target\":{\"@type\":\"EntryPoint\",\"urlTemplate\":\"https:\/\/www.fiemg.com.br\/associativismo\/?s={search_term_string}\"},\"query-input\":{\"@type\":\"PropertyValueSpecification\",\"valueRequired\":true,\"valueName\":\"search_term_string\"}}],\"inLanguage\":\"pt-BR\"},{\"@type\":\"Organization\",\"@id\":\"https:\/\/www.fiemg.com.br\/associativismo\/#organization\",\"name\":\"Associativismo\",\"url\":\"https:\/\/www.fiemg.com.br\/associativismo\/\",\"logo\":{\"@type\":\"ImageObject\",\"inLanguage\":\"pt-BR\",\"@id\":\"https:\/\/www.fiemg.com.br\/associativismo\/#\/schema\/logo\/image\/\",\"url\":\"https:\/\/www.fiemg.com.br\/associativismo\/wp-content\/uploads\/sites\/29\/2023\/02\/fiemg_branco.svg\",\"contentUrl\":\"https:\/\/www.fiemg.com.br\/associativismo\/wp-content\/uploads\/sites\/29\/2023\/02\/fiemg_branco.svg\",\"width\":561,\"height\":147,\"caption\":\"Associativismo\"},\"image\":{\"@id\":\"https:\/\/www.fiemg.com.br\/associativismo\/#\/schema\/logo\/image\/\"}}]}<\/script>\n<!-- \/ Yoast SEO plugin. -->","yoast_head_json":{"title":"FIEMG recebe visita do embaixador do Jap\u00e3o no Brasil - Associativismo","description":"Encontro tratou de parcerias entre o pa\u00eds e Minas Gerais e da Miss\u00e3o da Federa\u00e7\u00e3o ao pa\u00eds no pr\u00f3ximo m\u00eas de junho","robots":{"index":"index","follow":"follow","max-snippet":"max-snippet:-1","max-image-preview":"max-image-preview:large","max-video-preview":"max-video-preview:-1"},"canonical":"https:\/\/www.fiemg.com.br\/associativismo\/noticias\/fiemg-recebe-visita-do-embaixador-do-japao-no-brasil\/","og_locale":"pt_BR","og_type":"article","og_title":"FIEMG recebe visita do embaixador do Jap\u00e3o no Brasil - Associativismo","og_description":"Encontro tratou de parcerias entre o pa\u00eds e Minas Gerais e da Miss\u00e3o da Federa\u00e7\u00e3o ao pa\u00eds no pr\u00f3ximo m\u00eas de junho","og_url":"https:\/\/www.fiemg.com.br\/associativismo\/noticias\/fiemg-recebe-visita-do-embaixador-do-japao-no-brasil\/","og_site_name":"Associativismo","article_modified_time":"2025-02-21T16:39:55+00:00","og_image":[{"width":512,"height":512,"url":"https:\/\/www.fiemg.com.br\/associativismo\/wp-content\/uploads\/sites\/29\/2025\/02\/Embaixada-Japao-2.jpg","type":"image\/jpeg"}],"twitter_card":"summary_large_image","twitter_misc":{"Est. tempo de leitura":"4 minutos"},"schema":{"@context":"https:\/\/schema.org","@graph":[{"@type":"WebPage","@id":"https:\/\/www.fiemg.com.br\/associativismo\/noticias\/fiemg-recebe-visita-do-embaixador-do-japao-no-brasil\/","url":"https:\/\/www.fiemg.com.br\/associativismo\/noticias\/fiemg-recebe-visita-do-embaixador-do-japao-no-brasil\/","name":"FIEMG recebe visita do embaixador do Jap\u00e3o no Brasil - Associativismo","isPartOf":{"@id":"https:\/\/www.fiemg.com.br\/associativismo\/#website"},"primaryImageOfPage":{"@id":"https:\/\/www.fiemg.com.br\/associativismo\/noticias\/fiemg-recebe-visita-do-embaixador-do-japao-no-brasil\/#primaryimage"},"image":{"@id":"https:\/\/www.fiemg.com.br\/associativismo\/noticias\/fiemg-recebe-visita-do-embaixador-do-japao-no-brasil\/#primaryimage"},"thumbnailUrl":"https:\/\/www.fiemg.com.br\/associativismo\/wp-content\/uploads\/sites\/29\/2025\/02\/Embaixada-Japao-2.jpg","datePublished":"2025-02-21T16:37:59+00:00","dateModified":"2025-02-21T16:39:55+00:00","description":"Encontro tratou de parcerias entre o pa\u00eds e Minas Gerais e da Miss\u00e3o da Federa\u00e7\u00e3o ao pa\u00eds no pr\u00f3ximo m\u00eas de junho","breadcrumb":{"@id":"https:\/\/www.fiemg.com.br\/associativismo\/noticias\/fiemg-recebe-visita-do-embaixador-do-japao-no-brasil\/#breadcrumb"},"inLanguage":"pt-BR","potentialAction":[{"@type":"ReadAction","target":["https:\/\/www.fiemg.com.br\/associativismo\/noticias\/fiemg-recebe-visita-do-embaixador-do-japao-no-brasil\/"]}]},{"@type":"ImageObject","inLanguage":"pt-BR","@id":"https:\/\/www.fiemg.com.br\/associativismo\/noticias\/fiemg-recebe-visita-do-embaixador-do-japao-no-brasil\/#primaryimage","url":"https:\/\/www.fiemg.com.br\/associativismo\/wp-content\/uploads\/sites\/29\/2025\/02\/Embaixada-Japao-2.jpg","contentUrl":"https:\/\/www.fiemg.com.br\/associativismo\/wp-content\/uploads\/sites\/29\/2025\/02\/Embaixada-Japao-2.jpg","width":512,"height":512},{"@type":"BreadcrumbList","@id":"https:\/\/www.fiemg.com.br\/associativismo\/noticias\/fiemg-recebe-visita-do-embaixador-do-japao-no-brasil\/#breadcrumb","itemListElement":[{"@type":"ListItem","position":1,"name":"In\u00edcio","item":"https:\/\/www.fiemg.com.br\/associativismo\/"},{"@type":"ListItem","position":2,"name":"FIEMG recebe visita do embaixador do Jap\u00e3o no Brasil"}]},{"@type":"WebSite","@id":"https:\/\/www.fiemg.com.br\/associativismo\/#website","url":"https:\/\/www.fiemg.com.br\/associativismo\/","name":"Associativismo","description":"Federa\u00e7\u00e3o das Ind\u00fastrias do Estado de Minas Gerais","publisher":{"@id":"https:\/\/www.fiemg.com.br\/associativismo\/#organization"},"potentialAction":[{"@type":"SearchAction","target":{"@type":"EntryPoint","urlTemplate":"https:\/\/www.fiemg.com.br\/associativismo\/?s={search_term_string}"},"query-input":{"@type":"PropertyValueSpecification","valueRequired":true,"valueName":"search_term_string"}}],"inLanguage":"pt-BR"},{"@type":"Organization","@id":"https:\/\/www.fiemg.com.br\/associativismo\/#organization","name":"Associativismo","url":"https:\/\/www.fiemg.com.br\/associativismo\/","logo":{"@type":"ImageObject","inLanguage":"pt-BR","@id":"https:\/\/www.fiemg.com.br\/associativismo\/#\/schema\/logo\/image\/","url":"https:\/\/www.fiemg.com.br\/associativismo\/wp-content\/uploads\/sites\/29\/2023\/02\/fiemg_branco.svg","contentUrl":"https:\/\/www.fiemg.com.br\/associativismo\/wp-content\/uploads\/sites\/29\/2023\/02\/fiemg_branco.svg","width":561,"height":147,"caption":"Associativismo"},"image":{"@id":"https:\/\/www.fiemg.com.br\/associativismo\/#\/schema\/logo\/image\/"}}]}},"_links":{"self":[{"href":"https:\/\/www.fiemg.com.br\/associativismo\/wp-json\/wp\/v2\/noticias\/3604","targetHints":{"allow":["GET"]}}],"collection":[{"href":"https:\/\/www.fiemg.com.br\/associativismo\/wp-json\/wp\/v2\/noticias"}],"about":[{"href":"https:\/\/www.fiemg.com.br\/associativismo\/wp-json\/wp\/v2\/types\/noticias"}],"wp:featuredmedia":[{"embeddable":true,"href":"https:\/\/www.fiemg.com.br\/associativismo\/wp-json\/wp\/v2\/media\/3605"}],"wp:attachment":[{"href":"https:\/\/www.fiemg.com.br\/associativismo\/wp-json\/wp\/v2\/media?parent=3604"}],"wp:term":[{"taxonomy":"category","embeddable":true,"href":"https:\/\/www.fiemg.com.br\/associativismo\/wp-json\/wp\/v2\/categories?post=3604"},{"taxonomy":"post_tag","embeddable":true,"href":"https:\/\/www.fiemg.com.br\/associativismo\/wp-json\/wp\/v2\/tags?post=3604"}],"curies":[{"name":"wp","href":"https:\/\/api.w.org\/{rel}","templated":true}]}}