{"id":3679,"date":"2025-04-02T07:57:21","date_gmt":"2025-04-02T10:57:21","guid":{"rendered":"https:\/\/www.fiemg.com.br\/associativismo\/noticias\/10-marcas-alagoanas-participam-do-minas-trend\/"},"modified":"2025-04-02T14:39:21","modified_gmt":"2025-04-02T17:39:21","slug":"10-marcas-alagoanas-participam-do-minas-trend","status":"publish","type":"noticias","link":"https:\/\/www.fiemg.com.br\/associativismo\/noticias\/10-marcas-alagoanas-participam-do-minas-trend\/","title":{"rendered":"10 marcas alagoanas participam do Minas Trend"},"content":{"rendered":"\n<p><br>O Sindicato das Ind\u00fastrias de Vestu\u00e1rio do Estado de Alagoas (Sindivest-AL) participa da 33\u00aa edi\u00e7\u00e3o do Minas Trend, entre os dias 8 e 10 de abril, no BH Shopping, em Belo Horizonte. A edi\u00e7\u00e3o contar\u00e1 com 10 empresas alagoanas dos setores de vestu\u00e1rio, bijuterias e acess\u00f3rios, al\u00e9m de bolsas e pe\u00e7as em couro das ind\u00fastrias associadas ao Sindicato das Ind\u00fastrias de Cal\u00e7ados e Bolsas do Estado de Alagoas (Sinduscal).<\/p>\n\n\n\n<p>Com a tem\u00e1tica \u201cOlhe. Olhe de novo.\u201d, o Minas Trend convida compradores, influenciadores, visitantes e expositores a explorar a moda sob novas perspectivas, exaltando a criatividade, a inova\u00e7\u00e3o e as emo\u00e7\u00f5es despertadas pelo setor.<\/p>\n\n\n\n<p>O estande coletivo \u201cConceito Alagoas\u201d, novamente marcar\u00e1 presen\u00e7a no sal\u00e3o de neg\u00f3cios, levando a beleza do bordado, do fil\u00e9 do Pontal e da renda singeleza atrav\u00e9s das marcas Adriana Gomes, Artecer, Ful\u00f4.A e Mimos de Dona Per\u00f3. A comitiva alagoana ser\u00e1 composta tamb\u00e9m pelas empresas veteranas Acessore.me, Alana Ten\u00f3rio, Milka Pereira, Piskuila e Severa, al\u00e9m da estreante Pontos e Contos, trazendo o bordado de Penedo em suas pe\u00e7as.<\/p>\n\n\n\n<p>Em 2025, o Sindivest Alagoas comemora uma parceria de 10 anos com o Minas Trend e a Federa\u00e7\u00e3o das Ind\u00fastrias de Minas Gerais (FIEMG), levando a beleza, a cultura e a moda alagoana para a maior feira de neg\u00f3cios da moda da Am\u00e9rica Latina. A participa\u00e7\u00e3o do Sindivest Alagoas Minas Trend se d\u00e1 atrav\u00e9s do apoio da Federa\u00e7\u00e3o das Ind\u00fastrias do Estado de Alagoas (Fiea) e do patroc\u00ednio do Sebrae Alagoas e Senai Alagoas.<\/p>\n\n\n\n<p>O Minas Trend \u00e9 uma realiza\u00e7\u00e3o da FIEMG, por iniciativa de sua C\u00e2mara da Ind\u00fastria de Insumos e Transforma\u00e7\u00e3o do Vestu\u00e1rio, Cal\u00e7ados e Acess\u00f3rios, e suas entidades SESI e SENAI, com patroc\u00ednio da Companhia de Desenvolvimento de Minas Gerais (Codemge), apoio m\u00e1ster do Sebrae Minas, e apoio da Rede Minas, R\u00e1dio Inconfid\u00eancia, Jornal Estado de Minas e Una.<\/p>\n\n\n\n<p><em>Com a colabora\u00e7\u00e3o do Sindivest-AL<\/em><br><strong>Imprensa FIEMG<\/strong><\/p>\n\n\n\n<p><\/p>\n","protected":false},"featured_media":3680,"template":"","categories":[15],"tags":[],"class_list":["post-3679","noticias","type-noticias","status-publish","has-post-thumbnail","hentry","category-desenvolvimento-industrial"],"acf":[],"yoast_head":"<!-- This site is optimized with the Yoast SEO plugin v26.2 - https:\/\/yoast.com\/wordpress\/plugins\/seo\/ -->\n<title>10 marcas alagoanas participam do Minas Trend - Associativismo<\/title>\n<meta name=\"robots\" content=\"index, follow, max-snippet:-1, max-image-preview:large, max-video-preview:-1\" \/>\n<link rel=\"canonical\" href=\"https:\/\/www.fiemg.com.br\/associativismo\/noticias\/10-marcas-alagoanas-participam-do-minas-trend\/\" \/>\n<meta property=\"og:locale\" content=\"pt_BR\" \/>\n<meta property=\"og:type\" content=\"article\" \/>\n<meta property=\"og:title\" content=\"10 marcas alagoanas participam do Minas Trend - Associativismo\" \/>\n<meta property=\"og:description\" content=\"O Sindicato das Ind\u00fastrias de Vestu\u00e1rio do Estado de Alagoas (Sindivest-AL) participa da 33\u00aa edi\u00e7\u00e3o do Minas Trend, entre os dias 8 e 10 de abril, no BH Shopping, em Belo Horizonte. A edi\u00e7\u00e3o contar\u00e1 com 10 empresas alagoanas dos setores de vestu\u00e1rio, bijuterias e acess\u00f3rios, al\u00e9m de bolsas e pe\u00e7as em couro das ind\u00fastrias [&hellip;]\" \/>\n<meta property=\"og:url\" content=\"https:\/\/www.fiemg.com.br\/associativismo\/noticias\/10-marcas-alagoanas-participam-do-minas-trend\/\" \/>\n<meta property=\"og:site_name\" content=\"Associativismo\" \/>\n<meta property=\"article:modified_time\" content=\"2025-04-02T17:39:21+00:00\" \/>\n<meta property=\"og:image\" content=\"https:\/\/www.fiemg.com.br\/associativismo\/wp-content\/uploads\/sites\/29\/2025\/04\/alagoas2.png\" \/>\n\t<meta property=\"og:image:width\" content=\"512\" \/>\n\t<meta property=\"og:image:height\" content=\"512\" \/>\n\t<meta property=\"og:image:type\" content=\"image\/png\" \/>\n<meta name=\"twitter:card\" content=\"summary_large_image\" \/>\n<meta name=\"twitter:label1\" content=\"Est. tempo de leitura\" \/>\n\t<meta name=\"twitter:data1\" content=\"2 minutos\" \/>\n<script type=\"application\/ld+json\" class=\"yoast-schema-graph\">{\"@context\":\"https:\/\/schema.org\",\"@graph\":[{\"@type\":\"WebPage\",\"@id\":\"https:\/\/www.fiemg.com.br\/associativismo\/noticias\/10-marcas-alagoanas-participam-do-minas-trend\/\",\"url\":\"https:\/\/www.fiemg.com.br\/associativismo\/noticias\/10-marcas-alagoanas-participam-do-minas-trend\/\",\"name\":\"10 marcas alagoanas participam do Minas Trend - Associativismo\",\"isPartOf\":{\"@id\":\"https:\/\/www.fiemg.com.br\/associativismo\/#website\"},\"primaryImageOfPage\":{\"@id\":\"https:\/\/www.fiemg.com.br\/associativismo\/noticias\/10-marcas-alagoanas-participam-do-minas-trend\/#primaryimage\"},\"image\":{\"@id\":\"https:\/\/www.fiemg.com.br\/associativismo\/noticias\/10-marcas-alagoanas-participam-do-minas-trend\/#primaryimage\"},\"thumbnailUrl\":\"https:\/\/www.fiemg.com.br\/associativismo\/wp-content\/uploads\/sites\/29\/2025\/04\/alagoas2.png\",\"datePublished\":\"2025-04-02T10:57:21+00:00\",\"dateModified\":\"2025-04-02T17:39:21+00:00\",\"breadcrumb\":{\"@id\":\"https:\/\/www.fiemg.com.br\/associativismo\/noticias\/10-marcas-alagoanas-participam-do-minas-trend\/#breadcrumb\"},\"inLanguage\":\"pt-BR\",\"potentialAction\":[{\"@type\":\"ReadAction\",\"target\":[\"https:\/\/www.fiemg.com.br\/associativismo\/noticias\/10-marcas-alagoanas-participam-do-minas-trend\/\"]}]},{\"@type\":\"ImageObject\",\"inLanguage\":\"pt-BR\",\"@id\":\"https:\/\/www.fiemg.com.br\/associativismo\/noticias\/10-marcas-alagoanas-participam-do-minas-trend\/#primaryimage\",\"url\":\"https:\/\/www.fiemg.com.br\/associativismo\/wp-content\/uploads\/sites\/29\/2025\/04\/alagoas2.png\",\"contentUrl\":\"https:\/\/www.fiemg.com.br\/associativismo\/wp-content\/uploads\/sites\/29\/2025\/04\/alagoas2.png\",\"width\":512,\"height\":512},{\"@type\":\"BreadcrumbList\",\"@id\":\"https:\/\/www.fiemg.com.br\/associativismo\/noticias\/10-marcas-alagoanas-participam-do-minas-trend\/#breadcrumb\",\"itemListElement\":[{\"@type\":\"ListItem\",\"position\":1,\"name\":\"In\u00edcio\",\"item\":\"https:\/\/www.fiemg.com.br\/associativismo\/\"},{\"@type\":\"ListItem\",\"position\":2,\"name\":\"10 marcas alagoanas participam do Minas Trend\"}]},{\"@type\":\"WebSite\",\"@id\":\"https:\/\/www.fiemg.com.br\/associativismo\/#website\",\"url\":\"https:\/\/www.fiemg.com.br\/associativismo\/\",\"name\":\"Associativismo\",\"description\":\"Federa\u00e7\u00e3o das Ind\u00fastrias do Estado de Minas Gerais\",\"publisher\":{\"@id\":\"https:\/\/www.fiemg.com.br\/associativismo\/#organization\"},\"potentialAction\":[{\"@type\":\"SearchAction\",\"target\":{\"@type\":\"EntryPoint\",\"urlTemplate\":\"https:\/\/www.fiemg.com.br\/associativismo\/?s={search_term_string}\"},\"query-input\":{\"@type\":\"PropertyValueSpecification\",\"valueRequired\":true,\"valueName\":\"search_term_string\"}}],\"inLanguage\":\"pt-BR\"},{\"@type\":\"Organization\",\"@id\":\"https:\/\/www.fiemg.com.br\/associativismo\/#organization\",\"name\":\"Associativismo\",\"url\":\"https:\/\/www.fiemg.com.br\/associativismo\/\",\"logo\":{\"@type\":\"ImageObject\",\"inLanguage\":\"pt-BR\",\"@id\":\"https:\/\/www.fiemg.com.br\/associativismo\/#\/schema\/logo\/image\/\",\"url\":\"https:\/\/www.fiemg.com.br\/associativismo\/wp-content\/uploads\/sites\/29\/2023\/02\/fiemg_branco.svg\",\"contentUrl\":\"https:\/\/www.fiemg.com.br\/associativismo\/wp-content\/uploads\/sites\/29\/2023\/02\/fiemg_branco.svg\",\"width\":561,\"height\":147,\"caption\":\"Associativismo\"},\"image\":{\"@id\":\"https:\/\/www.fiemg.com.br\/associativismo\/#\/schema\/logo\/image\/\"}}]}<\/script>\n<!-- \/ Yoast SEO plugin. -->","yoast_head_json":{"title":"10 marcas alagoanas participam do Minas Trend - Associativismo","robots":{"index":"index","follow":"follow","max-snippet":"max-snippet:-1","max-image-preview":"max-image-preview:large","max-video-preview":"max-video-preview:-1"},"canonical":"https:\/\/www.fiemg.com.br\/associativismo\/noticias\/10-marcas-alagoanas-participam-do-minas-trend\/","og_locale":"pt_BR","og_type":"article","og_title":"10 marcas alagoanas participam do Minas Trend - Associativismo","og_description":"O Sindicato das Ind\u00fastrias de Vestu\u00e1rio do Estado de Alagoas (Sindivest-AL) participa da 33\u00aa edi\u00e7\u00e3o do Minas Trend, entre os dias 8 e 10 de abril, no BH Shopping, em Belo Horizonte. A edi\u00e7\u00e3o contar\u00e1 com 10 empresas alagoanas dos setores de vestu\u00e1rio, bijuterias e acess\u00f3rios, al\u00e9m de bolsas e pe\u00e7as em couro das ind\u00fastrias [&hellip;]","og_url":"https:\/\/www.fiemg.com.br\/associativismo\/noticias\/10-marcas-alagoanas-participam-do-minas-trend\/","og_site_name":"Associativismo","article_modified_time":"2025-04-02T17:39:21+00:00","og_image":[{"width":512,"height":512,"url":"https:\/\/www.fiemg.com.br\/associativismo\/wp-content\/uploads\/sites\/29\/2025\/04\/alagoas2.png","type":"image\/png"}],"twitter_card":"summary_large_image","twitter_misc":{"Est. tempo de leitura":"2 minutos"},"schema":{"@context":"https:\/\/schema.org","@graph":[{"@type":"WebPage","@id":"https:\/\/www.fiemg.com.br\/associativismo\/noticias\/10-marcas-alagoanas-participam-do-minas-trend\/","url":"https:\/\/www.fiemg.com.br\/associativismo\/noticias\/10-marcas-alagoanas-participam-do-minas-trend\/","name":"10 marcas alagoanas participam do Minas Trend - Associativismo","isPartOf":{"@id":"https:\/\/www.fiemg.com.br\/associativismo\/#website"},"primaryImageOfPage":{"@id":"https:\/\/www.fiemg.com.br\/associativismo\/noticias\/10-marcas-alagoanas-participam-do-minas-trend\/#primaryimage"},"image":{"@id":"https:\/\/www.fiemg.com.br\/associativismo\/noticias\/10-marcas-alagoanas-participam-do-minas-trend\/#primaryimage"},"thumbnailUrl":"https:\/\/www.fiemg.com.br\/associativismo\/wp-content\/uploads\/sites\/29\/2025\/04\/alagoas2.png","datePublished":"2025-04-02T10:57:21+00:00","dateModified":"2025-04-02T17:39:21+00:00","breadcrumb":{"@id":"https:\/\/www.fiemg.com.br\/associativismo\/noticias\/10-marcas-alagoanas-participam-do-minas-trend\/#breadcrumb"},"inLanguage":"pt-BR","potentialAction":[{"@type":"ReadAction","target":["https:\/\/www.fiemg.com.br\/associativismo\/noticias\/10-marcas-alagoanas-participam-do-minas-trend\/"]}]},{"@type":"ImageObject","inLanguage":"pt-BR","@id":"https:\/\/www.fiemg.com.br\/associativismo\/noticias\/10-marcas-alagoanas-participam-do-minas-trend\/#primaryimage","url":"https:\/\/www.fiemg.com.br\/associativismo\/wp-content\/uploads\/sites\/29\/2025\/04\/alagoas2.png","contentUrl":"https:\/\/www.fiemg.com.br\/associativismo\/wp-content\/uploads\/sites\/29\/2025\/04\/alagoas2.png","width":512,"height":512},{"@type":"BreadcrumbList","@id":"https:\/\/www.fiemg.com.br\/associativismo\/noticias\/10-marcas-alagoanas-participam-do-minas-trend\/#breadcrumb","itemListElement":[{"@type":"ListItem","position":1,"name":"In\u00edcio","item":"https:\/\/www.fiemg.com.br\/associativismo\/"},{"@type":"ListItem","position":2,"name":"10 marcas alagoanas participam do Minas Trend"}]},{"@type":"WebSite","@id":"https:\/\/www.fiemg.com.br\/associativismo\/#website","url":"https:\/\/www.fiemg.com.br\/associativismo\/","name":"Associativismo","description":"Federa\u00e7\u00e3o das Ind\u00fastrias do Estado de Minas Gerais","publisher":{"@id":"https:\/\/www.fiemg.com.br\/associativismo\/#organization"},"potentialAction":[{"@type":"SearchAction","target":{"@type":"EntryPoint","urlTemplate":"https:\/\/www.fiemg.com.br\/associativismo\/?s={search_term_string}"},"query-input":{"@type":"PropertyValueSpecification","valueRequired":true,"valueName":"search_term_string"}}],"inLanguage":"pt-BR"},{"@type":"Organization","@id":"https:\/\/www.fiemg.com.br\/associativismo\/#organization","name":"Associativismo","url":"https:\/\/www.fiemg.com.br\/associativismo\/","logo":{"@type":"ImageObject","inLanguage":"pt-BR","@id":"https:\/\/www.fiemg.com.br\/associativismo\/#\/schema\/logo\/image\/","url":"https:\/\/www.fiemg.com.br\/associativismo\/wp-content\/uploads\/sites\/29\/2023\/02\/fiemg_branco.svg","contentUrl":"https:\/\/www.fiemg.com.br\/associativismo\/wp-content\/uploads\/sites\/29\/2023\/02\/fiemg_branco.svg","width":561,"height":147,"caption":"Associativismo"},"image":{"@id":"https:\/\/www.fiemg.com.br\/associativismo\/#\/schema\/logo\/image\/"}}]}},"_links":{"self":[{"href":"https:\/\/www.fiemg.com.br\/associativismo\/wp-json\/wp\/v2\/noticias\/3679","targetHints":{"allow":["GET"]}}],"collection":[{"href":"https:\/\/www.fiemg.com.br\/associativismo\/wp-json\/wp\/v2\/noticias"}],"about":[{"href":"https:\/\/www.fiemg.com.br\/associativismo\/wp-json\/wp\/v2\/types\/noticias"}],"wp:featuredmedia":[{"embeddable":true,"href":"https:\/\/www.fiemg.com.br\/associativismo\/wp-json\/wp\/v2\/media\/3680"}],"wp:attachment":[{"href":"https:\/\/www.fiemg.com.br\/associativismo\/wp-json\/wp\/v2\/media?parent=3679"}],"wp:term":[{"taxonomy":"category","embeddable":true,"href":"https:\/\/www.fiemg.com.br\/associativismo\/wp-json\/wp\/v2\/categories?post=3679"},{"taxonomy":"post_tag","embeddable":true,"href":"https:\/\/www.fiemg.com.br\/associativismo\/wp-json\/wp\/v2\/tags?post=3679"}],"curies":[{"name":"wp","href":"https:\/\/api.w.org\/{rel}","templated":true}]}}