{"id":3931,"date":"2025-06-25T13:51:58","date_gmt":"2025-06-25T16:51:58","guid":{"rendered":"https:\/\/www.fiemg.com.br\/associativismo\/noticias\/empresarios-do-vale-do-aco-participam-de-missao-ao-japao\/"},"modified":"2025-06-25T14:49:16","modified_gmt":"2025-06-25T17:49:16","slug":"empresarios-do-vale-do-aco-participam-de-missao-ao-japao","status":"publish","type":"noticias","link":"https:\/\/www.fiemg.com.br\/associativismo\/noticias\/empresarios-do-vale-do-aco-participam-de-missao-ao-japao\/","title":{"rendered":"Empres\u00e1rios do Vale do A\u00e7o participam de miss\u00e3o ao Jap\u00e3o"},"content":{"rendered":"\n<p>O Presidente da FIEMG Regional Vale do A\u00e7o, Jo\u00e3o Batista Alves e empres\u00e1rios da regi\u00e3o se uniram a delega\u00e7\u00e3o empresarial composta por mais de 150 industriais dos setores metal\u00fargico e mec\u00e2nico; constru\u00e7\u00e3o civil, moda, energia, biotecnologia dentre outros, al\u00e9m de autoridades p\u00fablicas, incluindo o governador de Minas Gerais, Romeu Zema para uma miss\u00e3o ao Jap\u00e3o.<\/p>\n\n\n\n<p>O objetivo \u00e9 discutir temas fundamentais para as rela\u00e7\u00f5es comerciais e econ\u00f4micas entre os dois pa\u00edses, visando proporcionar ao p\u00fablico insights valiosos, oportunidades de neg\u00f3cios e networking, fortalecer a imagem de Minas Gerais como parceiro estrat\u00e9gico, bem como apresentar aos japoneses as oportunidades de parcerias bilaterais.<\/p>\n\n\n\n<p>Para o Presidente da FIEMG Vale do A\u00e7o, a miss\u00e3o possibilita oportunidades de neg\u00f3cios entre os dois pa\u00edses. \u201c\u00c9 uma experi\u00eancia valiosa de grandes trocas, conex\u00f5es &nbsp;e principalmente, de &nbsp;apresentar as caracter\u00edsticas e diferenciais do Brasil e de suas ind\u00fastrias, prospectando neg\u00f3cios e parcerias\u201d, destacou.<\/p>\n\n\n\n<p>A Miss\u00e3o ao Jap\u00e3o 2025, al\u00e9m do f\u00f3rum, contou com visitas t\u00e9cnicas, eventos de networking e participa\u00e7\u00e3o na Expo Osaka, que acontece a cada 5 anos em diferentes pa\u00edses e re\u00fane representantes do mundo todo para apresentar as tend\u00eancias, tecnologias e inova\u00e7\u00f5es mundiais, tanto de empresas quanto das na\u00e7\u00f5es.<\/p>\n\n\n\n<p>A iniciativa da FIEMG tem patroc\u00ednio da Companhia de Desenvolvimento de Minas Gerais (Codemge), patroc\u00ednio prata da Usiminas e da Vale, patroc\u00ednio bronze da Sigma Lithium, parceria da Gerdau e apoio da Anglo American.<\/p>\n\n\n\n<p><strong><em>Hist\u00f3rico de resultados positivos<\/em><\/strong><\/p>\n\n\n\n<p>A Miss\u00e3o ao Jap\u00e3o se soma a um portf\u00f3lio de iniciativas bem-sucedidas da FIEMG em outros mercados. Nos \u00faltimos tr\u00eas anos, a Federa\u00e7\u00e3o realizou miss\u00f5es para os Emirados \u00c1rabes Unidos (2021), \u00cdndia (2022), It\u00e1lia (2023), China (2023 e 2024) e Alemanha (2024), com impactos concretos na economia mineira.<\/p>\n\n\n\n<ul class=\"wp-block-list\">\n<li>Em 2021, a Miss\u00e3o aos Emirados \u00c1rabes resultou em 760 contatos de neg\u00f3cios e no crescimento de 30% nas exporta\u00e7\u00f5es para o pa\u00eds.<\/li>\n\n\n\n<li>Em 2022, a Miss\u00e3o \u00e0 \u00cdndia firmou 234 neg\u00f3cios, movimentando US$ 66 milh\u00f5es em apenas um ano.<\/li>\n\n\n\n<li>Em 2023, a Miss\u00e3o \u00e0 China atraiu R$ 800 milh\u00f5es em investimentos para Minas Gerais, com o an\u00fancio da instala\u00e7\u00e3o de quatro empresas chinesas no Estado.<\/li>\n\n\n\n<li>Em 2024, a\u00a0Miss\u00e3o \u00e0 China culminou na assinatura de diversos acordos e Memorandos de Entendimento (MoU) entre o governo de Minas e empresas chinesas e tamb\u00e9m entre empresas mineiras e investidores do pa\u00eds, que totalizaram mais de US$ 120 milh\u00f5es.<\/li>\n<\/ul>\n\n\n\n<p>Esses resultados refor\u00e7am a import\u00e2ncia das miss\u00f5es como ferramentas de promo\u00e7\u00e3o comercial, inova\u00e7\u00e3o e competitividade. \u201cAs iniciativas de promo\u00e7\u00e3o comercial internacional s\u00e3o cruciais para apoiar as ind\u00fastrias que j\u00e1 exportam ou que est\u00e3o se preparando para isso. Al\u00e9m de abrir portas para novos mercados, as miss\u00f5es ajudam nossas empresas a incorporar tecnologias e pr\u00e1ticas de ponta\u201d, complementa Rebecca Macedo, Gerente do Centro Internacional de Neg\u00f3cios (CIN).<\/p>\n","protected":false},"featured_media":3934,"template":"","categories":[],"tags":[],"class_list":["post-3931","noticias","type-noticias","status-publish","has-post-thumbnail","hentry"],"acf":[],"yoast_head":"<!-- This site is optimized with the Yoast SEO plugin v26.2 - https:\/\/yoast.com\/wordpress\/plugins\/seo\/ -->\n<title>Empres\u00e1rios do Vale do A\u00e7o participam de miss\u00e3o ao Jap\u00e3o - Associativismo<\/title>\n<meta name=\"robots\" content=\"index, follow, max-snippet:-1, max-image-preview:large, max-video-preview:-1\" \/>\n<link rel=\"canonical\" href=\"https:\/\/www.fiemg.com.br\/associativismo\/noticias\/empresarios-do-vale-do-aco-participam-de-missao-ao-japao\/\" \/>\n<meta property=\"og:locale\" content=\"pt_BR\" \/>\n<meta property=\"og:type\" content=\"article\" \/>\n<meta property=\"og:title\" content=\"Empres\u00e1rios do Vale do A\u00e7o participam de miss\u00e3o ao Jap\u00e3o - Associativismo\" \/>\n<meta property=\"og:description\" content=\"O Presidente da FIEMG Regional Vale do A\u00e7o, Jo\u00e3o Batista Alves e empres\u00e1rios da regi\u00e3o se uniram a delega\u00e7\u00e3o empresarial composta por mais de 150 industriais dos setores metal\u00fargico e mec\u00e2nico; constru\u00e7\u00e3o civil, moda, energia, biotecnologia dentre outros, al\u00e9m de autoridades p\u00fablicas, incluindo o governador de Minas Gerais, Romeu Zema para uma miss\u00e3o ao Jap\u00e3o. [&hellip;]\" \/>\n<meta property=\"og:url\" content=\"https:\/\/www.fiemg.com.br\/associativismo\/noticias\/empresarios-do-vale-do-aco-participam-de-missao-ao-japao\/\" \/>\n<meta property=\"og:site_name\" content=\"Associativismo\" \/>\n<meta property=\"article:modified_time\" content=\"2025-06-25T17:49:16+00:00\" \/>\n<meta property=\"og:image\" content=\"https:\/\/www.fiemg.com.br\/associativismo\/wp-content\/uploads\/sites\/29\/2025\/06\/00699918-f7b1-4255-8267-396a7e46c3df.jpg\" \/>\n\t<meta property=\"og:image:width\" content=\"960\" \/>\n\t<meta property=\"og:image:height\" content=\"1280\" \/>\n\t<meta property=\"og:image:type\" content=\"image\/jpeg\" \/>\n<meta name=\"twitter:card\" content=\"summary_large_image\" \/>\n<meta name=\"twitter:label1\" content=\"Est. tempo de leitura\" \/>\n\t<meta name=\"twitter:data1\" content=\"3 minutos\" \/>\n<script type=\"application\/ld+json\" class=\"yoast-schema-graph\">{\"@context\":\"https:\/\/schema.org\",\"@graph\":[{\"@type\":\"WebPage\",\"@id\":\"https:\/\/www.fiemg.com.br\/associativismo\/noticias\/empresarios-do-vale-do-aco-participam-de-missao-ao-japao\/\",\"url\":\"https:\/\/www.fiemg.com.br\/associativismo\/noticias\/empresarios-do-vale-do-aco-participam-de-missao-ao-japao\/\",\"name\":\"Empres\u00e1rios do Vale do A\u00e7o participam de miss\u00e3o ao Jap\u00e3o - Associativismo\",\"isPartOf\":{\"@id\":\"https:\/\/www.fiemg.com.br\/associativismo\/#website\"},\"primaryImageOfPage\":{\"@id\":\"https:\/\/www.fiemg.com.br\/associativismo\/noticias\/empresarios-do-vale-do-aco-participam-de-missao-ao-japao\/#primaryimage\"},\"image\":{\"@id\":\"https:\/\/www.fiemg.com.br\/associativismo\/noticias\/empresarios-do-vale-do-aco-participam-de-missao-ao-japao\/#primaryimage\"},\"thumbnailUrl\":\"https:\/\/www.fiemg.com.br\/associativismo\/wp-content\/uploads\/sites\/29\/2025\/06\/00699918-f7b1-4255-8267-396a7e46c3df.jpg\",\"datePublished\":\"2025-06-25T16:51:58+00:00\",\"dateModified\":\"2025-06-25T17:49:16+00:00\",\"breadcrumb\":{\"@id\":\"https:\/\/www.fiemg.com.br\/associativismo\/noticias\/empresarios-do-vale-do-aco-participam-de-missao-ao-japao\/#breadcrumb\"},\"inLanguage\":\"pt-BR\",\"potentialAction\":[{\"@type\":\"ReadAction\",\"target\":[\"https:\/\/www.fiemg.com.br\/associativismo\/noticias\/empresarios-do-vale-do-aco-participam-de-missao-ao-japao\/\"]}]},{\"@type\":\"ImageObject\",\"inLanguage\":\"pt-BR\",\"@id\":\"https:\/\/www.fiemg.com.br\/associativismo\/noticias\/empresarios-do-vale-do-aco-participam-de-missao-ao-japao\/#primaryimage\",\"url\":\"https:\/\/www.fiemg.com.br\/associativismo\/wp-content\/uploads\/sites\/29\/2025\/06\/00699918-f7b1-4255-8267-396a7e46c3df.jpg\",\"contentUrl\":\"https:\/\/www.fiemg.com.br\/associativismo\/wp-content\/uploads\/sites\/29\/2025\/06\/00699918-f7b1-4255-8267-396a7e46c3df.jpg\",\"width\":960,\"height\":1280},{\"@type\":\"BreadcrumbList\",\"@id\":\"https:\/\/www.fiemg.com.br\/associativismo\/noticias\/empresarios-do-vale-do-aco-participam-de-missao-ao-japao\/#breadcrumb\",\"itemListElement\":[{\"@type\":\"ListItem\",\"position\":1,\"name\":\"In\u00edcio\",\"item\":\"https:\/\/www.fiemg.com.br\/associativismo\/\"},{\"@type\":\"ListItem\",\"position\":2,\"name\":\"Empres\u00e1rios do Vale do A\u00e7o participam de miss\u00e3o ao Jap\u00e3o\"}]},{\"@type\":\"WebSite\",\"@id\":\"https:\/\/www.fiemg.com.br\/associativismo\/#website\",\"url\":\"https:\/\/www.fiemg.com.br\/associativismo\/\",\"name\":\"Associativismo\",\"description\":\"Federa\u00e7\u00e3o das Ind\u00fastrias do Estado de Minas Gerais\",\"publisher\":{\"@id\":\"https:\/\/www.fiemg.com.br\/associativismo\/#organization\"},\"potentialAction\":[{\"@type\":\"SearchAction\",\"target\":{\"@type\":\"EntryPoint\",\"urlTemplate\":\"https:\/\/www.fiemg.com.br\/associativismo\/?s={search_term_string}\"},\"query-input\":{\"@type\":\"PropertyValueSpecification\",\"valueRequired\":true,\"valueName\":\"search_term_string\"}}],\"inLanguage\":\"pt-BR\"},{\"@type\":\"Organization\",\"@id\":\"https:\/\/www.fiemg.com.br\/associativismo\/#organization\",\"name\":\"Associativismo\",\"url\":\"https:\/\/www.fiemg.com.br\/associativismo\/\",\"logo\":{\"@type\":\"ImageObject\",\"inLanguage\":\"pt-BR\",\"@id\":\"https:\/\/www.fiemg.com.br\/associativismo\/#\/schema\/logo\/image\/\",\"url\":\"https:\/\/www.fiemg.com.br\/associativismo\/wp-content\/uploads\/sites\/29\/2023\/02\/fiemg_branco.svg\",\"contentUrl\":\"https:\/\/www.fiemg.com.br\/associativismo\/wp-content\/uploads\/sites\/29\/2023\/02\/fiemg_branco.svg\",\"width\":561,\"height\":147,\"caption\":\"Associativismo\"},\"image\":{\"@id\":\"https:\/\/www.fiemg.com.br\/associativismo\/#\/schema\/logo\/image\/\"}}]}<\/script>\n<!-- \/ Yoast SEO plugin. -->","yoast_head_json":{"title":"Empres\u00e1rios do Vale do A\u00e7o participam de miss\u00e3o ao Jap\u00e3o - Associativismo","robots":{"index":"index","follow":"follow","max-snippet":"max-snippet:-1","max-image-preview":"max-image-preview:large","max-video-preview":"max-video-preview:-1"},"canonical":"https:\/\/www.fiemg.com.br\/associativismo\/noticias\/empresarios-do-vale-do-aco-participam-de-missao-ao-japao\/","og_locale":"pt_BR","og_type":"article","og_title":"Empres\u00e1rios do Vale do A\u00e7o participam de miss\u00e3o ao Jap\u00e3o - Associativismo","og_description":"O Presidente da FIEMG Regional Vale do A\u00e7o, Jo\u00e3o Batista Alves e empres\u00e1rios da regi\u00e3o se uniram a delega\u00e7\u00e3o empresarial composta por mais de 150 industriais dos setores metal\u00fargico e mec\u00e2nico; constru\u00e7\u00e3o civil, moda, energia, biotecnologia dentre outros, al\u00e9m de autoridades p\u00fablicas, incluindo o governador de Minas Gerais, Romeu Zema para uma miss\u00e3o ao Jap\u00e3o. [&hellip;]","og_url":"https:\/\/www.fiemg.com.br\/associativismo\/noticias\/empresarios-do-vale-do-aco-participam-de-missao-ao-japao\/","og_site_name":"Associativismo","article_modified_time":"2025-06-25T17:49:16+00:00","og_image":[{"width":960,"height":1280,"url":"https:\/\/www.fiemg.com.br\/associativismo\/wp-content\/uploads\/sites\/29\/2025\/06\/00699918-f7b1-4255-8267-396a7e46c3df.jpg","type":"image\/jpeg"}],"twitter_card":"summary_large_image","twitter_misc":{"Est. tempo de leitura":"3 minutos"},"schema":{"@context":"https:\/\/schema.org","@graph":[{"@type":"WebPage","@id":"https:\/\/www.fiemg.com.br\/associativismo\/noticias\/empresarios-do-vale-do-aco-participam-de-missao-ao-japao\/","url":"https:\/\/www.fiemg.com.br\/associativismo\/noticias\/empresarios-do-vale-do-aco-participam-de-missao-ao-japao\/","name":"Empres\u00e1rios do Vale do A\u00e7o participam de miss\u00e3o ao Jap\u00e3o - Associativismo","isPartOf":{"@id":"https:\/\/www.fiemg.com.br\/associativismo\/#website"},"primaryImageOfPage":{"@id":"https:\/\/www.fiemg.com.br\/associativismo\/noticias\/empresarios-do-vale-do-aco-participam-de-missao-ao-japao\/#primaryimage"},"image":{"@id":"https:\/\/www.fiemg.com.br\/associativismo\/noticias\/empresarios-do-vale-do-aco-participam-de-missao-ao-japao\/#primaryimage"},"thumbnailUrl":"https:\/\/www.fiemg.com.br\/associativismo\/wp-content\/uploads\/sites\/29\/2025\/06\/00699918-f7b1-4255-8267-396a7e46c3df.jpg","datePublished":"2025-06-25T16:51:58+00:00","dateModified":"2025-06-25T17:49:16+00:00","breadcrumb":{"@id":"https:\/\/www.fiemg.com.br\/associativismo\/noticias\/empresarios-do-vale-do-aco-participam-de-missao-ao-japao\/#breadcrumb"},"inLanguage":"pt-BR","potentialAction":[{"@type":"ReadAction","target":["https:\/\/www.fiemg.com.br\/associativismo\/noticias\/empresarios-do-vale-do-aco-participam-de-missao-ao-japao\/"]}]},{"@type":"ImageObject","inLanguage":"pt-BR","@id":"https:\/\/www.fiemg.com.br\/associativismo\/noticias\/empresarios-do-vale-do-aco-participam-de-missao-ao-japao\/#primaryimage","url":"https:\/\/www.fiemg.com.br\/associativismo\/wp-content\/uploads\/sites\/29\/2025\/06\/00699918-f7b1-4255-8267-396a7e46c3df.jpg","contentUrl":"https:\/\/www.fiemg.com.br\/associativismo\/wp-content\/uploads\/sites\/29\/2025\/06\/00699918-f7b1-4255-8267-396a7e46c3df.jpg","width":960,"height":1280},{"@type":"BreadcrumbList","@id":"https:\/\/www.fiemg.com.br\/associativismo\/noticias\/empresarios-do-vale-do-aco-participam-de-missao-ao-japao\/#breadcrumb","itemListElement":[{"@type":"ListItem","position":1,"name":"In\u00edcio","item":"https:\/\/www.fiemg.com.br\/associativismo\/"},{"@type":"ListItem","position":2,"name":"Empres\u00e1rios do Vale do A\u00e7o participam de miss\u00e3o ao Jap\u00e3o"}]},{"@type":"WebSite","@id":"https:\/\/www.fiemg.com.br\/associativismo\/#website","url":"https:\/\/www.fiemg.com.br\/associativismo\/","name":"Associativismo","description":"Federa\u00e7\u00e3o das Ind\u00fastrias do Estado de Minas Gerais","publisher":{"@id":"https:\/\/www.fiemg.com.br\/associativismo\/#organization"},"potentialAction":[{"@type":"SearchAction","target":{"@type":"EntryPoint","urlTemplate":"https:\/\/www.fiemg.com.br\/associativismo\/?s={search_term_string}"},"query-input":{"@type":"PropertyValueSpecification","valueRequired":true,"valueName":"search_term_string"}}],"inLanguage":"pt-BR"},{"@type":"Organization","@id":"https:\/\/www.fiemg.com.br\/associativismo\/#organization","name":"Associativismo","url":"https:\/\/www.fiemg.com.br\/associativismo\/","logo":{"@type":"ImageObject","inLanguage":"pt-BR","@id":"https:\/\/www.fiemg.com.br\/associativismo\/#\/schema\/logo\/image\/","url":"https:\/\/www.fiemg.com.br\/associativismo\/wp-content\/uploads\/sites\/29\/2023\/02\/fiemg_branco.svg","contentUrl":"https:\/\/www.fiemg.com.br\/associativismo\/wp-content\/uploads\/sites\/29\/2023\/02\/fiemg_branco.svg","width":561,"height":147,"caption":"Associativismo"},"image":{"@id":"https:\/\/www.fiemg.com.br\/associativismo\/#\/schema\/logo\/image\/"}}]}},"_links":{"self":[{"href":"https:\/\/www.fiemg.com.br\/associativismo\/wp-json\/wp\/v2\/noticias\/3931","targetHints":{"allow":["GET"]}}],"collection":[{"href":"https:\/\/www.fiemg.com.br\/associativismo\/wp-json\/wp\/v2\/noticias"}],"about":[{"href":"https:\/\/www.fiemg.com.br\/associativismo\/wp-json\/wp\/v2\/types\/noticias"}],"wp:featuredmedia":[{"embeddable":true,"href":"https:\/\/www.fiemg.com.br\/associativismo\/wp-json\/wp\/v2\/media\/3934"}],"wp:attachment":[{"href":"https:\/\/www.fiemg.com.br\/associativismo\/wp-json\/wp\/v2\/media?parent=3931"}],"wp:term":[{"taxonomy":"category","embeddable":true,"href":"https:\/\/www.fiemg.com.br\/associativismo\/wp-json\/wp\/v2\/categories?post=3931"},{"taxonomy":"post_tag","embeddable":true,"href":"https:\/\/www.fiemg.com.br\/associativismo\/wp-json\/wp\/v2\/tags?post=3931"}],"curies":[{"name":"wp","href":"https:\/\/api.w.org\/{rel}","templated":true}]}}