{"id":3936,"date":"2025-06-26T16:23:03","date_gmt":"2025-06-26T19:23:03","guid":{"rendered":"https:\/\/www.fiemg.com.br\/associativismo\/noticias\/fiemg-promove-jantar-the-bearer-of-the-future-durante-missao-ao-japao\/"},"modified":"2025-06-26T16:23:09","modified_gmt":"2025-06-26T19:23:09","slug":"fiemg-promove-jantar-the-bearer-of-the-future-durante-missao-ao-japao","status":"publish","type":"noticias","link":"https:\/\/www.fiemg.com.br\/associativismo\/noticias\/fiemg-promove-jantar-the-bearer-of-the-future-durante-missao-ao-japao\/","title":{"rendered":"FIEMG promove jantar The Bearer Of The Future durante Miss\u00e3o ao Jap\u00e3o"},"content":{"rendered":"\n<p><\/p>\n\n\n\n<p>Em miss\u00e3o ao Jap\u00e3o, a Federa\u00e7\u00e3o das Ind\u00fastrias do Estado de Minas Gerais (FIEMG) promoveu nesta quarta-feira (25\/06) o jantar The Bearer Of The Future, com a presen\u00e7a da delega\u00e7\u00e3o empresarial mineira e autoridades. O evento foi aberto pelo presidente da FIEMG, Fl\u00e1vio Roscoe, e pelo governador Romeu Zema, que refor\u00e7aram a parceria entre o governo estadual e o setor produtivo.<\/p>\n\n\n\n<p>&#8220;A FIEMG, junto da FAEMG e da Fecom\u00e9rcio, tem sido uma grande parceira da nossa gest\u00e3o. \u00c9 um trabalho a quatro m\u00e3os. O Fl\u00e1vio, por exemplo, \u00e9 como um secret\u00e1rio de Ind\u00fastria que est\u00e1 sempre dialogando conosco, o que tem sido extremamente positivo para Minas Gerais&#8221;, afirmou Zema.<\/p>\n\n\n\n<p>Na ocasi\u00e3o, o diretor global de Marca, Comunica\u00e7\u00e3o e Rela\u00e7\u00f5es Institucionais da Gerdau, Pedro Moraes Torres Pinto, foi homenageado como executivo Portador de Futuro, por sua lideran\u00e7a em solu\u00e7\u00f5es sustent\u00e1veis e por contribuir com o fortalecimento do ambiente empresarial em Minas Gerais. A honraria foi entregue por Roscoe e Zema.<\/p>\n\n\n\n<p>\u201cO Pedro liderou a transforma\u00e7\u00e3o da imagem da Gerdau, uma empresa de atua\u00e7\u00e3o global e cora\u00e7\u00e3o mineiro. Foi essencial nesse processo de conex\u00e3o com a sociedade e de reposicionamento da comunica\u00e7\u00e3o da empresa, reconhecida hoje como uma das mais admiradas do Estado\u201d, destacou Roscoe.<\/p>\n\n\n\n<p>Ao agradecer a homenagem, Pedro ressaltou a import\u00e2ncia da parceria com a FIEMG. \u201cFiquei profundamente honrado com esse reconhecimento, ainda mais vindo a Federa\u00e7\u00e3o das Ind\u00fastrias de Minhas Gerais, a minha terra. Eu morei fora por algum tempo e quando voltei para Minas, para assumir o desafio na Gerdau, o Fl\u00e1vio me disse que o setor precisava se comunicar melhor \u2014 e isso foi um ponto de virada. Acredito que comunica\u00e7\u00e3o n\u00e3o \u00e9 aquilo que a gente fala, a comunica\u00e7\u00e3o \u00e9 aquilo que as pessoas entendem. E com esse olhar, conseguimos dar passos importantes na forma como a Gerdau se relaciona com a sociedade. Muito do que evolu\u00edmos foi com o est\u00edmulo da FIEMG e do Fl\u00e1vio\u201d, declarou. Pedro tamb\u00e9m agradeceu \u00e0 equipe de comunica\u00e7\u00e3o da Gerdau e \u00e0 sua fam\u00edlia.<\/p>\n\n\n\n<p>O jantar The Bearer of The Future \u00e9 uma realiza\u00e7\u00e3o da FIEMG e tem patroc\u00ednio da Companhia de Desenvolvimento de Minas Gerais (Codemge), patroc\u00ednio prata da Usiminas e da Vale, patroc\u00ednio bronze da Sigma Lithium, parceria da Gerdau e apoio da Anglo American.<\/p>\n\n\n\n<p><strong>Leia tamb\u00e9m:<\/strong><br>&#8211; <a href=\"https:\/\/www.fiemg.com.br\/noticias\/delegacao-brasileira-participa-de-programa-executivo-e-visita-tecnica-no-japao\/\">Delega\u00e7\u00e3o brasileira participa de programa executivo e visitas t\u00e9cnicas no Ja<\/a><a href=\"https:\/\/www.fiemg.com.br\/noticias\/delegacao-brasileira-participa-de-programa-executivo-e-visita-tecnica-no-japao\/\" target=\"_blank\" rel=\"noreferrer noopener\">p\u00e3o<\/a><br>\u2013\u00a0<a href=\"https:\/\/www.fiemg.com.br\/noticias\/fiemg-participa-de-evento-para-apresentar-minas-a-empresas-japonesas\/\" target=\"_blank\" rel=\"noreferrer noopener\">FIEMG participa de evento para apresentar Minas a empresas japonesas<\/a><br>\u2013\u00a0<a href=\"https:\/\/www.fiemg.com.br\/noticias\/missao-da-fiemg-ao-japao-tem-inicio-com-visitas-a-expo-osaka\/\">Miss\u00e3o da FIEMG ao Jap\u00e3o te<\/a><a href=\"https:\/\/www.fiemg.com.br\/noticias\/missao-da-fiemg-ao-japao-tem-inicio-com-visitas-a-expo-osaka\/\" target=\"_blank\" rel=\"noreferrer noopener\">m in\u00edcio com visitas \u00e0 Expo Osaka<\/a><br>\u2013\u00a0<a href=\"https:\/\/www.fiemg.com.br\/noticias\/governador-romeu-zema-participara-de-missao-da-fiemg-ao-japao\/\" target=\"_blank\" rel=\"noreferrer noopener\">Governador Romeu Zema participar\u00e1 de miss\u00e3o da FIEMG ao Jap\u00e3o<\/a><br>\u2013\u00a0<a href=\"https:\/\/www.fiemg.com.br\/noticias\/empresarios-mineiros-veem-grandes-oportunidades-na-missao-ao-japao\/\" target=\"_blank\" rel=\"noreferrer noopener\">Empres\u00e1rios mineiros veem grandes oportunidades na Miss\u00e3o ao Jap\u00e3o<\/a><br>\u2013\u00a0<a href=\"https:\/\/www.fiemg.com.br\/noticias\/fiemg-cni-e-apexbrasil-fortalecem-internacionalizacao-da-industria-brasileira-durante-missao-ao-japao\/\">FIEMG, CNI e ApexBrasil fortalecem internacionaliza\u00e7\u00e3o da ind\u00fastria brasileira durante Miss\u00e3o ao Jap\u00e3<\/a><a href=\"https:\/\/www.fiemg.com.br\/noticias\/fiemg-cni-e-apexbrasil-fortalecem-internacionalizacao-da-industria-brasileira-durante-missao-ao-japao\/\" target=\"_blank\" rel=\"noreferrer noopener\">o<\/a><br>\u2013\u00a0<a href=\"https:\/\/www.fiemg.com.br\/noticias\/fiemg-promove-missao-ao-japao-e-a-expo-osaka-em-2025\/\">FIEMG promove miss\u00e3o ao Jap\u00e3o e \u00e0 Expo Osaka em 202<\/a><a href=\"https:\/\/www.fiemg.com.br\/noticias\/fiemg-promove-missao-ao-japao-e-a-expo-osaka-em-2025\/\" target=\"_blank\" rel=\"noreferrer noopener\">5<\/a><br><br><em>Tha\u00eds Mota<\/em><br><strong>Imprensa FIEMG<\/strong><\/p>\n","protected":false},"featured_media":3937,"template":"","categories":[15],"tags":[46,47,484,54,1103,659,924],"class_list":["post-3936","noticias","type-noticias","status-publish","has-post-thumbnail","hentry","category-desenvolvimento-industrial","tag-fiemg","tag-flavio-roscoe","tag-gerdau","tag-homenagem","tag-portador-de-futuro","tag-romeu-zema","tag-the-bearer-of-the-future"],"acf":[],"yoast_head":"<!-- This site is optimized with the Yoast SEO plugin v26.2 - https:\/\/yoast.com\/wordpress\/plugins\/seo\/ -->\n<title>FIEMG promove jantar The Bearer Of The Future durante Miss\u00e3o ao Jap\u00e3o - Associativismo<\/title>\n<meta name=\"description\" content=\"Evento reuniu empres\u00e1rios mineiros e autoridades e homenageou executivo da Gerdau por sua atua\u00e7\u00e3o na comunica\u00e7\u00e3o da empresa\" \/>\n<meta name=\"robots\" content=\"index, follow, max-snippet:-1, max-image-preview:large, max-video-preview:-1\" \/>\n<link rel=\"canonical\" href=\"https:\/\/www.fiemg.com.br\/associativismo\/noticias\/fiemg-promove-jantar-the-bearer-of-the-future-durante-missao-ao-japao\/\" \/>\n<meta property=\"og:locale\" content=\"pt_BR\" \/>\n<meta property=\"og:type\" content=\"article\" \/>\n<meta property=\"og:title\" content=\"FIEMG promove jantar The Bearer Of The Future durante Miss\u00e3o ao Jap\u00e3o - Associativismo\" \/>\n<meta property=\"og:description\" content=\"Evento reuniu empres\u00e1rios mineiros e autoridades e homenageou executivo da Gerdau por sua atua\u00e7\u00e3o na comunica\u00e7\u00e3o da empresa\" \/>\n<meta property=\"og:url\" content=\"https:\/\/www.fiemg.com.br\/associativismo\/noticias\/fiemg-promove-jantar-the-bearer-of-the-future-durante-missao-ao-japao\/\" \/>\n<meta property=\"og:site_name\" content=\"Associativismo\" \/>\n<meta property=\"article:modified_time\" content=\"2025-06-26T19:23:09+00:00\" \/>\n<meta property=\"og:image\" content=\"https:\/\/www.fiemg.com.br\/associativismo\/wp-content\/uploads\/sites\/29\/2025\/06\/The-Bearer-of-The-Future-Japao-1.jpg\" \/>\n\t<meta property=\"og:image:width\" content=\"512\" \/>\n\t<meta property=\"og:image:height\" content=\"512\" \/>\n\t<meta property=\"og:image:type\" content=\"image\/jpeg\" \/>\n<meta name=\"twitter:card\" content=\"summary_large_image\" \/>\n<meta name=\"twitter:label1\" content=\"Est. tempo de leitura\" \/>\n\t<meta name=\"twitter:data1\" content=\"3 minutos\" \/>\n<script type=\"application\/ld+json\" class=\"yoast-schema-graph\">{\"@context\":\"https:\/\/schema.org\",\"@graph\":[{\"@type\":\"WebPage\",\"@id\":\"https:\/\/www.fiemg.com.br\/associativismo\/noticias\/fiemg-promove-jantar-the-bearer-of-the-future-durante-missao-ao-japao\/\",\"url\":\"https:\/\/www.fiemg.com.br\/associativismo\/noticias\/fiemg-promove-jantar-the-bearer-of-the-future-durante-missao-ao-japao\/\",\"name\":\"FIEMG promove jantar The Bearer Of The Future durante Miss\u00e3o ao Jap\u00e3o - Associativismo\",\"isPartOf\":{\"@id\":\"https:\/\/www.fiemg.com.br\/associativismo\/#website\"},\"primaryImageOfPage\":{\"@id\":\"https:\/\/www.fiemg.com.br\/associativismo\/noticias\/fiemg-promove-jantar-the-bearer-of-the-future-durante-missao-ao-japao\/#primaryimage\"},\"image\":{\"@id\":\"https:\/\/www.fiemg.com.br\/associativismo\/noticias\/fiemg-promove-jantar-the-bearer-of-the-future-durante-missao-ao-japao\/#primaryimage\"},\"thumbnailUrl\":\"https:\/\/www.fiemg.com.br\/associativismo\/wp-content\/uploads\/sites\/29\/2025\/06\/The-Bearer-of-The-Future-Japao-1.jpg\",\"datePublished\":\"2025-06-26T19:23:03+00:00\",\"dateModified\":\"2025-06-26T19:23:09+00:00\",\"description\":\"Evento reuniu empres\u00e1rios mineiros e autoridades e homenageou executivo da Gerdau por sua atua\u00e7\u00e3o na comunica\u00e7\u00e3o da empresa\",\"breadcrumb\":{\"@id\":\"https:\/\/www.fiemg.com.br\/associativismo\/noticias\/fiemg-promove-jantar-the-bearer-of-the-future-durante-missao-ao-japao\/#breadcrumb\"},\"inLanguage\":\"pt-BR\",\"potentialAction\":[{\"@type\":\"ReadAction\",\"target\":[\"https:\/\/www.fiemg.com.br\/associativismo\/noticias\/fiemg-promove-jantar-the-bearer-of-the-future-durante-missao-ao-japao\/\"]}]},{\"@type\":\"ImageObject\",\"inLanguage\":\"pt-BR\",\"@id\":\"https:\/\/www.fiemg.com.br\/associativismo\/noticias\/fiemg-promove-jantar-the-bearer-of-the-future-durante-missao-ao-japao\/#primaryimage\",\"url\":\"https:\/\/www.fiemg.com.br\/associativismo\/wp-content\/uploads\/sites\/29\/2025\/06\/The-Bearer-of-The-Future-Japao-1.jpg\",\"contentUrl\":\"https:\/\/www.fiemg.com.br\/associativismo\/wp-content\/uploads\/sites\/29\/2025\/06\/The-Bearer-of-The-Future-Japao-1.jpg\",\"width\":512,\"height\":512},{\"@type\":\"BreadcrumbList\",\"@id\":\"https:\/\/www.fiemg.com.br\/associativismo\/noticias\/fiemg-promove-jantar-the-bearer-of-the-future-durante-missao-ao-japao\/#breadcrumb\",\"itemListElement\":[{\"@type\":\"ListItem\",\"position\":1,\"name\":\"In\u00edcio\",\"item\":\"https:\/\/www.fiemg.com.br\/associativismo\/\"},{\"@type\":\"ListItem\",\"position\":2,\"name\":\"FIEMG promove jantar The Bearer Of The Future durante Miss\u00e3o ao Jap\u00e3o\"}]},{\"@type\":\"WebSite\",\"@id\":\"https:\/\/www.fiemg.com.br\/associativismo\/#website\",\"url\":\"https:\/\/www.fiemg.com.br\/associativismo\/\",\"name\":\"Associativismo\",\"description\":\"Federa\u00e7\u00e3o das Ind\u00fastrias do Estado de Minas Gerais\",\"publisher\":{\"@id\":\"https:\/\/www.fiemg.com.br\/associativismo\/#organization\"},\"potentialAction\":[{\"@type\":\"SearchAction\",\"target\":{\"@type\":\"EntryPoint\",\"urlTemplate\":\"https:\/\/www.fiemg.com.br\/associativismo\/?s={search_term_string}\"},\"query-input\":{\"@type\":\"PropertyValueSpecification\",\"valueRequired\":true,\"valueName\":\"search_term_string\"}}],\"inLanguage\":\"pt-BR\"},{\"@type\":\"Organization\",\"@id\":\"https:\/\/www.fiemg.com.br\/associativismo\/#organization\",\"name\":\"Associativismo\",\"url\":\"https:\/\/www.fiemg.com.br\/associativismo\/\",\"logo\":{\"@type\":\"ImageObject\",\"inLanguage\":\"pt-BR\",\"@id\":\"https:\/\/www.fiemg.com.br\/associativismo\/#\/schema\/logo\/image\/\",\"url\":\"https:\/\/www.fiemg.com.br\/associativismo\/wp-content\/uploads\/sites\/29\/2023\/02\/fiemg_branco.svg\",\"contentUrl\":\"https:\/\/www.fiemg.com.br\/associativismo\/wp-content\/uploads\/sites\/29\/2023\/02\/fiemg_branco.svg\",\"width\":561,\"height\":147,\"caption\":\"Associativismo\"},\"image\":{\"@id\":\"https:\/\/www.fiemg.com.br\/associativismo\/#\/schema\/logo\/image\/\"}}]}<\/script>\n<!-- \/ Yoast SEO plugin. -->","yoast_head_json":{"title":"FIEMG promove jantar The Bearer Of The Future durante Miss\u00e3o ao Jap\u00e3o - Associativismo","description":"Evento reuniu empres\u00e1rios mineiros e autoridades e homenageou executivo da Gerdau por sua atua\u00e7\u00e3o na comunica\u00e7\u00e3o da empresa","robots":{"index":"index","follow":"follow","max-snippet":"max-snippet:-1","max-image-preview":"max-image-preview:large","max-video-preview":"max-video-preview:-1"},"canonical":"https:\/\/www.fiemg.com.br\/associativismo\/noticias\/fiemg-promove-jantar-the-bearer-of-the-future-durante-missao-ao-japao\/","og_locale":"pt_BR","og_type":"article","og_title":"FIEMG promove jantar The Bearer Of The Future durante Miss\u00e3o ao Jap\u00e3o - Associativismo","og_description":"Evento reuniu empres\u00e1rios mineiros e autoridades e homenageou executivo da Gerdau por sua atua\u00e7\u00e3o na comunica\u00e7\u00e3o da empresa","og_url":"https:\/\/www.fiemg.com.br\/associativismo\/noticias\/fiemg-promove-jantar-the-bearer-of-the-future-durante-missao-ao-japao\/","og_site_name":"Associativismo","article_modified_time":"2025-06-26T19:23:09+00:00","og_image":[{"width":512,"height":512,"url":"https:\/\/www.fiemg.com.br\/associativismo\/wp-content\/uploads\/sites\/29\/2025\/06\/The-Bearer-of-The-Future-Japao-1.jpg","type":"image\/jpeg"}],"twitter_card":"summary_large_image","twitter_misc":{"Est. tempo de leitura":"3 minutos"},"schema":{"@context":"https:\/\/schema.org","@graph":[{"@type":"WebPage","@id":"https:\/\/www.fiemg.com.br\/associativismo\/noticias\/fiemg-promove-jantar-the-bearer-of-the-future-durante-missao-ao-japao\/","url":"https:\/\/www.fiemg.com.br\/associativismo\/noticias\/fiemg-promove-jantar-the-bearer-of-the-future-durante-missao-ao-japao\/","name":"FIEMG promove jantar The Bearer Of The Future durante Miss\u00e3o ao Jap\u00e3o - Associativismo","isPartOf":{"@id":"https:\/\/www.fiemg.com.br\/associativismo\/#website"},"primaryImageOfPage":{"@id":"https:\/\/www.fiemg.com.br\/associativismo\/noticias\/fiemg-promove-jantar-the-bearer-of-the-future-durante-missao-ao-japao\/#primaryimage"},"image":{"@id":"https:\/\/www.fiemg.com.br\/associativismo\/noticias\/fiemg-promove-jantar-the-bearer-of-the-future-durante-missao-ao-japao\/#primaryimage"},"thumbnailUrl":"https:\/\/www.fiemg.com.br\/associativismo\/wp-content\/uploads\/sites\/29\/2025\/06\/The-Bearer-of-The-Future-Japao-1.jpg","datePublished":"2025-06-26T19:23:03+00:00","dateModified":"2025-06-26T19:23:09+00:00","description":"Evento reuniu empres\u00e1rios mineiros e autoridades e homenageou executivo da Gerdau por sua atua\u00e7\u00e3o na comunica\u00e7\u00e3o da empresa","breadcrumb":{"@id":"https:\/\/www.fiemg.com.br\/associativismo\/noticias\/fiemg-promove-jantar-the-bearer-of-the-future-durante-missao-ao-japao\/#breadcrumb"},"inLanguage":"pt-BR","potentialAction":[{"@type":"ReadAction","target":["https:\/\/www.fiemg.com.br\/associativismo\/noticias\/fiemg-promove-jantar-the-bearer-of-the-future-durante-missao-ao-japao\/"]}]},{"@type":"ImageObject","inLanguage":"pt-BR","@id":"https:\/\/www.fiemg.com.br\/associativismo\/noticias\/fiemg-promove-jantar-the-bearer-of-the-future-durante-missao-ao-japao\/#primaryimage","url":"https:\/\/www.fiemg.com.br\/associativismo\/wp-content\/uploads\/sites\/29\/2025\/06\/The-Bearer-of-The-Future-Japao-1.jpg","contentUrl":"https:\/\/www.fiemg.com.br\/associativismo\/wp-content\/uploads\/sites\/29\/2025\/06\/The-Bearer-of-The-Future-Japao-1.jpg","width":512,"height":512},{"@type":"BreadcrumbList","@id":"https:\/\/www.fiemg.com.br\/associativismo\/noticias\/fiemg-promove-jantar-the-bearer-of-the-future-durante-missao-ao-japao\/#breadcrumb","itemListElement":[{"@type":"ListItem","position":1,"name":"In\u00edcio","item":"https:\/\/www.fiemg.com.br\/associativismo\/"},{"@type":"ListItem","position":2,"name":"FIEMG promove jantar The Bearer Of The Future durante Miss\u00e3o ao Jap\u00e3o"}]},{"@type":"WebSite","@id":"https:\/\/www.fiemg.com.br\/associativismo\/#website","url":"https:\/\/www.fiemg.com.br\/associativismo\/","name":"Associativismo","description":"Federa\u00e7\u00e3o das Ind\u00fastrias do Estado de Minas Gerais","publisher":{"@id":"https:\/\/www.fiemg.com.br\/associativismo\/#organization"},"potentialAction":[{"@type":"SearchAction","target":{"@type":"EntryPoint","urlTemplate":"https:\/\/www.fiemg.com.br\/associativismo\/?s={search_term_string}"},"query-input":{"@type":"PropertyValueSpecification","valueRequired":true,"valueName":"search_term_string"}}],"inLanguage":"pt-BR"},{"@type":"Organization","@id":"https:\/\/www.fiemg.com.br\/associativismo\/#organization","name":"Associativismo","url":"https:\/\/www.fiemg.com.br\/associativismo\/","logo":{"@type":"ImageObject","inLanguage":"pt-BR","@id":"https:\/\/www.fiemg.com.br\/associativismo\/#\/schema\/logo\/image\/","url":"https:\/\/www.fiemg.com.br\/associativismo\/wp-content\/uploads\/sites\/29\/2023\/02\/fiemg_branco.svg","contentUrl":"https:\/\/www.fiemg.com.br\/associativismo\/wp-content\/uploads\/sites\/29\/2023\/02\/fiemg_branco.svg","width":561,"height":147,"caption":"Associativismo"},"image":{"@id":"https:\/\/www.fiemg.com.br\/associativismo\/#\/schema\/logo\/image\/"}}]}},"_links":{"self":[{"href":"https:\/\/www.fiemg.com.br\/associativismo\/wp-json\/wp\/v2\/noticias\/3936","targetHints":{"allow":["GET"]}}],"collection":[{"href":"https:\/\/www.fiemg.com.br\/associativismo\/wp-json\/wp\/v2\/noticias"}],"about":[{"href":"https:\/\/www.fiemg.com.br\/associativismo\/wp-json\/wp\/v2\/types\/noticias"}],"wp:featuredmedia":[{"embeddable":true,"href":"https:\/\/www.fiemg.com.br\/associativismo\/wp-json\/wp\/v2\/media\/3937"}],"wp:attachment":[{"href":"https:\/\/www.fiemg.com.br\/associativismo\/wp-json\/wp\/v2\/media?parent=3936"}],"wp:term":[{"taxonomy":"category","embeddable":true,"href":"https:\/\/www.fiemg.com.br\/associativismo\/wp-json\/wp\/v2\/categories?post=3936"},{"taxonomy":"post_tag","embeddable":true,"href":"https:\/\/www.fiemg.com.br\/associativismo\/wp-json\/wp\/v2\/tags?post=3936"}],"curies":[{"name":"wp","href":"https:\/\/api.w.org\/{rel}","templated":true}]}}