{"id":3995,"date":"2025-07-21T15:55:24","date_gmt":"2025-07-21T18:55:24","guid":{"rendered":"https:\/\/www.fiemg.com.br\/associativismo\/noticias\/fiemg-pede-ao-presidente-lula-que-sancione-sem-vetos-a-lei-geral-de-licenciamento-ambiental\/"},"modified":"2025-07-21T15:55:27","modified_gmt":"2025-07-21T18:55:27","slug":"fiemg-pede-ao-presidente-lula-que-sancione-sem-vetos-a-lei-geral-de-licenciamento-ambiental","status":"publish","type":"noticias","link":"https:\/\/www.fiemg.com.br\/associativismo\/noticias\/fiemg-pede-ao-presidente-lula-que-sancione-sem-vetos-a-lei-geral-de-licenciamento-ambiental\/","title":{"rendered":"FIEMG pede ao presidente Lula que sancione sem vetos a Lei Geral de Licenciamento Ambiental"},"content":{"rendered":"\n<p><\/p>\n\n\n\n<p>A Federa\u00e7\u00e3o das Ind\u00fastrias do Estado de Minas Gerais (FIEMG) enviou um of\u00edcio ao presidente da Rep\u00fablica e aos ministros da Agricultura e Pecu\u00e1ria, do Desenvolvimento, Ind\u00fastria, Com\u00e9rcio e Servi\u00e7os, dos Transportes, e de Minas e Energia solicitando a san\u00e7\u00e3o integral da nova Lei Geral de Licenciamento Ambiental, aprovada no Congresso&nbsp;Nacional.<\/p>\n\n\n\n<p>A medida faz parte do movimento \u201cLicenciar n\u00e3o \u00e9 destruir\u201d, lan\u00e7ado pela FIEMG nesta segunda-feira (21). \u201cA demora no licenciamento gera dificuldade e ilegalidade e isso favorece a corrup\u00e7\u00e3o, prejudicando a popula\u00e7\u00e3o e o meio ambiente. Um processo, \u00e0s vezes, demora de 10 a 20 anos para ser licenciado. E \u00e9 essa demora que gera ilegalidade. Queremos processos eficientes e c\u00e9leres, que s\u00f3 ir\u00e3o ajudar o meio ambiente e a preserva\u00e7\u00e3o\u201d, afirma o presidente da entidade, Fl\u00e1vio Roscoe.<\/p>\n\n\n\n<p>O governo sinalizou que pode vetar trechos do texto aprovado, o que acendeu o alerta no setor produtivo. Para a FIEMG, o projeto representa um avan\u00e7o ao desburocratizar processos, aumentar a seguran\u00e7a jur\u00eddica e reduzir o n\u00famero de obras paradas no pa\u00eds &#8211; hoje estimadas em mais de 5 mil, al\u00e9m de 22 mil megawatts de energia hidrel\u00e9trica parados por falta de licen\u00e7a.<\/p>\n\n\n\n<p>A proposta prev\u00ea novas modalidades de licenciamento, dispensa para atividades de baixo impacto e torna n\u00e3o vinculantes pareceres de \u00f3rg\u00e3os como IPHAN e ICMBio \u2014 ponto que, segundo a entidade, evita travas injustificadas a novos empreendimentos.<\/p>\n\n\n\n<p>\u201cA nova lei traz compet\u00eancias e responsabilidades, ou seja, o papel de cada um est\u00e1 definido. H\u00e1 crit\u00e9rios claros e isso \u00e9 fundamental para o futuro do Brasil. Queremos obras p\u00fablicas r\u00e1pidas e econ\u00f4micas, mais infraestrutura, projetos de energia limpa e gera\u00e7\u00e3o de empregos que dependem de empresas licenciadas. N\u00e3o podemos perder a oportunidade de modernizar o licenciamento ambiental no nosso pa\u00eds\u201d, ressalta Roscoe.<\/p>\n\n\n\n<p>Dentre os principais avan\u00e7os trazidos pelo texto, a entidade tamb\u00e9m destaca: a aplica\u00e7\u00e3o das regras da Lei para o setor de minera\u00e7\u00e3o; adequa\u00e7\u00e3o da Lei da Mata Atl\u00e2ntica \u00e0s disposi\u00e7\u00f5es da Lei Complementar 140\/11, com a revoga\u00e7\u00e3o da anu\u00eancia pr\u00e9via do Ibama; a cria\u00e7\u00e3o de modalidades de licenciamento ambiental em uma fase e em duas fases; e a Licen\u00e7a por Ades\u00e3o e Compromisso (autodeclarat\u00f3ria), para empreendimentos de baixo e m\u00e9dio impacto e baixo e m\u00e9dio porte.<\/p>\n","protected":false},"featured_media":3986,"template":"","categories":[15],"tags":[46,47,697,1122,1123],"class_list":["post-3995","noticias","type-noticias","status-publish","has-post-thumbnail","hentry","category-desenvolvimento-industrial","tag-fiemg","tag-flavio-roscoe","tag-licenciamento-ambiental","tag-ministros","tag-sancao"],"acf":[],"yoast_head":"<!-- This site is optimized with the Yoast SEO plugin v26.2 - https:\/\/yoast.com\/wordpress\/plugins\/seo\/ -->\n<title>FIEMG pede ao presidente Lula que sancione sem vetos a Lei Geral de Licenciamento Ambiental - Associativismo<\/title>\n<meta name=\"description\" content=\"Para a Federa\u00e7\u00e3o, a celeridade no processo de licenciamento vai ajudar a combater irregularidades e a corrup\u00e7\u00e3o no pa\u00eds\" \/>\n<meta name=\"robots\" content=\"index, follow, max-snippet:-1, max-image-preview:large, max-video-preview:-1\" \/>\n<link rel=\"canonical\" href=\"https:\/\/www.fiemg.com.br\/associativismo\/noticias\/fiemg-pede-ao-presidente-lula-que-sancione-sem-vetos-a-lei-geral-de-licenciamento-ambiental\/\" \/>\n<meta property=\"og:locale\" content=\"pt_BR\" \/>\n<meta property=\"og:type\" content=\"article\" \/>\n<meta property=\"og:title\" content=\"FIEMG pede ao presidente Lula que sancione sem vetos a Lei Geral de Licenciamento Ambiental - Associativismo\" \/>\n<meta property=\"og:description\" content=\"Para a Federa\u00e7\u00e3o, a celeridade no processo de licenciamento vai ajudar a combater irregularidades e a corrup\u00e7\u00e3o no pa\u00eds\" \/>\n<meta property=\"og:url\" content=\"https:\/\/www.fiemg.com.br\/associativismo\/noticias\/fiemg-pede-ao-presidente-lula-que-sancione-sem-vetos-a-lei-geral-de-licenciamento-ambiental\/\" \/>\n<meta property=\"og:site_name\" content=\"Associativismo\" \/>\n<meta property=\"article:modified_time\" content=\"2025-07-21T18:55:27+00:00\" \/>\n<meta property=\"og:image\" content=\"https:\/\/www.fiemg.com.br\/associativismo\/wp-content\/uploads\/sites\/29\/2025\/07\/Thumb_Sistema-FIEMG-01.png\" \/>\n\t<meta property=\"og:image:width\" content=\"512\" \/>\n\t<meta property=\"og:image:height\" content=\"512\" \/>\n\t<meta property=\"og:image:type\" content=\"image\/png\" \/>\n<meta name=\"twitter:card\" content=\"summary_large_image\" \/>\n<meta name=\"twitter:label1\" content=\"Est. tempo de leitura\" \/>\n\t<meta name=\"twitter:data1\" content=\"3 minutos\" \/>\n<script type=\"application\/ld+json\" class=\"yoast-schema-graph\">{\"@context\":\"https:\/\/schema.org\",\"@graph\":[{\"@type\":\"WebPage\",\"@id\":\"https:\/\/www.fiemg.com.br\/associativismo\/noticias\/fiemg-pede-ao-presidente-lula-que-sancione-sem-vetos-a-lei-geral-de-licenciamento-ambiental\/\",\"url\":\"https:\/\/www.fiemg.com.br\/associativismo\/noticias\/fiemg-pede-ao-presidente-lula-que-sancione-sem-vetos-a-lei-geral-de-licenciamento-ambiental\/\",\"name\":\"FIEMG pede ao presidente Lula que sancione sem vetos a Lei Geral de Licenciamento Ambiental - Associativismo\",\"isPartOf\":{\"@id\":\"https:\/\/www.fiemg.com.br\/associativismo\/#website\"},\"primaryImageOfPage\":{\"@id\":\"https:\/\/www.fiemg.com.br\/associativismo\/noticias\/fiemg-pede-ao-presidente-lula-que-sancione-sem-vetos-a-lei-geral-de-licenciamento-ambiental\/#primaryimage\"},\"image\":{\"@id\":\"https:\/\/www.fiemg.com.br\/associativismo\/noticias\/fiemg-pede-ao-presidente-lula-que-sancione-sem-vetos-a-lei-geral-de-licenciamento-ambiental\/#primaryimage\"},\"thumbnailUrl\":\"https:\/\/www.fiemg.com.br\/associativismo\/wp-content\/uploads\/sites\/29\/2025\/07\/Thumb_Sistema-FIEMG-01.png\",\"datePublished\":\"2025-07-21T18:55:24+00:00\",\"dateModified\":\"2025-07-21T18:55:27+00:00\",\"description\":\"Para a Federa\u00e7\u00e3o, a celeridade no processo de licenciamento vai ajudar a combater irregularidades e a corrup\u00e7\u00e3o no pa\u00eds\",\"breadcrumb\":{\"@id\":\"https:\/\/www.fiemg.com.br\/associativismo\/noticias\/fiemg-pede-ao-presidente-lula-que-sancione-sem-vetos-a-lei-geral-de-licenciamento-ambiental\/#breadcrumb\"},\"inLanguage\":\"pt-BR\",\"potentialAction\":[{\"@type\":\"ReadAction\",\"target\":[\"https:\/\/www.fiemg.com.br\/associativismo\/noticias\/fiemg-pede-ao-presidente-lula-que-sancione-sem-vetos-a-lei-geral-de-licenciamento-ambiental\/\"]}]},{\"@type\":\"ImageObject\",\"inLanguage\":\"pt-BR\",\"@id\":\"https:\/\/www.fiemg.com.br\/associativismo\/noticias\/fiemg-pede-ao-presidente-lula-que-sancione-sem-vetos-a-lei-geral-de-licenciamento-ambiental\/#primaryimage\",\"url\":\"https:\/\/www.fiemg.com.br\/associativismo\/wp-content\/uploads\/sites\/29\/2025\/07\/Thumb_Sistema-FIEMG-01.png\",\"contentUrl\":\"https:\/\/www.fiemg.com.br\/associativismo\/wp-content\/uploads\/sites\/29\/2025\/07\/Thumb_Sistema-FIEMG-01.png\",\"width\":512,\"height\":512},{\"@type\":\"BreadcrumbList\",\"@id\":\"https:\/\/www.fiemg.com.br\/associativismo\/noticias\/fiemg-pede-ao-presidente-lula-que-sancione-sem-vetos-a-lei-geral-de-licenciamento-ambiental\/#breadcrumb\",\"itemListElement\":[{\"@type\":\"ListItem\",\"position\":1,\"name\":\"In\u00edcio\",\"item\":\"https:\/\/www.fiemg.com.br\/associativismo\/\"},{\"@type\":\"ListItem\",\"position\":2,\"name\":\"FIEMG pede ao presidente Lula que sancione sem vetos a Lei Geral de Licenciamento Ambiental\"}]},{\"@type\":\"WebSite\",\"@id\":\"https:\/\/www.fiemg.com.br\/associativismo\/#website\",\"url\":\"https:\/\/www.fiemg.com.br\/associativismo\/\",\"name\":\"Associativismo\",\"description\":\"Federa\u00e7\u00e3o das Ind\u00fastrias do Estado de Minas Gerais\",\"publisher\":{\"@id\":\"https:\/\/www.fiemg.com.br\/associativismo\/#organization\"},\"potentialAction\":[{\"@type\":\"SearchAction\",\"target\":{\"@type\":\"EntryPoint\",\"urlTemplate\":\"https:\/\/www.fiemg.com.br\/associativismo\/?s={search_term_string}\"},\"query-input\":{\"@type\":\"PropertyValueSpecification\",\"valueRequired\":true,\"valueName\":\"search_term_string\"}}],\"inLanguage\":\"pt-BR\"},{\"@type\":\"Organization\",\"@id\":\"https:\/\/www.fiemg.com.br\/associativismo\/#organization\",\"name\":\"Associativismo\",\"url\":\"https:\/\/www.fiemg.com.br\/associativismo\/\",\"logo\":{\"@type\":\"ImageObject\",\"inLanguage\":\"pt-BR\",\"@id\":\"https:\/\/www.fiemg.com.br\/associativismo\/#\/schema\/logo\/image\/\",\"url\":\"https:\/\/www.fiemg.com.br\/associativismo\/wp-content\/uploads\/sites\/29\/2023\/02\/fiemg_branco.svg\",\"contentUrl\":\"https:\/\/www.fiemg.com.br\/associativismo\/wp-content\/uploads\/sites\/29\/2023\/02\/fiemg_branco.svg\",\"width\":561,\"height\":147,\"caption\":\"Associativismo\"},\"image\":{\"@id\":\"https:\/\/www.fiemg.com.br\/associativismo\/#\/schema\/logo\/image\/\"}}]}<\/script>\n<!-- \/ Yoast SEO plugin. -->","yoast_head_json":{"title":"FIEMG pede ao presidente Lula que sancione sem vetos a Lei Geral de Licenciamento Ambiental - Associativismo","description":"Para a Federa\u00e7\u00e3o, a celeridade no processo de licenciamento vai ajudar a combater irregularidades e a corrup\u00e7\u00e3o no pa\u00eds","robots":{"index":"index","follow":"follow","max-snippet":"max-snippet:-1","max-image-preview":"max-image-preview:large","max-video-preview":"max-video-preview:-1"},"canonical":"https:\/\/www.fiemg.com.br\/associativismo\/noticias\/fiemg-pede-ao-presidente-lula-que-sancione-sem-vetos-a-lei-geral-de-licenciamento-ambiental\/","og_locale":"pt_BR","og_type":"article","og_title":"FIEMG pede ao presidente Lula que sancione sem vetos a Lei Geral de Licenciamento Ambiental - Associativismo","og_description":"Para a Federa\u00e7\u00e3o, a celeridade no processo de licenciamento vai ajudar a combater irregularidades e a corrup\u00e7\u00e3o no pa\u00eds","og_url":"https:\/\/www.fiemg.com.br\/associativismo\/noticias\/fiemg-pede-ao-presidente-lula-que-sancione-sem-vetos-a-lei-geral-de-licenciamento-ambiental\/","og_site_name":"Associativismo","article_modified_time":"2025-07-21T18:55:27+00:00","og_image":[{"width":512,"height":512,"url":"https:\/\/www.fiemg.com.br\/associativismo\/wp-content\/uploads\/sites\/29\/2025\/07\/Thumb_Sistema-FIEMG-01.png","type":"image\/png"}],"twitter_card":"summary_large_image","twitter_misc":{"Est. tempo de leitura":"3 minutos"},"schema":{"@context":"https:\/\/schema.org","@graph":[{"@type":"WebPage","@id":"https:\/\/www.fiemg.com.br\/associativismo\/noticias\/fiemg-pede-ao-presidente-lula-que-sancione-sem-vetos-a-lei-geral-de-licenciamento-ambiental\/","url":"https:\/\/www.fiemg.com.br\/associativismo\/noticias\/fiemg-pede-ao-presidente-lula-que-sancione-sem-vetos-a-lei-geral-de-licenciamento-ambiental\/","name":"FIEMG pede ao presidente Lula que sancione sem vetos a Lei Geral de Licenciamento Ambiental - Associativismo","isPartOf":{"@id":"https:\/\/www.fiemg.com.br\/associativismo\/#website"},"primaryImageOfPage":{"@id":"https:\/\/www.fiemg.com.br\/associativismo\/noticias\/fiemg-pede-ao-presidente-lula-que-sancione-sem-vetos-a-lei-geral-de-licenciamento-ambiental\/#primaryimage"},"image":{"@id":"https:\/\/www.fiemg.com.br\/associativismo\/noticias\/fiemg-pede-ao-presidente-lula-que-sancione-sem-vetos-a-lei-geral-de-licenciamento-ambiental\/#primaryimage"},"thumbnailUrl":"https:\/\/www.fiemg.com.br\/associativismo\/wp-content\/uploads\/sites\/29\/2025\/07\/Thumb_Sistema-FIEMG-01.png","datePublished":"2025-07-21T18:55:24+00:00","dateModified":"2025-07-21T18:55:27+00:00","description":"Para a Federa\u00e7\u00e3o, a celeridade no processo de licenciamento vai ajudar a combater irregularidades e a corrup\u00e7\u00e3o no pa\u00eds","breadcrumb":{"@id":"https:\/\/www.fiemg.com.br\/associativismo\/noticias\/fiemg-pede-ao-presidente-lula-que-sancione-sem-vetos-a-lei-geral-de-licenciamento-ambiental\/#breadcrumb"},"inLanguage":"pt-BR","potentialAction":[{"@type":"ReadAction","target":["https:\/\/www.fiemg.com.br\/associativismo\/noticias\/fiemg-pede-ao-presidente-lula-que-sancione-sem-vetos-a-lei-geral-de-licenciamento-ambiental\/"]}]},{"@type":"ImageObject","inLanguage":"pt-BR","@id":"https:\/\/www.fiemg.com.br\/associativismo\/noticias\/fiemg-pede-ao-presidente-lula-que-sancione-sem-vetos-a-lei-geral-de-licenciamento-ambiental\/#primaryimage","url":"https:\/\/www.fiemg.com.br\/associativismo\/wp-content\/uploads\/sites\/29\/2025\/07\/Thumb_Sistema-FIEMG-01.png","contentUrl":"https:\/\/www.fiemg.com.br\/associativismo\/wp-content\/uploads\/sites\/29\/2025\/07\/Thumb_Sistema-FIEMG-01.png","width":512,"height":512},{"@type":"BreadcrumbList","@id":"https:\/\/www.fiemg.com.br\/associativismo\/noticias\/fiemg-pede-ao-presidente-lula-que-sancione-sem-vetos-a-lei-geral-de-licenciamento-ambiental\/#breadcrumb","itemListElement":[{"@type":"ListItem","position":1,"name":"In\u00edcio","item":"https:\/\/www.fiemg.com.br\/associativismo\/"},{"@type":"ListItem","position":2,"name":"FIEMG pede ao presidente Lula que sancione sem vetos a Lei Geral de Licenciamento Ambiental"}]},{"@type":"WebSite","@id":"https:\/\/www.fiemg.com.br\/associativismo\/#website","url":"https:\/\/www.fiemg.com.br\/associativismo\/","name":"Associativismo","description":"Federa\u00e7\u00e3o das Ind\u00fastrias do Estado de Minas Gerais","publisher":{"@id":"https:\/\/www.fiemg.com.br\/associativismo\/#organization"},"potentialAction":[{"@type":"SearchAction","target":{"@type":"EntryPoint","urlTemplate":"https:\/\/www.fiemg.com.br\/associativismo\/?s={search_term_string}"},"query-input":{"@type":"PropertyValueSpecification","valueRequired":true,"valueName":"search_term_string"}}],"inLanguage":"pt-BR"},{"@type":"Organization","@id":"https:\/\/www.fiemg.com.br\/associativismo\/#organization","name":"Associativismo","url":"https:\/\/www.fiemg.com.br\/associativismo\/","logo":{"@type":"ImageObject","inLanguage":"pt-BR","@id":"https:\/\/www.fiemg.com.br\/associativismo\/#\/schema\/logo\/image\/","url":"https:\/\/www.fiemg.com.br\/associativismo\/wp-content\/uploads\/sites\/29\/2023\/02\/fiemg_branco.svg","contentUrl":"https:\/\/www.fiemg.com.br\/associativismo\/wp-content\/uploads\/sites\/29\/2023\/02\/fiemg_branco.svg","width":561,"height":147,"caption":"Associativismo"},"image":{"@id":"https:\/\/www.fiemg.com.br\/associativismo\/#\/schema\/logo\/image\/"}}]}},"_links":{"self":[{"href":"https:\/\/www.fiemg.com.br\/associativismo\/wp-json\/wp\/v2\/noticias\/3995","targetHints":{"allow":["GET"]}}],"collection":[{"href":"https:\/\/www.fiemg.com.br\/associativismo\/wp-json\/wp\/v2\/noticias"}],"about":[{"href":"https:\/\/www.fiemg.com.br\/associativismo\/wp-json\/wp\/v2\/types\/noticias"}],"wp:featuredmedia":[{"embeddable":true,"href":"https:\/\/www.fiemg.com.br\/associativismo\/wp-json\/wp\/v2\/media\/3986"}],"wp:attachment":[{"href":"https:\/\/www.fiemg.com.br\/associativismo\/wp-json\/wp\/v2\/media?parent=3995"}],"wp:term":[{"taxonomy":"category","embeddable":true,"href":"https:\/\/www.fiemg.com.br\/associativismo\/wp-json\/wp\/v2\/categories?post=3995"},{"taxonomy":"post_tag","embeddable":true,"href":"https:\/\/www.fiemg.com.br\/associativismo\/wp-json\/wp\/v2\/tags?post=3995"}],"curies":[{"name":"wp","href":"https:\/\/api.w.org\/{rel}","templated":true}]}}