{"id":3996,"date":"2025-07-22T17:51:11","date_gmt":"2025-07-22T20:51:11","guid":{"rendered":"https:\/\/www.fiemg.com.br\/associativismo\/noticias\/empresas-do-metal-mecanico-tem-encontro-marcado-com-compradores-da-america-do-sul\/"},"modified":"2025-07-22T17:51:13","modified_gmt":"2025-07-22T20:51:13","slug":"empresas-do-metal-mecanico-tem-encontro-marcado-com-compradores-da-america-do-sul","status":"publish","type":"noticias","link":"https:\/\/www.fiemg.com.br\/associativismo\/noticias\/empresas-do-metal-mecanico-tem-encontro-marcado-com-compradores-da-america-do-sul\/","title":{"rendered":"Empresas do metal mec\u00e2nico t\u00eam encontro marcado com compradores da Am\u00e9rica do Sul"},"content":{"rendered":"\n<p>A FIEMG por meio do Centro Internacional de Neg\u00f3cios de Minas Gerais (CIN\/MG), em parceria com a Federa\u00e7\u00e3o das Ind\u00fastrias de Pernambuco (FIEPE), realiza nos dias 17 e 18 de setembro a Rodada Virtual de Neg\u00f3cios do setor Metal Mec\u00e2nico. O evento \u00e9 100% online, gratuito e voltado para empres\u00e1rios, gestores e profissionais interessados em expandir suas fronteiras comerciais.<\/p>\n\n\n\n<p>A a\u00e7\u00e3o integra a Rede CIN e tem como objetivo conectar empresas brasileiras a compradores internacionais de pa\u00edses como Argentina, Col\u00f4mbia, Chile, Peru e Paraguai, por meio de reuni\u00f5es B2B previamente agendadas. Estar\u00e3o presentes compradores dos segmentos de fundi\u00e7\u00e3o, motores, v\u00e1lvulas, estruturas met\u00e1licas, m\u00e1quinas agr\u00edcolas e industriais. Int\u00e9rpretes estar\u00e3o dispon\u00edveis para facilitar a comunica\u00e7\u00e3o durante os encontros.<\/p>\n\n\n\n<p>A participa\u00e7\u00e3o \u00e9 aberta tanto para empresas exportadoras quanto para aquelas em processo de internacionaliza\u00e7\u00e3o.<\/p>\n\n\n\n<p><strong>SERVI\u00c7O<\/strong>: <strong>Rodada Virtual de Neg\u00f3cios \u2013 Setor Metal Mec\u00e2nico<\/strong><br><strong>Data:<\/strong> 17 e 18 de setembro de 2025<br><strong>Local:<\/strong> Evento 100% online<br><strong>Inscri\u00e7\u00f5es at\u00e9 15 de agosto:<\/strong> <a class=\"\" href=\"https:\/\/sphinxweb.com.br\/cni\/v20\/fluxo\/index\/2025__encontro_de_negocios_metalmecanico\">Clique aqui para se inscrever<\/a><br><strong>Informa\u00e7\u00f5es:<\/strong> (31) 3263-4722 | <a>pcomercial@fiemg.com.br<\/a><\/p>\n\n\n\n<p><em>Ana Paula Motta<\/em><br><strong>Imprensa FIEMG<\/strong><\/p>\n","protected":false},"featured_media":3997,"template":"","categories":[15],"tags":[],"class_list":["post-3996","noticias","type-noticias","status-publish","has-post-thumbnail","hentry","category-desenvolvimento-industrial"],"acf":[],"yoast_head":"<!-- This site is optimized with the Yoast SEO plugin v26.2 - https:\/\/yoast.com\/wordpress\/plugins\/seo\/ -->\n<title>Empresas do metal mec\u00e2nico t\u00eam encontro marcado com compradores da Am\u00e9rica do Sul - Associativismo<\/title>\n<meta name=\"robots\" content=\"index, follow, max-snippet:-1, max-image-preview:large, max-video-preview:-1\" \/>\n<link rel=\"canonical\" href=\"https:\/\/www.fiemg.com.br\/associativismo\/noticias\/empresas-do-metal-mecanico-tem-encontro-marcado-com-compradores-da-america-do-sul\/\" \/>\n<meta property=\"og:locale\" content=\"pt_BR\" \/>\n<meta property=\"og:type\" content=\"article\" \/>\n<meta property=\"og:title\" content=\"Empresas do metal mec\u00e2nico t\u00eam encontro marcado com compradores da Am\u00e9rica do Sul - Associativismo\" \/>\n<meta property=\"og:description\" content=\"A FIEMG por meio do Centro Internacional de Neg\u00f3cios de Minas Gerais (CIN\/MG), em parceria com a Federa\u00e7\u00e3o das Ind\u00fastrias de Pernambuco (FIEPE), realiza nos dias 17 e 18 de setembro a Rodada Virtual de Neg\u00f3cios do setor Metal Mec\u00e2nico. O evento \u00e9 100% online, gratuito e voltado para empres\u00e1rios, gestores e profissionais interessados em [&hellip;]\" \/>\n<meta property=\"og:url\" content=\"https:\/\/www.fiemg.com.br\/associativismo\/noticias\/empresas-do-metal-mecanico-tem-encontro-marcado-com-compradores-da-america-do-sul\/\" \/>\n<meta property=\"og:site_name\" content=\"Associativismo\" \/>\n<meta property=\"article:modified_time\" content=\"2025-07-22T20:51:13+00:00\" \/>\n<meta property=\"og:image\" content=\"https:\/\/www.fiemg.com.br\/associativismo\/wp-content\/uploads\/sites\/29\/2025\/07\/CN000724_CIN_NEGOCIOS_300x200.png\" \/>\n\t<meta property=\"og:image:width\" content=\"300\" \/>\n\t<meta property=\"og:image:height\" content=\"200\" \/>\n\t<meta property=\"og:image:type\" content=\"image\/png\" \/>\n<meta name=\"twitter:card\" content=\"summary_large_image\" \/>\n<meta name=\"twitter:label1\" content=\"Est. tempo de leitura\" \/>\n\t<meta name=\"twitter:data1\" content=\"2 minutos\" \/>\n<script type=\"application\/ld+json\" class=\"yoast-schema-graph\">{\"@context\":\"https:\/\/schema.org\",\"@graph\":[{\"@type\":\"WebPage\",\"@id\":\"https:\/\/www.fiemg.com.br\/associativismo\/noticias\/empresas-do-metal-mecanico-tem-encontro-marcado-com-compradores-da-america-do-sul\/\",\"url\":\"https:\/\/www.fiemg.com.br\/associativismo\/noticias\/empresas-do-metal-mecanico-tem-encontro-marcado-com-compradores-da-america-do-sul\/\",\"name\":\"Empresas do metal mec\u00e2nico t\u00eam encontro marcado com compradores da Am\u00e9rica do Sul - Associativismo\",\"isPartOf\":{\"@id\":\"https:\/\/www.fiemg.com.br\/associativismo\/#website\"},\"primaryImageOfPage\":{\"@id\":\"https:\/\/www.fiemg.com.br\/associativismo\/noticias\/empresas-do-metal-mecanico-tem-encontro-marcado-com-compradores-da-america-do-sul\/#primaryimage\"},\"image\":{\"@id\":\"https:\/\/www.fiemg.com.br\/associativismo\/noticias\/empresas-do-metal-mecanico-tem-encontro-marcado-com-compradores-da-america-do-sul\/#primaryimage\"},\"thumbnailUrl\":\"https:\/\/www.fiemg.com.br\/associativismo\/wp-content\/uploads\/sites\/29\/2025\/07\/CN000724_CIN_NEGOCIOS_300x200.png\",\"datePublished\":\"2025-07-22T20:51:11+00:00\",\"dateModified\":\"2025-07-22T20:51:13+00:00\",\"breadcrumb\":{\"@id\":\"https:\/\/www.fiemg.com.br\/associativismo\/noticias\/empresas-do-metal-mecanico-tem-encontro-marcado-com-compradores-da-america-do-sul\/#breadcrumb\"},\"inLanguage\":\"pt-BR\",\"potentialAction\":[{\"@type\":\"ReadAction\",\"target\":[\"https:\/\/www.fiemg.com.br\/associativismo\/noticias\/empresas-do-metal-mecanico-tem-encontro-marcado-com-compradores-da-america-do-sul\/\"]}]},{\"@type\":\"ImageObject\",\"inLanguage\":\"pt-BR\",\"@id\":\"https:\/\/www.fiemg.com.br\/associativismo\/noticias\/empresas-do-metal-mecanico-tem-encontro-marcado-com-compradores-da-america-do-sul\/#primaryimage\",\"url\":\"https:\/\/www.fiemg.com.br\/associativismo\/wp-content\/uploads\/sites\/29\/2025\/07\/CN000724_CIN_NEGOCIOS_300x200.png\",\"contentUrl\":\"https:\/\/www.fiemg.com.br\/associativismo\/wp-content\/uploads\/sites\/29\/2025\/07\/CN000724_CIN_NEGOCIOS_300x200.png\",\"width\":300,\"height\":200},{\"@type\":\"BreadcrumbList\",\"@id\":\"https:\/\/www.fiemg.com.br\/associativismo\/noticias\/empresas-do-metal-mecanico-tem-encontro-marcado-com-compradores-da-america-do-sul\/#breadcrumb\",\"itemListElement\":[{\"@type\":\"ListItem\",\"position\":1,\"name\":\"In\u00edcio\",\"item\":\"https:\/\/www.fiemg.com.br\/associativismo\/\"},{\"@type\":\"ListItem\",\"position\":2,\"name\":\"Empresas do metal mec\u00e2nico t\u00eam encontro marcado com compradores da Am\u00e9rica do Sul\"}]},{\"@type\":\"WebSite\",\"@id\":\"https:\/\/www.fiemg.com.br\/associativismo\/#website\",\"url\":\"https:\/\/www.fiemg.com.br\/associativismo\/\",\"name\":\"Associativismo\",\"description\":\"Federa\u00e7\u00e3o das Ind\u00fastrias do Estado de Minas Gerais\",\"publisher\":{\"@id\":\"https:\/\/www.fiemg.com.br\/associativismo\/#organization\"},\"potentialAction\":[{\"@type\":\"SearchAction\",\"target\":{\"@type\":\"EntryPoint\",\"urlTemplate\":\"https:\/\/www.fiemg.com.br\/associativismo\/?s={search_term_string}\"},\"query-input\":{\"@type\":\"PropertyValueSpecification\",\"valueRequired\":true,\"valueName\":\"search_term_string\"}}],\"inLanguage\":\"pt-BR\"},{\"@type\":\"Organization\",\"@id\":\"https:\/\/www.fiemg.com.br\/associativismo\/#organization\",\"name\":\"Associativismo\",\"url\":\"https:\/\/www.fiemg.com.br\/associativismo\/\",\"logo\":{\"@type\":\"ImageObject\",\"inLanguage\":\"pt-BR\",\"@id\":\"https:\/\/www.fiemg.com.br\/associativismo\/#\/schema\/logo\/image\/\",\"url\":\"https:\/\/www.fiemg.com.br\/associativismo\/wp-content\/uploads\/sites\/29\/2023\/02\/fiemg_branco.svg\",\"contentUrl\":\"https:\/\/www.fiemg.com.br\/associativismo\/wp-content\/uploads\/sites\/29\/2023\/02\/fiemg_branco.svg\",\"width\":561,\"height\":147,\"caption\":\"Associativismo\"},\"image\":{\"@id\":\"https:\/\/www.fiemg.com.br\/associativismo\/#\/schema\/logo\/image\/\"}}]}<\/script>\n<!-- \/ Yoast SEO plugin. -->","yoast_head_json":{"title":"Empresas do metal mec\u00e2nico t\u00eam encontro marcado com compradores da Am\u00e9rica do Sul - Associativismo","robots":{"index":"index","follow":"follow","max-snippet":"max-snippet:-1","max-image-preview":"max-image-preview:large","max-video-preview":"max-video-preview:-1"},"canonical":"https:\/\/www.fiemg.com.br\/associativismo\/noticias\/empresas-do-metal-mecanico-tem-encontro-marcado-com-compradores-da-america-do-sul\/","og_locale":"pt_BR","og_type":"article","og_title":"Empresas do metal mec\u00e2nico t\u00eam encontro marcado com compradores da Am\u00e9rica do Sul - Associativismo","og_description":"A FIEMG por meio do Centro Internacional de Neg\u00f3cios de Minas Gerais (CIN\/MG), em parceria com a Federa\u00e7\u00e3o das Ind\u00fastrias de Pernambuco (FIEPE), realiza nos dias 17 e 18 de setembro a Rodada Virtual de Neg\u00f3cios do setor Metal Mec\u00e2nico. O evento \u00e9 100% online, gratuito e voltado para empres\u00e1rios, gestores e profissionais interessados em [&hellip;]","og_url":"https:\/\/www.fiemg.com.br\/associativismo\/noticias\/empresas-do-metal-mecanico-tem-encontro-marcado-com-compradores-da-america-do-sul\/","og_site_name":"Associativismo","article_modified_time":"2025-07-22T20:51:13+00:00","og_image":[{"width":300,"height":200,"url":"https:\/\/www.fiemg.com.br\/associativismo\/wp-content\/uploads\/sites\/29\/2025\/07\/CN000724_CIN_NEGOCIOS_300x200.png","type":"image\/png"}],"twitter_card":"summary_large_image","twitter_misc":{"Est. tempo de leitura":"2 minutos"},"schema":{"@context":"https:\/\/schema.org","@graph":[{"@type":"WebPage","@id":"https:\/\/www.fiemg.com.br\/associativismo\/noticias\/empresas-do-metal-mecanico-tem-encontro-marcado-com-compradores-da-america-do-sul\/","url":"https:\/\/www.fiemg.com.br\/associativismo\/noticias\/empresas-do-metal-mecanico-tem-encontro-marcado-com-compradores-da-america-do-sul\/","name":"Empresas do metal mec\u00e2nico t\u00eam encontro marcado com compradores da Am\u00e9rica do Sul - Associativismo","isPartOf":{"@id":"https:\/\/www.fiemg.com.br\/associativismo\/#website"},"primaryImageOfPage":{"@id":"https:\/\/www.fiemg.com.br\/associativismo\/noticias\/empresas-do-metal-mecanico-tem-encontro-marcado-com-compradores-da-america-do-sul\/#primaryimage"},"image":{"@id":"https:\/\/www.fiemg.com.br\/associativismo\/noticias\/empresas-do-metal-mecanico-tem-encontro-marcado-com-compradores-da-america-do-sul\/#primaryimage"},"thumbnailUrl":"https:\/\/www.fiemg.com.br\/associativismo\/wp-content\/uploads\/sites\/29\/2025\/07\/CN000724_CIN_NEGOCIOS_300x200.png","datePublished":"2025-07-22T20:51:11+00:00","dateModified":"2025-07-22T20:51:13+00:00","breadcrumb":{"@id":"https:\/\/www.fiemg.com.br\/associativismo\/noticias\/empresas-do-metal-mecanico-tem-encontro-marcado-com-compradores-da-america-do-sul\/#breadcrumb"},"inLanguage":"pt-BR","potentialAction":[{"@type":"ReadAction","target":["https:\/\/www.fiemg.com.br\/associativismo\/noticias\/empresas-do-metal-mecanico-tem-encontro-marcado-com-compradores-da-america-do-sul\/"]}]},{"@type":"ImageObject","inLanguage":"pt-BR","@id":"https:\/\/www.fiemg.com.br\/associativismo\/noticias\/empresas-do-metal-mecanico-tem-encontro-marcado-com-compradores-da-america-do-sul\/#primaryimage","url":"https:\/\/www.fiemg.com.br\/associativismo\/wp-content\/uploads\/sites\/29\/2025\/07\/CN000724_CIN_NEGOCIOS_300x200.png","contentUrl":"https:\/\/www.fiemg.com.br\/associativismo\/wp-content\/uploads\/sites\/29\/2025\/07\/CN000724_CIN_NEGOCIOS_300x200.png","width":300,"height":200},{"@type":"BreadcrumbList","@id":"https:\/\/www.fiemg.com.br\/associativismo\/noticias\/empresas-do-metal-mecanico-tem-encontro-marcado-com-compradores-da-america-do-sul\/#breadcrumb","itemListElement":[{"@type":"ListItem","position":1,"name":"In\u00edcio","item":"https:\/\/www.fiemg.com.br\/associativismo\/"},{"@type":"ListItem","position":2,"name":"Empresas do metal mec\u00e2nico t\u00eam encontro marcado com compradores da Am\u00e9rica do Sul"}]},{"@type":"WebSite","@id":"https:\/\/www.fiemg.com.br\/associativismo\/#website","url":"https:\/\/www.fiemg.com.br\/associativismo\/","name":"Associativismo","description":"Federa\u00e7\u00e3o das Ind\u00fastrias do Estado de Minas Gerais","publisher":{"@id":"https:\/\/www.fiemg.com.br\/associativismo\/#organization"},"potentialAction":[{"@type":"SearchAction","target":{"@type":"EntryPoint","urlTemplate":"https:\/\/www.fiemg.com.br\/associativismo\/?s={search_term_string}"},"query-input":{"@type":"PropertyValueSpecification","valueRequired":true,"valueName":"search_term_string"}}],"inLanguage":"pt-BR"},{"@type":"Organization","@id":"https:\/\/www.fiemg.com.br\/associativismo\/#organization","name":"Associativismo","url":"https:\/\/www.fiemg.com.br\/associativismo\/","logo":{"@type":"ImageObject","inLanguage":"pt-BR","@id":"https:\/\/www.fiemg.com.br\/associativismo\/#\/schema\/logo\/image\/","url":"https:\/\/www.fiemg.com.br\/associativismo\/wp-content\/uploads\/sites\/29\/2023\/02\/fiemg_branco.svg","contentUrl":"https:\/\/www.fiemg.com.br\/associativismo\/wp-content\/uploads\/sites\/29\/2023\/02\/fiemg_branco.svg","width":561,"height":147,"caption":"Associativismo"},"image":{"@id":"https:\/\/www.fiemg.com.br\/associativismo\/#\/schema\/logo\/image\/"}}]}},"_links":{"self":[{"href":"https:\/\/www.fiemg.com.br\/associativismo\/wp-json\/wp\/v2\/noticias\/3996","targetHints":{"allow":["GET"]}}],"collection":[{"href":"https:\/\/www.fiemg.com.br\/associativismo\/wp-json\/wp\/v2\/noticias"}],"about":[{"href":"https:\/\/www.fiemg.com.br\/associativismo\/wp-json\/wp\/v2\/types\/noticias"}],"wp:featuredmedia":[{"embeddable":true,"href":"https:\/\/www.fiemg.com.br\/associativismo\/wp-json\/wp\/v2\/media\/3997"}],"wp:attachment":[{"href":"https:\/\/www.fiemg.com.br\/associativismo\/wp-json\/wp\/v2\/media?parent=3996"}],"wp:term":[{"taxonomy":"category","embeddable":true,"href":"https:\/\/www.fiemg.com.br\/associativismo\/wp-json\/wp\/v2\/categories?post=3996"},{"taxonomy":"post_tag","embeddable":true,"href":"https:\/\/www.fiemg.com.br\/associativismo\/wp-json\/wp\/v2\/tags?post=3996"}],"curies":[{"name":"wp","href":"https:\/\/api.w.org\/{rel}","templated":true}]}}