{"id":4001,"date":"2025-07-24T11:23:05","date_gmt":"2025-07-24T14:23:05","guid":{"rendered":"https:\/\/www.fiemg.com.br\/associativismo\/noticias\/encontro-discutiu-gargalos-da-cadeia-produtiva-apresentou-aprendizados-da-missao-internacional-ao-japao-e-detalhou-as-novas-exigencias-legais-da-logistica-reversa-em-minas-gerais\/"},"modified":"2025-07-24T11:23:07","modified_gmt":"2025-07-24T14:23:07","slug":"encontro-discutiu-gargalos-da-cadeia-produtiva-apresentou-aprendizados-da-missao-internacional-ao-japao-e-detalhou-as-novas-exigencias-legais-da-logistica-reversa-em-minas-gerais","status":"publish","type":"noticias","link":"https:\/\/www.fiemg.com.br\/associativismo\/noticias\/encontro-discutiu-gargalos-da-cadeia-produtiva-apresentou-aprendizados-da-missao-internacional-ao-japao-e-detalhou-as-novas-exigencias-legais-da-logistica-reversa-em-minas-gerais\/","title":{"rendered":"Setor de vestu\u00e1rio debate desafios, miss\u00e3o internacional e novas regras de log\u00edstica reversa em reuni\u00e3o da FIEMG"},"content":{"rendered":"\n<p>A C\u00e2mara da Ind\u00fastria de Insumos e Transforma\u00e7\u00e3o do Vestu\u00e1rio, Cal\u00e7ados e Acess\u00f3rios da FIEMG promoveu, no dia 24 de julho, uma reuni\u00e3o na sede da Federa\u00e7\u00e3o, em Belo Horizonte, para discutir os principais entraves enfrentados pelo setor. A abertura foi conduzida por <strong>Rog\u00e9rio Vasconcellos<\/strong>, presidente da C\u00e2mara, que destacou a import\u00e2ncia do espa\u00e7o para o compartilhamento de experi\u00eancias e a constru\u00e7\u00e3o conjunta de solu\u00e7\u00f5es.<\/p>\n\n\n\n<p>&#8220;\u00c9 essencial que voc\u00eas tragam para n\u00f3s as dificuldades que est\u00e3o surgindo no mercado, para que possamos buscar caminhos vi\u00e1veis. Algumas demandas j\u00e1 foram mapeadas desde a primeira reuni\u00e3o e estamos empenhados em atender aos pontos levantados&#8221;, afirmou Vasconcellos.<\/p>\n\n\n\n<p>Entre os temas debatidos estiveram quest\u00f5es pol\u00edticas, escassez de m\u00e3o de obra qualificada, desafios educacionais e o relato sobre a miss\u00e3o internacional da FIEMG ao Jap\u00e3o, realizada neste ano. A participa\u00e7\u00e3o da Federa\u00e7\u00e3o em uma das maiores exposi\u00e7\u00f5es internacionais do mundo, que re\u00fane representantes de 180 pa\u00edses a cada cinco anos, foi apresentada como uma importante estrat\u00e9gia de inser\u00e7\u00e3o global e aproxima\u00e7\u00e3o com o mercado asi\u00e1tico. A miss\u00e3o tamb\u00e9m incluiu a realiza\u00e7\u00e3o do Foro Brasil-Jap\u00e3o, com presen\u00e7a de autoridades brasileiras e japonesas, como o governador e representantes de diferentes esferas governamentais e empresariais.<\/p>\n\n\n\n<p>&#8220;Participar da miss\u00e3o ao Jap\u00e3o \u00e9 como abrir uma janela para o futuro. Em meio a inova\u00e7\u00f5es tecnol\u00f3gicas, sustentabilidade e cultura milenar, essa jornada representa muito mais do que uma visita internacional. O que levamos dessa experi\u00eancia para Minas Gerais \u00e9 a valoriza\u00e7\u00e3o do processo. Precisamos refor\u00e7ar, nas nossas escolas e oficinas, o ensino da constru\u00e7\u00e3o artesanal e da modelagem como forma de gerar diferencia\u00e7\u00e3o de produto&#8221;, destacou Vasconcellos.<\/p>\n\n\n\n<p>Outro tema de grande relev\u00e2ncia na pauta da reuni\u00e3o foi a log\u00edstica reversa, com apresenta\u00e7\u00e3o de Karine Dias, diretora de Res\u00edduos Industriais da SEMAD (Secretaria de Estado de Meio Ambiente e Desenvolvimento Sustent\u00e1vel de Minas Gerais). Karine detalhou o hist\u00f3rico das regulamenta\u00e7\u00f5es no estado e destacou os avan\u00e7os alcan\u00e7ados com a Delibera\u00e7\u00e3o Normativa COPAM n\u00ba 249\/2024, elaborada com ampla participa\u00e7\u00e3o da sociedade e publicada no in\u00edcio deste ano. Ela explicou que a log\u00edstica reversa \u00e9 uma responsabilidade compartilhada entre fabricantes, importadores, distribuidores e comerciantes, e que o Estado de Minas Gerais j\u00e1 contempla a pr\u00e1tica desde antes da Pol\u00edtica Nacional de Res\u00edduos S\u00f3lidos, de 2010.<\/p>\n\n\n\n<p>&#8220;A responsabilidade pela log\u00edstica reversa \u00e9 de todos os elos da cadeia produtiva. No setor de vestu\u00e1rio, a principal obriga\u00e7\u00e3o recai sobre as embalagens que chegam ao consumidor final, como sacolas pl\u00e1sticas e caixas de papel\u00e3o. Esses res\u00edduos precisam ter destina\u00e7\u00e3o ambientalmente adequada&#8221;, ressaltou Karine.<\/p>\n\n\n\n<p>Monicke Sant Anna, coordenadora jur\u00eddica de Meio Ambiente da FIEMG, tamb\u00e9m participou da reuni\u00e3o e compartilhou sua atua\u00e7\u00e3o como representante da ind\u00fastria no COPAM, onde apresentou parecer de vista e defendeu os interesses do setor na constru\u00e7\u00e3o da delibera\u00e7\u00e3o. Ela alertou sobre as obriga\u00e7\u00f5es espec\u00edficas no caso de embalagens p\u00f3s-consumo e orientou os participantes sobre a diferencia\u00e7\u00e3o entre os casos em que a marca do produto final pertence ou n\u00e3o ao fabricante da pe\u00e7a.<\/p>\n\n\n\n<p>Al\u00e9m disso, atualiza\u00e7\u00f5es trabalhistas e os impactos da nova legisla\u00e7\u00e3o sobre o cr\u00e9dito consignado tamb\u00e9m estiveram em pauta. Os participantes debateram as recentes mudan\u00e7as e os reflexos das normas no cotidiano das empresas, abordando temas sens\u00edveis da agenda trabalhista e esclarecendo d\u00favidas sobre as novas regras aplic\u00e1veis ao empr\u00e9stimo consignado para colaboradores.<\/p>\n\n\n\n<p>Durante o encontro, Neusa Giacomozzi e Suelen Caetano, representantes da Recobran\u00e7a Group, apresentaram a trajet\u00f3ria da empresa \u00e0 frente do mercado brasileiro de recupera\u00e7\u00e3o de cr\u00e9dito. Com 24 anos de atua\u00e7\u00e3o, a Recobran\u00e7a se destaca por contar com uma equipe majoritariamente feminina, sendo exemplo de lideran\u00e7a, inclus\u00e3o e protagonismo feminino no setor.<\/p>\n\n\n\n<p><\/p>\n\n\n\n<p>Confir a outras fotos da reuni\u00e3o <a href=\"https:\/\/www.flickr.com\/photos\/sistemafiemg\/albums\/72177720327741175\/with\/54676167235\">NESTE LINK<\/a>.<\/p>\n\n\n\n<p><\/p>\n","protected":false},"featured_media":4002,"template":"","categories":[15],"tags":[46,1124,642],"class_list":["post-4001","noticias","type-noticias","status-publish","has-post-thumbnail","hentry","category-desenvolvimento-industrial","tag-fiemg","tag-japao","tag-moda"],"acf":[],"yoast_head":"<!-- This site is optimized with the Yoast SEO plugin v26.2 - https:\/\/yoast.com\/wordpress\/plugins\/seo\/ -->\n<title>Setor de vestu\u00e1rio debate desafios, miss\u00e3o internacional e novas regras de log\u00edstica reversa em reuni\u00e3o da FIEMG - Associativismo<\/title>\n<meta name=\"description\" content=\"Encontro discutiu gargalos da cadeia produtiva, apresentou aprendizados da miss\u00e3o internacional ao Jap\u00e3o e detalhou as novas exig\u00eancias legais da log\u00edstica reversa em Minas Gerais\" \/>\n<meta name=\"robots\" content=\"index, follow, max-snippet:-1, max-image-preview:large, max-video-preview:-1\" \/>\n<link rel=\"canonical\" href=\"https:\/\/www.fiemg.com.br\/associativismo\/noticias\/encontro-discutiu-gargalos-da-cadeia-produtiva-apresentou-aprendizados-da-missao-internacional-ao-japao-e-detalhou-as-novas-exigencias-legais-da-logistica-reversa-em-minas-gerais\/\" \/>\n<meta property=\"og:locale\" content=\"pt_BR\" \/>\n<meta property=\"og:type\" content=\"article\" \/>\n<meta property=\"og:title\" content=\"Setor de vestu\u00e1rio debate desafios, miss\u00e3o internacional e novas regras de log\u00edstica reversa em reuni\u00e3o da FIEMG - Associativismo\" \/>\n<meta property=\"og:description\" content=\"Encontro discutiu gargalos da cadeia produtiva, apresentou aprendizados da miss\u00e3o internacional ao Jap\u00e3o e detalhou as novas exig\u00eancias legais da log\u00edstica reversa em Minas Gerais\" \/>\n<meta property=\"og:url\" content=\"https:\/\/www.fiemg.com.br\/associativismo\/noticias\/encontro-discutiu-gargalos-da-cadeia-produtiva-apresentou-aprendizados-da-missao-internacional-ao-japao-e-detalhou-as-novas-exigencias-legais-da-logistica-reversa-em-minas-gerais\/\" \/>\n<meta property=\"og:site_name\" content=\"Associativismo\" \/>\n<meta property=\"article:modified_time\" content=\"2025-07-24T14:23:07+00:00\" \/>\n<meta property=\"og:image\" content=\"https:\/\/www.fiemg.com.br\/associativismo\/wp-content\/uploads\/sites\/29\/2025\/07\/camara-da-moda-e-calcados.png\" \/>\n\t<meta property=\"og:image:width\" content=\"1600\" \/>\n\t<meta property=\"og:image:height\" content=\"1600\" \/>\n\t<meta property=\"og:image:type\" content=\"image\/png\" \/>\n<meta name=\"twitter:card\" content=\"summary_large_image\" \/>\n<meta name=\"twitter:label1\" content=\"Est. tempo de leitura\" \/>\n\t<meta name=\"twitter:data1\" content=\"4 minutos\" \/>\n<script type=\"application\/ld+json\" class=\"yoast-schema-graph\">{\"@context\":\"https:\/\/schema.org\",\"@graph\":[{\"@type\":\"WebPage\",\"@id\":\"https:\/\/www.fiemg.com.br\/associativismo\/noticias\/encontro-discutiu-gargalos-da-cadeia-produtiva-apresentou-aprendizados-da-missao-internacional-ao-japao-e-detalhou-as-novas-exigencias-legais-da-logistica-reversa-em-minas-gerais\/\",\"url\":\"https:\/\/www.fiemg.com.br\/associativismo\/noticias\/encontro-discutiu-gargalos-da-cadeia-produtiva-apresentou-aprendizados-da-missao-internacional-ao-japao-e-detalhou-as-novas-exigencias-legais-da-logistica-reversa-em-minas-gerais\/\",\"name\":\"Setor de vestu\u00e1rio debate desafios, miss\u00e3o internacional e novas regras de log\u00edstica reversa em reuni\u00e3o da FIEMG - Associativismo\",\"isPartOf\":{\"@id\":\"https:\/\/www.fiemg.com.br\/associativismo\/#website\"},\"primaryImageOfPage\":{\"@id\":\"https:\/\/www.fiemg.com.br\/associativismo\/noticias\/encontro-discutiu-gargalos-da-cadeia-produtiva-apresentou-aprendizados-da-missao-internacional-ao-japao-e-detalhou-as-novas-exigencias-legais-da-logistica-reversa-em-minas-gerais\/#primaryimage\"},\"image\":{\"@id\":\"https:\/\/www.fiemg.com.br\/associativismo\/noticias\/encontro-discutiu-gargalos-da-cadeia-produtiva-apresentou-aprendizados-da-missao-internacional-ao-japao-e-detalhou-as-novas-exigencias-legais-da-logistica-reversa-em-minas-gerais\/#primaryimage\"},\"thumbnailUrl\":\"https:\/\/www.fiemg.com.br\/associativismo\/wp-content\/uploads\/sites\/29\/2025\/07\/camara-da-moda-e-calcados.png\",\"datePublished\":\"2025-07-24T14:23:05+00:00\",\"dateModified\":\"2025-07-24T14:23:07+00:00\",\"description\":\"Encontro discutiu gargalos da cadeia produtiva, apresentou aprendizados da miss\u00e3o internacional ao Jap\u00e3o e detalhou as novas exig\u00eancias legais da log\u00edstica reversa em Minas Gerais\",\"breadcrumb\":{\"@id\":\"https:\/\/www.fiemg.com.br\/associativismo\/noticias\/encontro-discutiu-gargalos-da-cadeia-produtiva-apresentou-aprendizados-da-missao-internacional-ao-japao-e-detalhou-as-novas-exigencias-legais-da-logistica-reversa-em-minas-gerais\/#breadcrumb\"},\"inLanguage\":\"pt-BR\",\"potentialAction\":[{\"@type\":\"ReadAction\",\"target\":[\"https:\/\/www.fiemg.com.br\/associativismo\/noticias\/encontro-discutiu-gargalos-da-cadeia-produtiva-apresentou-aprendizados-da-missao-internacional-ao-japao-e-detalhou-as-novas-exigencias-legais-da-logistica-reversa-em-minas-gerais\/\"]}]},{\"@type\":\"ImageObject\",\"inLanguage\":\"pt-BR\",\"@id\":\"https:\/\/www.fiemg.com.br\/associativismo\/noticias\/encontro-discutiu-gargalos-da-cadeia-produtiva-apresentou-aprendizados-da-missao-internacional-ao-japao-e-detalhou-as-novas-exigencias-legais-da-logistica-reversa-em-minas-gerais\/#primaryimage\",\"url\":\"https:\/\/www.fiemg.com.br\/associativismo\/wp-content\/uploads\/sites\/29\/2025\/07\/camara-da-moda-e-calcados.png\",\"contentUrl\":\"https:\/\/www.fiemg.com.br\/associativismo\/wp-content\/uploads\/sites\/29\/2025\/07\/camara-da-moda-e-calcados.png\",\"width\":1600,\"height\":1600},{\"@type\":\"BreadcrumbList\",\"@id\":\"https:\/\/www.fiemg.com.br\/associativismo\/noticias\/encontro-discutiu-gargalos-da-cadeia-produtiva-apresentou-aprendizados-da-missao-internacional-ao-japao-e-detalhou-as-novas-exigencias-legais-da-logistica-reversa-em-minas-gerais\/#breadcrumb\",\"itemListElement\":[{\"@type\":\"ListItem\",\"position\":1,\"name\":\"In\u00edcio\",\"item\":\"https:\/\/www.fiemg.com.br\/associativismo\/\"},{\"@type\":\"ListItem\",\"position\":2,\"name\":\"Setor de vestu\u00e1rio debate desafios, miss\u00e3o internacional e novas regras de log\u00edstica reversa em reuni\u00e3o da FIEMG\"}]},{\"@type\":\"WebSite\",\"@id\":\"https:\/\/www.fiemg.com.br\/associativismo\/#website\",\"url\":\"https:\/\/www.fiemg.com.br\/associativismo\/\",\"name\":\"Associativismo\",\"description\":\"Federa\u00e7\u00e3o das Ind\u00fastrias do Estado de Minas Gerais\",\"publisher\":{\"@id\":\"https:\/\/www.fiemg.com.br\/associativismo\/#organization\"},\"potentialAction\":[{\"@type\":\"SearchAction\",\"target\":{\"@type\":\"EntryPoint\",\"urlTemplate\":\"https:\/\/www.fiemg.com.br\/associativismo\/?s={search_term_string}\"},\"query-input\":{\"@type\":\"PropertyValueSpecification\",\"valueRequired\":true,\"valueName\":\"search_term_string\"}}],\"inLanguage\":\"pt-BR\"},{\"@type\":\"Organization\",\"@id\":\"https:\/\/www.fiemg.com.br\/associativismo\/#organization\",\"name\":\"Associativismo\",\"url\":\"https:\/\/www.fiemg.com.br\/associativismo\/\",\"logo\":{\"@type\":\"ImageObject\",\"inLanguage\":\"pt-BR\",\"@id\":\"https:\/\/www.fiemg.com.br\/associativismo\/#\/schema\/logo\/image\/\",\"url\":\"https:\/\/www.fiemg.com.br\/associativismo\/wp-content\/uploads\/sites\/29\/2023\/02\/fiemg_branco.svg\",\"contentUrl\":\"https:\/\/www.fiemg.com.br\/associativismo\/wp-content\/uploads\/sites\/29\/2023\/02\/fiemg_branco.svg\",\"width\":561,\"height\":147,\"caption\":\"Associativismo\"},\"image\":{\"@id\":\"https:\/\/www.fiemg.com.br\/associativismo\/#\/schema\/logo\/image\/\"}}]}<\/script>\n<!-- \/ Yoast SEO plugin. -->","yoast_head_json":{"title":"Setor de vestu\u00e1rio debate desafios, miss\u00e3o internacional e novas regras de log\u00edstica reversa em reuni\u00e3o da FIEMG - Associativismo","description":"Encontro discutiu gargalos da cadeia produtiva, apresentou aprendizados da miss\u00e3o internacional ao Jap\u00e3o e detalhou as novas exig\u00eancias legais da log\u00edstica reversa em Minas Gerais","robots":{"index":"index","follow":"follow","max-snippet":"max-snippet:-1","max-image-preview":"max-image-preview:large","max-video-preview":"max-video-preview:-1"},"canonical":"https:\/\/www.fiemg.com.br\/associativismo\/noticias\/encontro-discutiu-gargalos-da-cadeia-produtiva-apresentou-aprendizados-da-missao-internacional-ao-japao-e-detalhou-as-novas-exigencias-legais-da-logistica-reversa-em-minas-gerais\/","og_locale":"pt_BR","og_type":"article","og_title":"Setor de vestu\u00e1rio debate desafios, miss\u00e3o internacional e novas regras de log\u00edstica reversa em reuni\u00e3o da FIEMG - Associativismo","og_description":"Encontro discutiu gargalos da cadeia produtiva, apresentou aprendizados da miss\u00e3o internacional ao Jap\u00e3o e detalhou as novas exig\u00eancias legais da log\u00edstica reversa em Minas Gerais","og_url":"https:\/\/www.fiemg.com.br\/associativismo\/noticias\/encontro-discutiu-gargalos-da-cadeia-produtiva-apresentou-aprendizados-da-missao-internacional-ao-japao-e-detalhou-as-novas-exigencias-legais-da-logistica-reversa-em-minas-gerais\/","og_site_name":"Associativismo","article_modified_time":"2025-07-24T14:23:07+00:00","og_image":[{"width":1600,"height":1600,"url":"https:\/\/www.fiemg.com.br\/associativismo\/wp-content\/uploads\/sites\/29\/2025\/07\/camara-da-moda-e-calcados.png","type":"image\/png"}],"twitter_card":"summary_large_image","twitter_misc":{"Est. tempo de leitura":"4 minutos"},"schema":{"@context":"https:\/\/schema.org","@graph":[{"@type":"WebPage","@id":"https:\/\/www.fiemg.com.br\/associativismo\/noticias\/encontro-discutiu-gargalos-da-cadeia-produtiva-apresentou-aprendizados-da-missao-internacional-ao-japao-e-detalhou-as-novas-exigencias-legais-da-logistica-reversa-em-minas-gerais\/","url":"https:\/\/www.fiemg.com.br\/associativismo\/noticias\/encontro-discutiu-gargalos-da-cadeia-produtiva-apresentou-aprendizados-da-missao-internacional-ao-japao-e-detalhou-as-novas-exigencias-legais-da-logistica-reversa-em-minas-gerais\/","name":"Setor de vestu\u00e1rio debate desafios, miss\u00e3o internacional e novas regras de log\u00edstica reversa em reuni\u00e3o da FIEMG - Associativismo","isPartOf":{"@id":"https:\/\/www.fiemg.com.br\/associativismo\/#website"},"primaryImageOfPage":{"@id":"https:\/\/www.fiemg.com.br\/associativismo\/noticias\/encontro-discutiu-gargalos-da-cadeia-produtiva-apresentou-aprendizados-da-missao-internacional-ao-japao-e-detalhou-as-novas-exigencias-legais-da-logistica-reversa-em-minas-gerais\/#primaryimage"},"image":{"@id":"https:\/\/www.fiemg.com.br\/associativismo\/noticias\/encontro-discutiu-gargalos-da-cadeia-produtiva-apresentou-aprendizados-da-missao-internacional-ao-japao-e-detalhou-as-novas-exigencias-legais-da-logistica-reversa-em-minas-gerais\/#primaryimage"},"thumbnailUrl":"https:\/\/www.fiemg.com.br\/associativismo\/wp-content\/uploads\/sites\/29\/2025\/07\/camara-da-moda-e-calcados.png","datePublished":"2025-07-24T14:23:05+00:00","dateModified":"2025-07-24T14:23:07+00:00","description":"Encontro discutiu gargalos da cadeia produtiva, apresentou aprendizados da miss\u00e3o internacional ao Jap\u00e3o e detalhou as novas exig\u00eancias legais da log\u00edstica reversa em Minas Gerais","breadcrumb":{"@id":"https:\/\/www.fiemg.com.br\/associativismo\/noticias\/encontro-discutiu-gargalos-da-cadeia-produtiva-apresentou-aprendizados-da-missao-internacional-ao-japao-e-detalhou-as-novas-exigencias-legais-da-logistica-reversa-em-minas-gerais\/#breadcrumb"},"inLanguage":"pt-BR","potentialAction":[{"@type":"ReadAction","target":["https:\/\/www.fiemg.com.br\/associativismo\/noticias\/encontro-discutiu-gargalos-da-cadeia-produtiva-apresentou-aprendizados-da-missao-internacional-ao-japao-e-detalhou-as-novas-exigencias-legais-da-logistica-reversa-em-minas-gerais\/"]}]},{"@type":"ImageObject","inLanguage":"pt-BR","@id":"https:\/\/www.fiemg.com.br\/associativismo\/noticias\/encontro-discutiu-gargalos-da-cadeia-produtiva-apresentou-aprendizados-da-missao-internacional-ao-japao-e-detalhou-as-novas-exigencias-legais-da-logistica-reversa-em-minas-gerais\/#primaryimage","url":"https:\/\/www.fiemg.com.br\/associativismo\/wp-content\/uploads\/sites\/29\/2025\/07\/camara-da-moda-e-calcados.png","contentUrl":"https:\/\/www.fiemg.com.br\/associativismo\/wp-content\/uploads\/sites\/29\/2025\/07\/camara-da-moda-e-calcados.png","width":1600,"height":1600},{"@type":"BreadcrumbList","@id":"https:\/\/www.fiemg.com.br\/associativismo\/noticias\/encontro-discutiu-gargalos-da-cadeia-produtiva-apresentou-aprendizados-da-missao-internacional-ao-japao-e-detalhou-as-novas-exigencias-legais-da-logistica-reversa-em-minas-gerais\/#breadcrumb","itemListElement":[{"@type":"ListItem","position":1,"name":"In\u00edcio","item":"https:\/\/www.fiemg.com.br\/associativismo\/"},{"@type":"ListItem","position":2,"name":"Setor de vestu\u00e1rio debate desafios, miss\u00e3o internacional e novas regras de log\u00edstica reversa em reuni\u00e3o da FIEMG"}]},{"@type":"WebSite","@id":"https:\/\/www.fiemg.com.br\/associativismo\/#website","url":"https:\/\/www.fiemg.com.br\/associativismo\/","name":"Associativismo","description":"Federa\u00e7\u00e3o das Ind\u00fastrias do Estado de Minas Gerais","publisher":{"@id":"https:\/\/www.fiemg.com.br\/associativismo\/#organization"},"potentialAction":[{"@type":"SearchAction","target":{"@type":"EntryPoint","urlTemplate":"https:\/\/www.fiemg.com.br\/associativismo\/?s={search_term_string}"},"query-input":{"@type":"PropertyValueSpecification","valueRequired":true,"valueName":"search_term_string"}}],"inLanguage":"pt-BR"},{"@type":"Organization","@id":"https:\/\/www.fiemg.com.br\/associativismo\/#organization","name":"Associativismo","url":"https:\/\/www.fiemg.com.br\/associativismo\/","logo":{"@type":"ImageObject","inLanguage":"pt-BR","@id":"https:\/\/www.fiemg.com.br\/associativismo\/#\/schema\/logo\/image\/","url":"https:\/\/www.fiemg.com.br\/associativismo\/wp-content\/uploads\/sites\/29\/2023\/02\/fiemg_branco.svg","contentUrl":"https:\/\/www.fiemg.com.br\/associativismo\/wp-content\/uploads\/sites\/29\/2023\/02\/fiemg_branco.svg","width":561,"height":147,"caption":"Associativismo"},"image":{"@id":"https:\/\/www.fiemg.com.br\/associativismo\/#\/schema\/logo\/image\/"}}]}},"_links":{"self":[{"href":"https:\/\/www.fiemg.com.br\/associativismo\/wp-json\/wp\/v2\/noticias\/4001","targetHints":{"allow":["GET"]}}],"collection":[{"href":"https:\/\/www.fiemg.com.br\/associativismo\/wp-json\/wp\/v2\/noticias"}],"about":[{"href":"https:\/\/www.fiemg.com.br\/associativismo\/wp-json\/wp\/v2\/types\/noticias"}],"wp:featuredmedia":[{"embeddable":true,"href":"https:\/\/www.fiemg.com.br\/associativismo\/wp-json\/wp\/v2\/media\/4002"}],"wp:attachment":[{"href":"https:\/\/www.fiemg.com.br\/associativismo\/wp-json\/wp\/v2\/media?parent=4001"}],"wp:term":[{"taxonomy":"category","embeddable":true,"href":"https:\/\/www.fiemg.com.br\/associativismo\/wp-json\/wp\/v2\/categories?post=4001"},{"taxonomy":"post_tag","embeddable":true,"href":"https:\/\/www.fiemg.com.br\/associativismo\/wp-json\/wp\/v2\/tags?post=4001"}],"curies":[{"name":"wp","href":"https:\/\/api.w.org\/{rel}","templated":true}]}}