{"id":4016,"date":"2025-07-30T15:34:51","date_gmt":"2025-07-30T18:34:51","guid":{"rendered":"https:\/\/www.fiemg.com.br\/associativismo\/noticias\/webinar-gratuito-sobre-credito-para-exportacao\/"},"modified":"2025-07-30T15:34:52","modified_gmt":"2025-07-30T18:34:52","slug":"webinar-gratuito-sobre-credito-para-exportacao","status":"publish","type":"noticias","link":"https:\/\/www.fiemg.com.br\/associativismo\/noticias\/webinar-gratuito-sobre-credito-para-exportacao\/","title":{"rendered":"Webinar gratuito sobre Cr\u00e9dito para Exporta\u00e7\u00e3o"},"content":{"rendered":"\n<p>Empres\u00e1rios, exportadores e profissionais da \u00e1rea de com\u00e9rcio exterior poder\u00e3o aprofundar seus conhecimentos sobre solu\u00e7\u00f5es financeiras no <strong>Webinar Cr\u00e9dito para Exporta\u00e7\u00e3o<\/strong>, que ser\u00e1 realizado no dia 7 de agosto, \u00e0s 15h30, em formato 100% on-line e gratuito. Promovido com o apoio do Centro Internacional de Neg\u00f3cios da FIEMG, o evento apresentar\u00e1 os principais instrumentos de cr\u00e9dito, c\u00e2mbio e seguro para apoiar opera\u00e7\u00f5es de exporta\u00e7\u00e3o.<\/p>\n\n\n\n<p>Entre os temas abordados est\u00e3o modalidades de pagamento, carta de cr\u00e9dito, ACC, ACE, PROEX, linhas de apoio \u00e0 cadeia produtiva e o funcionamento do seguro de cr\u00e9dito \u00e0 exporta\u00e7\u00e3o. O conte\u00fado ser\u00e1 conduzido por <strong>Liliana Hor\u00e1cio<\/strong>, gerente de Servi\u00e7os Internacionais do Banco do Brasil, e <strong>Ma\u00edra Madrid<\/strong>, presidente da Ag\u00eancia Brasileira Gestora de Fundos Garantidores (ABGF).<\/p>\n\n\n\n<p><strong>Servi\u00e7o:<\/strong><br><strong>Data: <\/strong>07 de agosto de 2025<br><strong>Hor\u00e1rio:<\/strong> 15h30<br><strong>Formato:<\/strong> Evento 100% on-line e gratuito<br><a class=\"\" href=\"https:\/\/forms.gle\/vkZXJTM8cVo7sK1m8\"><strong>Inscreva-se aqui<\/strong><\/a><\/p>\n\n\n\n<p><em>Ana Paula Motta<\/em><br><strong>Imprensa FIEMG<\/strong><\/p>\n","protected":false},"featured_media":4017,"template":"","categories":[15],"tags":[],"class_list":["post-4016","noticias","type-noticias","status-publish","has-post-thumbnail","hentry","category-desenvolvimento-industrial"],"acf":[],"yoast_head":"<!-- This site is optimized with the Yoast SEO plugin v26.2 - https:\/\/yoast.com\/wordpress\/plugins\/seo\/ -->\n<title>Webinar gratuito sobre Cr\u00e9dito para Exporta\u00e7\u00e3o - Associativismo<\/title>\n<meta name=\"robots\" content=\"index, follow, max-snippet:-1, max-image-preview:large, max-video-preview:-1\" \/>\n<link rel=\"canonical\" href=\"https:\/\/www.fiemg.com.br\/associativismo\/noticias\/webinar-gratuito-sobre-credito-para-exportacao\/\" \/>\n<meta property=\"og:locale\" content=\"pt_BR\" \/>\n<meta property=\"og:type\" content=\"article\" \/>\n<meta property=\"og:title\" content=\"Webinar gratuito sobre Cr\u00e9dito para Exporta\u00e7\u00e3o - Associativismo\" \/>\n<meta property=\"og:description\" content=\"Empres\u00e1rios, exportadores e profissionais da \u00e1rea de com\u00e9rcio exterior poder\u00e3o aprofundar seus conhecimentos sobre solu\u00e7\u00f5es financeiras no Webinar Cr\u00e9dito para Exporta\u00e7\u00e3o, que ser\u00e1 realizado no dia 7 de agosto, \u00e0s 15h30, em formato 100% on-line e gratuito. Promovido com o apoio do Centro Internacional de Neg\u00f3cios da FIEMG, o evento apresentar\u00e1 os principais instrumentos de [&hellip;]\" \/>\n<meta property=\"og:url\" content=\"https:\/\/www.fiemg.com.br\/associativismo\/noticias\/webinar-gratuito-sobre-credito-para-exportacao\/\" \/>\n<meta property=\"og:site_name\" content=\"Associativismo\" \/>\n<meta property=\"article:modified_time\" content=\"2025-07-30T18:34:52+00:00\" \/>\n<meta property=\"og:image\" content=\"https:\/\/www.fiemg.com.br\/associativismo\/wp-content\/uploads\/sites\/29\/2025\/07\/CARD-WHATS-Webinar-Credito.png\" \/>\n\t<meta property=\"og:image:width\" content=\"1436\" \/>\n\t<meta property=\"og:image:height\" content=\"1436\" \/>\n\t<meta property=\"og:image:type\" content=\"image\/png\" \/>\n<meta name=\"twitter:card\" content=\"summary_large_image\" \/>\n<meta name=\"twitter:label1\" content=\"Est. tempo de leitura\" \/>\n\t<meta name=\"twitter:data1\" content=\"1 minuto\" \/>\n<script type=\"application\/ld+json\" class=\"yoast-schema-graph\">{\"@context\":\"https:\/\/schema.org\",\"@graph\":[{\"@type\":\"WebPage\",\"@id\":\"https:\/\/www.fiemg.com.br\/associativismo\/noticias\/webinar-gratuito-sobre-credito-para-exportacao\/\",\"url\":\"https:\/\/www.fiemg.com.br\/associativismo\/noticias\/webinar-gratuito-sobre-credito-para-exportacao\/\",\"name\":\"Webinar gratuito sobre Cr\u00e9dito para Exporta\u00e7\u00e3o - Associativismo\",\"isPartOf\":{\"@id\":\"https:\/\/www.fiemg.com.br\/associativismo\/#website\"},\"primaryImageOfPage\":{\"@id\":\"https:\/\/www.fiemg.com.br\/associativismo\/noticias\/webinar-gratuito-sobre-credito-para-exportacao\/#primaryimage\"},\"image\":{\"@id\":\"https:\/\/www.fiemg.com.br\/associativismo\/noticias\/webinar-gratuito-sobre-credito-para-exportacao\/#primaryimage\"},\"thumbnailUrl\":\"https:\/\/www.fiemg.com.br\/associativismo\/wp-content\/uploads\/sites\/29\/2025\/07\/CARD-WHATS-Webinar-Credito.png\",\"datePublished\":\"2025-07-30T18:34:51+00:00\",\"dateModified\":\"2025-07-30T18:34:52+00:00\",\"breadcrumb\":{\"@id\":\"https:\/\/www.fiemg.com.br\/associativismo\/noticias\/webinar-gratuito-sobre-credito-para-exportacao\/#breadcrumb\"},\"inLanguage\":\"pt-BR\",\"potentialAction\":[{\"@type\":\"ReadAction\",\"target\":[\"https:\/\/www.fiemg.com.br\/associativismo\/noticias\/webinar-gratuito-sobre-credito-para-exportacao\/\"]}]},{\"@type\":\"ImageObject\",\"inLanguage\":\"pt-BR\",\"@id\":\"https:\/\/www.fiemg.com.br\/associativismo\/noticias\/webinar-gratuito-sobre-credito-para-exportacao\/#primaryimage\",\"url\":\"https:\/\/www.fiemg.com.br\/associativismo\/wp-content\/uploads\/sites\/29\/2025\/07\/CARD-WHATS-Webinar-Credito.png\",\"contentUrl\":\"https:\/\/www.fiemg.com.br\/associativismo\/wp-content\/uploads\/sites\/29\/2025\/07\/CARD-WHATS-Webinar-Credito.png\",\"width\":1436,\"height\":1436},{\"@type\":\"BreadcrumbList\",\"@id\":\"https:\/\/www.fiemg.com.br\/associativismo\/noticias\/webinar-gratuito-sobre-credito-para-exportacao\/#breadcrumb\",\"itemListElement\":[{\"@type\":\"ListItem\",\"position\":1,\"name\":\"In\u00edcio\",\"item\":\"https:\/\/www.fiemg.com.br\/associativismo\/\"},{\"@type\":\"ListItem\",\"position\":2,\"name\":\"Webinar gratuito sobre Cr\u00e9dito para Exporta\u00e7\u00e3o\"}]},{\"@type\":\"WebSite\",\"@id\":\"https:\/\/www.fiemg.com.br\/associativismo\/#website\",\"url\":\"https:\/\/www.fiemg.com.br\/associativismo\/\",\"name\":\"Associativismo\",\"description\":\"Federa\u00e7\u00e3o das Ind\u00fastrias do Estado de Minas Gerais\",\"publisher\":{\"@id\":\"https:\/\/www.fiemg.com.br\/associativismo\/#organization\"},\"potentialAction\":[{\"@type\":\"SearchAction\",\"target\":{\"@type\":\"EntryPoint\",\"urlTemplate\":\"https:\/\/www.fiemg.com.br\/associativismo\/?s={search_term_string}\"},\"query-input\":{\"@type\":\"PropertyValueSpecification\",\"valueRequired\":true,\"valueName\":\"search_term_string\"}}],\"inLanguage\":\"pt-BR\"},{\"@type\":\"Organization\",\"@id\":\"https:\/\/www.fiemg.com.br\/associativismo\/#organization\",\"name\":\"Associativismo\",\"url\":\"https:\/\/www.fiemg.com.br\/associativismo\/\",\"logo\":{\"@type\":\"ImageObject\",\"inLanguage\":\"pt-BR\",\"@id\":\"https:\/\/www.fiemg.com.br\/associativismo\/#\/schema\/logo\/image\/\",\"url\":\"https:\/\/www.fiemg.com.br\/associativismo\/wp-content\/uploads\/sites\/29\/2023\/02\/fiemg_branco.svg\",\"contentUrl\":\"https:\/\/www.fiemg.com.br\/associativismo\/wp-content\/uploads\/sites\/29\/2023\/02\/fiemg_branco.svg\",\"width\":561,\"height\":147,\"caption\":\"Associativismo\"},\"image\":{\"@id\":\"https:\/\/www.fiemg.com.br\/associativismo\/#\/schema\/logo\/image\/\"}}]}<\/script>\n<!-- \/ Yoast SEO plugin. -->","yoast_head_json":{"title":"Webinar gratuito sobre Cr\u00e9dito para Exporta\u00e7\u00e3o - Associativismo","robots":{"index":"index","follow":"follow","max-snippet":"max-snippet:-1","max-image-preview":"max-image-preview:large","max-video-preview":"max-video-preview:-1"},"canonical":"https:\/\/www.fiemg.com.br\/associativismo\/noticias\/webinar-gratuito-sobre-credito-para-exportacao\/","og_locale":"pt_BR","og_type":"article","og_title":"Webinar gratuito sobre Cr\u00e9dito para Exporta\u00e7\u00e3o - Associativismo","og_description":"Empres\u00e1rios, exportadores e profissionais da \u00e1rea de com\u00e9rcio exterior poder\u00e3o aprofundar seus conhecimentos sobre solu\u00e7\u00f5es financeiras no Webinar Cr\u00e9dito para Exporta\u00e7\u00e3o, que ser\u00e1 realizado no dia 7 de agosto, \u00e0s 15h30, em formato 100% on-line e gratuito. Promovido com o apoio do Centro Internacional de Neg\u00f3cios da FIEMG, o evento apresentar\u00e1 os principais instrumentos de [&hellip;]","og_url":"https:\/\/www.fiemg.com.br\/associativismo\/noticias\/webinar-gratuito-sobre-credito-para-exportacao\/","og_site_name":"Associativismo","article_modified_time":"2025-07-30T18:34:52+00:00","og_image":[{"width":1436,"height":1436,"url":"https:\/\/www.fiemg.com.br\/associativismo\/wp-content\/uploads\/sites\/29\/2025\/07\/CARD-WHATS-Webinar-Credito.png","type":"image\/png"}],"twitter_card":"summary_large_image","twitter_misc":{"Est. tempo de leitura":"1 minuto"},"schema":{"@context":"https:\/\/schema.org","@graph":[{"@type":"WebPage","@id":"https:\/\/www.fiemg.com.br\/associativismo\/noticias\/webinar-gratuito-sobre-credito-para-exportacao\/","url":"https:\/\/www.fiemg.com.br\/associativismo\/noticias\/webinar-gratuito-sobre-credito-para-exportacao\/","name":"Webinar gratuito sobre Cr\u00e9dito para Exporta\u00e7\u00e3o - Associativismo","isPartOf":{"@id":"https:\/\/www.fiemg.com.br\/associativismo\/#website"},"primaryImageOfPage":{"@id":"https:\/\/www.fiemg.com.br\/associativismo\/noticias\/webinar-gratuito-sobre-credito-para-exportacao\/#primaryimage"},"image":{"@id":"https:\/\/www.fiemg.com.br\/associativismo\/noticias\/webinar-gratuito-sobre-credito-para-exportacao\/#primaryimage"},"thumbnailUrl":"https:\/\/www.fiemg.com.br\/associativismo\/wp-content\/uploads\/sites\/29\/2025\/07\/CARD-WHATS-Webinar-Credito.png","datePublished":"2025-07-30T18:34:51+00:00","dateModified":"2025-07-30T18:34:52+00:00","breadcrumb":{"@id":"https:\/\/www.fiemg.com.br\/associativismo\/noticias\/webinar-gratuito-sobre-credito-para-exportacao\/#breadcrumb"},"inLanguage":"pt-BR","potentialAction":[{"@type":"ReadAction","target":["https:\/\/www.fiemg.com.br\/associativismo\/noticias\/webinar-gratuito-sobre-credito-para-exportacao\/"]}]},{"@type":"ImageObject","inLanguage":"pt-BR","@id":"https:\/\/www.fiemg.com.br\/associativismo\/noticias\/webinar-gratuito-sobre-credito-para-exportacao\/#primaryimage","url":"https:\/\/www.fiemg.com.br\/associativismo\/wp-content\/uploads\/sites\/29\/2025\/07\/CARD-WHATS-Webinar-Credito.png","contentUrl":"https:\/\/www.fiemg.com.br\/associativismo\/wp-content\/uploads\/sites\/29\/2025\/07\/CARD-WHATS-Webinar-Credito.png","width":1436,"height":1436},{"@type":"BreadcrumbList","@id":"https:\/\/www.fiemg.com.br\/associativismo\/noticias\/webinar-gratuito-sobre-credito-para-exportacao\/#breadcrumb","itemListElement":[{"@type":"ListItem","position":1,"name":"In\u00edcio","item":"https:\/\/www.fiemg.com.br\/associativismo\/"},{"@type":"ListItem","position":2,"name":"Webinar gratuito sobre Cr\u00e9dito para Exporta\u00e7\u00e3o"}]},{"@type":"WebSite","@id":"https:\/\/www.fiemg.com.br\/associativismo\/#website","url":"https:\/\/www.fiemg.com.br\/associativismo\/","name":"Associativismo","description":"Federa\u00e7\u00e3o das Ind\u00fastrias do Estado de Minas Gerais","publisher":{"@id":"https:\/\/www.fiemg.com.br\/associativismo\/#organization"},"potentialAction":[{"@type":"SearchAction","target":{"@type":"EntryPoint","urlTemplate":"https:\/\/www.fiemg.com.br\/associativismo\/?s={search_term_string}"},"query-input":{"@type":"PropertyValueSpecification","valueRequired":true,"valueName":"search_term_string"}}],"inLanguage":"pt-BR"},{"@type":"Organization","@id":"https:\/\/www.fiemg.com.br\/associativismo\/#organization","name":"Associativismo","url":"https:\/\/www.fiemg.com.br\/associativismo\/","logo":{"@type":"ImageObject","inLanguage":"pt-BR","@id":"https:\/\/www.fiemg.com.br\/associativismo\/#\/schema\/logo\/image\/","url":"https:\/\/www.fiemg.com.br\/associativismo\/wp-content\/uploads\/sites\/29\/2023\/02\/fiemg_branco.svg","contentUrl":"https:\/\/www.fiemg.com.br\/associativismo\/wp-content\/uploads\/sites\/29\/2023\/02\/fiemg_branco.svg","width":561,"height":147,"caption":"Associativismo"},"image":{"@id":"https:\/\/www.fiemg.com.br\/associativismo\/#\/schema\/logo\/image\/"}}]}},"_links":{"self":[{"href":"https:\/\/www.fiemg.com.br\/associativismo\/wp-json\/wp\/v2\/noticias\/4016","targetHints":{"allow":["GET"]}}],"collection":[{"href":"https:\/\/www.fiemg.com.br\/associativismo\/wp-json\/wp\/v2\/noticias"}],"about":[{"href":"https:\/\/www.fiemg.com.br\/associativismo\/wp-json\/wp\/v2\/types\/noticias"}],"wp:featuredmedia":[{"embeddable":true,"href":"https:\/\/www.fiemg.com.br\/associativismo\/wp-json\/wp\/v2\/media\/4017"}],"wp:attachment":[{"href":"https:\/\/www.fiemg.com.br\/associativismo\/wp-json\/wp\/v2\/media?parent=4016"}],"wp:term":[{"taxonomy":"category","embeddable":true,"href":"https:\/\/www.fiemg.com.br\/associativismo\/wp-json\/wp\/v2\/categories?post=4016"},{"taxonomy":"post_tag","embeddable":true,"href":"https:\/\/www.fiemg.com.br\/associativismo\/wp-json\/wp\/v2\/tags?post=4016"}],"curies":[{"name":"wp","href":"https:\/\/api.w.org\/{rel}","templated":true}]}}