{"id":4019,"date":"2025-07-30T18:41:17","date_gmt":"2025-07-30T21:41:17","guid":{"rendered":"https:\/\/www.fiemg.com.br\/associativismo\/noticias\/fiemg-alerta-para-efeitos-negativos-da-selic-em-15-e-pede-politica-monetaria-mais-equilibrada\/"},"modified":"2025-07-30T18:41:20","modified_gmt":"2025-07-30T21:41:20","slug":"fiemg-alerta-para-efeitos-negativos-da-selic-em-15-e-pede-politica-monetaria-mais-equilibrada","status":"publish","type":"noticias","link":"https:\/\/www.fiemg.com.br\/associativismo\/noticias\/fiemg-alerta-para-efeitos-negativos-da-selic-em-15-e-pede-politica-monetaria-mais-equilibrada\/","title":{"rendered":"FIEMG alerta para efeitos negativos da Selic em 15% e pede pol\u00edtica monet\u00e1ria mais equilibrada"},"content":{"rendered":"\n<p><\/p>\n\n\n\n<p>A Federa\u00e7\u00e3o das Ind\u00fastrias do Estado de Minas Gerais (FIEMG) expressa preocupa\u00e7\u00e3o com a decis\u00e3o do Banco Central de manter a taxa b\u00e1sica de juros (Selic) em 15,00% ao ano \u2014 o maior patamar desde 2006. Embora n\u00e3o represente um novo aumento, o atual n\u00edvel da Selic refor\u00e7a a continuidade de uma pol\u00edtica monet\u00e1ria fortemente contracionista, cujos efeitos j\u00e1 v\u00eam sendo sentidos na retra\u00e7\u00e3o do consumo, no enfraquecimento da atividade econ\u00f4mica e na perda de competitividade do setor produtivo.<\/p>\n\n\n\n<p>Para o presidente da FIEMG, Fl\u00e1vio Roscoe, o elevado custo do cr\u00e9dito e a restri\u00e7\u00e3o ao investimento produtivo comprometem diretamente a gera\u00e7\u00e3o de empregos, a renda das fam\u00edlias e o crescimento sustent\u00e1vel do pa\u00eds. \u201cO Brasil precisa de uma pol\u00edtica monet\u00e1ria mais equilibrada, que considere os sinais de desacelera\u00e7\u00e3o e atue de forma respons\u00e1vel sem sufocar a economia real\u201d, afirma.<\/p>\n\n\n\n<p>Apesar de reconhecer a import\u00e2ncia do combate \u00e0 infla\u00e7\u00e3o como condi\u00e7\u00e3o essencial para a estabilidade econ\u00f4mica, a FIEMG destaca que a manuten\u00e7\u00e3o da Selic em n\u00edvel t\u00e3o elevado agrava os desafios enfrentados pela ind\u00fastria, especialmente diante de um ambiente fiscal incerto e do cen\u00e1rio internacional adverso \u2014 marcado por tens\u00f5es comerciais, como o atual impasse entre Brasil e Estados Unidos em raz\u00e3o do tarifa\u00e7o do governo americano sobre as exporta\u00e7\u00f5es brasileiras.<\/p>\n\n\n\n<p>A Federa\u00e7\u00e3o ressalta a necessidade de prud\u00eancia por parte da autoridade monet\u00e1ria, levando em conta os efeitos defasados das decis\u00f5es anteriores e o alto grau de restri\u00e7\u00e3o j\u00e1 imposto pela taxa de juros atual. \u201c\u00c9 preciso proteger a atividade produtiva e evitar impactos desproporcionais sobre o mercado de trabalho e a competitividade do pa\u00eds\u201d, conclui Roscoe.<\/p>\n\n\n\n<p><strong>Imprensa FIEMG<\/strong><\/p>\n\n\n\n<p><\/p>\n","protected":false},"featured_media":3986,"template":"","categories":[282],"tags":[239,436],"class_list":["post-4019","noticias","type-noticias","status-publish","has-post-thumbnail","hentry","category-associativismo","tag-copom","tag-selic"],"acf":[],"yoast_head":"<!-- This site is optimized with the Yoast SEO plugin v26.2 - https:\/\/yoast.com\/wordpress\/plugins\/seo\/ -->\n<title>FIEMG alerta para efeitos negativos da Selic em 15% e pede pol\u00edtica monet\u00e1ria mais equilibrada - Associativismo<\/title>\n<meta name=\"description\" content=\"Federa\u00e7\u00e3o considera urgente conciliar o controle da infla\u00e7\u00e3o com est\u00edmulo ao crescimento e \u00e0 competitividade da ind\u00fastria nacional\" \/>\n<meta name=\"robots\" content=\"index, follow, max-snippet:-1, max-image-preview:large, max-video-preview:-1\" \/>\n<link rel=\"canonical\" href=\"https:\/\/www.fiemg.com.br\/associativismo\/noticias\/fiemg-alerta-para-efeitos-negativos-da-selic-em-15-e-pede-politica-monetaria-mais-equilibrada\/\" \/>\n<meta property=\"og:locale\" content=\"pt_BR\" \/>\n<meta property=\"og:type\" content=\"article\" \/>\n<meta property=\"og:title\" content=\"FIEMG alerta para efeitos negativos da Selic em 15% e pede pol\u00edtica monet\u00e1ria mais equilibrada - Associativismo\" \/>\n<meta property=\"og:description\" content=\"Federa\u00e7\u00e3o considera urgente conciliar o controle da infla\u00e7\u00e3o com est\u00edmulo ao crescimento e \u00e0 competitividade da ind\u00fastria nacional\" \/>\n<meta property=\"og:url\" content=\"https:\/\/www.fiemg.com.br\/associativismo\/noticias\/fiemg-alerta-para-efeitos-negativos-da-selic-em-15-e-pede-politica-monetaria-mais-equilibrada\/\" \/>\n<meta property=\"og:site_name\" content=\"Associativismo\" \/>\n<meta property=\"article:modified_time\" content=\"2025-07-30T21:41:20+00:00\" \/>\n<meta property=\"og:image\" content=\"https:\/\/www.fiemg.com.br\/associativismo\/wp-content\/uploads\/sites\/29\/2025\/07\/Thumb_Sistema-FIEMG-01.png\" \/>\n\t<meta property=\"og:image:width\" content=\"512\" \/>\n\t<meta property=\"og:image:height\" content=\"512\" \/>\n\t<meta property=\"og:image:type\" content=\"image\/png\" \/>\n<meta name=\"twitter:card\" content=\"summary_large_image\" \/>\n<meta name=\"twitter:label1\" content=\"Est. tempo de leitura\" \/>\n\t<meta name=\"twitter:data1\" content=\"2 minutos\" \/>\n<script type=\"application\/ld+json\" class=\"yoast-schema-graph\">{\"@context\":\"https:\/\/schema.org\",\"@graph\":[{\"@type\":\"WebPage\",\"@id\":\"https:\/\/www.fiemg.com.br\/associativismo\/noticias\/fiemg-alerta-para-efeitos-negativos-da-selic-em-15-e-pede-politica-monetaria-mais-equilibrada\/\",\"url\":\"https:\/\/www.fiemg.com.br\/associativismo\/noticias\/fiemg-alerta-para-efeitos-negativos-da-selic-em-15-e-pede-politica-monetaria-mais-equilibrada\/\",\"name\":\"FIEMG alerta para efeitos negativos da Selic em 15% e pede pol\u00edtica monet\u00e1ria mais equilibrada - Associativismo\",\"isPartOf\":{\"@id\":\"https:\/\/www.fiemg.com.br\/associativismo\/#website\"},\"primaryImageOfPage\":{\"@id\":\"https:\/\/www.fiemg.com.br\/associativismo\/noticias\/fiemg-alerta-para-efeitos-negativos-da-selic-em-15-e-pede-politica-monetaria-mais-equilibrada\/#primaryimage\"},\"image\":{\"@id\":\"https:\/\/www.fiemg.com.br\/associativismo\/noticias\/fiemg-alerta-para-efeitos-negativos-da-selic-em-15-e-pede-politica-monetaria-mais-equilibrada\/#primaryimage\"},\"thumbnailUrl\":\"https:\/\/www.fiemg.com.br\/associativismo\/wp-content\/uploads\/sites\/29\/2025\/07\/Thumb_Sistema-FIEMG-01.png\",\"datePublished\":\"2025-07-30T21:41:17+00:00\",\"dateModified\":\"2025-07-30T21:41:20+00:00\",\"description\":\"Federa\u00e7\u00e3o considera urgente conciliar o controle da infla\u00e7\u00e3o com est\u00edmulo ao crescimento e \u00e0 competitividade da ind\u00fastria nacional\",\"breadcrumb\":{\"@id\":\"https:\/\/www.fiemg.com.br\/associativismo\/noticias\/fiemg-alerta-para-efeitos-negativos-da-selic-em-15-e-pede-politica-monetaria-mais-equilibrada\/#breadcrumb\"},\"inLanguage\":\"pt-BR\",\"potentialAction\":[{\"@type\":\"ReadAction\",\"target\":[\"https:\/\/www.fiemg.com.br\/associativismo\/noticias\/fiemg-alerta-para-efeitos-negativos-da-selic-em-15-e-pede-politica-monetaria-mais-equilibrada\/\"]}]},{\"@type\":\"ImageObject\",\"inLanguage\":\"pt-BR\",\"@id\":\"https:\/\/www.fiemg.com.br\/associativismo\/noticias\/fiemg-alerta-para-efeitos-negativos-da-selic-em-15-e-pede-politica-monetaria-mais-equilibrada\/#primaryimage\",\"url\":\"https:\/\/www.fiemg.com.br\/associativismo\/wp-content\/uploads\/sites\/29\/2025\/07\/Thumb_Sistema-FIEMG-01.png\",\"contentUrl\":\"https:\/\/www.fiemg.com.br\/associativismo\/wp-content\/uploads\/sites\/29\/2025\/07\/Thumb_Sistema-FIEMG-01.png\",\"width\":512,\"height\":512},{\"@type\":\"BreadcrumbList\",\"@id\":\"https:\/\/www.fiemg.com.br\/associativismo\/noticias\/fiemg-alerta-para-efeitos-negativos-da-selic-em-15-e-pede-politica-monetaria-mais-equilibrada\/#breadcrumb\",\"itemListElement\":[{\"@type\":\"ListItem\",\"position\":1,\"name\":\"In\u00edcio\",\"item\":\"https:\/\/www.fiemg.com.br\/associativismo\/\"},{\"@type\":\"ListItem\",\"position\":2,\"name\":\"FIEMG alerta para efeitos negativos da Selic em 15% e pede pol\u00edtica monet\u00e1ria mais equilibrada\"}]},{\"@type\":\"WebSite\",\"@id\":\"https:\/\/www.fiemg.com.br\/associativismo\/#website\",\"url\":\"https:\/\/www.fiemg.com.br\/associativismo\/\",\"name\":\"Associativismo\",\"description\":\"Federa\u00e7\u00e3o das Ind\u00fastrias do Estado de Minas Gerais\",\"publisher\":{\"@id\":\"https:\/\/www.fiemg.com.br\/associativismo\/#organization\"},\"potentialAction\":[{\"@type\":\"SearchAction\",\"target\":{\"@type\":\"EntryPoint\",\"urlTemplate\":\"https:\/\/www.fiemg.com.br\/associativismo\/?s={search_term_string}\"},\"query-input\":{\"@type\":\"PropertyValueSpecification\",\"valueRequired\":true,\"valueName\":\"search_term_string\"}}],\"inLanguage\":\"pt-BR\"},{\"@type\":\"Organization\",\"@id\":\"https:\/\/www.fiemg.com.br\/associativismo\/#organization\",\"name\":\"Associativismo\",\"url\":\"https:\/\/www.fiemg.com.br\/associativismo\/\",\"logo\":{\"@type\":\"ImageObject\",\"inLanguage\":\"pt-BR\",\"@id\":\"https:\/\/www.fiemg.com.br\/associativismo\/#\/schema\/logo\/image\/\",\"url\":\"https:\/\/www.fiemg.com.br\/associativismo\/wp-content\/uploads\/sites\/29\/2023\/02\/fiemg_branco.svg\",\"contentUrl\":\"https:\/\/www.fiemg.com.br\/associativismo\/wp-content\/uploads\/sites\/29\/2023\/02\/fiemg_branco.svg\",\"width\":561,\"height\":147,\"caption\":\"Associativismo\"},\"image\":{\"@id\":\"https:\/\/www.fiemg.com.br\/associativismo\/#\/schema\/logo\/image\/\"}}]}<\/script>\n<!-- \/ Yoast SEO plugin. -->","yoast_head_json":{"title":"FIEMG alerta para efeitos negativos da Selic em 15% e pede pol\u00edtica monet\u00e1ria mais equilibrada - Associativismo","description":"Federa\u00e7\u00e3o considera urgente conciliar o controle da infla\u00e7\u00e3o com est\u00edmulo ao crescimento e \u00e0 competitividade da ind\u00fastria nacional","robots":{"index":"index","follow":"follow","max-snippet":"max-snippet:-1","max-image-preview":"max-image-preview:large","max-video-preview":"max-video-preview:-1"},"canonical":"https:\/\/www.fiemg.com.br\/associativismo\/noticias\/fiemg-alerta-para-efeitos-negativos-da-selic-em-15-e-pede-politica-monetaria-mais-equilibrada\/","og_locale":"pt_BR","og_type":"article","og_title":"FIEMG alerta para efeitos negativos da Selic em 15% e pede pol\u00edtica monet\u00e1ria mais equilibrada - Associativismo","og_description":"Federa\u00e7\u00e3o considera urgente conciliar o controle da infla\u00e7\u00e3o com est\u00edmulo ao crescimento e \u00e0 competitividade da ind\u00fastria nacional","og_url":"https:\/\/www.fiemg.com.br\/associativismo\/noticias\/fiemg-alerta-para-efeitos-negativos-da-selic-em-15-e-pede-politica-monetaria-mais-equilibrada\/","og_site_name":"Associativismo","article_modified_time":"2025-07-30T21:41:20+00:00","og_image":[{"width":512,"height":512,"url":"https:\/\/www.fiemg.com.br\/associativismo\/wp-content\/uploads\/sites\/29\/2025\/07\/Thumb_Sistema-FIEMG-01.png","type":"image\/png"}],"twitter_card":"summary_large_image","twitter_misc":{"Est. tempo de leitura":"2 minutos"},"schema":{"@context":"https:\/\/schema.org","@graph":[{"@type":"WebPage","@id":"https:\/\/www.fiemg.com.br\/associativismo\/noticias\/fiemg-alerta-para-efeitos-negativos-da-selic-em-15-e-pede-politica-monetaria-mais-equilibrada\/","url":"https:\/\/www.fiemg.com.br\/associativismo\/noticias\/fiemg-alerta-para-efeitos-negativos-da-selic-em-15-e-pede-politica-monetaria-mais-equilibrada\/","name":"FIEMG alerta para efeitos negativos da Selic em 15% e pede pol\u00edtica monet\u00e1ria mais equilibrada - Associativismo","isPartOf":{"@id":"https:\/\/www.fiemg.com.br\/associativismo\/#website"},"primaryImageOfPage":{"@id":"https:\/\/www.fiemg.com.br\/associativismo\/noticias\/fiemg-alerta-para-efeitos-negativos-da-selic-em-15-e-pede-politica-monetaria-mais-equilibrada\/#primaryimage"},"image":{"@id":"https:\/\/www.fiemg.com.br\/associativismo\/noticias\/fiemg-alerta-para-efeitos-negativos-da-selic-em-15-e-pede-politica-monetaria-mais-equilibrada\/#primaryimage"},"thumbnailUrl":"https:\/\/www.fiemg.com.br\/associativismo\/wp-content\/uploads\/sites\/29\/2025\/07\/Thumb_Sistema-FIEMG-01.png","datePublished":"2025-07-30T21:41:17+00:00","dateModified":"2025-07-30T21:41:20+00:00","description":"Federa\u00e7\u00e3o considera urgente conciliar o controle da infla\u00e7\u00e3o com est\u00edmulo ao crescimento e \u00e0 competitividade da ind\u00fastria nacional","breadcrumb":{"@id":"https:\/\/www.fiemg.com.br\/associativismo\/noticias\/fiemg-alerta-para-efeitos-negativos-da-selic-em-15-e-pede-politica-monetaria-mais-equilibrada\/#breadcrumb"},"inLanguage":"pt-BR","potentialAction":[{"@type":"ReadAction","target":["https:\/\/www.fiemg.com.br\/associativismo\/noticias\/fiemg-alerta-para-efeitos-negativos-da-selic-em-15-e-pede-politica-monetaria-mais-equilibrada\/"]}]},{"@type":"ImageObject","inLanguage":"pt-BR","@id":"https:\/\/www.fiemg.com.br\/associativismo\/noticias\/fiemg-alerta-para-efeitos-negativos-da-selic-em-15-e-pede-politica-monetaria-mais-equilibrada\/#primaryimage","url":"https:\/\/www.fiemg.com.br\/associativismo\/wp-content\/uploads\/sites\/29\/2025\/07\/Thumb_Sistema-FIEMG-01.png","contentUrl":"https:\/\/www.fiemg.com.br\/associativismo\/wp-content\/uploads\/sites\/29\/2025\/07\/Thumb_Sistema-FIEMG-01.png","width":512,"height":512},{"@type":"BreadcrumbList","@id":"https:\/\/www.fiemg.com.br\/associativismo\/noticias\/fiemg-alerta-para-efeitos-negativos-da-selic-em-15-e-pede-politica-monetaria-mais-equilibrada\/#breadcrumb","itemListElement":[{"@type":"ListItem","position":1,"name":"In\u00edcio","item":"https:\/\/www.fiemg.com.br\/associativismo\/"},{"@type":"ListItem","position":2,"name":"FIEMG alerta para efeitos negativos da Selic em 15% e pede pol\u00edtica monet\u00e1ria mais equilibrada"}]},{"@type":"WebSite","@id":"https:\/\/www.fiemg.com.br\/associativismo\/#website","url":"https:\/\/www.fiemg.com.br\/associativismo\/","name":"Associativismo","description":"Federa\u00e7\u00e3o das Ind\u00fastrias do Estado de Minas Gerais","publisher":{"@id":"https:\/\/www.fiemg.com.br\/associativismo\/#organization"},"potentialAction":[{"@type":"SearchAction","target":{"@type":"EntryPoint","urlTemplate":"https:\/\/www.fiemg.com.br\/associativismo\/?s={search_term_string}"},"query-input":{"@type":"PropertyValueSpecification","valueRequired":true,"valueName":"search_term_string"}}],"inLanguage":"pt-BR"},{"@type":"Organization","@id":"https:\/\/www.fiemg.com.br\/associativismo\/#organization","name":"Associativismo","url":"https:\/\/www.fiemg.com.br\/associativismo\/","logo":{"@type":"ImageObject","inLanguage":"pt-BR","@id":"https:\/\/www.fiemg.com.br\/associativismo\/#\/schema\/logo\/image\/","url":"https:\/\/www.fiemg.com.br\/associativismo\/wp-content\/uploads\/sites\/29\/2023\/02\/fiemg_branco.svg","contentUrl":"https:\/\/www.fiemg.com.br\/associativismo\/wp-content\/uploads\/sites\/29\/2023\/02\/fiemg_branco.svg","width":561,"height":147,"caption":"Associativismo"},"image":{"@id":"https:\/\/www.fiemg.com.br\/associativismo\/#\/schema\/logo\/image\/"}}]}},"_links":{"self":[{"href":"https:\/\/www.fiemg.com.br\/associativismo\/wp-json\/wp\/v2\/noticias\/4019","targetHints":{"allow":["GET"]}}],"collection":[{"href":"https:\/\/www.fiemg.com.br\/associativismo\/wp-json\/wp\/v2\/noticias"}],"about":[{"href":"https:\/\/www.fiemg.com.br\/associativismo\/wp-json\/wp\/v2\/types\/noticias"}],"wp:featuredmedia":[{"embeddable":true,"href":"https:\/\/www.fiemg.com.br\/associativismo\/wp-json\/wp\/v2\/media\/3986"}],"wp:attachment":[{"href":"https:\/\/www.fiemg.com.br\/associativismo\/wp-json\/wp\/v2\/media?parent=4019"}],"wp:term":[{"taxonomy":"category","embeddable":true,"href":"https:\/\/www.fiemg.com.br\/associativismo\/wp-json\/wp\/v2\/categories?post=4019"},{"taxonomy":"post_tag","embeddable":true,"href":"https:\/\/www.fiemg.com.br\/associativismo\/wp-json\/wp\/v2\/tags?post=4019"}],"curies":[{"name":"wp","href":"https:\/\/api.w.org\/{rel}","templated":true}]}}