{"id":4022,"date":"2025-07-31T16:49:25","date_gmt":"2025-07-31T19:49:25","guid":{"rendered":"https:\/\/www.fiemg.com.br\/associativismo\/noticias\/taiobeiras-desponta-como-novo-polo-da-moda-mineira\/"},"modified":"2025-08-04T14:39:35","modified_gmt":"2025-08-04T17:39:35","slug":"taiobeiras-desponta-como-novo-polo-da-moda-mineira","status":"publish","type":"noticias","link":"https:\/\/www.fiemg.com.br\/associativismo\/noticias\/taiobeiras-desponta-como-novo-polo-da-moda-mineira\/","title":{"rendered":"Taiobeiras ganha destaque como novo polo da moda mineira"},"content":{"rendered":"\n<p>O munic\u00edpio de Taiobeiras, no Norte de Minas, vem se consolidando como um dos Arranjos Produtivos Locais (APL) mais promissores do estado. Com foco no setor de confec\u00e7\u00e3o \u2013 especialmente moda \u00edntima e praia \u2013 o projeto estruturado do APL j\u00e1 apresenta resultados expressivos e busca posicionar a cidade como refer\u00eancia nacional at\u00e9 2030.<\/p>\n\n\n\n<p>Fruto da articula\u00e7\u00e3o entre o Sindivest Norte, a Prefeitura de Taiobeiras e o Instituto Euvaldo Lodi (IEL), a iniciativa teve in\u00edcio em 2023, com a realiza\u00e7\u00e3o de um diagn\u00f3stico estrat\u00e9gico sobre o setor. O estudo, conduzido pelo IEL, tra\u00e7ou o perfil socioecon\u00f4mico da cidade e identificou as reais demandas da cadeia produtiva local.<\/p>\n\n\n\n<p>\u201cEsse trabalho nos deu clareza sobre onde estamos e onde podemos chegar. A partir disso, o IEL assumiu um papel fundamental, n\u00e3o apenas como parceiro t\u00e9cnico, mas como articulador da opera\u00e7\u00e3o\u201d, afirma Viviane Assun\u00e7\u00e3o, analista do IEL respons\u00e1vel pelo projeto.<\/p>\n\n\n\n<p>Com apoio t\u00e9cnico do SENAI e recursos viabilizados pela Companhia de Desenvolvimento dos Vales do S\u00e3o Francisco e do Parna\u00edba (CODEVASF), o projeto deu um salto ap\u00f3s visitas t\u00e9cnicas e parcerias estrat\u00e9gicas, como a miss\u00e3o a Nova Friburgo (RJ), onde os representantes conheceram centros de excel\u00eancia como o CETIQT.<\/p>\n\n\n\n<p><strong>Resultados concretos em 10 meses<\/strong> &#8211; Entre os avan\u00e7os alcan\u00e7ados, destacam-se:<\/p>\n\n\n\n<ul class=\"wp-block-list\">\n<li>Aumento de 63% na produtividade das empresas atendidas com consultoria em Lean Manufacturing;<\/li>\n\n\n\n<li>Crescimento de 17% no faturamento do setor;<\/li>\n\n\n\n<li>Capacita\u00e7\u00f5es em temas como modelagem via CAD, design de produto, visual merchandising, fotografia de moda e planejamento de cole\u00e7\u00f5es;<\/li>\n\n\n\n<li>Envolvimento de 10 institui\u00e7\u00f5es parceiras, como FIEMG, SEBRAE, Receita Federal, Banco do Nordeste, Sindvest Norte e Secretaria de Desenvolvimento Econ\u00f4mico de MG.<\/li>\n<\/ul>\n\n\n\n<p><\/p>\n\n\n\n<p>\u201cAs capacita\u00e7\u00f5es e consultorias foram fundamentais para os avan\u00e7os que j\u00e1 vemos. Taiobeiras est\u00e1 se preparando para ser um polo de moda nacional. E isso s\u00f3 foi poss\u00edvel gra\u00e7as ao empenho das empresas locais, da AMIP e ao apoio dos parceiros\u201d, destaca K\u00eannedy Corr\u00eaa, secret\u00e1rio municipal de Desenvolvimento Econ\u00f4mico e Turismo.<\/p>\n\n\n\n<p>Mais que um conjunto de a\u00e7\u00f5es pontuais, o APL de Taiobeiras \u00e9 parte de uma trilha de desenvolvimento de longo prazo. O planejamento prev\u00ea a consolida\u00e7\u00e3o da cidade como polo da moda \u00edntima e praia com protagonismo feminino, inova\u00e7\u00e3o e valoriza\u00e7\u00e3o da identidade regional.<\/p>\n\n\n\n<p>\u201cTaiobeiras \u00e9 um dos APLs mais jovens do estado, mas j\u00e1 \u00e9 modelo em projetos que fortalecem o polo e projetam a cidade como uma nova refer\u00eancia da moda no Brasil\u201d, refor\u00e7a Corr\u00eaa.<\/p>\n\n\n\n<p><strong>Mais informa\u00e7\u00f5es:<\/strong> Ger\u00eancia de Projetos para a Ind\u00fastria &#8211; Viviane Assun\u00e7\u00e3o: (31) 2118-3528 ou por e-mail <a>viviane.assuncao@fiemg.com.br<\/a> <\/p>\n\n\n\n<p><strong>Imprensa FIEMG<\/strong><\/p>\n","protected":false},"featured_media":4026,"template":"","categories":[],"tags":[],"class_list":["post-4022","noticias","type-noticias","status-publish","has-post-thumbnail","hentry"],"acf":[],"yoast_head":"<!-- This site is optimized with the Yoast SEO plugin v26.2 - https:\/\/yoast.com\/wordpress\/plugins\/seo\/ -->\n<title>Taiobeiras ganha destaque como novo polo da moda mineira - Associativismo<\/title>\n<meta name=\"robots\" content=\"index, follow, max-snippet:-1, max-image-preview:large, max-video-preview:-1\" \/>\n<link rel=\"canonical\" href=\"https:\/\/www.fiemg.com.br\/associativismo\/noticias\/taiobeiras-desponta-como-novo-polo-da-moda-mineira\/\" \/>\n<meta property=\"og:locale\" content=\"pt_BR\" \/>\n<meta property=\"og:type\" content=\"article\" \/>\n<meta property=\"og:title\" content=\"Taiobeiras ganha destaque como novo polo da moda mineira - Associativismo\" \/>\n<meta property=\"og:description\" content=\"O munic\u00edpio de Taiobeiras, no Norte de Minas, vem se consolidando como um dos Arranjos Produtivos Locais (APL) mais promissores do estado. Com foco no setor de confec\u00e7\u00e3o \u2013 especialmente moda \u00edntima e praia \u2013 o projeto estruturado do APL j\u00e1 apresenta resultados expressivos e busca posicionar a cidade como refer\u00eancia nacional at\u00e9 2030. Fruto [&hellip;]\" \/>\n<meta property=\"og:url\" content=\"https:\/\/www.fiemg.com.br\/associativismo\/noticias\/taiobeiras-desponta-como-novo-polo-da-moda-mineira\/\" \/>\n<meta property=\"og:site_name\" content=\"Associativismo\" \/>\n<meta property=\"article:modified_time\" content=\"2025-08-04T17:39:35+00:00\" \/>\n<meta property=\"og:image\" content=\"https:\/\/www.fiemg.com.br\/associativismo\/wp-content\/uploads\/sites\/29\/2025\/07\/taiobeiras-moda-iel-projeto-apl-mg.jpg\" \/>\n\t<meta property=\"og:image:width\" content=\"512\" \/>\n\t<meta property=\"og:image:height\" content=\"512\" \/>\n\t<meta property=\"og:image:type\" content=\"image\/jpeg\" \/>\n<meta name=\"twitter:card\" content=\"summary_large_image\" \/>\n<meta name=\"twitter:label1\" content=\"Est. tempo de leitura\" \/>\n\t<meta name=\"twitter:data1\" content=\"3 minutos\" \/>\n<script type=\"application\/ld+json\" class=\"yoast-schema-graph\">{\"@context\":\"https:\/\/schema.org\",\"@graph\":[{\"@type\":\"WebPage\",\"@id\":\"https:\/\/www.fiemg.com.br\/associativismo\/noticias\/taiobeiras-desponta-como-novo-polo-da-moda-mineira\/\",\"url\":\"https:\/\/www.fiemg.com.br\/associativismo\/noticias\/taiobeiras-desponta-como-novo-polo-da-moda-mineira\/\",\"name\":\"Taiobeiras ganha destaque como novo polo da moda mineira - Associativismo\",\"isPartOf\":{\"@id\":\"https:\/\/www.fiemg.com.br\/associativismo\/#website\"},\"primaryImageOfPage\":{\"@id\":\"https:\/\/www.fiemg.com.br\/associativismo\/noticias\/taiobeiras-desponta-como-novo-polo-da-moda-mineira\/#primaryimage\"},\"image\":{\"@id\":\"https:\/\/www.fiemg.com.br\/associativismo\/noticias\/taiobeiras-desponta-como-novo-polo-da-moda-mineira\/#primaryimage\"},\"thumbnailUrl\":\"https:\/\/www.fiemg.com.br\/associativismo\/wp-content\/uploads\/sites\/29\/2025\/07\/taiobeiras-moda-iel-projeto-apl-mg.jpg\",\"datePublished\":\"2025-07-31T19:49:25+00:00\",\"dateModified\":\"2025-08-04T17:39:35+00:00\",\"breadcrumb\":{\"@id\":\"https:\/\/www.fiemg.com.br\/associativismo\/noticias\/taiobeiras-desponta-como-novo-polo-da-moda-mineira\/#breadcrumb\"},\"inLanguage\":\"pt-BR\",\"potentialAction\":[{\"@type\":\"ReadAction\",\"target\":[\"https:\/\/www.fiemg.com.br\/associativismo\/noticias\/taiobeiras-desponta-como-novo-polo-da-moda-mineira\/\"]}]},{\"@type\":\"ImageObject\",\"inLanguage\":\"pt-BR\",\"@id\":\"https:\/\/www.fiemg.com.br\/associativismo\/noticias\/taiobeiras-desponta-como-novo-polo-da-moda-mineira\/#primaryimage\",\"url\":\"https:\/\/www.fiemg.com.br\/associativismo\/wp-content\/uploads\/sites\/29\/2025\/07\/taiobeiras-moda-iel-projeto-apl-mg.jpg\",\"contentUrl\":\"https:\/\/www.fiemg.com.br\/associativismo\/wp-content\/uploads\/sites\/29\/2025\/07\/taiobeiras-moda-iel-projeto-apl-mg.jpg\",\"width\":512,\"height\":512},{\"@type\":\"BreadcrumbList\",\"@id\":\"https:\/\/www.fiemg.com.br\/associativismo\/noticias\/taiobeiras-desponta-como-novo-polo-da-moda-mineira\/#breadcrumb\",\"itemListElement\":[{\"@type\":\"ListItem\",\"position\":1,\"name\":\"In\u00edcio\",\"item\":\"https:\/\/www.fiemg.com.br\/associativismo\/\"},{\"@type\":\"ListItem\",\"position\":2,\"name\":\"Taiobeiras desponta como novo polo da moda mineira\"}]},{\"@type\":\"WebSite\",\"@id\":\"https:\/\/www.fiemg.com.br\/associativismo\/#website\",\"url\":\"https:\/\/www.fiemg.com.br\/associativismo\/\",\"name\":\"Associativismo\",\"description\":\"Federa\u00e7\u00e3o das Ind\u00fastrias do Estado de Minas Gerais\",\"publisher\":{\"@id\":\"https:\/\/www.fiemg.com.br\/associativismo\/#organization\"},\"potentialAction\":[{\"@type\":\"SearchAction\",\"target\":{\"@type\":\"EntryPoint\",\"urlTemplate\":\"https:\/\/www.fiemg.com.br\/associativismo\/?s={search_term_string}\"},\"query-input\":{\"@type\":\"PropertyValueSpecification\",\"valueRequired\":true,\"valueName\":\"search_term_string\"}}],\"inLanguage\":\"pt-BR\"},{\"@type\":\"Organization\",\"@id\":\"https:\/\/www.fiemg.com.br\/associativismo\/#organization\",\"name\":\"Associativismo\",\"url\":\"https:\/\/www.fiemg.com.br\/associativismo\/\",\"logo\":{\"@type\":\"ImageObject\",\"inLanguage\":\"pt-BR\",\"@id\":\"https:\/\/www.fiemg.com.br\/associativismo\/#\/schema\/logo\/image\/\",\"url\":\"https:\/\/www.fiemg.com.br\/associativismo\/wp-content\/uploads\/sites\/29\/2023\/02\/fiemg_branco.svg\",\"contentUrl\":\"https:\/\/www.fiemg.com.br\/associativismo\/wp-content\/uploads\/sites\/29\/2023\/02\/fiemg_branco.svg\",\"width\":561,\"height\":147,\"caption\":\"Associativismo\"},\"image\":{\"@id\":\"https:\/\/www.fiemg.com.br\/associativismo\/#\/schema\/logo\/image\/\"}}]}<\/script>\n<!-- \/ Yoast SEO plugin. -->","yoast_head_json":{"title":"Taiobeiras ganha destaque como novo polo da moda mineira - Associativismo","robots":{"index":"index","follow":"follow","max-snippet":"max-snippet:-1","max-image-preview":"max-image-preview:large","max-video-preview":"max-video-preview:-1"},"canonical":"https:\/\/www.fiemg.com.br\/associativismo\/noticias\/taiobeiras-desponta-como-novo-polo-da-moda-mineira\/","og_locale":"pt_BR","og_type":"article","og_title":"Taiobeiras ganha destaque como novo polo da moda mineira - Associativismo","og_description":"O munic\u00edpio de Taiobeiras, no Norte de Minas, vem se consolidando como um dos Arranjos Produtivos Locais (APL) mais promissores do estado. Com foco no setor de confec\u00e7\u00e3o \u2013 especialmente moda \u00edntima e praia \u2013 o projeto estruturado do APL j\u00e1 apresenta resultados expressivos e busca posicionar a cidade como refer\u00eancia nacional at\u00e9 2030. Fruto [&hellip;]","og_url":"https:\/\/www.fiemg.com.br\/associativismo\/noticias\/taiobeiras-desponta-como-novo-polo-da-moda-mineira\/","og_site_name":"Associativismo","article_modified_time":"2025-08-04T17:39:35+00:00","og_image":[{"width":512,"height":512,"url":"https:\/\/www.fiemg.com.br\/associativismo\/wp-content\/uploads\/sites\/29\/2025\/07\/taiobeiras-moda-iel-projeto-apl-mg.jpg","type":"image\/jpeg"}],"twitter_card":"summary_large_image","twitter_misc":{"Est. tempo de leitura":"3 minutos"},"schema":{"@context":"https:\/\/schema.org","@graph":[{"@type":"WebPage","@id":"https:\/\/www.fiemg.com.br\/associativismo\/noticias\/taiobeiras-desponta-como-novo-polo-da-moda-mineira\/","url":"https:\/\/www.fiemg.com.br\/associativismo\/noticias\/taiobeiras-desponta-como-novo-polo-da-moda-mineira\/","name":"Taiobeiras ganha destaque como novo polo da moda mineira - Associativismo","isPartOf":{"@id":"https:\/\/www.fiemg.com.br\/associativismo\/#website"},"primaryImageOfPage":{"@id":"https:\/\/www.fiemg.com.br\/associativismo\/noticias\/taiobeiras-desponta-como-novo-polo-da-moda-mineira\/#primaryimage"},"image":{"@id":"https:\/\/www.fiemg.com.br\/associativismo\/noticias\/taiobeiras-desponta-como-novo-polo-da-moda-mineira\/#primaryimage"},"thumbnailUrl":"https:\/\/www.fiemg.com.br\/associativismo\/wp-content\/uploads\/sites\/29\/2025\/07\/taiobeiras-moda-iel-projeto-apl-mg.jpg","datePublished":"2025-07-31T19:49:25+00:00","dateModified":"2025-08-04T17:39:35+00:00","breadcrumb":{"@id":"https:\/\/www.fiemg.com.br\/associativismo\/noticias\/taiobeiras-desponta-como-novo-polo-da-moda-mineira\/#breadcrumb"},"inLanguage":"pt-BR","potentialAction":[{"@type":"ReadAction","target":["https:\/\/www.fiemg.com.br\/associativismo\/noticias\/taiobeiras-desponta-como-novo-polo-da-moda-mineira\/"]}]},{"@type":"ImageObject","inLanguage":"pt-BR","@id":"https:\/\/www.fiemg.com.br\/associativismo\/noticias\/taiobeiras-desponta-como-novo-polo-da-moda-mineira\/#primaryimage","url":"https:\/\/www.fiemg.com.br\/associativismo\/wp-content\/uploads\/sites\/29\/2025\/07\/taiobeiras-moda-iel-projeto-apl-mg.jpg","contentUrl":"https:\/\/www.fiemg.com.br\/associativismo\/wp-content\/uploads\/sites\/29\/2025\/07\/taiobeiras-moda-iel-projeto-apl-mg.jpg","width":512,"height":512},{"@type":"BreadcrumbList","@id":"https:\/\/www.fiemg.com.br\/associativismo\/noticias\/taiobeiras-desponta-como-novo-polo-da-moda-mineira\/#breadcrumb","itemListElement":[{"@type":"ListItem","position":1,"name":"In\u00edcio","item":"https:\/\/www.fiemg.com.br\/associativismo\/"},{"@type":"ListItem","position":2,"name":"Taiobeiras desponta como novo polo da moda mineira"}]},{"@type":"WebSite","@id":"https:\/\/www.fiemg.com.br\/associativismo\/#website","url":"https:\/\/www.fiemg.com.br\/associativismo\/","name":"Associativismo","description":"Federa\u00e7\u00e3o das Ind\u00fastrias do Estado de Minas Gerais","publisher":{"@id":"https:\/\/www.fiemg.com.br\/associativismo\/#organization"},"potentialAction":[{"@type":"SearchAction","target":{"@type":"EntryPoint","urlTemplate":"https:\/\/www.fiemg.com.br\/associativismo\/?s={search_term_string}"},"query-input":{"@type":"PropertyValueSpecification","valueRequired":true,"valueName":"search_term_string"}}],"inLanguage":"pt-BR"},{"@type":"Organization","@id":"https:\/\/www.fiemg.com.br\/associativismo\/#organization","name":"Associativismo","url":"https:\/\/www.fiemg.com.br\/associativismo\/","logo":{"@type":"ImageObject","inLanguage":"pt-BR","@id":"https:\/\/www.fiemg.com.br\/associativismo\/#\/schema\/logo\/image\/","url":"https:\/\/www.fiemg.com.br\/associativismo\/wp-content\/uploads\/sites\/29\/2023\/02\/fiemg_branco.svg","contentUrl":"https:\/\/www.fiemg.com.br\/associativismo\/wp-content\/uploads\/sites\/29\/2023\/02\/fiemg_branco.svg","width":561,"height":147,"caption":"Associativismo"},"image":{"@id":"https:\/\/www.fiemg.com.br\/associativismo\/#\/schema\/logo\/image\/"}}]}},"_links":{"self":[{"href":"https:\/\/www.fiemg.com.br\/associativismo\/wp-json\/wp\/v2\/noticias\/4022","targetHints":{"allow":["GET"]}}],"collection":[{"href":"https:\/\/www.fiemg.com.br\/associativismo\/wp-json\/wp\/v2\/noticias"}],"about":[{"href":"https:\/\/www.fiemg.com.br\/associativismo\/wp-json\/wp\/v2\/types\/noticias"}],"wp:featuredmedia":[{"embeddable":true,"href":"https:\/\/www.fiemg.com.br\/associativismo\/wp-json\/wp\/v2\/media\/4026"}],"wp:attachment":[{"href":"https:\/\/www.fiemg.com.br\/associativismo\/wp-json\/wp\/v2\/media?parent=4022"}],"wp:term":[{"taxonomy":"category","embeddable":true,"href":"https:\/\/www.fiemg.com.br\/associativismo\/wp-json\/wp\/v2\/categories?post=4022"},{"taxonomy":"post_tag","embeddable":true,"href":"https:\/\/www.fiemg.com.br\/associativismo\/wp-json\/wp\/v2\/tags?post=4022"}],"curies":[{"name":"wp","href":"https:\/\/api.w.org\/{rel}","templated":true}]}}