{"id":4095,"date":"2025-08-21T17:02:32","date_gmt":"2025-08-21T20:02:32","guid":{"rendered":"https:\/\/www.fiemg.com.br\/associativismo\/noticias\/industria-4-0-e-energia-sustentavel-em-foco-na-fiemg\/"},"modified":"2025-08-21T17:02:34","modified_gmt":"2025-08-21T20:02:34","slug":"industria-4-0-e-energia-sustentavel-em-foco-na-fiemg","status":"publish","type":"noticias","link":"https:\/\/www.fiemg.com.br\/associativismo\/noticias\/industria-4-0-e-energia-sustentavel-em-foco-na-fiemg\/","title":{"rendered":"Ind\u00fastria 4.0 e energia sustent\u00e1vel em foco na FIEMG"},"content":{"rendered":"\n<p>A C\u00e2mara da Ind\u00fastria de Energia, Petr\u00f3leo e G\u00e1s da FIEMG realizou, nesta quarta-feira (21\/8), mais uma reuni\u00e3o ordin\u00e1ria com temas estrat\u00e9gicos para o futuro do setor energ\u00e9tico e da ind\u00fastria. O encontro foi conduzido pelo membro do colegiado, Hildeu Dallaretti, que destacou a import\u00e2ncia da inova\u00e7\u00e3o para o fortalecimento da economia e para o equil\u00edbrio ambiental.<\/p>\n\n\n\n<p>Ricardo Aloysio, gerente de Educa\u00e7\u00e3o e Tecnologia para a Ind\u00fastria do SENAI-MG, apresentou os resultados do projeto SENAI 4.0, que vem acelerando a transforma\u00e7\u00e3o digital no setor produtivo.&nbsp;<\/p>\n\n\n\n<p>Um dos destaques foi o impacto positivo das consultorias de manufatura enxuta promovidas pelo programa, que alcan\u00e7aram um ganho m\u00e9dio de produtividade de 20% nos processos industriais atendidos. Al\u00e9m disso, iniciativas de efici\u00eancia energ\u00e9tica t\u00eam proporcionado at\u00e9 10% de redu\u00e7\u00e3o no consumo de energia nas f\u00e1bricas, contribuindo para uma ind\u00fastria mais limpa e competitiva.<\/p>\n\n\n\n<p>Na sequ\u00eancia, o professor Nivalde J. de Castro, do Instituto de Economia da UFRJ e coordenador do GESEL \u2013 Grupo de Estudos do Setor El\u00e9trico \u2013, abordou os desafios e oportunidades relacionados \u00e0s hidrel\u00e9tricas revers\u00edveis, destacando o papel dessa tecnologia como alternativa de armazenamento de energia e estabilidade do sistema el\u00e9trico nacional.<\/p>\n\n\n\n<p>A reuni\u00e3o refor\u00e7ou o compromisso da FIEMG em promover o desenvolvimento industrial aliado \u00e0 sustentabilidade, por meio de iniciativas que conectam conhecimento, tecnologia e pol\u00edticas p\u00fablicas.<\/p>\n\n\n\n<p>Confira <a href=\"https:\/\/www.flickr.com\/photos\/sistemafiemg\/albums\/72177720328514356\/with\/54736007169\/\"><strong>aqui<\/strong><\/a> as fotos desta reuni\u00e3o.<\/p>\n\n\n\n<p><em>Ana Paula Motta<\/em><br><strong>Imprensa FIEMG<\/strong><\/p>\n\n\n\n<p><\/p>\n","protected":false},"featured_media":4096,"template":"","categories":[15],"tags":[],"class_list":["post-4095","noticias","type-noticias","status-publish","has-post-thumbnail","hentry","category-desenvolvimento-industrial"],"acf":[],"yoast_head":"<!-- This site is optimized with the Yoast SEO plugin v26.2 - https:\/\/yoast.com\/wordpress\/plugins\/seo\/ -->\n<title>Ind\u00fastria 4.0 e energia sustent\u00e1vel em foco na FIEMG - Associativismo<\/title>\n<meta name=\"robots\" content=\"index, follow, max-snippet:-1, max-image-preview:large, max-video-preview:-1\" \/>\n<link rel=\"canonical\" href=\"https:\/\/www.fiemg.com.br\/associativismo\/noticias\/industria-4-0-e-energia-sustentavel-em-foco-na-fiemg\/\" \/>\n<meta property=\"og:locale\" content=\"pt_BR\" \/>\n<meta property=\"og:type\" content=\"article\" \/>\n<meta property=\"og:title\" content=\"Ind\u00fastria 4.0 e energia sustent\u00e1vel em foco na FIEMG - Associativismo\" \/>\n<meta property=\"og:description\" content=\"A C\u00e2mara da Ind\u00fastria de Energia, Petr\u00f3leo e G\u00e1s da FIEMG realizou, nesta quarta-feira (21\/8), mais uma reuni\u00e3o ordin\u00e1ria com temas estrat\u00e9gicos para o futuro do setor energ\u00e9tico e da ind\u00fastria. O encontro foi conduzido pelo membro do colegiado, Hildeu Dallaretti, que destacou a import\u00e2ncia da inova\u00e7\u00e3o para o fortalecimento da economia e para o [&hellip;]\" \/>\n<meta property=\"og:url\" content=\"https:\/\/www.fiemg.com.br\/associativismo\/noticias\/industria-4-0-e-energia-sustentavel-em-foco-na-fiemg\/\" \/>\n<meta property=\"og:site_name\" content=\"Associativismo\" \/>\n<meta property=\"article:modified_time\" content=\"2025-08-21T20:02:34+00:00\" \/>\n<meta property=\"og:image\" content=\"https:\/\/www.fiemg.com.br\/associativismo\/wp-content\/uploads\/sites\/29\/2025\/08\/Thumb-Noticia-37.jpg\" \/>\n\t<meta property=\"og:image:width\" content=\"512\" \/>\n\t<meta property=\"og:image:height\" content=\"512\" \/>\n\t<meta property=\"og:image:type\" content=\"image\/jpeg\" \/>\n<meta name=\"twitter:card\" content=\"summary_large_image\" \/>\n<meta name=\"twitter:label1\" content=\"Est. tempo de leitura\" \/>\n\t<meta name=\"twitter:data1\" content=\"2 minutos\" \/>\n<script type=\"application\/ld+json\" class=\"yoast-schema-graph\">{\"@context\":\"https:\/\/schema.org\",\"@graph\":[{\"@type\":\"WebPage\",\"@id\":\"https:\/\/www.fiemg.com.br\/associativismo\/noticias\/industria-4-0-e-energia-sustentavel-em-foco-na-fiemg\/\",\"url\":\"https:\/\/www.fiemg.com.br\/associativismo\/noticias\/industria-4-0-e-energia-sustentavel-em-foco-na-fiemg\/\",\"name\":\"Ind\u00fastria 4.0 e energia sustent\u00e1vel em foco na FIEMG - Associativismo\",\"isPartOf\":{\"@id\":\"https:\/\/www.fiemg.com.br\/associativismo\/#website\"},\"primaryImageOfPage\":{\"@id\":\"https:\/\/www.fiemg.com.br\/associativismo\/noticias\/industria-4-0-e-energia-sustentavel-em-foco-na-fiemg\/#primaryimage\"},\"image\":{\"@id\":\"https:\/\/www.fiemg.com.br\/associativismo\/noticias\/industria-4-0-e-energia-sustentavel-em-foco-na-fiemg\/#primaryimage\"},\"thumbnailUrl\":\"https:\/\/www.fiemg.com.br\/associativismo\/wp-content\/uploads\/sites\/29\/2025\/08\/Thumb-Noticia-37.jpg\",\"datePublished\":\"2025-08-21T20:02:32+00:00\",\"dateModified\":\"2025-08-21T20:02:34+00:00\",\"breadcrumb\":{\"@id\":\"https:\/\/www.fiemg.com.br\/associativismo\/noticias\/industria-4-0-e-energia-sustentavel-em-foco-na-fiemg\/#breadcrumb\"},\"inLanguage\":\"pt-BR\",\"potentialAction\":[{\"@type\":\"ReadAction\",\"target\":[\"https:\/\/www.fiemg.com.br\/associativismo\/noticias\/industria-4-0-e-energia-sustentavel-em-foco-na-fiemg\/\"]}]},{\"@type\":\"ImageObject\",\"inLanguage\":\"pt-BR\",\"@id\":\"https:\/\/www.fiemg.com.br\/associativismo\/noticias\/industria-4-0-e-energia-sustentavel-em-foco-na-fiemg\/#primaryimage\",\"url\":\"https:\/\/www.fiemg.com.br\/associativismo\/wp-content\/uploads\/sites\/29\/2025\/08\/Thumb-Noticia-37.jpg\",\"contentUrl\":\"https:\/\/www.fiemg.com.br\/associativismo\/wp-content\/uploads\/sites\/29\/2025\/08\/Thumb-Noticia-37.jpg\",\"width\":512,\"height\":512},{\"@type\":\"BreadcrumbList\",\"@id\":\"https:\/\/www.fiemg.com.br\/associativismo\/noticias\/industria-4-0-e-energia-sustentavel-em-foco-na-fiemg\/#breadcrumb\",\"itemListElement\":[{\"@type\":\"ListItem\",\"position\":1,\"name\":\"In\u00edcio\",\"item\":\"https:\/\/www.fiemg.com.br\/associativismo\/\"},{\"@type\":\"ListItem\",\"position\":2,\"name\":\"Ind\u00fastria 4.0 e energia sustent\u00e1vel em foco na FIEMG\"}]},{\"@type\":\"WebSite\",\"@id\":\"https:\/\/www.fiemg.com.br\/associativismo\/#website\",\"url\":\"https:\/\/www.fiemg.com.br\/associativismo\/\",\"name\":\"Associativismo\",\"description\":\"Federa\u00e7\u00e3o das Ind\u00fastrias do Estado de Minas Gerais\",\"publisher\":{\"@id\":\"https:\/\/www.fiemg.com.br\/associativismo\/#organization\"},\"potentialAction\":[{\"@type\":\"SearchAction\",\"target\":{\"@type\":\"EntryPoint\",\"urlTemplate\":\"https:\/\/www.fiemg.com.br\/associativismo\/?s={search_term_string}\"},\"query-input\":{\"@type\":\"PropertyValueSpecification\",\"valueRequired\":true,\"valueName\":\"search_term_string\"}}],\"inLanguage\":\"pt-BR\"},{\"@type\":\"Organization\",\"@id\":\"https:\/\/www.fiemg.com.br\/associativismo\/#organization\",\"name\":\"Associativismo\",\"url\":\"https:\/\/www.fiemg.com.br\/associativismo\/\",\"logo\":{\"@type\":\"ImageObject\",\"inLanguage\":\"pt-BR\",\"@id\":\"https:\/\/www.fiemg.com.br\/associativismo\/#\/schema\/logo\/image\/\",\"url\":\"https:\/\/www.fiemg.com.br\/associativismo\/wp-content\/uploads\/sites\/29\/2023\/02\/fiemg_branco.svg\",\"contentUrl\":\"https:\/\/www.fiemg.com.br\/associativismo\/wp-content\/uploads\/sites\/29\/2023\/02\/fiemg_branco.svg\",\"width\":561,\"height\":147,\"caption\":\"Associativismo\"},\"image\":{\"@id\":\"https:\/\/www.fiemg.com.br\/associativismo\/#\/schema\/logo\/image\/\"}}]}<\/script>\n<!-- \/ Yoast SEO plugin. -->","yoast_head_json":{"title":"Ind\u00fastria 4.0 e energia sustent\u00e1vel em foco na FIEMG - Associativismo","robots":{"index":"index","follow":"follow","max-snippet":"max-snippet:-1","max-image-preview":"max-image-preview:large","max-video-preview":"max-video-preview:-1"},"canonical":"https:\/\/www.fiemg.com.br\/associativismo\/noticias\/industria-4-0-e-energia-sustentavel-em-foco-na-fiemg\/","og_locale":"pt_BR","og_type":"article","og_title":"Ind\u00fastria 4.0 e energia sustent\u00e1vel em foco na FIEMG - Associativismo","og_description":"A C\u00e2mara da Ind\u00fastria de Energia, Petr\u00f3leo e G\u00e1s da FIEMG realizou, nesta quarta-feira (21\/8), mais uma reuni\u00e3o ordin\u00e1ria com temas estrat\u00e9gicos para o futuro do setor energ\u00e9tico e da ind\u00fastria. O encontro foi conduzido pelo membro do colegiado, Hildeu Dallaretti, que destacou a import\u00e2ncia da inova\u00e7\u00e3o para o fortalecimento da economia e para o [&hellip;]","og_url":"https:\/\/www.fiemg.com.br\/associativismo\/noticias\/industria-4-0-e-energia-sustentavel-em-foco-na-fiemg\/","og_site_name":"Associativismo","article_modified_time":"2025-08-21T20:02:34+00:00","og_image":[{"width":512,"height":512,"url":"https:\/\/www.fiemg.com.br\/associativismo\/wp-content\/uploads\/sites\/29\/2025\/08\/Thumb-Noticia-37.jpg","type":"image\/jpeg"}],"twitter_card":"summary_large_image","twitter_misc":{"Est. tempo de leitura":"2 minutos"},"schema":{"@context":"https:\/\/schema.org","@graph":[{"@type":"WebPage","@id":"https:\/\/www.fiemg.com.br\/associativismo\/noticias\/industria-4-0-e-energia-sustentavel-em-foco-na-fiemg\/","url":"https:\/\/www.fiemg.com.br\/associativismo\/noticias\/industria-4-0-e-energia-sustentavel-em-foco-na-fiemg\/","name":"Ind\u00fastria 4.0 e energia sustent\u00e1vel em foco na FIEMG - Associativismo","isPartOf":{"@id":"https:\/\/www.fiemg.com.br\/associativismo\/#website"},"primaryImageOfPage":{"@id":"https:\/\/www.fiemg.com.br\/associativismo\/noticias\/industria-4-0-e-energia-sustentavel-em-foco-na-fiemg\/#primaryimage"},"image":{"@id":"https:\/\/www.fiemg.com.br\/associativismo\/noticias\/industria-4-0-e-energia-sustentavel-em-foco-na-fiemg\/#primaryimage"},"thumbnailUrl":"https:\/\/www.fiemg.com.br\/associativismo\/wp-content\/uploads\/sites\/29\/2025\/08\/Thumb-Noticia-37.jpg","datePublished":"2025-08-21T20:02:32+00:00","dateModified":"2025-08-21T20:02:34+00:00","breadcrumb":{"@id":"https:\/\/www.fiemg.com.br\/associativismo\/noticias\/industria-4-0-e-energia-sustentavel-em-foco-na-fiemg\/#breadcrumb"},"inLanguage":"pt-BR","potentialAction":[{"@type":"ReadAction","target":["https:\/\/www.fiemg.com.br\/associativismo\/noticias\/industria-4-0-e-energia-sustentavel-em-foco-na-fiemg\/"]}]},{"@type":"ImageObject","inLanguage":"pt-BR","@id":"https:\/\/www.fiemg.com.br\/associativismo\/noticias\/industria-4-0-e-energia-sustentavel-em-foco-na-fiemg\/#primaryimage","url":"https:\/\/www.fiemg.com.br\/associativismo\/wp-content\/uploads\/sites\/29\/2025\/08\/Thumb-Noticia-37.jpg","contentUrl":"https:\/\/www.fiemg.com.br\/associativismo\/wp-content\/uploads\/sites\/29\/2025\/08\/Thumb-Noticia-37.jpg","width":512,"height":512},{"@type":"BreadcrumbList","@id":"https:\/\/www.fiemg.com.br\/associativismo\/noticias\/industria-4-0-e-energia-sustentavel-em-foco-na-fiemg\/#breadcrumb","itemListElement":[{"@type":"ListItem","position":1,"name":"In\u00edcio","item":"https:\/\/www.fiemg.com.br\/associativismo\/"},{"@type":"ListItem","position":2,"name":"Ind\u00fastria 4.0 e energia sustent\u00e1vel em foco na FIEMG"}]},{"@type":"WebSite","@id":"https:\/\/www.fiemg.com.br\/associativismo\/#website","url":"https:\/\/www.fiemg.com.br\/associativismo\/","name":"Associativismo","description":"Federa\u00e7\u00e3o das Ind\u00fastrias do Estado de Minas Gerais","publisher":{"@id":"https:\/\/www.fiemg.com.br\/associativismo\/#organization"},"potentialAction":[{"@type":"SearchAction","target":{"@type":"EntryPoint","urlTemplate":"https:\/\/www.fiemg.com.br\/associativismo\/?s={search_term_string}"},"query-input":{"@type":"PropertyValueSpecification","valueRequired":true,"valueName":"search_term_string"}}],"inLanguage":"pt-BR"},{"@type":"Organization","@id":"https:\/\/www.fiemg.com.br\/associativismo\/#organization","name":"Associativismo","url":"https:\/\/www.fiemg.com.br\/associativismo\/","logo":{"@type":"ImageObject","inLanguage":"pt-BR","@id":"https:\/\/www.fiemg.com.br\/associativismo\/#\/schema\/logo\/image\/","url":"https:\/\/www.fiemg.com.br\/associativismo\/wp-content\/uploads\/sites\/29\/2023\/02\/fiemg_branco.svg","contentUrl":"https:\/\/www.fiemg.com.br\/associativismo\/wp-content\/uploads\/sites\/29\/2023\/02\/fiemg_branco.svg","width":561,"height":147,"caption":"Associativismo"},"image":{"@id":"https:\/\/www.fiemg.com.br\/associativismo\/#\/schema\/logo\/image\/"}}]}},"_links":{"self":[{"href":"https:\/\/www.fiemg.com.br\/associativismo\/wp-json\/wp\/v2\/noticias\/4095","targetHints":{"allow":["GET"]}}],"collection":[{"href":"https:\/\/www.fiemg.com.br\/associativismo\/wp-json\/wp\/v2\/noticias"}],"about":[{"href":"https:\/\/www.fiemg.com.br\/associativismo\/wp-json\/wp\/v2\/types\/noticias"}],"wp:featuredmedia":[{"embeddable":true,"href":"https:\/\/www.fiemg.com.br\/associativismo\/wp-json\/wp\/v2\/media\/4096"}],"wp:attachment":[{"href":"https:\/\/www.fiemg.com.br\/associativismo\/wp-json\/wp\/v2\/media?parent=4095"}],"wp:term":[{"taxonomy":"category","embeddable":true,"href":"https:\/\/www.fiemg.com.br\/associativismo\/wp-json\/wp\/v2\/categories?post=4095"},{"taxonomy":"post_tag","embeddable":true,"href":"https:\/\/www.fiemg.com.br\/associativismo\/wp-json\/wp\/v2\/tags?post=4095"}],"curies":[{"name":"wp","href":"https:\/\/api.w.org\/{rel}","templated":true}]}}