{"id":4114,"date":"2025-08-29T14:28:34","date_gmt":"2025-08-29T17:28:34","guid":{"rendered":"https:\/\/www.fiemg.com.br\/associativismo\/noticias\/eddu-porto-apresenta-show-do-ep-terapia-no-festival-sesi-em-cena-2025\/"},"modified":"2025-09-26T11:07:22","modified_gmt":"2025-09-26T14:07:22","slug":"eddu-porto-apresenta-show-do-ep-terapia-no-festival-sesi-em-cena-2025","status":"publish","type":"noticias","link":"https:\/\/www.fiemg.com.br\/associativismo\/noticias\/eddu-porto-apresenta-show-do-ep-terapia-no-festival-sesi-em-cena-2025\/","title":{"rendered":"Eddu Porto apresenta show do ep \u201cterapia\u201d no Festival SESI em Cena 2025"},"content":{"rendered":"\n<p>O Festival SESI em Cena 2025 recebe o cantor, compositor e multi-instrumentista Eddu Porto, que apresenta no dia 4 de setembro, \u00e0s 20h, o show do EP \u201cTerapia\u201d, no Teatro de Bolso do Centro Cultural SESIMINAS, em Belo Horizonte. Com sonoridade envolvente e letras profundas, o espet\u00e1culo convida o p\u00fablico a mergulhar em uma jornada emocional onde m\u00fasica e autoconhecimento caminham lado a lado.<\/p>\n\n\n\n<p>Gravado no Trampolim Est\u00fadio e produzido em parceria com Habacuque Lima, o EP \u201cTerapia\u201d marca uma nova fase na trajet\u00f3ria de Eddu Porto, agora plenamente assumido como cantautor. O trabalho nasceu da fus\u00e3o entre a escrita \u00edntima e a psican\u00e1lise, com composi\u00e7\u00f5es que surgem como forma de express\u00e3o e cura emocional.<\/p>\n\n\n\n<p>O show \u00e9 dividido em quatro \u201csess\u00f5es\u201d, cada uma representando uma etapa do processo terap\u00eautico vivido por Eddu: \u201cAtma\u201d (autoconsci\u00eancia), \u201cTempo pra Acontecer\u201d (tempo como cura), \u201cVontade do Mundo\u201d (perda de controle) e \u201cDi\u00e1logo com o Medo\u201d (desparalisar). Com arranjos que mesclam viol\u00f5es, sintetizadores, metais e beats eletr\u00f4nicos, cada faixa carrega atmosferas distintas, guiando o p\u00fablico por estados emocionais que v\u00e3o da introspec\u00e7\u00e3o \u00e0 celebra\u00e7\u00e3o da coragem de seguir em frente.<\/p>\n\n\n\n<p>A apresenta\u00e7\u00e3o conta com a participa\u00e7\u00e3o de m\u00fasicos como Michele Cordeiro, Donatinho, Daniel Pinheiro, Weslei Rodrigo, entre outros nomes que colaboraram nas grava\u00e7\u00f5es do EP. A mixagem \u00e9 assinada por L\u00e9o Marques e a masteriza\u00e7\u00e3o pelo argentino Martin Scian.<\/p>\n\n\n\n<p>Mais que um show, \u201cTerapia\u201d \u00e9 uma proposta de escuta profunda \u2014 uma pausa necess\u00e1ria no cotidiano para sentir, refletir e ressignificar emo\u00e7\u00f5es. A sess\u00e3o contar\u00e1 com tradu\u00e7\u00e3o e interpreta\u00e7\u00e3o em Libras, ampliando o acesso ao espet\u00e1culo e fortalecendo a proposta de acolhimento que move a obra.<\/p>\n\n\n\n<p><strong>Servi\u00e7o<\/strong>:<\/p>\n\n\n\n<p><strong>SESI em Cena 2025 apresenta Eddu Porto<\/strong><br><strong>Data<\/strong>:<strong> <\/strong>04 de setembro (quinta-feira)<br><strong>Hor\u00e1rio<\/strong>: 20h<br><strong>Local<\/strong>: Teatro de Bolso \u2013 Centro Cultural SESIMINAS BH<br><strong>Endere\u00e7o<\/strong>: Rua Padre Marinho, 60 \u2013 Santa Efig\u00eania \u2013 Belo Horizonte\/MG<br><strong>Ingressos<\/strong>: R$ 50,00 (inteira) \/ R$ 25,00 (meia)<br><strong>Classifica\u00e7\u00e3o<\/strong>: 12 anos \u2013 Lugares sem marca\u00e7\u00e3o<br><strong>Dura\u00e7\u00e3o<\/strong>: 80 minutos<\/p>\n\n\n\n<p><em>Sess\u00e3o com int\u00e9rprete de Libras: 04\/09<\/em><\/p>\n","protected":false},"featured_media":4118,"template":"","categories":[110],"tags":[],"class_list":["post-4114","noticias","type-noticias","status-publish","has-post-thumbnail","hentry","category-cultura"],"acf":[],"yoast_head":"<!-- This site is optimized with the Yoast SEO plugin v26.2 - https:\/\/yoast.com\/wordpress\/plugins\/seo\/ -->\n<title>Eddu Porto apresenta show do ep \u201cterapia\u201d no Festival SESI em Cena 2025 - Associativismo<\/title>\n<meta name=\"robots\" content=\"index, follow, max-snippet:-1, max-image-preview:large, max-video-preview:-1\" \/>\n<link rel=\"canonical\" href=\"https:\/\/www.fiemg.com.br\/associativismo\/noticias\/eddu-porto-apresenta-show-do-ep-terapia-no-festival-sesi-em-cena-2025\/\" \/>\n<meta property=\"og:locale\" content=\"pt_BR\" \/>\n<meta property=\"og:type\" content=\"article\" \/>\n<meta property=\"og:title\" content=\"Eddu Porto apresenta show do ep \u201cterapia\u201d no Festival SESI em Cena 2025 - Associativismo\" \/>\n<meta property=\"og:description\" content=\"O Festival SESI em Cena 2025 recebe o cantor, compositor e multi-instrumentista Eddu Porto, que apresenta no dia 4 de setembro, \u00e0s 20h, o show do EP \u201cTerapia\u201d, no Teatro de Bolso do Centro Cultural SESIMINAS, em Belo Horizonte. Com sonoridade envolvente e letras profundas, o espet\u00e1culo convida o p\u00fablico a mergulhar em uma jornada [&hellip;]\" \/>\n<meta property=\"og:url\" content=\"https:\/\/www.fiemg.com.br\/associativismo\/noticias\/eddu-porto-apresenta-show-do-ep-terapia-no-festival-sesi-em-cena-2025\/\" \/>\n<meta property=\"og:site_name\" content=\"Associativismo\" \/>\n<meta property=\"article:modified_time\" content=\"2025-09-26T14:07:22+00:00\" \/>\n<meta property=\"og:image\" content=\"https:\/\/www.fiemg.com.br\/associativismo\/wp-content\/uploads\/sites\/29\/2025\/08\/eddu-porto-teatro-de-bolso-sesiminas-1.jpg\" \/>\n\t<meta property=\"og:image:width\" content=\"512\" \/>\n\t<meta property=\"og:image:height\" content=\"512\" \/>\n\t<meta property=\"og:image:type\" content=\"image\/jpeg\" \/>\n<meta name=\"twitter:card\" content=\"summary_large_image\" \/>\n<meta name=\"twitter:label1\" content=\"Est. tempo de leitura\" \/>\n\t<meta name=\"twitter:data1\" content=\"3 minutos\" \/>\n<script type=\"application\/ld+json\" class=\"yoast-schema-graph\">{\"@context\":\"https:\/\/schema.org\",\"@graph\":[{\"@type\":\"WebPage\",\"@id\":\"https:\/\/www.fiemg.com.br\/associativismo\/noticias\/eddu-porto-apresenta-show-do-ep-terapia-no-festival-sesi-em-cena-2025\/\",\"url\":\"https:\/\/www.fiemg.com.br\/associativismo\/noticias\/eddu-porto-apresenta-show-do-ep-terapia-no-festival-sesi-em-cena-2025\/\",\"name\":\"Eddu Porto apresenta show do ep \u201cterapia\u201d no Festival SESI em Cena 2025 - Associativismo\",\"isPartOf\":{\"@id\":\"https:\/\/www.fiemg.com.br\/associativismo\/#website\"},\"primaryImageOfPage\":{\"@id\":\"https:\/\/www.fiemg.com.br\/associativismo\/noticias\/eddu-porto-apresenta-show-do-ep-terapia-no-festival-sesi-em-cena-2025\/#primaryimage\"},\"image\":{\"@id\":\"https:\/\/www.fiemg.com.br\/associativismo\/noticias\/eddu-porto-apresenta-show-do-ep-terapia-no-festival-sesi-em-cena-2025\/#primaryimage\"},\"thumbnailUrl\":\"https:\/\/www.fiemg.com.br\/associativismo\/wp-content\/uploads\/sites\/29\/2025\/08\/eddu-porto-teatro-de-bolso-sesiminas-1.jpg\",\"datePublished\":\"2025-08-29T17:28:34+00:00\",\"dateModified\":\"2025-09-26T14:07:22+00:00\",\"breadcrumb\":{\"@id\":\"https:\/\/www.fiemg.com.br\/associativismo\/noticias\/eddu-porto-apresenta-show-do-ep-terapia-no-festival-sesi-em-cena-2025\/#breadcrumb\"},\"inLanguage\":\"pt-BR\",\"potentialAction\":[{\"@type\":\"ReadAction\",\"target\":[\"https:\/\/www.fiemg.com.br\/associativismo\/noticias\/eddu-porto-apresenta-show-do-ep-terapia-no-festival-sesi-em-cena-2025\/\"]}]},{\"@type\":\"ImageObject\",\"inLanguage\":\"pt-BR\",\"@id\":\"https:\/\/www.fiemg.com.br\/associativismo\/noticias\/eddu-porto-apresenta-show-do-ep-terapia-no-festival-sesi-em-cena-2025\/#primaryimage\",\"url\":\"https:\/\/www.fiemg.com.br\/associativismo\/wp-content\/uploads\/sites\/29\/2025\/08\/eddu-porto-teatro-de-bolso-sesiminas-1.jpg\",\"contentUrl\":\"https:\/\/www.fiemg.com.br\/associativismo\/wp-content\/uploads\/sites\/29\/2025\/08\/eddu-porto-teatro-de-bolso-sesiminas-1.jpg\",\"width\":512,\"height\":512},{\"@type\":\"BreadcrumbList\",\"@id\":\"https:\/\/www.fiemg.com.br\/associativismo\/noticias\/eddu-porto-apresenta-show-do-ep-terapia-no-festival-sesi-em-cena-2025\/#breadcrumb\",\"itemListElement\":[{\"@type\":\"ListItem\",\"position\":1,\"name\":\"In\u00edcio\",\"item\":\"https:\/\/www.fiemg.com.br\/associativismo\/\"},{\"@type\":\"ListItem\",\"position\":2,\"name\":\"Eddu porto apresenta show do ep \u201cterapia\u201d no Festival SESI em Cena 2025\"}]},{\"@type\":\"WebSite\",\"@id\":\"https:\/\/www.fiemg.com.br\/associativismo\/#website\",\"url\":\"https:\/\/www.fiemg.com.br\/associativismo\/\",\"name\":\"Associativismo\",\"description\":\"Federa\u00e7\u00e3o das Ind\u00fastrias do Estado de Minas Gerais\",\"publisher\":{\"@id\":\"https:\/\/www.fiemg.com.br\/associativismo\/#organization\"},\"potentialAction\":[{\"@type\":\"SearchAction\",\"target\":{\"@type\":\"EntryPoint\",\"urlTemplate\":\"https:\/\/www.fiemg.com.br\/associativismo\/?s={search_term_string}\"},\"query-input\":{\"@type\":\"PropertyValueSpecification\",\"valueRequired\":true,\"valueName\":\"search_term_string\"}}],\"inLanguage\":\"pt-BR\"},{\"@type\":\"Organization\",\"@id\":\"https:\/\/www.fiemg.com.br\/associativismo\/#organization\",\"name\":\"Associativismo\",\"url\":\"https:\/\/www.fiemg.com.br\/associativismo\/\",\"logo\":{\"@type\":\"ImageObject\",\"inLanguage\":\"pt-BR\",\"@id\":\"https:\/\/www.fiemg.com.br\/associativismo\/#\/schema\/logo\/image\/\",\"url\":\"https:\/\/www.fiemg.com.br\/associativismo\/wp-content\/uploads\/sites\/29\/2023\/02\/fiemg_branco.svg\",\"contentUrl\":\"https:\/\/www.fiemg.com.br\/associativismo\/wp-content\/uploads\/sites\/29\/2023\/02\/fiemg_branco.svg\",\"width\":561,\"height\":147,\"caption\":\"Associativismo\"},\"image\":{\"@id\":\"https:\/\/www.fiemg.com.br\/associativismo\/#\/schema\/logo\/image\/\"}}]}<\/script>\n<!-- \/ Yoast SEO plugin. -->","yoast_head_json":{"title":"Eddu Porto apresenta show do ep \u201cterapia\u201d no Festival SESI em Cena 2025 - Associativismo","robots":{"index":"index","follow":"follow","max-snippet":"max-snippet:-1","max-image-preview":"max-image-preview:large","max-video-preview":"max-video-preview:-1"},"canonical":"https:\/\/www.fiemg.com.br\/associativismo\/noticias\/eddu-porto-apresenta-show-do-ep-terapia-no-festival-sesi-em-cena-2025\/","og_locale":"pt_BR","og_type":"article","og_title":"Eddu Porto apresenta show do ep \u201cterapia\u201d no Festival SESI em Cena 2025 - Associativismo","og_description":"O Festival SESI em Cena 2025 recebe o cantor, compositor e multi-instrumentista Eddu Porto, que apresenta no dia 4 de setembro, \u00e0s 20h, o show do EP \u201cTerapia\u201d, no Teatro de Bolso do Centro Cultural SESIMINAS, em Belo Horizonte. Com sonoridade envolvente e letras profundas, o espet\u00e1culo convida o p\u00fablico a mergulhar em uma jornada [&hellip;]","og_url":"https:\/\/www.fiemg.com.br\/associativismo\/noticias\/eddu-porto-apresenta-show-do-ep-terapia-no-festival-sesi-em-cena-2025\/","og_site_name":"Associativismo","article_modified_time":"2025-09-26T14:07:22+00:00","og_image":[{"width":512,"height":512,"url":"https:\/\/www.fiemg.com.br\/associativismo\/wp-content\/uploads\/sites\/29\/2025\/08\/eddu-porto-teatro-de-bolso-sesiminas-1.jpg","type":"image\/jpeg"}],"twitter_card":"summary_large_image","twitter_misc":{"Est. tempo de leitura":"3 minutos"},"schema":{"@context":"https:\/\/schema.org","@graph":[{"@type":"WebPage","@id":"https:\/\/www.fiemg.com.br\/associativismo\/noticias\/eddu-porto-apresenta-show-do-ep-terapia-no-festival-sesi-em-cena-2025\/","url":"https:\/\/www.fiemg.com.br\/associativismo\/noticias\/eddu-porto-apresenta-show-do-ep-terapia-no-festival-sesi-em-cena-2025\/","name":"Eddu Porto apresenta show do ep \u201cterapia\u201d no Festival SESI em Cena 2025 - Associativismo","isPartOf":{"@id":"https:\/\/www.fiemg.com.br\/associativismo\/#website"},"primaryImageOfPage":{"@id":"https:\/\/www.fiemg.com.br\/associativismo\/noticias\/eddu-porto-apresenta-show-do-ep-terapia-no-festival-sesi-em-cena-2025\/#primaryimage"},"image":{"@id":"https:\/\/www.fiemg.com.br\/associativismo\/noticias\/eddu-porto-apresenta-show-do-ep-terapia-no-festival-sesi-em-cena-2025\/#primaryimage"},"thumbnailUrl":"https:\/\/www.fiemg.com.br\/associativismo\/wp-content\/uploads\/sites\/29\/2025\/08\/eddu-porto-teatro-de-bolso-sesiminas-1.jpg","datePublished":"2025-08-29T17:28:34+00:00","dateModified":"2025-09-26T14:07:22+00:00","breadcrumb":{"@id":"https:\/\/www.fiemg.com.br\/associativismo\/noticias\/eddu-porto-apresenta-show-do-ep-terapia-no-festival-sesi-em-cena-2025\/#breadcrumb"},"inLanguage":"pt-BR","potentialAction":[{"@type":"ReadAction","target":["https:\/\/www.fiemg.com.br\/associativismo\/noticias\/eddu-porto-apresenta-show-do-ep-terapia-no-festival-sesi-em-cena-2025\/"]}]},{"@type":"ImageObject","inLanguage":"pt-BR","@id":"https:\/\/www.fiemg.com.br\/associativismo\/noticias\/eddu-porto-apresenta-show-do-ep-terapia-no-festival-sesi-em-cena-2025\/#primaryimage","url":"https:\/\/www.fiemg.com.br\/associativismo\/wp-content\/uploads\/sites\/29\/2025\/08\/eddu-porto-teatro-de-bolso-sesiminas-1.jpg","contentUrl":"https:\/\/www.fiemg.com.br\/associativismo\/wp-content\/uploads\/sites\/29\/2025\/08\/eddu-porto-teatro-de-bolso-sesiminas-1.jpg","width":512,"height":512},{"@type":"BreadcrumbList","@id":"https:\/\/www.fiemg.com.br\/associativismo\/noticias\/eddu-porto-apresenta-show-do-ep-terapia-no-festival-sesi-em-cena-2025\/#breadcrumb","itemListElement":[{"@type":"ListItem","position":1,"name":"In\u00edcio","item":"https:\/\/www.fiemg.com.br\/associativismo\/"},{"@type":"ListItem","position":2,"name":"Eddu porto apresenta show do ep \u201cterapia\u201d no Festival SESI em Cena 2025"}]},{"@type":"WebSite","@id":"https:\/\/www.fiemg.com.br\/associativismo\/#website","url":"https:\/\/www.fiemg.com.br\/associativismo\/","name":"Associativismo","description":"Federa\u00e7\u00e3o das Ind\u00fastrias do Estado de Minas Gerais","publisher":{"@id":"https:\/\/www.fiemg.com.br\/associativismo\/#organization"},"potentialAction":[{"@type":"SearchAction","target":{"@type":"EntryPoint","urlTemplate":"https:\/\/www.fiemg.com.br\/associativismo\/?s={search_term_string}"},"query-input":{"@type":"PropertyValueSpecification","valueRequired":true,"valueName":"search_term_string"}}],"inLanguage":"pt-BR"},{"@type":"Organization","@id":"https:\/\/www.fiemg.com.br\/associativismo\/#organization","name":"Associativismo","url":"https:\/\/www.fiemg.com.br\/associativismo\/","logo":{"@type":"ImageObject","inLanguage":"pt-BR","@id":"https:\/\/www.fiemg.com.br\/associativismo\/#\/schema\/logo\/image\/","url":"https:\/\/www.fiemg.com.br\/associativismo\/wp-content\/uploads\/sites\/29\/2023\/02\/fiemg_branco.svg","contentUrl":"https:\/\/www.fiemg.com.br\/associativismo\/wp-content\/uploads\/sites\/29\/2023\/02\/fiemg_branco.svg","width":561,"height":147,"caption":"Associativismo"},"image":{"@id":"https:\/\/www.fiemg.com.br\/associativismo\/#\/schema\/logo\/image\/"}}]}},"_links":{"self":[{"href":"https:\/\/www.fiemg.com.br\/associativismo\/wp-json\/wp\/v2\/noticias\/4114","targetHints":{"allow":["GET"]}}],"collection":[{"href":"https:\/\/www.fiemg.com.br\/associativismo\/wp-json\/wp\/v2\/noticias"}],"about":[{"href":"https:\/\/www.fiemg.com.br\/associativismo\/wp-json\/wp\/v2\/types\/noticias"}],"wp:featuredmedia":[{"embeddable":true,"href":"https:\/\/www.fiemg.com.br\/associativismo\/wp-json\/wp\/v2\/media\/4118"}],"wp:attachment":[{"href":"https:\/\/www.fiemg.com.br\/associativismo\/wp-json\/wp\/v2\/media?parent=4114"}],"wp:term":[{"taxonomy":"category","embeddable":true,"href":"https:\/\/www.fiemg.com.br\/associativismo\/wp-json\/wp\/v2\/categories?post=4114"},{"taxonomy":"post_tag","embeddable":true,"href":"https:\/\/www.fiemg.com.br\/associativismo\/wp-json\/wp\/v2\/tags?post=4114"}],"curies":[{"name":"wp","href":"https:\/\/api.w.org\/{rel}","templated":true}]}}