{"id":4276,"date":"2025-11-04T07:24:06","date_gmt":"2025-11-04T10:24:06","guid":{"rendered":"https:\/\/www.fiemg.com.br\/associativismo\/noticias\/fiemg-promove-forum-com-investidores-e-empresarios-chineses\/"},"modified":"2025-11-04T08:09:33","modified_gmt":"2025-11-04T11:09:33","slug":"fiemg-promove-forum-com-investidores-e-empresarios-chineses","status":"publish","type":"noticias","link":"https:\/\/www.fiemg.com.br\/associativismo\/noticias\/fiemg-promove-forum-com-investidores-e-empresarios-chineses\/","title":{"rendered":"FIEMG promove f\u00f3rum com investidores e empres\u00e1rios chineses"},"content":{"rendered":"\n<p><\/p>\n\n\n\n<p>Em Miss\u00e3o Internacional \u00e0 China, a Federa\u00e7\u00e3o das Ind\u00fastrias do Estado de Minas Gerais (FIEMG) promoveu, nesta ter\u00e7a-feira (4\/11), a terceira edi\u00e7\u00e3o do Brazil China Business Forum \u2014 evento que reuniu empres\u00e1rios mineiros e chineses com o objetivo de fortalecer a imagem de Minas Gerais como parceiro estrat\u00e9gico da China e apresentar novas oportunidades de neg\u00f3cios e coopera\u00e7\u00e3o bilateral.<\/p>\n\n\n\n<p>O F\u00f3rum teve in\u00edcio com uma abertura realizada pelo presidente da FIEMG, Fl\u00e1vio Roscoe, que ressaltou a import\u00e2ncia da rela\u00e7\u00e3o bilateral entre os dois pa\u00edses e as oportunidades de expans\u00e3o dessa parceria. \u201cBrasil e China s\u00e3o pa\u00edses de dimens\u00f5es continentais e determinantes na constru\u00e7\u00e3o do mundo que se desenha. Temos economias complementares, e eventos como este s\u00e3o fundamentais para pavimentar esse futuro. Pelo terceiro ano consecutivo \u2014 e certamente por muitos outros \u2014 realizamos este f\u00f3rum para estreitar os la\u00e7os entre essas duas pot\u00eancias\u201d, afirmou.<\/p>\n\n\n\n<p>Roscoe tamb\u00e9m enfatizou o potencial de colabora\u00e7\u00e3o tecnol\u00f3gica e empresarial entre as duas na\u00e7\u00f5es. \u201cNosso objetivo \u00e9 promover o di\u00e1logo entre o mundo empresarial de Brasil e China, favorecendo a troca de informa\u00e7\u00f5es, tecnologia e investimentos que fortale\u00e7am ambos os lados\u201d, disse.<\/p>\n\n\n\n<p>O presidente destacou ainda o papel do governo de Minas Gerais na atra\u00e7\u00e3o de investimentos internacionais. \u201cO governo mineiro vem fazendo um trabalho extraordin\u00e1rio para melhorar o ambiente de neg\u00f3cios e facilitar a vida de quem investe no Estado. Isso tem sido essencial para o crescimento das parcerias entre Minas e a China nos \u00faltimos anos\u201d, completou.&nbsp;<\/p>\n\n\n\n<figure class=\"wp-block-image alignleft size-large is-resized\"><img decoding=\"async\" src=\"https:\/\/www.fiemg.com.br\/associativismo\/wp-content\/uploads\/sites\/29\/2025\/11\/MChinaFIEMG2025-Day5-111-1024x683.jpg\" alt=\"\" class=\"wp-image-4277\" style=\"width:358px;height:auto\" \/><\/figure>\n\n\n\n<p>Em seguida, o vice-governador Mateus Sim\u00f5es destacou a oportunidade de aprendizado proporcionada pela miss\u00e3o. Ele ressaltou o exemplo de transforma\u00e7\u00e3o vivido pela China nas \u00faltimas d\u00e9cadas. \u201cA China de 30 anos atr\u00e1s era, em todas as condi\u00e7\u00f5es, um pa\u00eds mais pobre que o Brasil. Hoje \u00e9 muito mais rica, e isso se deve \u00e0 for\u00e7a do seu povo \u2014 trabalhador, educado e com consci\u00eancia coletiva de desenvolvimento. Esse \u00e9 um aprendizado valioso para n\u00f3s mineiros e brasileiros\u201d, afirmou.<\/p>\n\n\n\n<p>Sim\u00f5es tamb\u00e9m refor\u00e7ou a import\u00e2ncia de trocas culturais e econ\u00f4micas entre os pa\u00edses. \u201cVir \u00e0 China, acompanhado de empres\u00e1rios e autoridades, \u00e9 sempre uma experi\u00eancia inspiradora. A cada ano, aprendemos mais sobre o caminho para o desenvolvimento e sobre como fortalecer nossa rela\u00e7\u00e3o com um pa\u00eds que se tornou essencial para a economia global\u201d, concluiu.<\/p>\n\n\n\n<p>Al\u00e9m do vice-governador, representaram o governo de Minas a secret\u00e1ria de Estado de Desenvolvimento Econ\u00f4mico, Mila Corr\u00eaa; a secret\u00e1ria de Meio Ambiente e Desenvolvimento Sustent\u00e1vel, Mar\u00edlia Carvalho; o secret\u00e1rio da Casa Civil, Luiz Ot\u00e1vio Gon\u00e7alves; o secret\u00e1rio de Fazenda, Luiz Cl\u00e1udio Gomes; e o presidente da estatal Cemig SIM, Iuri Mendon\u00e7a, e o diretor da Codemge, Diogo Prosdocimi.<\/p>\n\n\n\n<p>O Brazil China Business Forum teve como foco discutir temas fundamentais para o fortalecimento das rela\u00e7\u00f5es comerciais e econ\u00f4micas entre Brasil e China, promovendo debates, networking e novas oportunidades de neg\u00f3cios. Tamb\u00e9m participaram do evento o embaixador Augusto Pestana, representantes do setor empresarial chin\u00eas e executivos de grandes companhias brasileiras.<\/p>\n\n\n\n<h3 class=\"wp-block-heading\"><strong>Pain\u00e9is<\/strong><\/h3>\n\n\n\n<p>Ap\u00f3s as falas iniciais, o F\u00f3rum prosseguiu com 2 pain\u00e9is: \u201cMinas Gerais: Estado para se investir\u201d, que tratou sobre as oportunidades de investimentos no Estado, e \u201cDo Potencial Mineral \u00e0 Industrializa\u00e7\u00e3o: Conex\u00f5es e Oportunidades na Cadeia Produtiva\u201d, que apresentou um panorama dos investimentos chineses no Brasil e em Minas, bem como as oportunidades de novos neg\u00f3cios na \u00e1rea da minera\u00e7\u00e3o.&nbsp;<\/p>\n\n\n\n<p>O primeiro painel contou com uma abertura realizada pelo vice-governador Mateus Sim\u00f5es.. Participaram ainda a secret\u00e1ria de Estado de Desenvolvimento Econ\u00f4mico de Minas Gerais, Mila Corr\u00eaa; a secret\u00e1ria Meio Ambiente e Desenvolvimento Sustent\u00e1vel do Estado, Mar\u00edlia Carvalho; e o secret\u00e1rio de Fazenda de Minas, Luiz Claudio Fernandes Louren\u00e7o Gomes.<\/p>\n\n\n\n<p>O segundo painel, \u201cDo Potencial Mineral \u00e0 Industrializa\u00e7\u00e3o: Conex\u00f5es e Oportunidades na Cadeia Produtiva\u201d, apresentou um panorama dos investimentos chineses no Brasil e em Minas Gerais, que mais que dobraram em rela\u00e7\u00e3o a 2024.<\/p>\n\n\n\n<p>Segundo o presidente da FIEMG, Fl\u00e1vio Roscoe, o Brasil foi o segundo maior destino de investimentos da China no primeiro semestre de 2025, recebendo US$ 2,2 bilh\u00f5es, um crescimento de 5%. \u201cNo acumulado do ano, os investimentos no pa\u00eds ultrapassaram US$ 4,2 bilh\u00f5es. No caso brasileiro, o setor de eletricidade lidera os aportes, com destaque para projetos de energia solar e e\u00f3lica. Em Minas, o setor de minera\u00e7\u00e3o concentra a maior parte dos investimentos, com grande potencial de expans\u00e3o dessa parceria\u201d, ressaltou.<\/p>\n\n\n\n<p>Al\u00e9m de Roscoe, participaram do painel o gerente geral de Planejamento Integrado e Garantia da Qualidade da Vale \u00c1sia, Fernando Neto; a CEO da Sigma Lithium, Ana Cabral; e representantes de empresas chinesas, que apresentaram cases de sucesso em minera\u00e7\u00e3o e com\u00e9rcio entre Brasil e China.<\/p>\n\n\n\n<p>O Brazil China Business Forum foi realizado pela FIEMG e teve patroc\u00ednio m\u00e1ster da Companhia de Desenvolvimento de Minas Gerais (Codemge), patroc\u00ednio ouro da Vale, patroc\u00ednio prata da Anglo American e patroc\u00ednio bronze da Companhia Brasileira de Metalurgia e Minera\u00e7\u00e3o (CBMM) e da Construtora Barbosa Mello. Contou ainda com o apoio institucional da Ag\u00eancia Brasileira de Promo\u00e7\u00e3o de Exporta\u00e7\u00f5es e Investimentos &#8211; Apex Brasil, Confedera\u00e7\u00e3o Nacional da Ind\u00fastria (CNI), Embaixada do Brasil na China e Consulado do Brasil em Xangai.&nbsp;<\/p>\n\n\n\n<p><strong>Leia tamb\u00e9m:<\/strong><br>&#8211; <a href=\"https:\/\/www.fiemg.com.br\/noticias\/delegacao-brasileira-participa-de-programa-executivo-de-capacitacao-na-china\/\" target=\"_blank\" rel=\"noreferrer noopener\">Delega\u00e7\u00e3o brasileira participa de programa executivo de capacita\u00e7\u00e3o na China<\/a><br>&#8211; <a href=\"https:\/\/www.fiemg.com.br\/noticias\/missao-empresarial-a-feira-ciie-em-xangai-tem-inicio-nesta-segunda-feira\/\" target=\"_blank\" rel=\"noreferrer noopener\">Miss\u00e3o empresarial \u00e0 Feira CIIE, em Xangai, tem in\u00edcio nesta segunda-feira<\/a><\/p>\n\n\n\n<p><em>Tha\u00eds Mota<\/em><br><strong>Imprensa FIEMG\u00a0<\/strong><\/p>\n","protected":false},"featured_media":4278,"template":"","categories":[15],"tags":[1197,874,461,46,47,1081,920],"class_list":["post-4276","noticias","type-noticias","status-publish","has-post-thumbnail","hentry","category-desenvolvimento-industrial","tag-apex-brasil","tag-brazil-china-business-forum","tag-cni","tag-fiemg","tag-flavio-roscoe","tag-mateus-simoes-2","tag-xangai"],"acf":[],"yoast_head":"<!-- This site is optimized with the Yoast SEO plugin v26.2 - https:\/\/yoast.com\/wordpress\/plugins\/seo\/ -->\n<title>FIEMG promove f\u00f3rum com investidores e empres\u00e1rios chineses - Associativismo<\/title>\n<meta name=\"description\" content=\"Terceira edi\u00e7\u00e3o do Brazil China Business Forum reuniu empres\u00e1rios e autoridades brasileiras e chinesas em Xangai para ampliar parcerias e atrair novos investimentos para Minas e Brasil\" \/>\n<meta name=\"robots\" content=\"index, follow, max-snippet:-1, max-image-preview:large, max-video-preview:-1\" \/>\n<link rel=\"canonical\" href=\"https:\/\/www.fiemg.com.br\/associativismo\/noticias\/fiemg-promove-forum-com-investidores-e-empresarios-chineses\/\" \/>\n<meta property=\"og:locale\" content=\"pt_BR\" \/>\n<meta property=\"og:type\" content=\"article\" \/>\n<meta property=\"og:title\" content=\"FIEMG promove f\u00f3rum com investidores e empres\u00e1rios chineses - Associativismo\" \/>\n<meta property=\"og:description\" content=\"Terceira edi\u00e7\u00e3o do Brazil China Business Forum reuniu empres\u00e1rios e autoridades brasileiras e chinesas em Xangai para ampliar parcerias e atrair novos investimentos para Minas e Brasil\" \/>\n<meta property=\"og:url\" content=\"https:\/\/www.fiemg.com.br\/associativismo\/noticias\/fiemg-promove-forum-com-investidores-e-empresarios-chineses\/\" \/>\n<meta property=\"og:site_name\" content=\"Associativismo\" \/>\n<meta property=\"article:modified_time\" content=\"2025-11-04T11:09:33+00:00\" \/>\n<meta property=\"og:image\" content=\"https:\/\/www.fiemg.com.br\/associativismo\/wp-content\/uploads\/sites\/29\/2025\/11\/Brazil-China-Forum-2.jpg\" \/>\n\t<meta property=\"og:image:width\" content=\"512\" \/>\n\t<meta property=\"og:image:height\" content=\"512\" \/>\n\t<meta property=\"og:image:type\" content=\"image\/jpeg\" \/>\n<meta name=\"twitter:card\" content=\"summary_large_image\" \/>\n<meta name=\"twitter:label1\" content=\"Est. tempo de leitura\" \/>\n\t<meta name=\"twitter:data1\" content=\"6 minutos\" \/>\n<script type=\"application\/ld+json\" class=\"yoast-schema-graph\">{\"@context\":\"https:\/\/schema.org\",\"@graph\":[{\"@type\":\"WebPage\",\"@id\":\"https:\/\/www.fiemg.com.br\/associativismo\/noticias\/fiemg-promove-forum-com-investidores-e-empresarios-chineses\/\",\"url\":\"https:\/\/www.fiemg.com.br\/associativismo\/noticias\/fiemg-promove-forum-com-investidores-e-empresarios-chineses\/\",\"name\":\"FIEMG promove f\u00f3rum com investidores e empres\u00e1rios chineses - Associativismo\",\"isPartOf\":{\"@id\":\"https:\/\/www.fiemg.com.br\/associativismo\/#website\"},\"primaryImageOfPage\":{\"@id\":\"https:\/\/www.fiemg.com.br\/associativismo\/noticias\/fiemg-promove-forum-com-investidores-e-empresarios-chineses\/#primaryimage\"},\"image\":{\"@id\":\"https:\/\/www.fiemg.com.br\/associativismo\/noticias\/fiemg-promove-forum-com-investidores-e-empresarios-chineses\/#primaryimage\"},\"thumbnailUrl\":\"https:\/\/www.fiemg.com.br\/associativismo\/wp-content\/uploads\/sites\/29\/2025\/11\/Brazil-China-Forum-2.jpg\",\"datePublished\":\"2025-11-04T10:24:06+00:00\",\"dateModified\":\"2025-11-04T11:09:33+00:00\",\"description\":\"Terceira edi\u00e7\u00e3o do Brazil China Business Forum reuniu empres\u00e1rios e autoridades brasileiras e chinesas em Xangai para ampliar parcerias e atrair novos investimentos para Minas e Brasil\",\"breadcrumb\":{\"@id\":\"https:\/\/www.fiemg.com.br\/associativismo\/noticias\/fiemg-promove-forum-com-investidores-e-empresarios-chineses\/#breadcrumb\"},\"inLanguage\":\"pt-BR\",\"potentialAction\":[{\"@type\":\"ReadAction\",\"target\":[\"https:\/\/www.fiemg.com.br\/associativismo\/noticias\/fiemg-promove-forum-com-investidores-e-empresarios-chineses\/\"]}]},{\"@type\":\"ImageObject\",\"inLanguage\":\"pt-BR\",\"@id\":\"https:\/\/www.fiemg.com.br\/associativismo\/noticias\/fiemg-promove-forum-com-investidores-e-empresarios-chineses\/#primaryimage\",\"url\":\"https:\/\/www.fiemg.com.br\/associativismo\/wp-content\/uploads\/sites\/29\/2025\/11\/Brazil-China-Forum-2.jpg\",\"contentUrl\":\"https:\/\/www.fiemg.com.br\/associativismo\/wp-content\/uploads\/sites\/29\/2025\/11\/Brazil-China-Forum-2.jpg\",\"width\":512,\"height\":512},{\"@type\":\"BreadcrumbList\",\"@id\":\"https:\/\/www.fiemg.com.br\/associativismo\/noticias\/fiemg-promove-forum-com-investidores-e-empresarios-chineses\/#breadcrumb\",\"itemListElement\":[{\"@type\":\"ListItem\",\"position\":1,\"name\":\"In\u00edcio\",\"item\":\"https:\/\/www.fiemg.com.br\/associativismo\/\"},{\"@type\":\"ListItem\",\"position\":2,\"name\":\"FIEMG promove f\u00f3rum com investidores e empres\u00e1rios chineses\"}]},{\"@type\":\"WebSite\",\"@id\":\"https:\/\/www.fiemg.com.br\/associativismo\/#website\",\"url\":\"https:\/\/www.fiemg.com.br\/associativismo\/\",\"name\":\"Associativismo\",\"description\":\"Federa\u00e7\u00e3o das Ind\u00fastrias do Estado de Minas Gerais\",\"publisher\":{\"@id\":\"https:\/\/www.fiemg.com.br\/associativismo\/#organization\"},\"potentialAction\":[{\"@type\":\"SearchAction\",\"target\":{\"@type\":\"EntryPoint\",\"urlTemplate\":\"https:\/\/www.fiemg.com.br\/associativismo\/?s={search_term_string}\"},\"query-input\":{\"@type\":\"PropertyValueSpecification\",\"valueRequired\":true,\"valueName\":\"search_term_string\"}}],\"inLanguage\":\"pt-BR\"},{\"@type\":\"Organization\",\"@id\":\"https:\/\/www.fiemg.com.br\/associativismo\/#organization\",\"name\":\"Associativismo\",\"url\":\"https:\/\/www.fiemg.com.br\/associativismo\/\",\"logo\":{\"@type\":\"ImageObject\",\"inLanguage\":\"pt-BR\",\"@id\":\"https:\/\/www.fiemg.com.br\/associativismo\/#\/schema\/logo\/image\/\",\"url\":\"https:\/\/www.fiemg.com.br\/associativismo\/wp-content\/uploads\/sites\/29\/2023\/02\/fiemg_branco.svg\",\"contentUrl\":\"https:\/\/www.fiemg.com.br\/associativismo\/wp-content\/uploads\/sites\/29\/2023\/02\/fiemg_branco.svg\",\"width\":561,\"height\":147,\"caption\":\"Associativismo\"},\"image\":{\"@id\":\"https:\/\/www.fiemg.com.br\/associativismo\/#\/schema\/logo\/image\/\"}}]}<\/script>\n<!-- \/ Yoast SEO plugin. -->","yoast_head_json":{"title":"FIEMG promove f\u00f3rum com investidores e empres\u00e1rios chineses - Associativismo","description":"Terceira edi\u00e7\u00e3o do Brazil China Business Forum reuniu empres\u00e1rios e autoridades brasileiras e chinesas em Xangai para ampliar parcerias e atrair novos investimentos para Minas e Brasil","robots":{"index":"index","follow":"follow","max-snippet":"max-snippet:-1","max-image-preview":"max-image-preview:large","max-video-preview":"max-video-preview:-1"},"canonical":"https:\/\/www.fiemg.com.br\/associativismo\/noticias\/fiemg-promove-forum-com-investidores-e-empresarios-chineses\/","og_locale":"pt_BR","og_type":"article","og_title":"FIEMG promove f\u00f3rum com investidores e empres\u00e1rios chineses - Associativismo","og_description":"Terceira edi\u00e7\u00e3o do Brazil China Business Forum reuniu empres\u00e1rios e autoridades brasileiras e chinesas em Xangai para ampliar parcerias e atrair novos investimentos para Minas e Brasil","og_url":"https:\/\/www.fiemg.com.br\/associativismo\/noticias\/fiemg-promove-forum-com-investidores-e-empresarios-chineses\/","og_site_name":"Associativismo","article_modified_time":"2025-11-04T11:09:33+00:00","og_image":[{"width":512,"height":512,"url":"https:\/\/www.fiemg.com.br\/associativismo\/wp-content\/uploads\/sites\/29\/2025\/11\/Brazil-China-Forum-2.jpg","type":"image\/jpeg"}],"twitter_card":"summary_large_image","twitter_misc":{"Est. tempo de leitura":"6 minutos"},"schema":{"@context":"https:\/\/schema.org","@graph":[{"@type":"WebPage","@id":"https:\/\/www.fiemg.com.br\/associativismo\/noticias\/fiemg-promove-forum-com-investidores-e-empresarios-chineses\/","url":"https:\/\/www.fiemg.com.br\/associativismo\/noticias\/fiemg-promove-forum-com-investidores-e-empresarios-chineses\/","name":"FIEMG promove f\u00f3rum com investidores e empres\u00e1rios chineses - Associativismo","isPartOf":{"@id":"https:\/\/www.fiemg.com.br\/associativismo\/#website"},"primaryImageOfPage":{"@id":"https:\/\/www.fiemg.com.br\/associativismo\/noticias\/fiemg-promove-forum-com-investidores-e-empresarios-chineses\/#primaryimage"},"image":{"@id":"https:\/\/www.fiemg.com.br\/associativismo\/noticias\/fiemg-promove-forum-com-investidores-e-empresarios-chineses\/#primaryimage"},"thumbnailUrl":"https:\/\/www.fiemg.com.br\/associativismo\/wp-content\/uploads\/sites\/29\/2025\/11\/Brazil-China-Forum-2.jpg","datePublished":"2025-11-04T10:24:06+00:00","dateModified":"2025-11-04T11:09:33+00:00","description":"Terceira edi\u00e7\u00e3o do Brazil China Business Forum reuniu empres\u00e1rios e autoridades brasileiras e chinesas em Xangai para ampliar parcerias e atrair novos investimentos para Minas e Brasil","breadcrumb":{"@id":"https:\/\/www.fiemg.com.br\/associativismo\/noticias\/fiemg-promove-forum-com-investidores-e-empresarios-chineses\/#breadcrumb"},"inLanguage":"pt-BR","potentialAction":[{"@type":"ReadAction","target":["https:\/\/www.fiemg.com.br\/associativismo\/noticias\/fiemg-promove-forum-com-investidores-e-empresarios-chineses\/"]}]},{"@type":"ImageObject","inLanguage":"pt-BR","@id":"https:\/\/www.fiemg.com.br\/associativismo\/noticias\/fiemg-promove-forum-com-investidores-e-empresarios-chineses\/#primaryimage","url":"https:\/\/www.fiemg.com.br\/associativismo\/wp-content\/uploads\/sites\/29\/2025\/11\/Brazil-China-Forum-2.jpg","contentUrl":"https:\/\/www.fiemg.com.br\/associativismo\/wp-content\/uploads\/sites\/29\/2025\/11\/Brazil-China-Forum-2.jpg","width":512,"height":512},{"@type":"BreadcrumbList","@id":"https:\/\/www.fiemg.com.br\/associativismo\/noticias\/fiemg-promove-forum-com-investidores-e-empresarios-chineses\/#breadcrumb","itemListElement":[{"@type":"ListItem","position":1,"name":"In\u00edcio","item":"https:\/\/www.fiemg.com.br\/associativismo\/"},{"@type":"ListItem","position":2,"name":"FIEMG promove f\u00f3rum com investidores e empres\u00e1rios chineses"}]},{"@type":"WebSite","@id":"https:\/\/www.fiemg.com.br\/associativismo\/#website","url":"https:\/\/www.fiemg.com.br\/associativismo\/","name":"Associativismo","description":"Federa\u00e7\u00e3o das Ind\u00fastrias do Estado de Minas Gerais","publisher":{"@id":"https:\/\/www.fiemg.com.br\/associativismo\/#organization"},"potentialAction":[{"@type":"SearchAction","target":{"@type":"EntryPoint","urlTemplate":"https:\/\/www.fiemg.com.br\/associativismo\/?s={search_term_string}"},"query-input":{"@type":"PropertyValueSpecification","valueRequired":true,"valueName":"search_term_string"}}],"inLanguage":"pt-BR"},{"@type":"Organization","@id":"https:\/\/www.fiemg.com.br\/associativismo\/#organization","name":"Associativismo","url":"https:\/\/www.fiemg.com.br\/associativismo\/","logo":{"@type":"ImageObject","inLanguage":"pt-BR","@id":"https:\/\/www.fiemg.com.br\/associativismo\/#\/schema\/logo\/image\/","url":"https:\/\/www.fiemg.com.br\/associativismo\/wp-content\/uploads\/sites\/29\/2023\/02\/fiemg_branco.svg","contentUrl":"https:\/\/www.fiemg.com.br\/associativismo\/wp-content\/uploads\/sites\/29\/2023\/02\/fiemg_branco.svg","width":561,"height":147,"caption":"Associativismo"},"image":{"@id":"https:\/\/www.fiemg.com.br\/associativismo\/#\/schema\/logo\/image\/"}}]}},"_links":{"self":[{"href":"https:\/\/www.fiemg.com.br\/associativismo\/wp-json\/wp\/v2\/noticias\/4276","targetHints":{"allow":["GET"]}}],"collection":[{"href":"https:\/\/www.fiemg.com.br\/associativismo\/wp-json\/wp\/v2\/noticias"}],"about":[{"href":"https:\/\/www.fiemg.com.br\/associativismo\/wp-json\/wp\/v2\/types\/noticias"}],"wp:featuredmedia":[{"embeddable":true,"href":"https:\/\/www.fiemg.com.br\/associativismo\/wp-json\/wp\/v2\/media\/4278"}],"wp:attachment":[{"href":"https:\/\/www.fiemg.com.br\/associativismo\/wp-json\/wp\/v2\/media?parent=4276"}],"wp:term":[{"taxonomy":"category","embeddable":true,"href":"https:\/\/www.fiemg.com.br\/associativismo\/wp-json\/wp\/v2\/categories?post=4276"},{"taxonomy":"post_tag","embeddable":true,"href":"https:\/\/www.fiemg.com.br\/associativismo\/wp-json\/wp\/v2\/tags?post=4276"}],"curies":[{"name":"wp","href":"https:\/\/api.w.org\/{rel}","templated":true}]}}