{"id":4299,"date":"2025-11-05T10:43:01","date_gmt":"2025-11-05T13:43:01","guid":{"rendered":"https:\/\/www.fiemg.com.br\/associativismo\/noticias\/pioneirismo-em-uberlandia-laboratorio-bim-e-lancado-em-uberlandia-atraves-da-fiemg-senai-crea-e-prefeitura-municipal\/"},"modified":"2025-11-06T18:01:11","modified_gmt":"2025-11-06T21:01:11","slug":"pioneirismo-em-uberlandia-laboratorio-bim-e-lancado-em-uberlandia-atraves-da-fiemg-senai-crea-e-prefeitura-municipal","status":"publish","type":"noticias","link":"https:\/\/www.fiemg.com.br\/associativismo\/noticias\/pioneirismo-em-uberlandia-laboratorio-bim-e-lancado-em-uberlandia-atraves-da-fiemg-senai-crea-e-prefeitura-municipal\/","title":{"rendered":"Laborat\u00f3rio BIM \u00e9 lan\u00e7ado em Uberl\u00e2ndia"},"content":{"rendered":"\n<p>No \u00faltimo dia 23\/10, foi lan\u00e7ado em Uberl\u00e2ndia o Lab BIM, laborat\u00f3rio pioneiro em Minas Gerais que pode aumentar a efici\u00eancia dos processos na constru\u00e7\u00e3o civil.<\/p>\n\n\n\n<p>O <strong><em><strong><em>BIM<\/em><\/strong><\/em><\/strong>, que vem de <em>Building Information Modeling<\/em>, est\u00e1 sendo implementado aos poucos. O laborat\u00f3rio possui uma metodologia colaborativa que padroniza informa\u00e7\u00f5es dos projetos na constru\u00e7\u00e3o civil de uma maneira digital, possibilitando o acompanhamento integrado de todos os processos envolvidos. Modelos tridimensionais, simula\u00e7\u00f5es virtuais entre outras alternativas permitem o acompanhamento mais fidedigno de informa\u00e7\u00f5es como materiais, prazos, entregas entre outros durante todo ciclo de vida do projeto.<\/p>\n\n\n\n<p>Esta foi uma iniciativa da FIEMG, Crea\u00a0Minas\u00a0e Prefeitura de Uberl\u00e2ndia com o apoio da Asseng, Sinduscon TAP, Sebrae, UFU, Uniube e CAU. Para o presidente da FIEMG Regional Vale do Parana\u00edba, engenheiro civil e tamb\u00e9m empres\u00e1rio, Jose Alves Ferreira Filho, <em>o Lab BIM Uberl\u00e2ndia\u00a0<\/em>\u00e9 um marco para cen\u00e1rio da constru\u00e7\u00e3o civil, n\u00e3o somente municipal mas para todo Estado.<\/p>\n\n\n\n<p>\u201cO Lab \u00e9 uma parceria da FIEMG, CREA Minas e a &nbsp;Prefeitura de Uberl\u00e2ndia, um projeto de pioneiro para nossa Federa\u00e7\u00e3o. O SENAI atrav\u00e9s das Unidades, Dr Celso Charulli de Uberl\u00e2ndia, e Unidade Paulo de Tarso em Belo Horizonte, v\u00e3o ofertar &nbsp;treinamento para engenheiros e arquitetos em rela\u00e7\u00e3o a plataforma BIM, isso traduz inovada\u00e7\u00e3o n\u00e3o somente na forma\u00e7\u00e3o destes novos profissionais mas para a constru\u00e7\u00e3o civil no geral. \u00c9 um projeto piloto que est\u00e1 come\u00e7ando aqui com o CREA e que ser\u00e1 estendido por todo o Estado. N\u00f3s esperamos a ades\u00e3o maci\u00e7a da classe dos profissionais citados, e eu tenho certeza que o Lab BIM ser\u00e1 um sucesso, marcando, mais uma vez, o pioneirismo de Uberl\u00e2ndia em a\u00e7\u00f5es de relev\u00e2ncia em Minas Gerais.\u201d<\/p>\n\n\n\n<p>De acordo com a assessoria de comunica\u00e7\u00e3o da PMU, o<em> Lab BIM Uberl\u00e2ndia<\/em> nasce com a miss\u00e3o de promover a moderniza\u00e7\u00e3o da gest\u00e3o p\u00fablica por meio da tecnologia e do conhecimento compartilhado. O espa\u00e7o, que funcionar\u00e1 em uma estrutura cedida pelo CREA-MG, ser\u00e1 um centro permanente de capacita\u00e7\u00e3o, desenvolvimento de projetos colaborativos e oficinas pr\u00e1ticas.&nbsp;&nbsp;O laborat\u00f3rio, com isso, representa a evolu\u00e7\u00e3o natural desse processo, consolidando o BIM como pol\u00edtica p\u00fablica e ampliando sua aplica\u00e7\u00e3o nos setores de projeto, licenciamento e execu\u00e7\u00e3o de obras p\u00fablicas.<\/p>\n\n\n\n<p class=\"has-text-align-center\"><strong>                            Toda a estrutura e conte\u00fado t\u00e9cnico \u00e9 de responsabilidade do SENAI<\/strong><\/p>\n\n\n\n<p class=\"has-text-align-left\">O SENAI \u00e9 a maior escola profissional da Am\u00e9rica Latina, com atua\u00e7\u00e3o &nbsp;em&nbsp;<strong>5.301 munic\u00edpio<\/strong><strong>s, mais de <\/strong><strong>92 milh\u00f5es de trabalhadores<\/strong><strong>&nbsp;formados<\/strong>&nbsp;em 28 \u00e1reas tecnol\u00f3gicas.&nbsp;E em Minas Gerais a entidade \u00e9 refer\u00eancia no apoio a grandes projetos que exijam compet\u00eancias t\u00e9cnicas, tecnologia e inova\u00e7\u00e3o para a ind\u00fastria.<\/p>\n\n\n\n<p class=\"has-text-align-left\">Para o projeto <em>Lab Bim Uberl\u00e2ndia<\/em>, duas unidades do SENAI est\u00e3o envolvidas: SENAI Dr. Celso Charuri de Uber\u00e2ndia, e SENAI Paulo de Tarso de Belo Horizonte. A gerente de Unidade, Priscila de Oliveira disse que o SENAI Paulo de Tarso ser\u00e1 respons\u00e1vel pela consultoria t\u00e9cnica especializada para a implanta\u00e7\u00e3o, de fato, da metodologia BIM nas obras p\u00fablicas da cidade de Uberl\u00e2ndia:<\/p>\n\n\n\n<p class=\"has-text-align-left\">\u201cO SENAI Paulo de Tarso tem papel estrat\u00e9gico na implanta\u00e7\u00e3o da metodologia BIM (Building Information Modeling) na Prefeitura Municipal de Uberl\u00e2ndia, por meio da presta\u00e7\u00e3o de servi\u00e7os de apoio t\u00e9cnico especializado. Essa atua\u00e7\u00e3o visa dar continuidade \u00e0s a\u00e7\u00f5es j\u00e1 desenvolvidas pela Prefeitura e implementar metodologias e ferramentas inovadoras que ampliem a efici\u00eancia, a qualidade e o controle dos processos de gerenciamento de informa\u00e7\u00f5es em projetos e obras p\u00fablicas.&nbsp;A consultoria em Implanta\u00e7\u00e3o BIM, conduzida pelo SENAI, ser\u00e1 estruturada em etapas estrat\u00e9gicas, cuidadosamente planejadas para atender \u00e0s necessidades espec\u00edficas da administra\u00e7\u00e3o municipal, assegurando um avan\u00e7o gradual, consistente e sustent\u00e1vel na ado\u00e7\u00e3o da metodologia. As etapas compreendem:<\/p>\n\n\n\n<p class=\"has-text-align-left\">1. Diagn\u00f3stico BIM \u2013 revis\u00e3o documental e elabora\u00e7\u00e3o de plano de a\u00e7\u00e3o;<\/p>\n\n\n\n<p class=\"has-text-align-left\">2. Estrutura\u00e7\u00e3o BIM \u2013 defini\u00e7\u00e3o da estrutura do CDE (Common Data Environment), desenvolvimento de normativos e elabora\u00e7\u00e3o do Caderno BIM;<\/p>\n\n\n\n<p class=\"has-text-align-left\">3. Modelagem BIM \u2013 execu\u00e7\u00e3o de um projeto-piloto de infraestrutura, aplicado como estudo de caso para valida\u00e7\u00e3o das pr\u00e1ticas desenvolvidas.<\/p>\n\n\n\n<p class=\"has-text-align-left\">Com essa iniciativa, a Prefeitura de Uberl\u00e2ndia consolida-se como refer\u00eancia no Estado de Minas no processo de ado\u00e7\u00e3o da metodologia BIM no setor p\u00fablico, tornando-se pioneira na utiliza\u00e7\u00e3o dos benef\u00edcios desse modelo na gest\u00e3o e manuten\u00e7\u00e3o de obras e projetos municipais. A parceria com o SENAI Paulo de Tarso refor\u00e7a o compromisso com a inova\u00e7\u00e3o, a transpar\u00eancia e a moderniza\u00e7\u00e3o da gest\u00e3o p\u00fablica.\u201d afirmou.<\/p>\n\n\n\n<p class=\"has-text-align-left\">De acordo com Julie de Melo, instrutora de forma\u00e7\u00e3o profissional e respons\u00e1vel por ministrar as aulas da metodologia BIM no laborat\u00f3rio, o SENAI de Uberl\u00e2ndia tamb\u00e9m \u00e9 respons\u00e1vel por diversos dos itens t\u00e9cnicos que englobam o projeto.<\/p>\n\n\n\n<p class=\"has-text-align-left\">\u201cDesde a ministra\u00e7\u00e3o das aulas para a forma\u00e7\u00e3o de profissionais da \u00e1rea de engenharia civil para o conhecimento da metodologia BIM, at\u00e9 as m\u00e1quinas (computadores) e licen\u00e7as dos softwares; tudo isso \u00e9 responsabilidade aqui do SENAI. Desde 2021 n\u00f3s j\u00e1 realizamos turmas em parceria com a prefeitura e com o Sinduscon sobre a implementa\u00e7\u00e3o do BIM, e agora ser\u00e1 de maneira continuada. Estou muito feliz em participar deste projeto, porque falar de BIM \u00e9 falar de planejamento, de organiza\u00e7\u00e3o, ent\u00e3o tudo o que a gente puder fazer para ajudar n\u00e3o somente os novos profissionais, mas a cidade em si n\u00f3s faremos, afinal, melhorando a qualidade dos processos das obras do munic\u00edpio, estamos auxiliando Uberl\u00e2ndia no geral.\u201d<\/p>\n\n\n\n<p>As a\u00e7\u00f5es em conjunto entre a FIEMG e a Prefeitura de Uberl\u00e2ndia j\u00e1 s\u00e3o realizadas em outras esferas da cidade, como as aulas de rob\u00f3tica para alunos das escolas municipais pelo SESI, cursos profissionalizantes para a comunidade em geral atrav\u00e9s do SENAI, escolas de esporte na estrutura do SESI Gravat\u00e1s entre outros.<\/p>\n\n\n\n<p>Bem como a pr\u00f3pria iniciativa do <em>Lab Bim<\/em>, servi\u00e7os citados acima<em> <\/em>s\u00e3o oferecidos pela ger\u00eancia comercial da FIEMG que possui um setor espec\u00edfico para o atendimento governamento em todo o Estado. Na cidade de Uberl\u00e2ndia e regi\u00e3o, o respons\u00e1vel \u00e9 o consultor de rela\u00e7\u00f5es com mercado C\u00e9sar Campos com a coordena\u00e7\u00e3o Winicius Oliveira Freitas.<\/p>\n\n\n\n<p class=\"has-text-align-left\"><\/p>\n","protected":false},"featured_media":4311,"template":"","categories":[],"tags":[],"class_list":["post-4299","noticias","type-noticias","status-publish","has-post-thumbnail","hentry"],"acf":[],"yoast_head":"<!-- This site is optimized with the Yoast SEO plugin v26.2 - https:\/\/yoast.com\/wordpress\/plugins\/seo\/ -->\n<title>Laborat\u00f3rio BIM \u00e9 lan\u00e7ado em Uberl\u00e2ndia - Associativismo<\/title>\n<meta name=\"robots\" content=\"index, follow, max-snippet:-1, max-image-preview:large, max-video-preview:-1\" \/>\n<link rel=\"canonical\" href=\"https:\/\/www.fiemg.com.br\/associativismo\/noticias\/pioneirismo-em-uberlandia-laboratorio-bim-e-lancado-em-uberlandia-atraves-da-fiemg-senai-crea-e-prefeitura-municipal\/\" \/>\n<meta property=\"og:locale\" content=\"pt_BR\" \/>\n<meta property=\"og:type\" content=\"article\" \/>\n<meta property=\"og:title\" content=\"Laborat\u00f3rio BIM \u00e9 lan\u00e7ado em Uberl\u00e2ndia - Associativismo\" \/>\n<meta property=\"og:description\" content=\"No \u00faltimo dia 23\/10, foi lan\u00e7ado em Uberl\u00e2ndia o Lab BIM, laborat\u00f3rio pioneiro em Minas Gerais que pode aumentar a efici\u00eancia dos processos na constru\u00e7\u00e3o civil. O BIM, que vem de Building Information Modeling, est\u00e1 sendo implementado aos poucos. O laborat\u00f3rio possui uma metodologia colaborativa que padroniza informa\u00e7\u00f5es dos projetos na constru\u00e7\u00e3o civil de uma [&hellip;]\" \/>\n<meta property=\"og:url\" content=\"https:\/\/www.fiemg.com.br\/associativismo\/noticias\/pioneirismo-em-uberlandia-laboratorio-bim-e-lancado-em-uberlandia-atraves-da-fiemg-senai-crea-e-prefeitura-municipal\/\" \/>\n<meta property=\"og:site_name\" content=\"Associativismo\" \/>\n<meta property=\"article:modified_time\" content=\"2025-11-06T21:01:11+00:00\" \/>\n<meta property=\"og:image\" content=\"https:\/\/www.fiemg.com.br\/associativismo\/wp-content\/uploads\/sites\/29\/2025\/11\/WhatsApp-Image-2025-10-27-at-15.29.29-scaled.jpeg\" \/>\n\t<meta property=\"og:image:width\" content=\"2560\" \/>\n\t<meta property=\"og:image:height\" content=\"1920\" \/>\n\t<meta property=\"og:image:type\" content=\"image\/jpeg\" \/>\n<meta name=\"twitter:card\" content=\"summary_large_image\" \/>\n<meta name=\"twitter:label1\" content=\"Est. tempo de leitura\" \/>\n\t<meta name=\"twitter:data1\" content=\"6 minutos\" \/>\n<script type=\"application\/ld+json\" class=\"yoast-schema-graph\">{\"@context\":\"https:\/\/schema.org\",\"@graph\":[{\"@type\":\"WebPage\",\"@id\":\"https:\/\/www.fiemg.com.br\/associativismo\/noticias\/pioneirismo-em-uberlandia-laboratorio-bim-e-lancado-em-uberlandia-atraves-da-fiemg-senai-crea-e-prefeitura-municipal\/\",\"url\":\"https:\/\/www.fiemg.com.br\/associativismo\/noticias\/pioneirismo-em-uberlandia-laboratorio-bim-e-lancado-em-uberlandia-atraves-da-fiemg-senai-crea-e-prefeitura-municipal\/\",\"name\":\"Laborat\u00f3rio BIM \u00e9 lan\u00e7ado em Uberl\u00e2ndia - Associativismo\",\"isPartOf\":{\"@id\":\"https:\/\/www.fiemg.com.br\/associativismo\/#website\"},\"primaryImageOfPage\":{\"@id\":\"https:\/\/www.fiemg.com.br\/associativismo\/noticias\/pioneirismo-em-uberlandia-laboratorio-bim-e-lancado-em-uberlandia-atraves-da-fiemg-senai-crea-e-prefeitura-municipal\/#primaryimage\"},\"image\":{\"@id\":\"https:\/\/www.fiemg.com.br\/associativismo\/noticias\/pioneirismo-em-uberlandia-laboratorio-bim-e-lancado-em-uberlandia-atraves-da-fiemg-senai-crea-e-prefeitura-municipal\/#primaryimage\"},\"thumbnailUrl\":\"https:\/\/www.fiemg.com.br\/associativismo\/wp-content\/uploads\/sites\/29\/2025\/11\/WhatsApp-Image-2025-10-27-at-15.29.29-scaled.jpeg\",\"datePublished\":\"2025-11-05T13:43:01+00:00\",\"dateModified\":\"2025-11-06T21:01:11+00:00\",\"breadcrumb\":{\"@id\":\"https:\/\/www.fiemg.com.br\/associativismo\/noticias\/pioneirismo-em-uberlandia-laboratorio-bim-e-lancado-em-uberlandia-atraves-da-fiemg-senai-crea-e-prefeitura-municipal\/#breadcrumb\"},\"inLanguage\":\"pt-BR\",\"potentialAction\":[{\"@type\":\"ReadAction\",\"target\":[\"https:\/\/www.fiemg.com.br\/associativismo\/noticias\/pioneirismo-em-uberlandia-laboratorio-bim-e-lancado-em-uberlandia-atraves-da-fiemg-senai-crea-e-prefeitura-municipal\/\"]}]},{\"@type\":\"ImageObject\",\"inLanguage\":\"pt-BR\",\"@id\":\"https:\/\/www.fiemg.com.br\/associativismo\/noticias\/pioneirismo-em-uberlandia-laboratorio-bim-e-lancado-em-uberlandia-atraves-da-fiemg-senai-crea-e-prefeitura-municipal\/#primaryimage\",\"url\":\"https:\/\/www.fiemg.com.br\/associativismo\/wp-content\/uploads\/sites\/29\/2025\/11\/WhatsApp-Image-2025-10-27-at-15.29.29-scaled.jpeg\",\"contentUrl\":\"https:\/\/www.fiemg.com.br\/associativismo\/wp-content\/uploads\/sites\/29\/2025\/11\/WhatsApp-Image-2025-10-27-at-15.29.29-scaled.jpeg\",\"width\":2560,\"height\":1920},{\"@type\":\"BreadcrumbList\",\"@id\":\"https:\/\/www.fiemg.com.br\/associativismo\/noticias\/pioneirismo-em-uberlandia-laboratorio-bim-e-lancado-em-uberlandia-atraves-da-fiemg-senai-crea-e-prefeitura-municipal\/#breadcrumb\",\"itemListElement\":[{\"@type\":\"ListItem\",\"position\":1,\"name\":\"In\u00edcio\",\"item\":\"https:\/\/www.fiemg.com.br\/associativismo\/\"},{\"@type\":\"ListItem\",\"position\":2,\"name\":\"Laborat\u00f3rio BIM \u00e9 lan\u00e7ado em Uberl\u00e2ndia\"}]},{\"@type\":\"WebSite\",\"@id\":\"https:\/\/www.fiemg.com.br\/associativismo\/#website\",\"url\":\"https:\/\/www.fiemg.com.br\/associativismo\/\",\"name\":\"Associativismo\",\"description\":\"Federa\u00e7\u00e3o das Ind\u00fastrias do Estado de Minas Gerais\",\"publisher\":{\"@id\":\"https:\/\/www.fiemg.com.br\/associativismo\/#organization\"},\"potentialAction\":[{\"@type\":\"SearchAction\",\"target\":{\"@type\":\"EntryPoint\",\"urlTemplate\":\"https:\/\/www.fiemg.com.br\/associativismo\/?s={search_term_string}\"},\"query-input\":{\"@type\":\"PropertyValueSpecification\",\"valueRequired\":true,\"valueName\":\"search_term_string\"}}],\"inLanguage\":\"pt-BR\"},{\"@type\":\"Organization\",\"@id\":\"https:\/\/www.fiemg.com.br\/associativismo\/#organization\",\"name\":\"Associativismo\",\"url\":\"https:\/\/www.fiemg.com.br\/associativismo\/\",\"logo\":{\"@type\":\"ImageObject\",\"inLanguage\":\"pt-BR\",\"@id\":\"https:\/\/www.fiemg.com.br\/associativismo\/#\/schema\/logo\/image\/\",\"url\":\"https:\/\/www.fiemg.com.br\/associativismo\/wp-content\/uploads\/sites\/29\/2023\/02\/fiemg_branco.svg\",\"contentUrl\":\"https:\/\/www.fiemg.com.br\/associativismo\/wp-content\/uploads\/sites\/29\/2023\/02\/fiemg_branco.svg\",\"width\":561,\"height\":147,\"caption\":\"Associativismo\"},\"image\":{\"@id\":\"https:\/\/www.fiemg.com.br\/associativismo\/#\/schema\/logo\/image\/\"}}]}<\/script>\n<!-- \/ Yoast SEO plugin. -->","yoast_head_json":{"title":"Laborat\u00f3rio BIM \u00e9 lan\u00e7ado em Uberl\u00e2ndia - Associativismo","robots":{"index":"index","follow":"follow","max-snippet":"max-snippet:-1","max-image-preview":"max-image-preview:large","max-video-preview":"max-video-preview:-1"},"canonical":"https:\/\/www.fiemg.com.br\/associativismo\/noticias\/pioneirismo-em-uberlandia-laboratorio-bim-e-lancado-em-uberlandia-atraves-da-fiemg-senai-crea-e-prefeitura-municipal\/","og_locale":"pt_BR","og_type":"article","og_title":"Laborat\u00f3rio BIM \u00e9 lan\u00e7ado em Uberl\u00e2ndia - Associativismo","og_description":"No \u00faltimo dia 23\/10, foi lan\u00e7ado em Uberl\u00e2ndia o Lab BIM, laborat\u00f3rio pioneiro em Minas Gerais que pode aumentar a efici\u00eancia dos processos na constru\u00e7\u00e3o civil. O BIM, que vem de Building Information Modeling, est\u00e1 sendo implementado aos poucos. O laborat\u00f3rio possui uma metodologia colaborativa que padroniza informa\u00e7\u00f5es dos projetos na constru\u00e7\u00e3o civil de uma [&hellip;]","og_url":"https:\/\/www.fiemg.com.br\/associativismo\/noticias\/pioneirismo-em-uberlandia-laboratorio-bim-e-lancado-em-uberlandia-atraves-da-fiemg-senai-crea-e-prefeitura-municipal\/","og_site_name":"Associativismo","article_modified_time":"2025-11-06T21:01:11+00:00","og_image":[{"width":2560,"height":1920,"url":"https:\/\/www.fiemg.com.br\/associativismo\/wp-content\/uploads\/sites\/29\/2025\/11\/WhatsApp-Image-2025-10-27-at-15.29.29-scaled.jpeg","type":"image\/jpeg"}],"twitter_card":"summary_large_image","twitter_misc":{"Est. tempo de leitura":"6 minutos"},"schema":{"@context":"https:\/\/schema.org","@graph":[{"@type":"WebPage","@id":"https:\/\/www.fiemg.com.br\/associativismo\/noticias\/pioneirismo-em-uberlandia-laboratorio-bim-e-lancado-em-uberlandia-atraves-da-fiemg-senai-crea-e-prefeitura-municipal\/","url":"https:\/\/www.fiemg.com.br\/associativismo\/noticias\/pioneirismo-em-uberlandia-laboratorio-bim-e-lancado-em-uberlandia-atraves-da-fiemg-senai-crea-e-prefeitura-municipal\/","name":"Laborat\u00f3rio BIM \u00e9 lan\u00e7ado em Uberl\u00e2ndia - Associativismo","isPartOf":{"@id":"https:\/\/www.fiemg.com.br\/associativismo\/#website"},"primaryImageOfPage":{"@id":"https:\/\/www.fiemg.com.br\/associativismo\/noticias\/pioneirismo-em-uberlandia-laboratorio-bim-e-lancado-em-uberlandia-atraves-da-fiemg-senai-crea-e-prefeitura-municipal\/#primaryimage"},"image":{"@id":"https:\/\/www.fiemg.com.br\/associativismo\/noticias\/pioneirismo-em-uberlandia-laboratorio-bim-e-lancado-em-uberlandia-atraves-da-fiemg-senai-crea-e-prefeitura-municipal\/#primaryimage"},"thumbnailUrl":"https:\/\/www.fiemg.com.br\/associativismo\/wp-content\/uploads\/sites\/29\/2025\/11\/WhatsApp-Image-2025-10-27-at-15.29.29-scaled.jpeg","datePublished":"2025-11-05T13:43:01+00:00","dateModified":"2025-11-06T21:01:11+00:00","breadcrumb":{"@id":"https:\/\/www.fiemg.com.br\/associativismo\/noticias\/pioneirismo-em-uberlandia-laboratorio-bim-e-lancado-em-uberlandia-atraves-da-fiemg-senai-crea-e-prefeitura-municipal\/#breadcrumb"},"inLanguage":"pt-BR","potentialAction":[{"@type":"ReadAction","target":["https:\/\/www.fiemg.com.br\/associativismo\/noticias\/pioneirismo-em-uberlandia-laboratorio-bim-e-lancado-em-uberlandia-atraves-da-fiemg-senai-crea-e-prefeitura-municipal\/"]}]},{"@type":"ImageObject","inLanguage":"pt-BR","@id":"https:\/\/www.fiemg.com.br\/associativismo\/noticias\/pioneirismo-em-uberlandia-laboratorio-bim-e-lancado-em-uberlandia-atraves-da-fiemg-senai-crea-e-prefeitura-municipal\/#primaryimage","url":"https:\/\/www.fiemg.com.br\/associativismo\/wp-content\/uploads\/sites\/29\/2025\/11\/WhatsApp-Image-2025-10-27-at-15.29.29-scaled.jpeg","contentUrl":"https:\/\/www.fiemg.com.br\/associativismo\/wp-content\/uploads\/sites\/29\/2025\/11\/WhatsApp-Image-2025-10-27-at-15.29.29-scaled.jpeg","width":2560,"height":1920},{"@type":"BreadcrumbList","@id":"https:\/\/www.fiemg.com.br\/associativismo\/noticias\/pioneirismo-em-uberlandia-laboratorio-bim-e-lancado-em-uberlandia-atraves-da-fiemg-senai-crea-e-prefeitura-municipal\/#breadcrumb","itemListElement":[{"@type":"ListItem","position":1,"name":"In\u00edcio","item":"https:\/\/www.fiemg.com.br\/associativismo\/"},{"@type":"ListItem","position":2,"name":"Laborat\u00f3rio BIM \u00e9 lan\u00e7ado em Uberl\u00e2ndia"}]},{"@type":"WebSite","@id":"https:\/\/www.fiemg.com.br\/associativismo\/#website","url":"https:\/\/www.fiemg.com.br\/associativismo\/","name":"Associativismo","description":"Federa\u00e7\u00e3o das Ind\u00fastrias do Estado de Minas Gerais","publisher":{"@id":"https:\/\/www.fiemg.com.br\/associativismo\/#organization"},"potentialAction":[{"@type":"SearchAction","target":{"@type":"EntryPoint","urlTemplate":"https:\/\/www.fiemg.com.br\/associativismo\/?s={search_term_string}"},"query-input":{"@type":"PropertyValueSpecification","valueRequired":true,"valueName":"search_term_string"}}],"inLanguage":"pt-BR"},{"@type":"Organization","@id":"https:\/\/www.fiemg.com.br\/associativismo\/#organization","name":"Associativismo","url":"https:\/\/www.fiemg.com.br\/associativismo\/","logo":{"@type":"ImageObject","inLanguage":"pt-BR","@id":"https:\/\/www.fiemg.com.br\/associativismo\/#\/schema\/logo\/image\/","url":"https:\/\/www.fiemg.com.br\/associativismo\/wp-content\/uploads\/sites\/29\/2023\/02\/fiemg_branco.svg","contentUrl":"https:\/\/www.fiemg.com.br\/associativismo\/wp-content\/uploads\/sites\/29\/2023\/02\/fiemg_branco.svg","width":561,"height":147,"caption":"Associativismo"},"image":{"@id":"https:\/\/www.fiemg.com.br\/associativismo\/#\/schema\/logo\/image\/"}}]}},"_links":{"self":[{"href":"https:\/\/www.fiemg.com.br\/associativismo\/wp-json\/wp\/v2\/noticias\/4299","targetHints":{"allow":["GET"]}}],"collection":[{"href":"https:\/\/www.fiemg.com.br\/associativismo\/wp-json\/wp\/v2\/noticias"}],"about":[{"href":"https:\/\/www.fiemg.com.br\/associativismo\/wp-json\/wp\/v2\/types\/noticias"}],"wp:featuredmedia":[{"embeddable":true,"href":"https:\/\/www.fiemg.com.br\/associativismo\/wp-json\/wp\/v2\/media\/4311"}],"wp:attachment":[{"href":"https:\/\/www.fiemg.com.br\/associativismo\/wp-json\/wp\/v2\/media?parent=4299"}],"wp:term":[{"taxonomy":"category","embeddable":true,"href":"https:\/\/www.fiemg.com.br\/associativismo\/wp-json\/wp\/v2\/categories?post=4299"},{"taxonomy":"post_tag","embeddable":true,"href":"https:\/\/www.fiemg.com.br\/associativismo\/wp-json\/wp\/v2\/tags?post=4299"}],"curies":[{"name":"wp","href":"https:\/\/api.w.org\/{rel}","templated":true}]}}