{"id":4312,"date":"2025-11-07T14:10:50","date_gmt":"2025-11-07T17:10:50","guid":{"rendered":"https:\/\/www.fiemg.com.br\/associativismo\/noticias\/proalminas-fortalece-a-cadeia-produtiva-do-algodao-no-estado\/"},"modified":"2025-11-07T14:42:26","modified_gmt":"2025-11-07T17:42:26","slug":"proalminas-fortalece-a-cadeia-produtiva-do-algodao-no-estado","status":"publish","type":"noticias","link":"https:\/\/www.fiemg.com.br\/associativismo\/noticias\/proalminas-fortalece-a-cadeia-produtiva-do-algodao-no-estado\/","title":{"rendered":"Proalminas fortalece a cadeia produtiva do algod\u00e3o no estado"},"content":{"rendered":"\n<p>Em evento na FIEMG, nesta quinta-feira (6\/11), o Governo de Minas, por meio da Secretaria de Estado de Agricultura, Pecu\u00e1ria e Abastecimento (Seapa), reconheceu a contribui\u00e7\u00e3o de 34 ind\u00fastrias para o fortalecimento da cotonicultura mineira com a entrega de certificados de participa\u00e7\u00e3o no Programa Mineiro de Incentivo \u00e0 Cultura do Algod\u00e3o (Proalminas), executado em parceria com a Associa\u00e7\u00e3o Mineira dos Produtores de Algod\u00e3o (Amipa).\u00a0<\/p>\n\n\n\n<p>A produ\u00e7\u00e3o mineira de algod\u00e3o cresceu 57%, saltando de 92,6 mil toneladas em 2018 para 145,3 mil toneladas que devem ser colhidas na safra de 2025. A \u00e1rea plantada e a produtividade tamb\u00e9m acompanharam o movimento de alta no per\u00edodo e v\u00e3o alcan\u00e7ar 33 mil hectares e produtividade de 4,38 toneladas por hectare. Os bons n\u00fameros refletem as a\u00e7\u00f5es de fortalecimento do setor por meio do programa.<\/p>\n\n\n\n<p>O Proalminas se transformou numa importante ferramenta de incentivo a toda a cadeia produtiva de algod\u00e3o e tecidos no estado. Por um lado, o programa garante benef\u00edcio fiscal \u00e0s ind\u00fastrias que compram o algod\u00e3o mineiro, reduzindo a carga tribut\u00e1ria incidente sobre o produto industrializado. Para o produtor rural, as a\u00e7\u00f5es viabilizam aumento da renda, escoamento da produ\u00e7\u00e3o, capacita\u00e7\u00e3o e acesso \u00e0s inova\u00e7\u00f5es tecnol\u00f3gicas.<\/p>\n\n\n\n<p>O secret\u00e1rio de Agricultura, Pecu\u00e1ria e Abastecimento, Thales Fernandes, destacou os resultados dos investimentos. \u201cDesde 2003, o Proalminas vem alavancando a produ\u00e7\u00e3o do algod\u00e3o e a ind\u00fastria t\u00eaxtil no estado. Os recursos repassados para o Proalminas\/Fundo Algominas t\u00eam viabilizado o aumento da produtividade e da qualidade da fibra. E isso cria um c\u00edrculo virtuoso, que garante ao produtor mercado e pre\u00e7o acima da m\u00e9dia e mat\u00e9ria-prima de qualidade superior para as ind\u00fastrias que participam do programa\u201d.<\/p>\n\n\n\n<p><strong>Painel da cadeia t\u00eaxtil<\/strong><\/p>\n\n\n\n<p>Durante a agenda, a Secretaria de Agricultura, em parceria com a Amipa, promoveu o 3\u00b0 Painel da Cadeia T\u00eaxtil, reunindo produtores, ind\u00fastrias e representantes de institui\u00e7\u00f5es do setor. O encontro foi uma oportunidade para discutir as tend\u00eancias, desafios e oportunidades de mercado para o algod\u00e3o produzido no estado.<\/p>\n\n\n\n<p>A melhora da qualidade do algod\u00e3o mineiro, impulsionada pelo Proalminas foi um dos temas abordados. Segundo o Coordenador S\u00eanior da Better Cotton Initiative (BCI), Jo\u00e3o Rocha, o programa desempenha&nbsp; papel transformador&nbsp; desde 2003, quando foi criado. \u201c\u00c9 uma pol\u00edtica p\u00fablica eficaz, que trouxe ganhos significativos nos par\u00e2metros de qualidade exigidos pela ind\u00fastria, como a resist\u00eancia e o comprimento da fibra. Al\u00e9m disso, houve redu\u00e7\u00e3o na propor\u00e7\u00e3o de amostras fora do padr\u00e3o, que ca\u00edram de 12% na safra 2010\/2011 para apenas 0,4% em 2018\/2019\u201d.<\/p>\n\n\n\n<p>Os impactos da reforma tribut\u00e1ria para as ind\u00fastrias t\u00eaxteis mineiras e no benef\u00edcio fiscal do Proalminas foram abordados pela Secret\u00e1ria-Adjunta da Secretaria de Fazenda do Estado (SEF) e a Gerente Tribut\u00e1ria da Fiemg, Rita Bacchieri.<\/p>\n\n\n\n<p>Em tempos de mudan\u00e7as nas rela\u00e7\u00f5es comerciais externas, outro tema discutido foi o mercado da exporta\u00e7\u00e3o de algod\u00e3o brasileiro e o impacto das mudan\u00e7as causadas pelas rela\u00e7\u00f5es comerciais com os EUA foi tema da apresenta\u00e7\u00e3o do presidente da Associa\u00e7\u00e3o Nacional dos Exportadores de Algod\u00e3o, Dawid Wajs.<\/p>\n\n\n\n<p>A atua\u00e7\u00e3o do \u201cSou de Algod\u00e3o\u201d, movimento que surgiu em 2016 no S\u00e3o Paulo Fashion Week com o objetivo de valorizar e estimular o uso da fibra natural e nacional, foi tema da palestra do diretor-executivo da Associa\u00e7\u00e3o Brasileira dos Produtores de Algod\u00e3o (Abrapa), M\u00e1rcio Portocarero.<\/p>\n\n\n\n<p><em>Com colabora\u00e7\u00e3o da Seapa<\/em><br><strong>Imprensa FIEMG<\/strong><\/p>\n\n\n\n<p><\/p>\n","protected":false},"featured_media":4313,"template":"","categories":[15],"tags":[1204,1205,456],"class_list":["post-4312","noticias","type-noticias","status-publish","has-post-thumbnail","hentry","category-desenvolvimento-industrial","tag-algodao","tag-industria-algodao","tag-proalminas"],"acf":[],"yoast_head":"<!-- This site is optimized with the Yoast SEO plugin v26.2 - https:\/\/yoast.com\/wordpress\/plugins\/seo\/ -->\n<title>Proalminas fortalece a cadeia produtiva do algod\u00e3o no estado - Associativismo<\/title>\n<meta name=\"robots\" content=\"index, follow, max-snippet:-1, max-image-preview:large, max-video-preview:-1\" \/>\n<link rel=\"canonical\" href=\"https:\/\/www.fiemg.com.br\/associativismo\/noticias\/proalminas-fortalece-a-cadeia-produtiva-do-algodao-no-estado\/\" \/>\n<meta property=\"og:locale\" content=\"pt_BR\" \/>\n<meta property=\"og:type\" content=\"article\" \/>\n<meta property=\"og:title\" content=\"Proalminas fortalece a cadeia produtiva do algod\u00e3o no estado - Associativismo\" \/>\n<meta property=\"og:description\" content=\"Em evento na FIEMG, nesta quinta-feira (6\/11), o Governo de Minas, por meio da Secretaria de Estado de Agricultura, Pecu\u00e1ria e Abastecimento (Seapa), reconheceu a contribui\u00e7\u00e3o de 34 ind\u00fastrias para o fortalecimento da cotonicultura mineira com a entrega de certificados de participa\u00e7\u00e3o no Programa Mineiro de Incentivo \u00e0 Cultura do Algod\u00e3o (Proalminas), executado em parceria [&hellip;]\" \/>\n<meta property=\"og:url\" content=\"https:\/\/www.fiemg.com.br\/associativismo\/noticias\/proalminas-fortalece-a-cadeia-produtiva-do-algodao-no-estado\/\" \/>\n<meta property=\"og:site_name\" content=\"Associativismo\" \/>\n<meta property=\"article:modified_time\" content=\"2025-11-07T17:42:26+00:00\" \/>\n<meta property=\"og:image\" content=\"https:\/\/www.fiemg.com.br\/associativismo\/wp-content\/uploads\/sites\/29\/2023\/08\/default.png\" \/>\n\t<meta property=\"og:image:width\" content=\"300\" \/>\n\t<meta property=\"og:image:height\" content=\"300\" \/>\n\t<meta property=\"og:image:type\" content=\"image\/png\" \/>\n<meta name=\"twitter:card\" content=\"summary_large_image\" \/>\n<meta name=\"twitter:label1\" content=\"Est. tempo de leitura\" \/>\n\t<meta name=\"twitter:data1\" content=\"4 minutos\" \/>\n<script type=\"application\/ld+json\" class=\"yoast-schema-graph\">{\"@context\":\"https:\/\/schema.org\",\"@graph\":[{\"@type\":\"WebPage\",\"@id\":\"https:\/\/www.fiemg.com.br\/associativismo\/noticias\/proalminas-fortalece-a-cadeia-produtiva-do-algodao-no-estado\/\",\"url\":\"https:\/\/www.fiemg.com.br\/associativismo\/noticias\/proalminas-fortalece-a-cadeia-produtiva-do-algodao-no-estado\/\",\"name\":\"Proalminas fortalece a cadeia produtiva do algod\u00e3o no estado - Associativismo\",\"isPartOf\":{\"@id\":\"https:\/\/www.fiemg.com.br\/associativismo\/#website\"},\"primaryImageOfPage\":{\"@id\":\"https:\/\/www.fiemg.com.br\/associativismo\/noticias\/proalminas-fortalece-a-cadeia-produtiva-do-algodao-no-estado\/#primaryimage\"},\"image\":{\"@id\":\"https:\/\/www.fiemg.com.br\/associativismo\/noticias\/proalminas-fortalece-a-cadeia-produtiva-do-algodao-no-estado\/#primaryimage\"},\"thumbnailUrl\":\"https:\/\/www.fiemg.com.br\/associativismo\/wp-content\/uploads\/sites\/29\/2025\/11\/sift-proalminas-seapa-fiemg-algodao.jpg\",\"datePublished\":\"2025-11-07T17:10:50+00:00\",\"dateModified\":\"2025-11-07T17:42:26+00:00\",\"breadcrumb\":{\"@id\":\"https:\/\/www.fiemg.com.br\/associativismo\/noticias\/proalminas-fortalece-a-cadeia-produtiva-do-algodao-no-estado\/#breadcrumb\"},\"inLanguage\":\"pt-BR\",\"potentialAction\":[{\"@type\":\"ReadAction\",\"target\":[\"https:\/\/www.fiemg.com.br\/associativismo\/noticias\/proalminas-fortalece-a-cadeia-produtiva-do-algodao-no-estado\/\"]}]},{\"@type\":\"ImageObject\",\"inLanguage\":\"pt-BR\",\"@id\":\"https:\/\/www.fiemg.com.br\/associativismo\/noticias\/proalminas-fortalece-a-cadeia-produtiva-do-algodao-no-estado\/#primaryimage\",\"url\":\"https:\/\/www.fiemg.com.br\/associativismo\/wp-content\/uploads\/sites\/29\/2025\/11\/sift-proalminas-seapa-fiemg-algodao.jpg\",\"contentUrl\":\"https:\/\/www.fiemg.com.br\/associativismo\/wp-content\/uploads\/sites\/29\/2025\/11\/sift-proalminas-seapa-fiemg-algodao.jpg\",\"width\":512,\"height\":512},{\"@type\":\"BreadcrumbList\",\"@id\":\"https:\/\/www.fiemg.com.br\/associativismo\/noticias\/proalminas-fortalece-a-cadeia-produtiva-do-algodao-no-estado\/#breadcrumb\",\"itemListElement\":[{\"@type\":\"ListItem\",\"position\":1,\"name\":\"In\u00edcio\",\"item\":\"https:\/\/www.fiemg.com.br\/associativismo\/\"},{\"@type\":\"ListItem\",\"position\":2,\"name\":\"Proalminas fortalece a cadeia produtiva do algod\u00e3o no estado\"}]},{\"@type\":\"WebSite\",\"@id\":\"https:\/\/www.fiemg.com.br\/associativismo\/#website\",\"url\":\"https:\/\/www.fiemg.com.br\/associativismo\/\",\"name\":\"Associativismo\",\"description\":\"Federa\u00e7\u00e3o das Ind\u00fastrias do Estado de Minas Gerais\",\"publisher\":{\"@id\":\"https:\/\/www.fiemg.com.br\/associativismo\/#organization\"},\"potentialAction\":[{\"@type\":\"SearchAction\",\"target\":{\"@type\":\"EntryPoint\",\"urlTemplate\":\"https:\/\/www.fiemg.com.br\/associativismo\/?s={search_term_string}\"},\"query-input\":{\"@type\":\"PropertyValueSpecification\",\"valueRequired\":true,\"valueName\":\"search_term_string\"}}],\"inLanguage\":\"pt-BR\"},{\"@type\":\"Organization\",\"@id\":\"https:\/\/www.fiemg.com.br\/associativismo\/#organization\",\"name\":\"Associativismo\",\"url\":\"https:\/\/www.fiemg.com.br\/associativismo\/\",\"logo\":{\"@type\":\"ImageObject\",\"inLanguage\":\"pt-BR\",\"@id\":\"https:\/\/www.fiemg.com.br\/associativismo\/#\/schema\/logo\/image\/\",\"url\":\"https:\/\/www.fiemg.com.br\/associativismo\/wp-content\/uploads\/sites\/29\/2023\/02\/fiemg_branco.svg\",\"contentUrl\":\"https:\/\/www.fiemg.com.br\/associativismo\/wp-content\/uploads\/sites\/29\/2023\/02\/fiemg_branco.svg\",\"width\":561,\"height\":147,\"caption\":\"Associativismo\"},\"image\":{\"@id\":\"https:\/\/www.fiemg.com.br\/associativismo\/#\/schema\/logo\/image\/\"}}]}<\/script>\n<!-- \/ Yoast SEO plugin. -->","yoast_head_json":{"title":"Proalminas fortalece a cadeia produtiva do algod\u00e3o no estado - Associativismo","robots":{"index":"index","follow":"follow","max-snippet":"max-snippet:-1","max-image-preview":"max-image-preview:large","max-video-preview":"max-video-preview:-1"},"canonical":"https:\/\/www.fiemg.com.br\/associativismo\/noticias\/proalminas-fortalece-a-cadeia-produtiva-do-algodao-no-estado\/","og_locale":"pt_BR","og_type":"article","og_title":"Proalminas fortalece a cadeia produtiva do algod\u00e3o no estado - Associativismo","og_description":"Em evento na FIEMG, nesta quinta-feira (6\/11), o Governo de Minas, por meio da Secretaria de Estado de Agricultura, Pecu\u00e1ria e Abastecimento (Seapa), reconheceu a contribui\u00e7\u00e3o de 34 ind\u00fastrias para o fortalecimento da cotonicultura mineira com a entrega de certificados de participa\u00e7\u00e3o no Programa Mineiro de Incentivo \u00e0 Cultura do Algod\u00e3o (Proalminas), executado em parceria [&hellip;]","og_url":"https:\/\/www.fiemg.com.br\/associativismo\/noticias\/proalminas-fortalece-a-cadeia-produtiva-do-algodao-no-estado\/","og_site_name":"Associativismo","article_modified_time":"2025-11-07T17:42:26+00:00","og_image":[{"width":300,"height":300,"url":"https:\/\/www.fiemg.com.br\/associativismo\/wp-content\/uploads\/sites\/29\/2023\/08\/default.png","type":"image\/png"}],"twitter_card":"summary_large_image","twitter_misc":{"Est. tempo de leitura":"4 minutos"},"schema":{"@context":"https:\/\/schema.org","@graph":[{"@type":"WebPage","@id":"https:\/\/www.fiemg.com.br\/associativismo\/noticias\/proalminas-fortalece-a-cadeia-produtiva-do-algodao-no-estado\/","url":"https:\/\/www.fiemg.com.br\/associativismo\/noticias\/proalminas-fortalece-a-cadeia-produtiva-do-algodao-no-estado\/","name":"Proalminas fortalece a cadeia produtiva do algod\u00e3o no estado - Associativismo","isPartOf":{"@id":"https:\/\/www.fiemg.com.br\/associativismo\/#website"},"primaryImageOfPage":{"@id":"https:\/\/www.fiemg.com.br\/associativismo\/noticias\/proalminas-fortalece-a-cadeia-produtiva-do-algodao-no-estado\/#primaryimage"},"image":{"@id":"https:\/\/www.fiemg.com.br\/associativismo\/noticias\/proalminas-fortalece-a-cadeia-produtiva-do-algodao-no-estado\/#primaryimage"},"thumbnailUrl":"https:\/\/www.fiemg.com.br\/associativismo\/wp-content\/uploads\/sites\/29\/2025\/11\/sift-proalminas-seapa-fiemg-algodao.jpg","datePublished":"2025-11-07T17:10:50+00:00","dateModified":"2025-11-07T17:42:26+00:00","breadcrumb":{"@id":"https:\/\/www.fiemg.com.br\/associativismo\/noticias\/proalminas-fortalece-a-cadeia-produtiva-do-algodao-no-estado\/#breadcrumb"},"inLanguage":"pt-BR","potentialAction":[{"@type":"ReadAction","target":["https:\/\/www.fiemg.com.br\/associativismo\/noticias\/proalminas-fortalece-a-cadeia-produtiva-do-algodao-no-estado\/"]}]},{"@type":"ImageObject","inLanguage":"pt-BR","@id":"https:\/\/www.fiemg.com.br\/associativismo\/noticias\/proalminas-fortalece-a-cadeia-produtiva-do-algodao-no-estado\/#primaryimage","url":"https:\/\/www.fiemg.com.br\/associativismo\/wp-content\/uploads\/sites\/29\/2025\/11\/sift-proalminas-seapa-fiemg-algodao.jpg","contentUrl":"https:\/\/www.fiemg.com.br\/associativismo\/wp-content\/uploads\/sites\/29\/2025\/11\/sift-proalminas-seapa-fiemg-algodao.jpg","width":512,"height":512},{"@type":"BreadcrumbList","@id":"https:\/\/www.fiemg.com.br\/associativismo\/noticias\/proalminas-fortalece-a-cadeia-produtiva-do-algodao-no-estado\/#breadcrumb","itemListElement":[{"@type":"ListItem","position":1,"name":"In\u00edcio","item":"https:\/\/www.fiemg.com.br\/associativismo\/"},{"@type":"ListItem","position":2,"name":"Proalminas fortalece a cadeia produtiva do algod\u00e3o no estado"}]},{"@type":"WebSite","@id":"https:\/\/www.fiemg.com.br\/associativismo\/#website","url":"https:\/\/www.fiemg.com.br\/associativismo\/","name":"Associativismo","description":"Federa\u00e7\u00e3o das Ind\u00fastrias do Estado de Minas Gerais","publisher":{"@id":"https:\/\/www.fiemg.com.br\/associativismo\/#organization"},"potentialAction":[{"@type":"SearchAction","target":{"@type":"EntryPoint","urlTemplate":"https:\/\/www.fiemg.com.br\/associativismo\/?s={search_term_string}"},"query-input":{"@type":"PropertyValueSpecification","valueRequired":true,"valueName":"search_term_string"}}],"inLanguage":"pt-BR"},{"@type":"Organization","@id":"https:\/\/www.fiemg.com.br\/associativismo\/#organization","name":"Associativismo","url":"https:\/\/www.fiemg.com.br\/associativismo\/","logo":{"@type":"ImageObject","inLanguage":"pt-BR","@id":"https:\/\/www.fiemg.com.br\/associativismo\/#\/schema\/logo\/image\/","url":"https:\/\/www.fiemg.com.br\/associativismo\/wp-content\/uploads\/sites\/29\/2023\/02\/fiemg_branco.svg","contentUrl":"https:\/\/www.fiemg.com.br\/associativismo\/wp-content\/uploads\/sites\/29\/2023\/02\/fiemg_branco.svg","width":561,"height":147,"caption":"Associativismo"},"image":{"@id":"https:\/\/www.fiemg.com.br\/associativismo\/#\/schema\/logo\/image\/"}}]}},"_links":{"self":[{"href":"https:\/\/www.fiemg.com.br\/associativismo\/wp-json\/wp\/v2\/noticias\/4312","targetHints":{"allow":["GET"]}}],"collection":[{"href":"https:\/\/www.fiemg.com.br\/associativismo\/wp-json\/wp\/v2\/noticias"}],"about":[{"href":"https:\/\/www.fiemg.com.br\/associativismo\/wp-json\/wp\/v2\/types\/noticias"}],"wp:featuredmedia":[{"embeddable":true,"href":"https:\/\/www.fiemg.com.br\/associativismo\/wp-json\/wp\/v2\/media\/4313"}],"wp:attachment":[{"href":"https:\/\/www.fiemg.com.br\/associativismo\/wp-json\/wp\/v2\/media?parent=4312"}],"wp:term":[{"taxonomy":"category","embeddable":true,"href":"https:\/\/www.fiemg.com.br\/associativismo\/wp-json\/wp\/v2\/categories?post=4312"},{"taxonomy":"post_tag","embeddable":true,"href":"https:\/\/www.fiemg.com.br\/associativismo\/wp-json\/wp\/v2\/tags?post=4312"}],"curies":[{"name":"wp","href":"https:\/\/api.w.org\/{rel}","templated":true}]}}