{"id":4410,"date":"2025-12-03T10:16:00","date_gmt":"2025-12-03T13:16:00","guid":{"rendered":"https:\/\/www.fiemg.com.br\/associativismo\/noticias\/capacitacao-reuniu-profissionais-do-setor-no-sesi-granbery-para-dois-dias-de-imersao-em-ferramentas-praticas-inovacao-e-produtividade\/"},"modified":"2025-12-03T11:40:51","modified_gmt":"2025-12-03T14:40:51","slug":"capacitacao-reuniu-profissionais-do-setor-no-sesi-granbery-para-dois-dias-de-imersao-em-ferramentas-praticas-inovacao-e-produtividade","status":"publish","type":"noticias","link":"https:\/\/www.fiemg.com.br\/associativismo\/noticias\/capacitacao-reuniu-profissionais-do-setor-no-sesi-granbery-para-dois-dias-de-imersao-em-ferramentas-praticas-inovacao-e-produtividade\/","title":{"rendered":"Sinduscon-JF promove curso de Intelig\u00eancia Artificial aplicada \u00e0 Constru\u00e7\u00e3o Civil em parceria com o FIEMG Competitiva\u00a0"},"content":{"rendered":"\n<p><\/p>\n\n\n\n<p>O Sindicato da Ind\u00fastria da Constru\u00e7\u00e3o Civil de Juiz de Fora (Sinduscon-JF), em parceria com o Programa FIEMG Competitiva, realizou nos dias 26 e 27 de novembro, na Escola SESI Granbery, o curso \u201cIA na Constru\u00e7\u00e3o Civil\u201d, uma capacita\u00e7\u00e3o in\u00e9dita na regi\u00e3o voltada a engenheiros, arquitetos, gestores, estudantes e profissionais interessados em aplicar a Intelig\u00eancia Artificial \u00e0s rotinas de obras, gest\u00e3o e processos t\u00e9cnicos.<\/p>\n\n\n\n<p>A forma\u00e7\u00e3o apresentou, de maneira pr\u00e1tica e aplicada, como a IA j\u00e1 est\u00e1 transformando o setor e como pode ser utilizada para elevar produtividade, reduzir custos, minimizar erros operacionais e ampliar a efici\u00eancia na tomada de decis\u00f5es. O curso foi estruturado em tr\u00eas m\u00f3dulos principais: Fundamentos de IA aplicada \u00e0 Constru\u00e7\u00e3o Civil, Aplica\u00e7\u00f5es Administrativas e Aplica\u00e7\u00f5es em Processos Construtivos, contemplando desde conceitos introdut\u00f3rios at\u00e9 t\u00e9cnicas avan\u00e7adas de automa\u00e7\u00e3o, an\u00e1lise de dados, monitoramento de obras e uso de prompts inteligentes.<\/p>\n\n\n\n<p>O treinamento foi conduzido por Tiziano Peres, especialista em Intelig\u00eancia Artificial e Desenvolvimento de Sistemas, consultor s\u00eanior com mais de 20 anos de experi\u00eancia em Rob\u00f3tica, Business Intelligence, Big Data e Analytics. Durante os dois dias de atividades, Tiziano apresentou ferramentas, m\u00e9todos e exemplos pr\u00e1ticos que demonstraram como as empresas podem utilizar tecnologia para aprimorar planejamentos, otimizar equipes, automatizar tarefas repetitivas e criar solu\u00e7\u00f5es que elevam padr\u00f5es de qualidade e competitividade.<\/p>\n\n\n\n<p>A capacita\u00e7\u00e3o contou ainda com a consultoria t\u00e9cnica e acad\u00eamica da SIAS, empresa parceira da FIEMG no \u00e2mbito do Programa FIEMG Competitiva, sob a coordena\u00e7\u00e3o da professora Jacqueline Rezende, especialista em gest\u00e3o estrat\u00e9gica, transforma\u00e7\u00e3o digital, inova\u00e7\u00e3o e intelig\u00eancia artificial na constru\u00e7\u00e3o pesada, respons\u00e1vel pela curadoria metodol\u00f3gica e pelo alinhamento dos conte\u00fados \u00e0s demandas reais das ind\u00fastrias mineiras.<\/p>\n\n\n\n<p>\u201cEstamos diante de um ponto de inflex\u00e3o para o setor produtivo. A capacidade de adapta\u00e7\u00e3o \u00e0s novas tecnologias deixou de ser diferencial competitivo e passou a ser crit\u00e9rio de sobreviv\u00eancia empresarial. As organiza\u00e7\u00f5es que compreenderem o potencial da Intelig\u00eancia Artificial para redesenhar processos, aprimorar governan\u00e7a e acelerar a entrega de valor estar\u00e3o mais preparadas para competir em um mercado cada vez mais orientado a dados, efici\u00eancia e inova\u00e7\u00e3o cont\u00ednua\u201d, afirma Jacqueline.<\/p>\n\n\n\n<p>Os participantes tiveram acesso a materiais completos, incluindo apresenta\u00e7\u00f5es, orienta\u00e7\u00f5es t\u00e9cnicas e ferramentas recomendadas e vivenciaram exerc\u00edcios pr\u00e1ticos com foco em an\u00e1lise de dados, cria\u00e7\u00e3o de dashboards e constru\u00e7\u00e3o de fluxos inteligentes aplic\u00e1veis ao dia a dia das empresas.<\/p>\n\n\n\n<p>Acompanharam o evento o analista da Ger\u00eancia de Projetos para a Ind\u00fastria do IEL\/FIEMG, Carlos Magno Cardoso da Silva, e a coordenadora Glauci Fuz\u00e1rio. Para o presidente do Sinduscon-JF, Carlos Eduardo Manera, o curso refor\u00e7a a miss\u00e3o do sindicato em preparar o setor para um novo ciclo tecnol\u00f3gico. \u201cA Intelig\u00eancia Artificial j\u00e1 deixou de ser tend\u00eancia e passou a ser instrumento estrat\u00e9gico. Nosso objetivo \u00e9 trazer para as empresas conhecimento aplic\u00e1vel, que gere efici\u00eancia, reduza retrabalho e fortale\u00e7a a competitividade. Essa capacita\u00e7\u00e3o integra um movimento maior de moderniza\u00e7\u00e3o e profissionaliza\u00e7\u00e3o conduzido pelo Sinduscon-JF em parceria com a FIEMG Competitiva\u201d, destacou.<\/p>\n\n\n\n<p>A imers\u00e3o reuniu cerca de 20 participantes, entre empres\u00e1rios e profissionais das \u00e1reas t\u00e9cnica, administrativa e comercial, que puderam compreender como a IA est\u00e1 redesenhando fluxos de trabalho e abrindo novas possibilidades de inova\u00e7\u00e3o no canteiro de obras e no ambiente corporativo.<\/p>\n\n\n\n<p>Com a conclus\u00e3o do curso, o Sinduscon-JF refor\u00e7a seu compromisso com o desenvolvimento cont\u00ednuo das ind\u00fastrias da regi\u00e3o e anuncia que novas trilhas de capacita\u00e7\u00e3o tecnol\u00f3gica j\u00e1 est\u00e3o sendo estruturadas para 2026, em parceria com o IEL\/FIEMG, o Programa FIEMG Competitiva e a consultoria SIAS, fortalecendo ainda mais a agenda de inova\u00e7\u00e3o, produtividade e competitividade setorial.<\/p>\n\n\n\n<p><\/p>\n\n\n\n<p><em>Graciele Vianna\u00a0<\/em><br><strong>Imprensa FIEMG<\/strong><\/p>\n","protected":false},"featured_media":4411,"template":"","categories":[15],"tags":[1226,1227],"class_list":["post-4410","noticias","type-noticias","status-publish","has-post-thumbnail","hentry","category-desenvolvimento-industrial","tag-juiz-de-gfora","tag-sinduscin"],"acf":[],"yoast_head":"<!-- This site is optimized with the Yoast SEO plugin v26.2 - https:\/\/yoast.com\/wordpress\/plugins\/seo\/ -->\n<title>Sinduscon-JF promove curso de Intelig\u00eancia Artificial aplicada \u00e0 Constru\u00e7\u00e3o Civil em parceria com o FIEMG Competitiva\u00a0 - Associativismo<\/title>\n<meta name=\"description\" content=\"Capacita\u00e7\u00e3o reuniu profissionais do setor, no SESI Granbery, para dois dias de imers\u00e3o em ferramentas pr\u00e1ticas, inova\u00e7\u00e3o e produtividade\" \/>\n<meta name=\"robots\" content=\"index, follow, max-snippet:-1, max-image-preview:large, max-video-preview:-1\" \/>\n<link rel=\"canonical\" href=\"https:\/\/www.fiemg.com.br\/associativismo\/noticias\/capacitacao-reuniu-profissionais-do-setor-no-sesi-granbery-para-dois-dias-de-imersao-em-ferramentas-praticas-inovacao-e-produtividade\/\" \/>\n<meta property=\"og:locale\" content=\"pt_BR\" \/>\n<meta property=\"og:type\" content=\"article\" \/>\n<meta property=\"og:title\" content=\"Sinduscon-JF promove curso de Intelig\u00eancia Artificial aplicada \u00e0 Constru\u00e7\u00e3o Civil em parceria com o FIEMG Competitiva\u00a0 - Associativismo\" \/>\n<meta property=\"og:description\" content=\"Capacita\u00e7\u00e3o reuniu profissionais do setor, no SESI Granbery, para dois dias de imers\u00e3o em ferramentas pr\u00e1ticas, inova\u00e7\u00e3o e produtividade\" \/>\n<meta property=\"og:url\" content=\"https:\/\/www.fiemg.com.br\/associativismo\/noticias\/capacitacao-reuniu-profissionais-do-setor-no-sesi-granbery-para-dois-dias-de-imersao-em-ferramentas-praticas-inovacao-e-produtividade\/\" \/>\n<meta property=\"og:site_name\" content=\"Associativismo\" \/>\n<meta property=\"article:modified_time\" content=\"2025-12-03T14:40:51+00:00\" \/>\n<meta property=\"og:image\" content=\"https:\/\/www.fiemg.com.br\/associativismo\/wp-content\/uploads\/sites\/29\/2025\/12\/sinduscon-JF-2.png\" \/>\n\t<meta property=\"og:image:width\" content=\"1600\" \/>\n\t<meta property=\"og:image:height\" content=\"1600\" \/>\n\t<meta property=\"og:image:type\" content=\"image\/png\" \/>\n<meta name=\"twitter:card\" content=\"summary_large_image\" \/>\n<meta name=\"twitter:label1\" content=\"Est. tempo de leitura\" \/>\n\t<meta name=\"twitter:data1\" content=\"4 minutos\" \/>\n<script type=\"application\/ld+json\" class=\"yoast-schema-graph\">{\"@context\":\"https:\/\/schema.org\",\"@graph\":[{\"@type\":\"WebPage\",\"@id\":\"https:\/\/www.fiemg.com.br\/associativismo\/noticias\/capacitacao-reuniu-profissionais-do-setor-no-sesi-granbery-para-dois-dias-de-imersao-em-ferramentas-praticas-inovacao-e-produtividade\/\",\"url\":\"https:\/\/www.fiemg.com.br\/associativismo\/noticias\/capacitacao-reuniu-profissionais-do-setor-no-sesi-granbery-para-dois-dias-de-imersao-em-ferramentas-praticas-inovacao-e-produtividade\/\",\"name\":\"Sinduscon-JF promove curso de Intelig\u00eancia Artificial aplicada \u00e0 Constru\u00e7\u00e3o Civil em parceria com o FIEMG Competitiva\u00a0 - Associativismo\",\"isPartOf\":{\"@id\":\"https:\/\/www.fiemg.com.br\/associativismo\/#website\"},\"primaryImageOfPage\":{\"@id\":\"https:\/\/www.fiemg.com.br\/associativismo\/noticias\/capacitacao-reuniu-profissionais-do-setor-no-sesi-granbery-para-dois-dias-de-imersao-em-ferramentas-praticas-inovacao-e-produtividade\/#primaryimage\"},\"image\":{\"@id\":\"https:\/\/www.fiemg.com.br\/associativismo\/noticias\/capacitacao-reuniu-profissionais-do-setor-no-sesi-granbery-para-dois-dias-de-imersao-em-ferramentas-praticas-inovacao-e-produtividade\/#primaryimage\"},\"thumbnailUrl\":\"https:\/\/www.fiemg.com.br\/associativismo\/wp-content\/uploads\/sites\/29\/2025\/12\/sinduscon-JF-2.png\",\"datePublished\":\"2025-12-03T13:16:00+00:00\",\"dateModified\":\"2025-12-03T14:40:51+00:00\",\"description\":\"Capacita\u00e7\u00e3o reuniu profissionais do setor, no SESI Granbery, para dois dias de imers\u00e3o em ferramentas pr\u00e1ticas, inova\u00e7\u00e3o e produtividade\",\"breadcrumb\":{\"@id\":\"https:\/\/www.fiemg.com.br\/associativismo\/noticias\/capacitacao-reuniu-profissionais-do-setor-no-sesi-granbery-para-dois-dias-de-imersao-em-ferramentas-praticas-inovacao-e-produtividade\/#breadcrumb\"},\"inLanguage\":\"pt-BR\",\"potentialAction\":[{\"@type\":\"ReadAction\",\"target\":[\"https:\/\/www.fiemg.com.br\/associativismo\/noticias\/capacitacao-reuniu-profissionais-do-setor-no-sesi-granbery-para-dois-dias-de-imersao-em-ferramentas-praticas-inovacao-e-produtividade\/\"]}]},{\"@type\":\"ImageObject\",\"inLanguage\":\"pt-BR\",\"@id\":\"https:\/\/www.fiemg.com.br\/associativismo\/noticias\/capacitacao-reuniu-profissionais-do-setor-no-sesi-granbery-para-dois-dias-de-imersao-em-ferramentas-praticas-inovacao-e-produtividade\/#primaryimage\",\"url\":\"https:\/\/www.fiemg.com.br\/associativismo\/wp-content\/uploads\/sites\/29\/2025\/12\/sinduscon-JF-2.png\",\"contentUrl\":\"https:\/\/www.fiemg.com.br\/associativismo\/wp-content\/uploads\/sites\/29\/2025\/12\/sinduscon-JF-2.png\",\"width\":1600,\"height\":1600},{\"@type\":\"BreadcrumbList\",\"@id\":\"https:\/\/www.fiemg.com.br\/associativismo\/noticias\/capacitacao-reuniu-profissionais-do-setor-no-sesi-granbery-para-dois-dias-de-imersao-em-ferramentas-praticas-inovacao-e-produtividade\/#breadcrumb\",\"itemListElement\":[{\"@type\":\"ListItem\",\"position\":1,\"name\":\"In\u00edcio\",\"item\":\"https:\/\/www.fiemg.com.br\/associativismo\/\"},{\"@type\":\"ListItem\",\"position\":2,\"name\":\"Sinduscon-JF promove curso de Intelig\u00eancia Artificial aplicada \u00e0 Constru\u00e7\u00e3o Civil em parceria com o FIEMG Competitiva\u00a0\"}]},{\"@type\":\"WebSite\",\"@id\":\"https:\/\/www.fiemg.com.br\/associativismo\/#website\",\"url\":\"https:\/\/www.fiemg.com.br\/associativismo\/\",\"name\":\"Associativismo\",\"description\":\"Federa\u00e7\u00e3o das Ind\u00fastrias do Estado de Minas Gerais\",\"publisher\":{\"@id\":\"https:\/\/www.fiemg.com.br\/associativismo\/#organization\"},\"potentialAction\":[{\"@type\":\"SearchAction\",\"target\":{\"@type\":\"EntryPoint\",\"urlTemplate\":\"https:\/\/www.fiemg.com.br\/associativismo\/?s={search_term_string}\"},\"query-input\":{\"@type\":\"PropertyValueSpecification\",\"valueRequired\":true,\"valueName\":\"search_term_string\"}}],\"inLanguage\":\"pt-BR\"},{\"@type\":\"Organization\",\"@id\":\"https:\/\/www.fiemg.com.br\/associativismo\/#organization\",\"name\":\"Associativismo\",\"url\":\"https:\/\/www.fiemg.com.br\/associativismo\/\",\"logo\":{\"@type\":\"ImageObject\",\"inLanguage\":\"pt-BR\",\"@id\":\"https:\/\/www.fiemg.com.br\/associativismo\/#\/schema\/logo\/image\/\",\"url\":\"https:\/\/www.fiemg.com.br\/associativismo\/wp-content\/uploads\/sites\/29\/2023\/02\/fiemg_branco.svg\",\"contentUrl\":\"https:\/\/www.fiemg.com.br\/associativismo\/wp-content\/uploads\/sites\/29\/2023\/02\/fiemg_branco.svg\",\"width\":561,\"height\":147,\"caption\":\"Associativismo\"},\"image\":{\"@id\":\"https:\/\/www.fiemg.com.br\/associativismo\/#\/schema\/logo\/image\/\"}}]}<\/script>\n<!-- \/ Yoast SEO plugin. -->","yoast_head_json":{"title":"Sinduscon-JF promove curso de Intelig\u00eancia Artificial aplicada \u00e0 Constru\u00e7\u00e3o Civil em parceria com o FIEMG Competitiva\u00a0 - Associativismo","description":"Capacita\u00e7\u00e3o reuniu profissionais do setor, no SESI Granbery, para dois dias de imers\u00e3o em ferramentas pr\u00e1ticas, inova\u00e7\u00e3o e produtividade","robots":{"index":"index","follow":"follow","max-snippet":"max-snippet:-1","max-image-preview":"max-image-preview:large","max-video-preview":"max-video-preview:-1"},"canonical":"https:\/\/www.fiemg.com.br\/associativismo\/noticias\/capacitacao-reuniu-profissionais-do-setor-no-sesi-granbery-para-dois-dias-de-imersao-em-ferramentas-praticas-inovacao-e-produtividade\/","og_locale":"pt_BR","og_type":"article","og_title":"Sinduscon-JF promove curso de Intelig\u00eancia Artificial aplicada \u00e0 Constru\u00e7\u00e3o Civil em parceria com o FIEMG Competitiva\u00a0 - Associativismo","og_description":"Capacita\u00e7\u00e3o reuniu profissionais do setor, no SESI Granbery, para dois dias de imers\u00e3o em ferramentas pr\u00e1ticas, inova\u00e7\u00e3o e produtividade","og_url":"https:\/\/www.fiemg.com.br\/associativismo\/noticias\/capacitacao-reuniu-profissionais-do-setor-no-sesi-granbery-para-dois-dias-de-imersao-em-ferramentas-praticas-inovacao-e-produtividade\/","og_site_name":"Associativismo","article_modified_time":"2025-12-03T14:40:51+00:00","og_image":[{"width":1600,"height":1600,"url":"https:\/\/www.fiemg.com.br\/associativismo\/wp-content\/uploads\/sites\/29\/2025\/12\/sinduscon-JF-2.png","type":"image\/png"}],"twitter_card":"summary_large_image","twitter_misc":{"Est. tempo de leitura":"4 minutos"},"schema":{"@context":"https:\/\/schema.org","@graph":[{"@type":"WebPage","@id":"https:\/\/www.fiemg.com.br\/associativismo\/noticias\/capacitacao-reuniu-profissionais-do-setor-no-sesi-granbery-para-dois-dias-de-imersao-em-ferramentas-praticas-inovacao-e-produtividade\/","url":"https:\/\/www.fiemg.com.br\/associativismo\/noticias\/capacitacao-reuniu-profissionais-do-setor-no-sesi-granbery-para-dois-dias-de-imersao-em-ferramentas-praticas-inovacao-e-produtividade\/","name":"Sinduscon-JF promove curso de Intelig\u00eancia Artificial aplicada \u00e0 Constru\u00e7\u00e3o Civil em parceria com o FIEMG Competitiva\u00a0 - Associativismo","isPartOf":{"@id":"https:\/\/www.fiemg.com.br\/associativismo\/#website"},"primaryImageOfPage":{"@id":"https:\/\/www.fiemg.com.br\/associativismo\/noticias\/capacitacao-reuniu-profissionais-do-setor-no-sesi-granbery-para-dois-dias-de-imersao-em-ferramentas-praticas-inovacao-e-produtividade\/#primaryimage"},"image":{"@id":"https:\/\/www.fiemg.com.br\/associativismo\/noticias\/capacitacao-reuniu-profissionais-do-setor-no-sesi-granbery-para-dois-dias-de-imersao-em-ferramentas-praticas-inovacao-e-produtividade\/#primaryimage"},"thumbnailUrl":"https:\/\/www.fiemg.com.br\/associativismo\/wp-content\/uploads\/sites\/29\/2025\/12\/sinduscon-JF-2.png","datePublished":"2025-12-03T13:16:00+00:00","dateModified":"2025-12-03T14:40:51+00:00","description":"Capacita\u00e7\u00e3o reuniu profissionais do setor, no SESI Granbery, para dois dias de imers\u00e3o em ferramentas pr\u00e1ticas, inova\u00e7\u00e3o e produtividade","breadcrumb":{"@id":"https:\/\/www.fiemg.com.br\/associativismo\/noticias\/capacitacao-reuniu-profissionais-do-setor-no-sesi-granbery-para-dois-dias-de-imersao-em-ferramentas-praticas-inovacao-e-produtividade\/#breadcrumb"},"inLanguage":"pt-BR","potentialAction":[{"@type":"ReadAction","target":["https:\/\/www.fiemg.com.br\/associativismo\/noticias\/capacitacao-reuniu-profissionais-do-setor-no-sesi-granbery-para-dois-dias-de-imersao-em-ferramentas-praticas-inovacao-e-produtividade\/"]}]},{"@type":"ImageObject","inLanguage":"pt-BR","@id":"https:\/\/www.fiemg.com.br\/associativismo\/noticias\/capacitacao-reuniu-profissionais-do-setor-no-sesi-granbery-para-dois-dias-de-imersao-em-ferramentas-praticas-inovacao-e-produtividade\/#primaryimage","url":"https:\/\/www.fiemg.com.br\/associativismo\/wp-content\/uploads\/sites\/29\/2025\/12\/sinduscon-JF-2.png","contentUrl":"https:\/\/www.fiemg.com.br\/associativismo\/wp-content\/uploads\/sites\/29\/2025\/12\/sinduscon-JF-2.png","width":1600,"height":1600},{"@type":"BreadcrumbList","@id":"https:\/\/www.fiemg.com.br\/associativismo\/noticias\/capacitacao-reuniu-profissionais-do-setor-no-sesi-granbery-para-dois-dias-de-imersao-em-ferramentas-praticas-inovacao-e-produtividade\/#breadcrumb","itemListElement":[{"@type":"ListItem","position":1,"name":"In\u00edcio","item":"https:\/\/www.fiemg.com.br\/associativismo\/"},{"@type":"ListItem","position":2,"name":"Sinduscon-JF promove curso de Intelig\u00eancia Artificial aplicada \u00e0 Constru\u00e7\u00e3o Civil em parceria com o FIEMG Competitiva\u00a0"}]},{"@type":"WebSite","@id":"https:\/\/www.fiemg.com.br\/associativismo\/#website","url":"https:\/\/www.fiemg.com.br\/associativismo\/","name":"Associativismo","description":"Federa\u00e7\u00e3o das Ind\u00fastrias do Estado de Minas Gerais","publisher":{"@id":"https:\/\/www.fiemg.com.br\/associativismo\/#organization"},"potentialAction":[{"@type":"SearchAction","target":{"@type":"EntryPoint","urlTemplate":"https:\/\/www.fiemg.com.br\/associativismo\/?s={search_term_string}"},"query-input":{"@type":"PropertyValueSpecification","valueRequired":true,"valueName":"search_term_string"}}],"inLanguage":"pt-BR"},{"@type":"Organization","@id":"https:\/\/www.fiemg.com.br\/associativismo\/#organization","name":"Associativismo","url":"https:\/\/www.fiemg.com.br\/associativismo\/","logo":{"@type":"ImageObject","inLanguage":"pt-BR","@id":"https:\/\/www.fiemg.com.br\/associativismo\/#\/schema\/logo\/image\/","url":"https:\/\/www.fiemg.com.br\/associativismo\/wp-content\/uploads\/sites\/29\/2023\/02\/fiemg_branco.svg","contentUrl":"https:\/\/www.fiemg.com.br\/associativismo\/wp-content\/uploads\/sites\/29\/2023\/02\/fiemg_branco.svg","width":561,"height":147,"caption":"Associativismo"},"image":{"@id":"https:\/\/www.fiemg.com.br\/associativismo\/#\/schema\/logo\/image\/"}}]}},"_links":{"self":[{"href":"https:\/\/www.fiemg.com.br\/associativismo\/wp-json\/wp\/v2\/noticias\/4410","targetHints":{"allow":["GET"]}}],"collection":[{"href":"https:\/\/www.fiemg.com.br\/associativismo\/wp-json\/wp\/v2\/noticias"}],"about":[{"href":"https:\/\/www.fiemg.com.br\/associativismo\/wp-json\/wp\/v2\/types\/noticias"}],"wp:featuredmedia":[{"embeddable":true,"href":"https:\/\/www.fiemg.com.br\/associativismo\/wp-json\/wp\/v2\/media\/4411"}],"wp:attachment":[{"href":"https:\/\/www.fiemg.com.br\/associativismo\/wp-json\/wp\/v2\/media?parent=4410"}],"wp:term":[{"taxonomy":"category","embeddable":true,"href":"https:\/\/www.fiemg.com.br\/associativismo\/wp-json\/wp\/v2\/categories?post=4410"},{"taxonomy":"post_tag","embeddable":true,"href":"https:\/\/www.fiemg.com.br\/associativismo\/wp-json\/wp\/v2\/tags?post=4410"}],"curies":[{"name":"wp","href":"https:\/\/api.w.org\/{rel}","templated":true}]}}