{"id":4535,"date":"2025-12-12T16:17:29","date_gmt":"2025-12-12T19:17:29","guid":{"rendered":"https:\/\/www.fiemg.com.br\/associativismo\/noticias\/sindimalhas-mg-reune-empresas-e-celebras-conquistas-em-2025\/"},"modified":"2025-12-12T16:18:32","modified_gmt":"2025-12-12T19:18:32","slug":"sindimalhas-mg-reune-empresas-e-celebras-conquistas-em-2025","status":"publish","type":"noticias","link":"https:\/\/www.fiemg.com.br\/associativismo\/noticias\/sindimalhas-mg-reune-empresas-e-celebras-conquistas-em-2025\/","title":{"rendered":"Sindimalhas-MG re\u00fane empresas e celebra conquistas em 2025"},"content":{"rendered":"\n<p>O Sindicato das Ind\u00fastrias de Malhas de Minas Gerais (Sindimalhas-MG) reuniu presidentes e diretores de empresas associadas, dirigentes sindicais e profissionais do setor para celebrar as conquistas da entidade em 2025. O evento foi realizado na noite dessa quinta-feira (11\/12), na sede da FIEMG, em Belo Horizonte.<\/p>\n\n\n\n<p>O Sindimalhas representa 28 ind\u00fastrias no estado que s\u00e3o respons\u00e1veis por movimentar o com\u00e9rcio, a moda e a economia criativa. O setor tem avan\u00e7ado em sustentabilidade, certifica\u00e7\u00e3o, rastreabilidade, inova\u00e7\u00e3o, design e tecnologia, conforme destacou o presidente do sindicato, Aroldo Teodoro Campos.<\/p>\n\n\n\n<p>Campos destacou que \u201cmuitas das iniciativas desenvolvidas pelo sindicato durante tiveram a parceria das \u00e1reas t\u00e9cnicas da FIEMG\u201d e que as a\u00e7\u00f5es t\u00eam como pilares competitividade e efici\u00eancia operacional, defesa do setor, intelig\u00eancia e conformidade estrat\u00e9gica.<\/p>\n\n\n\n<p>Alguns n\u00fameros do trabalho conjunto do sindicato com a Federa\u00e7\u00e3o foram apresentados pela coordenadora do Sindimalhas, Edlane Oliveira. Foram R$2,6 milh\u00f5es de economia direta gerada depois das consultorias especializadas em gest\u00e3o de energia, com 248 horas de conte\u00fado. Al\u00e9m disso, houve tamb\u00e9m projetos voltados \u00e0 sustentabilidade, intelig\u00eancia artificial, marketing digital, estudos antidumping, entre outros.<\/p>\n\n\n\n<p>O presidente da FIEMG, Fl\u00e1vio Roscoe, enfatizou a atua\u00e7\u00e3o de Aroldo Campos e da diretoria do Sindimalhas ao longo deste ano pelo crescimento sustent\u00e1vel do segmento e a parceria da entidade com a Federa\u00e7\u00e3o. \u201cUm trabalho realizado a v\u00e1rias m\u00e3os \u00e9 que faz a diferen\u00e7a\u201d, observou.<\/p>\n\n\n\n<p>Por outro lado, o Roscoe alertou que o cen\u00e1rio para a ind\u00fastria seguir\u00e1 desafiador em 2026 e, por isso, o segmento precisa continuar unido e atuante para melhorar, a cada dia, o ambiente de neg\u00f3cios.<\/p>\n\n\n\n<p><em>Clique <a href=\"https:\/\/www.flickr.com\/photos\/sistemafiemg\/albums\/72177720330880758\/with\/54979749603\/\"><strong>aqui<\/strong><\/a> e veja mais fotos<\/em><\/p>\n\n\n\n<figure class=\"wp-block-image aligncenter size-large\"><img fetchpriority=\"high\" decoding=\"async\" width=\"1024\" height=\"396\" src=\"https:\/\/www.fiemg.com.br\/associativismo\/wp-content\/uploads\/sites\/29\/2025\/12\/sindimalhas_interna_2-1024x396.jpeg\" alt=\"Confraternizac\u0327a\u0303o de final de ano do SINDIMALHAS\" class=\"wp-image-4537\" srcset=\"https:\/\/www.fiemg.com.br\/associativismo\/wp-content\/uploads\/sites\/29\/2025\/12\/sindimalhas_interna_2-1024x396.jpeg 1024w, https:\/\/www.fiemg.com.br\/associativismo\/wp-content\/uploads\/sites\/29\/2025\/12\/sindimalhas_interna_2-300x116.jpeg 300w, https:\/\/www.fiemg.com.br\/associativismo\/wp-content\/uploads\/sites\/29\/2025\/12\/sindimalhas_interna_2-768x297.jpeg 768w, https:\/\/www.fiemg.com.br\/associativismo\/wp-content\/uploads\/sites\/29\/2025\/12\/sindimalhas_interna_2.jpeg 1080w\" sizes=\"(max-width: 1024px) 100vw, 1024px\" \/><\/figure>\n\n\n\n<p><strong>Imprensa FIEMG<\/strong><\/p>\n\n\n\n<p><\/p>\n","protected":false},"featured_media":4536,"template":"","categories":[15],"tags":[1229,46,1230,190,1231],"class_list":["post-4535","noticias","type-noticias","status-publish","has-post-thumbnail","hentry","category-desenvolvimento-industrial","tag-confraternizacao","tag-fiemg","tag-setor-de-malhads","tag-sindicato","tag-sindimalhas"],"acf":[],"yoast_head":"<!-- This site is optimized with the Yoast SEO plugin v26.2 - https:\/\/yoast.com\/wordpress\/plugins\/seo\/ -->\n<title>Sindimalhas-MG re\u00fane empresas e celebra conquistas em 2025 - Associativismo<\/title>\n<meta name=\"description\" content=\"Presidentes e diretores de ind\u00fastrias associadas, dirigentes sindicais e profissionais do segmento participaram de uma confraterniza\u00e7\u00e3o na sede da FIEMG\" \/>\n<meta name=\"robots\" content=\"index, follow, max-snippet:-1, max-image-preview:large, max-video-preview:-1\" \/>\n<link rel=\"canonical\" href=\"https:\/\/www.fiemg.com.br\/associativismo\/noticias\/sindimalhas-mg-reune-empresas-e-celebras-conquistas-em-2025\/\" \/>\n<meta property=\"og:locale\" content=\"pt_BR\" \/>\n<meta property=\"og:type\" content=\"article\" \/>\n<meta property=\"og:title\" content=\"Sindimalhas-MG re\u00fane empresas e celebra conquistas em 2025 - Associativismo\" \/>\n<meta property=\"og:description\" content=\"Presidentes e diretores de ind\u00fastrias associadas, dirigentes sindicais e profissionais do segmento participaram de uma confraterniza\u00e7\u00e3o na sede da FIEMG\" \/>\n<meta property=\"og:url\" content=\"https:\/\/www.fiemg.com.br\/associativismo\/noticias\/sindimalhas-mg-reune-empresas-e-celebras-conquistas-em-2025\/\" \/>\n<meta property=\"og:site_name\" content=\"Associativismo\" \/>\n<meta property=\"article:modified_time\" content=\"2025-12-12T19:18:32+00:00\" \/>\n<meta property=\"og:image\" content=\"https:\/\/www.fiemg.com.br\/associativismo\/wp-content\/uploads\/sites\/29\/2025\/12\/sindimalhas_thumb.jpeg\" \/>\n\t<meta property=\"og:image:width\" content=\"512\" \/>\n\t<meta property=\"og:image:height\" content=\"512\" \/>\n\t<meta property=\"og:image:type\" content=\"image\/jpeg\" \/>\n<meta name=\"twitter:card\" content=\"summary_large_image\" \/>\n<meta name=\"twitter:label1\" content=\"Est. tempo de leitura\" \/>\n\t<meta name=\"twitter:data1\" content=\"2 minutos\" \/>\n<script type=\"application\/ld+json\" class=\"yoast-schema-graph\">{\"@context\":\"https:\/\/schema.org\",\"@graph\":[{\"@type\":\"WebPage\",\"@id\":\"https:\/\/www.fiemg.com.br\/associativismo\/noticias\/sindimalhas-mg-reune-empresas-e-celebras-conquistas-em-2025\/\",\"url\":\"https:\/\/www.fiemg.com.br\/associativismo\/noticias\/sindimalhas-mg-reune-empresas-e-celebras-conquistas-em-2025\/\",\"name\":\"Sindimalhas-MG re\u00fane empresas e celebra conquistas em 2025 - Associativismo\",\"isPartOf\":{\"@id\":\"https:\/\/www.fiemg.com.br\/associativismo\/#website\"},\"primaryImageOfPage\":{\"@id\":\"https:\/\/www.fiemg.com.br\/associativismo\/noticias\/sindimalhas-mg-reune-empresas-e-celebras-conquistas-em-2025\/#primaryimage\"},\"image\":{\"@id\":\"https:\/\/www.fiemg.com.br\/associativismo\/noticias\/sindimalhas-mg-reune-empresas-e-celebras-conquistas-em-2025\/#primaryimage\"},\"thumbnailUrl\":\"https:\/\/www.fiemg.com.br\/associativismo\/wp-content\/uploads\/sites\/29\/2025\/12\/sindimalhas_thumb.jpeg\",\"datePublished\":\"2025-12-12T19:17:29+00:00\",\"dateModified\":\"2025-12-12T19:18:32+00:00\",\"description\":\"Presidentes e diretores de ind\u00fastrias associadas, dirigentes sindicais e profissionais do segmento participaram de uma confraterniza\u00e7\u00e3o na sede da FIEMG\",\"breadcrumb\":{\"@id\":\"https:\/\/www.fiemg.com.br\/associativismo\/noticias\/sindimalhas-mg-reune-empresas-e-celebras-conquistas-em-2025\/#breadcrumb\"},\"inLanguage\":\"pt-BR\",\"potentialAction\":[{\"@type\":\"ReadAction\",\"target\":[\"https:\/\/www.fiemg.com.br\/associativismo\/noticias\/sindimalhas-mg-reune-empresas-e-celebras-conquistas-em-2025\/\"]}]},{\"@type\":\"ImageObject\",\"inLanguage\":\"pt-BR\",\"@id\":\"https:\/\/www.fiemg.com.br\/associativismo\/noticias\/sindimalhas-mg-reune-empresas-e-celebras-conquistas-em-2025\/#primaryimage\",\"url\":\"https:\/\/www.fiemg.com.br\/associativismo\/wp-content\/uploads\/sites\/29\/2025\/12\/sindimalhas_thumb.jpeg\",\"contentUrl\":\"https:\/\/www.fiemg.com.br\/associativismo\/wp-content\/uploads\/sites\/29\/2025\/12\/sindimalhas_thumb.jpeg\",\"width\":512,\"height\":512,\"caption\":\"Confraternizac\u0327a\u0303o de final de ano do SINDIMALHAS\"},{\"@type\":\"BreadcrumbList\",\"@id\":\"https:\/\/www.fiemg.com.br\/associativismo\/noticias\/sindimalhas-mg-reune-empresas-e-celebras-conquistas-em-2025\/#breadcrumb\",\"itemListElement\":[{\"@type\":\"ListItem\",\"position\":1,\"name\":\"In\u00edcio\",\"item\":\"https:\/\/www.fiemg.com.br\/associativismo\/\"},{\"@type\":\"ListItem\",\"position\":2,\"name\":\"Sindimalhas-MG re\u00fane empresas e celebra conquistas em 2025\"}]},{\"@type\":\"WebSite\",\"@id\":\"https:\/\/www.fiemg.com.br\/associativismo\/#website\",\"url\":\"https:\/\/www.fiemg.com.br\/associativismo\/\",\"name\":\"Associativismo\",\"description\":\"Federa\u00e7\u00e3o das Ind\u00fastrias do Estado de Minas Gerais\",\"publisher\":{\"@id\":\"https:\/\/www.fiemg.com.br\/associativismo\/#organization\"},\"potentialAction\":[{\"@type\":\"SearchAction\",\"target\":{\"@type\":\"EntryPoint\",\"urlTemplate\":\"https:\/\/www.fiemg.com.br\/associativismo\/?s={search_term_string}\"},\"query-input\":{\"@type\":\"PropertyValueSpecification\",\"valueRequired\":true,\"valueName\":\"search_term_string\"}}],\"inLanguage\":\"pt-BR\"},{\"@type\":\"Organization\",\"@id\":\"https:\/\/www.fiemg.com.br\/associativismo\/#organization\",\"name\":\"Associativismo\",\"url\":\"https:\/\/www.fiemg.com.br\/associativismo\/\",\"logo\":{\"@type\":\"ImageObject\",\"inLanguage\":\"pt-BR\",\"@id\":\"https:\/\/www.fiemg.com.br\/associativismo\/#\/schema\/logo\/image\/\",\"url\":\"https:\/\/www.fiemg.com.br\/associativismo\/wp-content\/uploads\/sites\/29\/2023\/02\/fiemg_branco.svg\",\"contentUrl\":\"https:\/\/www.fiemg.com.br\/associativismo\/wp-content\/uploads\/sites\/29\/2023\/02\/fiemg_branco.svg\",\"width\":561,\"height\":147,\"caption\":\"Associativismo\"},\"image\":{\"@id\":\"https:\/\/www.fiemg.com.br\/associativismo\/#\/schema\/logo\/image\/\"}}]}<\/script>\n<!-- \/ Yoast SEO plugin. -->","yoast_head_json":{"title":"Sindimalhas-MG re\u00fane empresas e celebra conquistas em 2025 - Associativismo","description":"Presidentes e diretores de ind\u00fastrias associadas, dirigentes sindicais e profissionais do segmento participaram de uma confraterniza\u00e7\u00e3o na sede da FIEMG","robots":{"index":"index","follow":"follow","max-snippet":"max-snippet:-1","max-image-preview":"max-image-preview:large","max-video-preview":"max-video-preview:-1"},"canonical":"https:\/\/www.fiemg.com.br\/associativismo\/noticias\/sindimalhas-mg-reune-empresas-e-celebras-conquistas-em-2025\/","og_locale":"pt_BR","og_type":"article","og_title":"Sindimalhas-MG re\u00fane empresas e celebra conquistas em 2025 - Associativismo","og_description":"Presidentes e diretores de ind\u00fastrias associadas, dirigentes sindicais e profissionais do segmento participaram de uma confraterniza\u00e7\u00e3o na sede da FIEMG","og_url":"https:\/\/www.fiemg.com.br\/associativismo\/noticias\/sindimalhas-mg-reune-empresas-e-celebras-conquistas-em-2025\/","og_site_name":"Associativismo","article_modified_time":"2025-12-12T19:18:32+00:00","og_image":[{"width":512,"height":512,"url":"https:\/\/www.fiemg.com.br\/associativismo\/wp-content\/uploads\/sites\/29\/2025\/12\/sindimalhas_thumb.jpeg","type":"image\/jpeg"}],"twitter_card":"summary_large_image","twitter_misc":{"Est. tempo de leitura":"2 minutos"},"schema":{"@context":"https:\/\/schema.org","@graph":[{"@type":"WebPage","@id":"https:\/\/www.fiemg.com.br\/associativismo\/noticias\/sindimalhas-mg-reune-empresas-e-celebras-conquistas-em-2025\/","url":"https:\/\/www.fiemg.com.br\/associativismo\/noticias\/sindimalhas-mg-reune-empresas-e-celebras-conquistas-em-2025\/","name":"Sindimalhas-MG re\u00fane empresas e celebra conquistas em 2025 - Associativismo","isPartOf":{"@id":"https:\/\/www.fiemg.com.br\/associativismo\/#website"},"primaryImageOfPage":{"@id":"https:\/\/www.fiemg.com.br\/associativismo\/noticias\/sindimalhas-mg-reune-empresas-e-celebras-conquistas-em-2025\/#primaryimage"},"image":{"@id":"https:\/\/www.fiemg.com.br\/associativismo\/noticias\/sindimalhas-mg-reune-empresas-e-celebras-conquistas-em-2025\/#primaryimage"},"thumbnailUrl":"https:\/\/www.fiemg.com.br\/associativismo\/wp-content\/uploads\/sites\/29\/2025\/12\/sindimalhas_thumb.jpeg","datePublished":"2025-12-12T19:17:29+00:00","dateModified":"2025-12-12T19:18:32+00:00","description":"Presidentes e diretores de ind\u00fastrias associadas, dirigentes sindicais e profissionais do segmento participaram de uma confraterniza\u00e7\u00e3o na sede da FIEMG","breadcrumb":{"@id":"https:\/\/www.fiemg.com.br\/associativismo\/noticias\/sindimalhas-mg-reune-empresas-e-celebras-conquistas-em-2025\/#breadcrumb"},"inLanguage":"pt-BR","potentialAction":[{"@type":"ReadAction","target":["https:\/\/www.fiemg.com.br\/associativismo\/noticias\/sindimalhas-mg-reune-empresas-e-celebras-conquistas-em-2025\/"]}]},{"@type":"ImageObject","inLanguage":"pt-BR","@id":"https:\/\/www.fiemg.com.br\/associativismo\/noticias\/sindimalhas-mg-reune-empresas-e-celebras-conquistas-em-2025\/#primaryimage","url":"https:\/\/www.fiemg.com.br\/associativismo\/wp-content\/uploads\/sites\/29\/2025\/12\/sindimalhas_thumb.jpeg","contentUrl":"https:\/\/www.fiemg.com.br\/associativismo\/wp-content\/uploads\/sites\/29\/2025\/12\/sindimalhas_thumb.jpeg","width":512,"height":512,"caption":"Confraternizac\u0327a\u0303o de final de ano do SINDIMALHAS"},{"@type":"BreadcrumbList","@id":"https:\/\/www.fiemg.com.br\/associativismo\/noticias\/sindimalhas-mg-reune-empresas-e-celebras-conquistas-em-2025\/#breadcrumb","itemListElement":[{"@type":"ListItem","position":1,"name":"In\u00edcio","item":"https:\/\/www.fiemg.com.br\/associativismo\/"},{"@type":"ListItem","position":2,"name":"Sindimalhas-MG re\u00fane empresas e celebra conquistas em 2025"}]},{"@type":"WebSite","@id":"https:\/\/www.fiemg.com.br\/associativismo\/#website","url":"https:\/\/www.fiemg.com.br\/associativismo\/","name":"Associativismo","description":"Federa\u00e7\u00e3o das Ind\u00fastrias do Estado de Minas Gerais","publisher":{"@id":"https:\/\/www.fiemg.com.br\/associativismo\/#organization"},"potentialAction":[{"@type":"SearchAction","target":{"@type":"EntryPoint","urlTemplate":"https:\/\/www.fiemg.com.br\/associativismo\/?s={search_term_string}"},"query-input":{"@type":"PropertyValueSpecification","valueRequired":true,"valueName":"search_term_string"}}],"inLanguage":"pt-BR"},{"@type":"Organization","@id":"https:\/\/www.fiemg.com.br\/associativismo\/#organization","name":"Associativismo","url":"https:\/\/www.fiemg.com.br\/associativismo\/","logo":{"@type":"ImageObject","inLanguage":"pt-BR","@id":"https:\/\/www.fiemg.com.br\/associativismo\/#\/schema\/logo\/image\/","url":"https:\/\/www.fiemg.com.br\/associativismo\/wp-content\/uploads\/sites\/29\/2023\/02\/fiemg_branco.svg","contentUrl":"https:\/\/www.fiemg.com.br\/associativismo\/wp-content\/uploads\/sites\/29\/2023\/02\/fiemg_branco.svg","width":561,"height":147,"caption":"Associativismo"},"image":{"@id":"https:\/\/www.fiemg.com.br\/associativismo\/#\/schema\/logo\/image\/"}}]}},"_links":{"self":[{"href":"https:\/\/www.fiemg.com.br\/associativismo\/wp-json\/wp\/v2\/noticias\/4535","targetHints":{"allow":["GET"]}}],"collection":[{"href":"https:\/\/www.fiemg.com.br\/associativismo\/wp-json\/wp\/v2\/noticias"}],"about":[{"href":"https:\/\/www.fiemg.com.br\/associativismo\/wp-json\/wp\/v2\/types\/noticias"}],"wp:featuredmedia":[{"embeddable":true,"href":"https:\/\/www.fiemg.com.br\/associativismo\/wp-json\/wp\/v2\/media\/4536"}],"wp:attachment":[{"href":"https:\/\/www.fiemg.com.br\/associativismo\/wp-json\/wp\/v2\/media?parent=4535"}],"wp:term":[{"taxonomy":"category","embeddable":true,"href":"https:\/\/www.fiemg.com.br\/associativismo\/wp-json\/wp\/v2\/categories?post=4535"},{"taxonomy":"post_tag","embeddable":true,"href":"https:\/\/www.fiemg.com.br\/associativismo\/wp-json\/wp\/v2\/tags?post=4535"}],"curies":[{"name":"wp","href":"https:\/\/api.w.org\/{rel}","templated":true}]}}