{"id":4539,"date":"2025-12-12T08:19:48","date_gmt":"2025-12-12T11:19:48","guid":{"rendered":"https:\/\/www.fiemg.com.br\/associativismo\/noticias\/encontro-reuniu-associados-liderancas-setoriais-e-especialistas-no-p7-criativo-em-belo-horizonte\/"},"modified":"2025-12-15T08:25:11","modified_gmt":"2025-12-15T11:25:11","slug":"encontro-reuniu-associados-liderancas-setoriais-e-especialistas-no-p7-criativo-em-belo-horizonte","status":"publish","type":"noticias","link":"https:\/\/www.fiemg.com.br\/associativismo\/noticias\/encontro-reuniu-associados-liderancas-setoriais-e-especialistas-no-p7-criativo-em-belo-horizonte\/","title":{"rendered":"Painel sobre cen\u00e1rios geopol\u00edticos e com\u00e9rcio internacional marca confraterniza\u00e7\u00e3o da ABRAFE"},"content":{"rendered":"\n<p>A Associa\u00e7\u00e3o Brasileira dos Produtores de Ferroligas e Sil\u00edcio Met\u00e1lico (ABRAFE), com o apoio da Federa\u00e7\u00e3o das Ind\u00fastrias do Estado de Minas Gerais (FIEMG), promoveu sua confraterniza\u00e7\u00e3o anual no dia 12 de dezembro, no P7 Criativo, em Belo Horizonte, reunindo associados, dirigentes e convidados em um ambiente dedicado ao di\u00e1logo e \u00e0 valoriza\u00e7\u00e3o do setor.<\/p>\n\n\n\n<p>A programa\u00e7\u00e3o teve in\u00edcio com a fala do diretor-executivo da ABRAFE, Bruno Santos Parreiras, que destacou a import\u00e2ncia da uni\u00e3o do setor, especialmente em momentos de crise. Segundo ele, apesar de 2025 ter sido um ano desafiador, marcado por dificuldades e instabilidades, o trabalho conjunto permitiu a conquista de avan\u00e7os relevantes, refor\u00e7ando que a atua\u00e7\u00e3o integrada \u00e9 fundamental para o fortalecimento e o sucesso do setor.<br><br>Na sequ\u00eancia, o presidente do Sindicato das Ind\u00fastrias de Ferroligas e de Sil\u00edcio Met\u00e1lico (SINFERSI), Alexandre Amaral, destacou que o pr\u00f3ximo per\u00edodo ser\u00e1 bastante desafiador para o setor. Ele ressaltou que se trata de uma atividade altamente exportadora e estrat\u00e9gica para a balan\u00e7a comercial brasileira, al\u00e9m de enfatizar o diferencial competitivo da ferroliga verde. Segundo o dirigente, o setor responde por cerca de 50% da produ\u00e7\u00e3o nacional e \u00e9 respons\u00e1vel pela gera\u00e7\u00e3o de milhares de empregos diretos e indiretos no pa\u00eds.<\/p>\n\n\n\n<p>O presidente da ABRAFE, Rodrigo Junqueira dos Santos, deu as boas-vindas oficiais aos participantes e destacou a satisfa\u00e7\u00e3o em estar no P7, ressaltando positivamente o processo de revitaliza\u00e7\u00e3o do centro de Belo Horizonte. Em sua fala, mencionou que o setor enfrentou um volume adicional de trabalho ao longo do ano, em fun\u00e7\u00e3o dos desafios impostos pelas barreiras tarif\u00e1rias, e destacou o apoio constante da FIEMG nesse contexto. \u201c\u00c9 em momentos como o atual que o associativismo se revela ainda mais fundamental para o fortalecimento e a defesa do setor\u201d, disse.<\/p>\n\n\n\n<p>Um dos destaques da manh\u00e3 foi a participa\u00e7\u00e3o do presidente da FIEMG, Fl\u00e1vio Roscoe, que apresentou o P7 como um dos principais centros de economia criativa e inova\u00e7\u00e3o do pa\u00eds, resultado da revitaliza\u00e7\u00e3o de um pr\u00e9dio antes abandonado. Ele destacou o papel do ecossistema de inova\u00e7\u00e3o instalado no local, que re\u00fane empresas, startups e o FIEMG Lab, reconhecido pelo terceiro ano consecutivo como o melhor hub de startups do Brasil. Ao comentar os desafios enfrentados pelo setor, Roscoe afirmou que \u201cacompanha de perto as dificuldades da ind\u00fastria, que neste segmento foram ainda mais intensas do que a m\u00e9dia, e refor\u00e7ou que a FIEMG tem atuado dentro de suas possibilidades institucionais para apoiar as empresas e buscar solu\u00e7\u00f5es junto ao governo\u201d. Durante o evento, o l\u00edder empresarial refor\u00e7ou o posicionamento da FIEMG contr\u00e1rio a mudan\u00e7as na jornada de trabalho 6\u00d71, destacando os impactos econ\u00f4micos, a realidade das empresas e a preserva\u00e7\u00e3o de empregos. Ele tamb\u00e9m abordou a necessidade de seguran\u00e7a jur\u00eddica na implementa\u00e7\u00e3o da nova modalidade de empr\u00e9stimo consignado e seu impacto na vida do trabalhador.<\/p>\n\n\n\n<p>Tamb\u00e9m foi realizada uma apresenta\u00e7\u00e3o sobre o P7 Criativo, conduzida por Graziele Nazareth, analista do espa\u00e7o, que destacou o papel do equipamento no fortalecimento da economia criativa e em seu impacto no processo de revitaliza\u00e7\u00e3o do centro de Belo Horizonte.<\/p>\n\n\n\n<p>O painel <em>Conjunturas Geopol\u00edticas e Barreiras Comerciais Internacionais<\/em> foi conduzido por Luiz Eduardo Salles, s\u00f3cio da Azevedo Sette Advogados e especialista em com\u00e9rcio internacional, que apresentou uma an\u00e1lise do cen\u00e1rio desafiador enfrentado pelo setor de ferroligas. Segundo Salles, apesar do reconhecimento internacional da competitividade e da responsabilidade socioambiental dos produtos brasileiros, o segmento enfrenta um contexto marcado pelo excesso de oferta global, pela retra\u00e7\u00e3o da demanda e pela intensifica\u00e7\u00e3o de barreiras comerciais com vi\u00e9s pol\u00edtico. O debate contou ainda com as contribui\u00e7\u00f5es de Ronnie Pimentel, especialista em pol\u00edticas e ind\u00fastria da Confedera\u00e7\u00e3o Nacional da Ind\u00fastria (CNI), Fabrizio Panzini, diretor de Pol\u00edticas P\u00fablicas e Rela\u00e7\u00f5es Governamentais da Amcham, e Ver\u00f4nica Winter, coordenadora de Facilita\u00e7\u00e3o de Neg\u00f3cios do Centro Internacional de Neg\u00f3cios da FIEMG (CIN), que complementaram a an\u00e1lise com perspectivas institucionais e de mercado.<br><br>Confira as fotos da confraterniza\u00e7\u00e3o da ABRAFE no <a href=\"https:\/\/www.flickr.com\/photos\/sistemafiemg\/albums\/72177720330894579\/with\/54979824808\">Fickr do Sistaema FIEMG<\/a>.<\/p>\n\n\n\n<p><em>Denise Lucas<\/em><br><strong>Imprensa FIEMG<\/strong><\/p>\n","protected":false},"featured_media":4541,"template":"","categories":[15],"tags":[1232,46],"class_list":["post-4539","noticias","type-noticias","status-publish","has-post-thumbnail","hentry","category-desenvolvimento-industrial","tag-abrafe","tag-fiemg"],"acf":[],"yoast_head":"<!-- This site is optimized with the Yoast SEO plugin v26.2 - https:\/\/yoast.com\/wordpress\/plugins\/seo\/ -->\n<title>Painel sobre cen\u00e1rios geopol\u00edticos e com\u00e9rcio internacional marca confraterniza\u00e7\u00e3o da ABRAFE - Associativismo<\/title>\n<meta name=\"description\" content=\"Encontro reuniu associados, lideran\u00e7as setoriais e especialistas no P7 Criativo, em Belo Horizonte\" \/>\n<meta name=\"robots\" content=\"index, follow, max-snippet:-1, max-image-preview:large, max-video-preview:-1\" \/>\n<link rel=\"canonical\" href=\"https:\/\/www.fiemg.com.br\/associativismo\/noticias\/encontro-reuniu-associados-liderancas-setoriais-e-especialistas-no-p7-criativo-em-belo-horizonte\/\" \/>\n<meta property=\"og:locale\" content=\"pt_BR\" \/>\n<meta property=\"og:type\" content=\"article\" \/>\n<meta property=\"og:title\" content=\"Painel sobre cen\u00e1rios geopol\u00edticos e com\u00e9rcio internacional marca confraterniza\u00e7\u00e3o da ABRAFE - Associativismo\" \/>\n<meta property=\"og:description\" content=\"Encontro reuniu associados, lideran\u00e7as setoriais e especialistas no P7 Criativo, em Belo Horizonte\" \/>\n<meta property=\"og:url\" content=\"https:\/\/www.fiemg.com.br\/associativismo\/noticias\/encontro-reuniu-associados-liderancas-setoriais-e-especialistas-no-p7-criativo-em-belo-horizonte\/\" \/>\n<meta property=\"og:site_name\" content=\"Associativismo\" \/>\n<meta property=\"article:modified_time\" content=\"2025-12-15T11:25:11+00:00\" \/>\n<meta property=\"og:image\" content=\"https:\/\/www.fiemg.com.br\/associativismo\/wp-content\/uploads\/sites\/29\/2025\/12\/confraterzacao-abrafe-P7-1024x1024.png\" \/>\n\t<meta property=\"og:image:width\" content=\"1024\" \/>\n\t<meta property=\"og:image:height\" content=\"1024\" \/>\n\t<meta property=\"og:image:type\" content=\"image\/png\" \/>\n<meta name=\"twitter:card\" content=\"summary_large_image\" \/>\n<meta name=\"twitter:label1\" content=\"Est. tempo de leitura\" \/>\n\t<meta name=\"twitter:data1\" content=\"4 minutos\" \/>\n<script type=\"application\/ld+json\" class=\"yoast-schema-graph\">{\"@context\":\"https:\/\/schema.org\",\"@graph\":[{\"@type\":\"WebPage\",\"@id\":\"https:\/\/www.fiemg.com.br\/associativismo\/noticias\/encontro-reuniu-associados-liderancas-setoriais-e-especialistas-no-p7-criativo-em-belo-horizonte\/\",\"url\":\"https:\/\/www.fiemg.com.br\/associativismo\/noticias\/encontro-reuniu-associados-liderancas-setoriais-e-especialistas-no-p7-criativo-em-belo-horizonte\/\",\"name\":\"Painel sobre cen\u00e1rios geopol\u00edticos e com\u00e9rcio internacional marca confraterniza\u00e7\u00e3o da ABRAFE - Associativismo\",\"isPartOf\":{\"@id\":\"https:\/\/www.fiemg.com.br\/associativismo\/#website\"},\"primaryImageOfPage\":{\"@id\":\"https:\/\/www.fiemg.com.br\/associativismo\/noticias\/encontro-reuniu-associados-liderancas-setoriais-e-especialistas-no-p7-criativo-em-belo-horizonte\/#primaryimage\"},\"image\":{\"@id\":\"https:\/\/www.fiemg.com.br\/associativismo\/noticias\/encontro-reuniu-associados-liderancas-setoriais-e-especialistas-no-p7-criativo-em-belo-horizonte\/#primaryimage\"},\"thumbnailUrl\":\"https:\/\/www.fiemg.com.br\/associativismo\/wp-content\/uploads\/sites\/29\/2025\/12\/confraterzacao-abrafe-P7.png\",\"datePublished\":\"2025-12-12T11:19:48+00:00\",\"dateModified\":\"2025-12-15T11:25:11+00:00\",\"description\":\"Encontro reuniu associados, lideran\u00e7as setoriais e especialistas no P7 Criativo, em Belo Horizonte\",\"breadcrumb\":{\"@id\":\"https:\/\/www.fiemg.com.br\/associativismo\/noticias\/encontro-reuniu-associados-liderancas-setoriais-e-especialistas-no-p7-criativo-em-belo-horizonte\/#breadcrumb\"},\"inLanguage\":\"pt-BR\",\"potentialAction\":[{\"@type\":\"ReadAction\",\"target\":[\"https:\/\/www.fiemg.com.br\/associativismo\/noticias\/encontro-reuniu-associados-liderancas-setoriais-e-especialistas-no-p7-criativo-em-belo-horizonte\/\"]}]},{\"@type\":\"ImageObject\",\"inLanguage\":\"pt-BR\",\"@id\":\"https:\/\/www.fiemg.com.br\/associativismo\/noticias\/encontro-reuniu-associados-liderancas-setoriais-e-especialistas-no-p7-criativo-em-belo-horizonte\/#primaryimage\",\"url\":\"https:\/\/www.fiemg.com.br\/associativismo\/wp-content\/uploads\/sites\/29\/2025\/12\/confraterzacao-abrafe-P7.png\",\"contentUrl\":\"https:\/\/www.fiemg.com.br\/associativismo\/wp-content\/uploads\/sites\/29\/2025\/12\/confraterzacao-abrafe-P7.png\",\"width\":1600,\"height\":1600},{\"@type\":\"BreadcrumbList\",\"@id\":\"https:\/\/www.fiemg.com.br\/associativismo\/noticias\/encontro-reuniu-associados-liderancas-setoriais-e-especialistas-no-p7-criativo-em-belo-horizonte\/#breadcrumb\",\"itemListElement\":[{\"@type\":\"ListItem\",\"position\":1,\"name\":\"In\u00edcio\",\"item\":\"https:\/\/www.fiemg.com.br\/associativismo\/\"},{\"@type\":\"ListItem\",\"position\":2,\"name\":\"Painel sobre cen\u00e1rios geopol\u00edticos e com\u00e9rcio internacional marca confraterniza\u00e7\u00e3o da ABRAFE\"}]},{\"@type\":\"WebSite\",\"@id\":\"https:\/\/www.fiemg.com.br\/associativismo\/#website\",\"url\":\"https:\/\/www.fiemg.com.br\/associativismo\/\",\"name\":\"Associativismo\",\"description\":\"Federa\u00e7\u00e3o das Ind\u00fastrias do Estado de Minas Gerais\",\"publisher\":{\"@id\":\"https:\/\/www.fiemg.com.br\/associativismo\/#organization\"},\"potentialAction\":[{\"@type\":\"SearchAction\",\"target\":{\"@type\":\"EntryPoint\",\"urlTemplate\":\"https:\/\/www.fiemg.com.br\/associativismo\/?s={search_term_string}\"},\"query-input\":{\"@type\":\"PropertyValueSpecification\",\"valueRequired\":true,\"valueName\":\"search_term_string\"}}],\"inLanguage\":\"pt-BR\"},{\"@type\":\"Organization\",\"@id\":\"https:\/\/www.fiemg.com.br\/associativismo\/#organization\",\"name\":\"Associativismo\",\"url\":\"https:\/\/www.fiemg.com.br\/associativismo\/\",\"logo\":{\"@type\":\"ImageObject\",\"inLanguage\":\"pt-BR\",\"@id\":\"https:\/\/www.fiemg.com.br\/associativismo\/#\/schema\/logo\/image\/\",\"url\":\"https:\/\/www.fiemg.com.br\/associativismo\/wp-content\/uploads\/sites\/29\/2023\/02\/fiemg_branco.svg\",\"contentUrl\":\"https:\/\/www.fiemg.com.br\/associativismo\/wp-content\/uploads\/sites\/29\/2023\/02\/fiemg_branco.svg\",\"width\":561,\"height\":147,\"caption\":\"Associativismo\"},\"image\":{\"@id\":\"https:\/\/www.fiemg.com.br\/associativismo\/#\/schema\/logo\/image\/\"}}]}<\/script>\n<!-- \/ Yoast SEO plugin. -->","yoast_head_json":{"title":"Painel sobre cen\u00e1rios geopol\u00edticos e com\u00e9rcio internacional marca confraterniza\u00e7\u00e3o da ABRAFE - Associativismo","description":"Encontro reuniu associados, lideran\u00e7as setoriais e especialistas no P7 Criativo, em Belo Horizonte","robots":{"index":"index","follow":"follow","max-snippet":"max-snippet:-1","max-image-preview":"max-image-preview:large","max-video-preview":"max-video-preview:-1"},"canonical":"https:\/\/www.fiemg.com.br\/associativismo\/noticias\/encontro-reuniu-associados-liderancas-setoriais-e-especialistas-no-p7-criativo-em-belo-horizonte\/","og_locale":"pt_BR","og_type":"article","og_title":"Painel sobre cen\u00e1rios geopol\u00edticos e com\u00e9rcio internacional marca confraterniza\u00e7\u00e3o da ABRAFE - Associativismo","og_description":"Encontro reuniu associados, lideran\u00e7as setoriais e especialistas no P7 Criativo, em Belo Horizonte","og_url":"https:\/\/www.fiemg.com.br\/associativismo\/noticias\/encontro-reuniu-associados-liderancas-setoriais-e-especialistas-no-p7-criativo-em-belo-horizonte\/","og_site_name":"Associativismo","article_modified_time":"2025-12-15T11:25:11+00:00","og_image":[{"width":1024,"height":1024,"url":"https:\/\/www.fiemg.com.br\/associativismo\/wp-content\/uploads\/sites\/29\/2025\/12\/confraterzacao-abrafe-P7-1024x1024.png","type":"image\/png"}],"twitter_card":"summary_large_image","twitter_misc":{"Est. tempo de leitura":"4 minutos"},"schema":{"@context":"https:\/\/schema.org","@graph":[{"@type":"WebPage","@id":"https:\/\/www.fiemg.com.br\/associativismo\/noticias\/encontro-reuniu-associados-liderancas-setoriais-e-especialistas-no-p7-criativo-em-belo-horizonte\/","url":"https:\/\/www.fiemg.com.br\/associativismo\/noticias\/encontro-reuniu-associados-liderancas-setoriais-e-especialistas-no-p7-criativo-em-belo-horizonte\/","name":"Painel sobre cen\u00e1rios geopol\u00edticos e com\u00e9rcio internacional marca confraterniza\u00e7\u00e3o da ABRAFE - Associativismo","isPartOf":{"@id":"https:\/\/www.fiemg.com.br\/associativismo\/#website"},"primaryImageOfPage":{"@id":"https:\/\/www.fiemg.com.br\/associativismo\/noticias\/encontro-reuniu-associados-liderancas-setoriais-e-especialistas-no-p7-criativo-em-belo-horizonte\/#primaryimage"},"image":{"@id":"https:\/\/www.fiemg.com.br\/associativismo\/noticias\/encontro-reuniu-associados-liderancas-setoriais-e-especialistas-no-p7-criativo-em-belo-horizonte\/#primaryimage"},"thumbnailUrl":"https:\/\/www.fiemg.com.br\/associativismo\/wp-content\/uploads\/sites\/29\/2025\/12\/confraterzacao-abrafe-P7.png","datePublished":"2025-12-12T11:19:48+00:00","dateModified":"2025-12-15T11:25:11+00:00","description":"Encontro reuniu associados, lideran\u00e7as setoriais e especialistas no P7 Criativo, em Belo Horizonte","breadcrumb":{"@id":"https:\/\/www.fiemg.com.br\/associativismo\/noticias\/encontro-reuniu-associados-liderancas-setoriais-e-especialistas-no-p7-criativo-em-belo-horizonte\/#breadcrumb"},"inLanguage":"pt-BR","potentialAction":[{"@type":"ReadAction","target":["https:\/\/www.fiemg.com.br\/associativismo\/noticias\/encontro-reuniu-associados-liderancas-setoriais-e-especialistas-no-p7-criativo-em-belo-horizonte\/"]}]},{"@type":"ImageObject","inLanguage":"pt-BR","@id":"https:\/\/www.fiemg.com.br\/associativismo\/noticias\/encontro-reuniu-associados-liderancas-setoriais-e-especialistas-no-p7-criativo-em-belo-horizonte\/#primaryimage","url":"https:\/\/www.fiemg.com.br\/associativismo\/wp-content\/uploads\/sites\/29\/2025\/12\/confraterzacao-abrafe-P7.png","contentUrl":"https:\/\/www.fiemg.com.br\/associativismo\/wp-content\/uploads\/sites\/29\/2025\/12\/confraterzacao-abrafe-P7.png","width":1600,"height":1600},{"@type":"BreadcrumbList","@id":"https:\/\/www.fiemg.com.br\/associativismo\/noticias\/encontro-reuniu-associados-liderancas-setoriais-e-especialistas-no-p7-criativo-em-belo-horizonte\/#breadcrumb","itemListElement":[{"@type":"ListItem","position":1,"name":"In\u00edcio","item":"https:\/\/www.fiemg.com.br\/associativismo\/"},{"@type":"ListItem","position":2,"name":"Painel sobre cen\u00e1rios geopol\u00edticos e com\u00e9rcio internacional marca confraterniza\u00e7\u00e3o da ABRAFE"}]},{"@type":"WebSite","@id":"https:\/\/www.fiemg.com.br\/associativismo\/#website","url":"https:\/\/www.fiemg.com.br\/associativismo\/","name":"Associativismo","description":"Federa\u00e7\u00e3o das Ind\u00fastrias do Estado de Minas Gerais","publisher":{"@id":"https:\/\/www.fiemg.com.br\/associativismo\/#organization"},"potentialAction":[{"@type":"SearchAction","target":{"@type":"EntryPoint","urlTemplate":"https:\/\/www.fiemg.com.br\/associativismo\/?s={search_term_string}"},"query-input":{"@type":"PropertyValueSpecification","valueRequired":true,"valueName":"search_term_string"}}],"inLanguage":"pt-BR"},{"@type":"Organization","@id":"https:\/\/www.fiemg.com.br\/associativismo\/#organization","name":"Associativismo","url":"https:\/\/www.fiemg.com.br\/associativismo\/","logo":{"@type":"ImageObject","inLanguage":"pt-BR","@id":"https:\/\/www.fiemg.com.br\/associativismo\/#\/schema\/logo\/image\/","url":"https:\/\/www.fiemg.com.br\/associativismo\/wp-content\/uploads\/sites\/29\/2023\/02\/fiemg_branco.svg","contentUrl":"https:\/\/www.fiemg.com.br\/associativismo\/wp-content\/uploads\/sites\/29\/2023\/02\/fiemg_branco.svg","width":561,"height":147,"caption":"Associativismo"},"image":{"@id":"https:\/\/www.fiemg.com.br\/associativismo\/#\/schema\/logo\/image\/"}}]}},"_links":{"self":[{"href":"https:\/\/www.fiemg.com.br\/associativismo\/wp-json\/wp\/v2\/noticias\/4539","targetHints":{"allow":["GET"]}}],"collection":[{"href":"https:\/\/www.fiemg.com.br\/associativismo\/wp-json\/wp\/v2\/noticias"}],"about":[{"href":"https:\/\/www.fiemg.com.br\/associativismo\/wp-json\/wp\/v2\/types\/noticias"}],"wp:featuredmedia":[{"embeddable":true,"href":"https:\/\/www.fiemg.com.br\/associativismo\/wp-json\/wp\/v2\/media\/4541"}],"wp:attachment":[{"href":"https:\/\/www.fiemg.com.br\/associativismo\/wp-json\/wp\/v2\/media?parent=4539"}],"wp:term":[{"taxonomy":"category","embeddable":true,"href":"https:\/\/www.fiemg.com.br\/associativismo\/wp-json\/wp\/v2\/categories?post=4539"},{"taxonomy":"post_tag","embeddable":true,"href":"https:\/\/www.fiemg.com.br\/associativismo\/wp-json\/wp\/v2\/tags?post=4539"}],"curies":[{"name":"wp","href":"https:\/\/api.w.org\/{rel}","templated":true}]}}