{"id":4559,"date":"2025-12-18T11:06:27","date_gmt":"2025-12-18T14:06:27","guid":{"rendered":"https:\/\/www.fiemg.com.br\/associativismo\/noticias\/cantata-de-natal-emociona-juiz-de-fora-e-marca-o-primeiro-ano-de-atuacao-da-escola-sesi-granbery\/"},"modified":"2025-12-18T15:30:32","modified_gmt":"2025-12-18T18:30:32","slug":"cantata-de-natal-emociona-juiz-de-fora-e-marca-o-primeiro-ano-de-atuacao-da-escola-sesi-granbery","status":"publish","type":"noticias","link":"https:\/\/www.fiemg.com.br\/associativismo\/noticias\/cantata-de-natal-emociona-juiz-de-fora-e-marca-o-primeiro-ano-de-atuacao-da-escola-sesi-granbery\/","title":{"rendered":"Cantata de Natal emociona Juiz de Fora e marca o primeiro ano de atua\u00e7\u00e3o da Escola SESI Granbery"},"content":{"rendered":"\n<p>A Escola SESI Granbery viveu dois momentos de grande emo\u00e7\u00e3o e significado cultural nos dias 13 e 14 de dezembro, com a realiza\u00e7\u00e3o da Cantata de Natal, que reuniu centenas de pessoas no jardim central da institui\u00e7\u00e3o, em frente ao principal pr\u00e9dio hist\u00f3rico do complexo, em Juiz de Fora. As duas apresenta\u00e7\u00f5es, id\u00eanticas e abertas gratuitamente \u00e0 comunidade, celebraram o esp\u00edrito natalino, resgataram uma tradi\u00e7\u00e3o marcante do antigo Col\u00e9gio Granbery e marcaram um ano de atua\u00e7\u00e3o da escola na cidade sob a gest\u00e3o da Rede SESI de Educa\u00e7\u00e3o.<\/p>\n\n\n\n<p>O evento integrou o coral de alunos da Escola SESI Granbery \u00e0 Orquestra SESI Minas, em um espet\u00e1culo cuidadosamente preparado para emocionar o p\u00fablico e refor\u00e7ar valores como uni\u00e3o, solidariedade e esperan\u00e7a. A proposta foi justamente preservar a mem\u00f3ria afetiva da tradicional Cantata de Natal, reconhecida por gera\u00e7\u00f5es de juiz-foranos como um marco das celebra\u00e7\u00f5es de fim de ano, ao mesmo tempo em que apresentou uma nova leitura art\u00edstica, mais ampla e integrada, condizente com o projeto educacional do SESI.<\/p>\n\n\n\n<p>Na abertura das apresenta\u00e7\u00f5es, a presidente da FIEMG Regional Zona da Mata e do Sindicato das Ind\u00fastrias do Vestu\u00e1rio de Juiz de Fora e Governador Valadares (Sindivest JF-GV), Mari\u00e2ngela Marcon, destacou o significado simb\u00f3lico do momento. Para ela, a cantata representa mais do que um espet\u00e1culo musical: \u00e9 um gesto de respeito \u00e0 hist\u00f3ria do bairro e uma demonstra\u00e7\u00e3o do compromisso do SESI com a cidade. Em sua fala, ressaltou a satisfa\u00e7\u00e3o de ver a Escola SESI Granbery, onde estudou e onde atualmente estuda seu neto, consolidar-se como um espa\u00e7o que une educa\u00e7\u00e3o de qualidade, cultura, esporte e integra\u00e7\u00e3o comunit\u00e1ria, refor\u00e7ando que a institui\u00e7\u00e3o chegou para somar e fortalecer v\u00ednculos com as fam\u00edlias e com a comunidade local.<\/p>\n\n\n\n<p>O diretor da Escola SESI Granbery, Vander Montesse, tamb\u00e9m enfatizou o car\u00e1ter cultural e humano da iniciativa. Ele destacou que a cantata simboliza a valoriza\u00e7\u00e3o da arte e da m\u00fasica em um per\u00edodo marcado por reflex\u00f5es profundas sobre o Natal e seus significados. Segundo o diretor, a parceria com a Orquestra SESI Minas e a participa\u00e7\u00e3o dos alunos no coral transformaram o espet\u00e1culo em um verdadeiro presente para Juiz de Fora, potencializado pela beleza arquitet\u00f4nica do complexo Granbery e pela abertura da escola \u00e0 comunidade.<\/p>\n\n\n\n<p>Durante as duas noites, a Rua Batista de Oliveira foi interditada para receber o p\u00fablico, que acompanhou as apresenta\u00e7\u00f5es de forma democr\u00e1tica, distribu\u00eddo pelas cal\u00e7adas e pela via, sem setores ou \u00e1reas delimitadas. A proposta refor\u00e7ou o car\u00e1ter inclusivo do evento, que acolheu fam\u00edlias, moradores do entorno, alunos, educadores e visitantes, criando um ambiente de celebra\u00e7\u00e3o coletiva. Marcaram presen\u00e7a o presidente do Sindicato das Ind\u00fastrias Gr\u00e1ficas de Juiz de Fora (Sindigraf-JF), S\u00e9rgio Picoli; o gerente regional SESI\/SENAI Zona da Mata, Humberto Rezende; e a gerente de Educa\u00e7\u00e3o B\u00e1sica do SESI, Fl\u00e1via Bento, entre outras lideran\u00e7as.<\/p>\n\n\n\n<p>No encerramento da segunda apresenta\u00e7\u00e3o, um momento especial marcou ainda mais a noite: alunos da Escola SESI Granbery prestaram uma homenagem ao maestro Felipe Magalh\u00e3es, regente da Orquestra SESI Minas, e \u00e0 maestrina Carol Cardoso, respons\u00e1vel pela condu\u00e7\u00e3o do coral da escola, entregando flores em reconhecimento ao trabalho art\u00edstico e \u00e0 dedica\u00e7\u00e3o de ambos. O gesto emocionou o p\u00fablico e simbolizou a gratid\u00e3o da comunidade escolar pela experi\u00eancia proporcionada.<\/p>\n\n\n\n<p>A Cantata de Natal da Escola SESI Granbery consolidou-se, assim, como um marco cultural deste primeiro ano de atua\u00e7\u00e3o da institui\u00e7\u00e3o em Juiz de Fora. Ao unir tradi\u00e7\u00e3o, educa\u00e7\u00e3o, arte e comunidade, o evento reafirmou o compromisso do SESI e da FIEMG com uma forma\u00e7\u00e3o integral, que ultrapassa os muros da escola e contribui para o fortalecimento dos la\u00e7os sociais, culturais e humanos da cidade.<\/p>\n\n\n\n<p><em>Graciele Vianna<\/em><\/p>\n\n\n\n<p><strong>Imprensa FIEMG<\/strong><\/p>\n","protected":false},"featured_media":4571,"template":"","categories":[110],"tags":[],"class_list":["post-4559","noticias","type-noticias","status-publish","has-post-thumbnail","hentry","category-cultura"],"acf":[],"yoast_head":"<!-- This site is optimized with the Yoast SEO plugin v26.2 - https:\/\/yoast.com\/wordpress\/plugins\/seo\/ -->\n<title>Cantata de Natal emociona Juiz de Fora e marca o primeiro ano de atua\u00e7\u00e3o da Escola SESI Granbery - Associativismo<\/title>\n<meta name=\"robots\" content=\"index, follow, max-snippet:-1, max-image-preview:large, max-video-preview:-1\" \/>\n<link rel=\"canonical\" href=\"https:\/\/www.fiemg.com.br\/associativismo\/noticias\/cantata-de-natal-emociona-juiz-de-fora-e-marca-o-primeiro-ano-de-atuacao-da-escola-sesi-granbery\/\" \/>\n<meta property=\"og:locale\" content=\"pt_BR\" \/>\n<meta property=\"og:type\" content=\"article\" \/>\n<meta property=\"og:title\" content=\"Cantata de Natal emociona Juiz de Fora e marca o primeiro ano de atua\u00e7\u00e3o da Escola SESI Granbery - Associativismo\" \/>\n<meta property=\"og:description\" content=\"A Escola SESI Granbery viveu dois momentos de grande emo\u00e7\u00e3o e significado cultural nos dias 13 e 14 de dezembro, com a realiza\u00e7\u00e3o da Cantata de Natal, que reuniu centenas de pessoas no jardim central da institui\u00e7\u00e3o, em frente ao principal pr\u00e9dio hist\u00f3rico do complexo, em Juiz de Fora. As duas apresenta\u00e7\u00f5es, id\u00eanticas e abertas [&hellip;]\" \/>\n<meta property=\"og:url\" content=\"https:\/\/www.fiemg.com.br\/associativismo\/noticias\/cantata-de-natal-emociona-juiz-de-fora-e-marca-o-primeiro-ano-de-atuacao-da-escola-sesi-granbery\/\" \/>\n<meta property=\"og:site_name\" content=\"Associativismo\" \/>\n<meta property=\"article:modified_time\" content=\"2025-12-18T18:30:32+00:00\" \/>\n<meta property=\"og:image\" content=\"https:\/\/www.fiemg.com.br\/associativismo\/wp-content\/uploads\/sites\/29\/2023\/08\/default.png\" \/>\n\t<meta property=\"og:image:width\" content=\"300\" \/>\n\t<meta property=\"og:image:height\" content=\"300\" \/>\n\t<meta property=\"og:image:type\" content=\"image\/png\" \/>\n<meta name=\"twitter:card\" content=\"summary_large_image\" \/>\n<meta name=\"twitter:label1\" content=\"Est. tempo de leitura\" \/>\n\t<meta name=\"twitter:data1\" content=\"3 minutos\" \/>\n<script type=\"application\/ld+json\" class=\"yoast-schema-graph\">{\"@context\":\"https:\/\/schema.org\",\"@graph\":[{\"@type\":\"WebPage\",\"@id\":\"https:\/\/www.fiemg.com.br\/associativismo\/noticias\/cantata-de-natal-emociona-juiz-de-fora-e-marca-o-primeiro-ano-de-atuacao-da-escola-sesi-granbery\/\",\"url\":\"https:\/\/www.fiemg.com.br\/associativismo\/noticias\/cantata-de-natal-emociona-juiz-de-fora-e-marca-o-primeiro-ano-de-atuacao-da-escola-sesi-granbery\/\",\"name\":\"Cantata de Natal emociona Juiz de Fora e marca o primeiro ano de atua\u00e7\u00e3o da Escola SESI Granbery - Associativismo\",\"isPartOf\":{\"@id\":\"https:\/\/www.fiemg.com.br\/associativismo\/#website\"},\"primaryImageOfPage\":{\"@id\":\"https:\/\/www.fiemg.com.br\/associativismo\/noticias\/cantata-de-natal-emociona-juiz-de-fora-e-marca-o-primeiro-ano-de-atuacao-da-escola-sesi-granbery\/#primaryimage\"},\"image\":{\"@id\":\"https:\/\/www.fiemg.com.br\/associativismo\/noticias\/cantata-de-natal-emociona-juiz-de-fora-e-marca-o-primeiro-ano-de-atuacao-da-escola-sesi-granbery\/#primaryimage\"},\"thumbnailUrl\":\"https:\/\/www.fiemg.com.br\/associativismo\/wp-content\/uploads\/sites\/29\/2025\/12\/cantata-thumb-300x300-1.png\",\"datePublished\":\"2025-12-18T14:06:27+00:00\",\"dateModified\":\"2025-12-18T18:30:32+00:00\",\"breadcrumb\":{\"@id\":\"https:\/\/www.fiemg.com.br\/associativismo\/noticias\/cantata-de-natal-emociona-juiz-de-fora-e-marca-o-primeiro-ano-de-atuacao-da-escola-sesi-granbery\/#breadcrumb\"},\"inLanguage\":\"pt-BR\",\"potentialAction\":[{\"@type\":\"ReadAction\",\"target\":[\"https:\/\/www.fiemg.com.br\/associativismo\/noticias\/cantata-de-natal-emociona-juiz-de-fora-e-marca-o-primeiro-ano-de-atuacao-da-escola-sesi-granbery\/\"]}]},{\"@type\":\"ImageObject\",\"inLanguage\":\"pt-BR\",\"@id\":\"https:\/\/www.fiemg.com.br\/associativismo\/noticias\/cantata-de-natal-emociona-juiz-de-fora-e-marca-o-primeiro-ano-de-atuacao-da-escola-sesi-granbery\/#primaryimage\",\"url\":\"https:\/\/www.fiemg.com.br\/associativismo\/wp-content\/uploads\/sites\/29\/2025\/12\/cantata-thumb-300x300-1.png\",\"contentUrl\":\"https:\/\/www.fiemg.com.br\/associativismo\/wp-content\/uploads\/sites\/29\/2025\/12\/cantata-thumb-300x300-1.png\",\"width\":300,\"height\":300},{\"@type\":\"BreadcrumbList\",\"@id\":\"https:\/\/www.fiemg.com.br\/associativismo\/noticias\/cantata-de-natal-emociona-juiz-de-fora-e-marca-o-primeiro-ano-de-atuacao-da-escola-sesi-granbery\/#breadcrumb\",\"itemListElement\":[{\"@type\":\"ListItem\",\"position\":1,\"name\":\"In\u00edcio\",\"item\":\"https:\/\/www.fiemg.com.br\/associativismo\/\"},{\"@type\":\"ListItem\",\"position\":2,\"name\":\"Cantata de Natal emociona Juiz de Fora e marca o primeiro ano de atua\u00e7\u00e3o da Escola SESI Granbery\"}]},{\"@type\":\"WebSite\",\"@id\":\"https:\/\/www.fiemg.com.br\/associativismo\/#website\",\"url\":\"https:\/\/www.fiemg.com.br\/associativismo\/\",\"name\":\"Associativismo\",\"description\":\"Federa\u00e7\u00e3o das Ind\u00fastrias do Estado de Minas Gerais\",\"publisher\":{\"@id\":\"https:\/\/www.fiemg.com.br\/associativismo\/#organization\"},\"potentialAction\":[{\"@type\":\"SearchAction\",\"target\":{\"@type\":\"EntryPoint\",\"urlTemplate\":\"https:\/\/www.fiemg.com.br\/associativismo\/?s={search_term_string}\"},\"query-input\":{\"@type\":\"PropertyValueSpecification\",\"valueRequired\":true,\"valueName\":\"search_term_string\"}}],\"inLanguage\":\"pt-BR\"},{\"@type\":\"Organization\",\"@id\":\"https:\/\/www.fiemg.com.br\/associativismo\/#organization\",\"name\":\"Associativismo\",\"url\":\"https:\/\/www.fiemg.com.br\/associativismo\/\",\"logo\":{\"@type\":\"ImageObject\",\"inLanguage\":\"pt-BR\",\"@id\":\"https:\/\/www.fiemg.com.br\/associativismo\/#\/schema\/logo\/image\/\",\"url\":\"https:\/\/www.fiemg.com.br\/associativismo\/wp-content\/uploads\/sites\/29\/2023\/02\/fiemg_branco.svg\",\"contentUrl\":\"https:\/\/www.fiemg.com.br\/associativismo\/wp-content\/uploads\/sites\/29\/2023\/02\/fiemg_branco.svg\",\"width\":561,\"height\":147,\"caption\":\"Associativismo\"},\"image\":{\"@id\":\"https:\/\/www.fiemg.com.br\/associativismo\/#\/schema\/logo\/image\/\"}}]}<\/script>\n<!-- \/ Yoast SEO plugin. -->","yoast_head_json":{"title":"Cantata de Natal emociona Juiz de Fora e marca o primeiro ano de atua\u00e7\u00e3o da Escola SESI Granbery - Associativismo","robots":{"index":"index","follow":"follow","max-snippet":"max-snippet:-1","max-image-preview":"max-image-preview:large","max-video-preview":"max-video-preview:-1"},"canonical":"https:\/\/www.fiemg.com.br\/associativismo\/noticias\/cantata-de-natal-emociona-juiz-de-fora-e-marca-o-primeiro-ano-de-atuacao-da-escola-sesi-granbery\/","og_locale":"pt_BR","og_type":"article","og_title":"Cantata de Natal emociona Juiz de Fora e marca o primeiro ano de atua\u00e7\u00e3o da Escola SESI Granbery - Associativismo","og_description":"A Escola SESI Granbery viveu dois momentos de grande emo\u00e7\u00e3o e significado cultural nos dias 13 e 14 de dezembro, com a realiza\u00e7\u00e3o da Cantata de Natal, que reuniu centenas de pessoas no jardim central da institui\u00e7\u00e3o, em frente ao principal pr\u00e9dio hist\u00f3rico do complexo, em Juiz de Fora. As duas apresenta\u00e7\u00f5es, id\u00eanticas e abertas [&hellip;]","og_url":"https:\/\/www.fiemg.com.br\/associativismo\/noticias\/cantata-de-natal-emociona-juiz-de-fora-e-marca-o-primeiro-ano-de-atuacao-da-escola-sesi-granbery\/","og_site_name":"Associativismo","article_modified_time":"2025-12-18T18:30:32+00:00","og_image":[{"width":300,"height":300,"url":"https:\/\/www.fiemg.com.br\/associativismo\/wp-content\/uploads\/sites\/29\/2023\/08\/default.png","type":"image\/png"}],"twitter_card":"summary_large_image","twitter_misc":{"Est. tempo de leitura":"3 minutos"},"schema":{"@context":"https:\/\/schema.org","@graph":[{"@type":"WebPage","@id":"https:\/\/www.fiemg.com.br\/associativismo\/noticias\/cantata-de-natal-emociona-juiz-de-fora-e-marca-o-primeiro-ano-de-atuacao-da-escola-sesi-granbery\/","url":"https:\/\/www.fiemg.com.br\/associativismo\/noticias\/cantata-de-natal-emociona-juiz-de-fora-e-marca-o-primeiro-ano-de-atuacao-da-escola-sesi-granbery\/","name":"Cantata de Natal emociona Juiz de Fora e marca o primeiro ano de atua\u00e7\u00e3o da Escola SESI Granbery - Associativismo","isPartOf":{"@id":"https:\/\/www.fiemg.com.br\/associativismo\/#website"},"primaryImageOfPage":{"@id":"https:\/\/www.fiemg.com.br\/associativismo\/noticias\/cantata-de-natal-emociona-juiz-de-fora-e-marca-o-primeiro-ano-de-atuacao-da-escola-sesi-granbery\/#primaryimage"},"image":{"@id":"https:\/\/www.fiemg.com.br\/associativismo\/noticias\/cantata-de-natal-emociona-juiz-de-fora-e-marca-o-primeiro-ano-de-atuacao-da-escola-sesi-granbery\/#primaryimage"},"thumbnailUrl":"https:\/\/www.fiemg.com.br\/associativismo\/wp-content\/uploads\/sites\/29\/2025\/12\/cantata-thumb-300x300-1.png","datePublished":"2025-12-18T14:06:27+00:00","dateModified":"2025-12-18T18:30:32+00:00","breadcrumb":{"@id":"https:\/\/www.fiemg.com.br\/associativismo\/noticias\/cantata-de-natal-emociona-juiz-de-fora-e-marca-o-primeiro-ano-de-atuacao-da-escola-sesi-granbery\/#breadcrumb"},"inLanguage":"pt-BR","potentialAction":[{"@type":"ReadAction","target":["https:\/\/www.fiemg.com.br\/associativismo\/noticias\/cantata-de-natal-emociona-juiz-de-fora-e-marca-o-primeiro-ano-de-atuacao-da-escola-sesi-granbery\/"]}]},{"@type":"ImageObject","inLanguage":"pt-BR","@id":"https:\/\/www.fiemg.com.br\/associativismo\/noticias\/cantata-de-natal-emociona-juiz-de-fora-e-marca-o-primeiro-ano-de-atuacao-da-escola-sesi-granbery\/#primaryimage","url":"https:\/\/www.fiemg.com.br\/associativismo\/wp-content\/uploads\/sites\/29\/2025\/12\/cantata-thumb-300x300-1.png","contentUrl":"https:\/\/www.fiemg.com.br\/associativismo\/wp-content\/uploads\/sites\/29\/2025\/12\/cantata-thumb-300x300-1.png","width":300,"height":300},{"@type":"BreadcrumbList","@id":"https:\/\/www.fiemg.com.br\/associativismo\/noticias\/cantata-de-natal-emociona-juiz-de-fora-e-marca-o-primeiro-ano-de-atuacao-da-escola-sesi-granbery\/#breadcrumb","itemListElement":[{"@type":"ListItem","position":1,"name":"In\u00edcio","item":"https:\/\/www.fiemg.com.br\/associativismo\/"},{"@type":"ListItem","position":2,"name":"Cantata de Natal emociona Juiz de Fora e marca o primeiro ano de atua\u00e7\u00e3o da Escola SESI Granbery"}]},{"@type":"WebSite","@id":"https:\/\/www.fiemg.com.br\/associativismo\/#website","url":"https:\/\/www.fiemg.com.br\/associativismo\/","name":"Associativismo","description":"Federa\u00e7\u00e3o das Ind\u00fastrias do Estado de Minas Gerais","publisher":{"@id":"https:\/\/www.fiemg.com.br\/associativismo\/#organization"},"potentialAction":[{"@type":"SearchAction","target":{"@type":"EntryPoint","urlTemplate":"https:\/\/www.fiemg.com.br\/associativismo\/?s={search_term_string}"},"query-input":{"@type":"PropertyValueSpecification","valueRequired":true,"valueName":"search_term_string"}}],"inLanguage":"pt-BR"},{"@type":"Organization","@id":"https:\/\/www.fiemg.com.br\/associativismo\/#organization","name":"Associativismo","url":"https:\/\/www.fiemg.com.br\/associativismo\/","logo":{"@type":"ImageObject","inLanguage":"pt-BR","@id":"https:\/\/www.fiemg.com.br\/associativismo\/#\/schema\/logo\/image\/","url":"https:\/\/www.fiemg.com.br\/associativismo\/wp-content\/uploads\/sites\/29\/2023\/02\/fiemg_branco.svg","contentUrl":"https:\/\/www.fiemg.com.br\/associativismo\/wp-content\/uploads\/sites\/29\/2023\/02\/fiemg_branco.svg","width":561,"height":147,"caption":"Associativismo"},"image":{"@id":"https:\/\/www.fiemg.com.br\/associativismo\/#\/schema\/logo\/image\/"}}]}},"_links":{"self":[{"href":"https:\/\/www.fiemg.com.br\/associativismo\/wp-json\/wp\/v2\/noticias\/4559","targetHints":{"allow":["GET"]}}],"collection":[{"href":"https:\/\/www.fiemg.com.br\/associativismo\/wp-json\/wp\/v2\/noticias"}],"about":[{"href":"https:\/\/www.fiemg.com.br\/associativismo\/wp-json\/wp\/v2\/types\/noticias"}],"wp:featuredmedia":[{"embeddable":true,"href":"https:\/\/www.fiemg.com.br\/associativismo\/wp-json\/wp\/v2\/media\/4571"}],"wp:attachment":[{"href":"https:\/\/www.fiemg.com.br\/associativismo\/wp-json\/wp\/v2\/media?parent=4559"}],"wp:term":[{"taxonomy":"category","embeddable":true,"href":"https:\/\/www.fiemg.com.br\/associativismo\/wp-json\/wp\/v2\/categories?post=4559"},{"taxonomy":"post_tag","embeddable":true,"href":"https:\/\/www.fiemg.com.br\/associativismo\/wp-json\/wp\/v2\/tags?post=4559"}],"curies":[{"name":"wp","href":"https:\/\/api.w.org\/{rel}","templated":true}]}}