{"id":4580,"date":"2025-12-19T16:05:32","date_gmt":"2025-12-19T19:05:32","guid":{"rendered":"https:\/\/www.fiemg.com.br\/associativismo\/noticias\/fiemg-envia-proposta-ao-mte-para-conter-endividamento-de-trabalhadores-com-credito-consignado-2\/"},"modified":"2025-12-19T16:09:21","modified_gmt":"2025-12-19T19:09:21","slug":"fiemg-envia-proposta-ao-mte-para-conter-endividamento-de-trabalhadores-com-credito-consignado-2","status":"publish","type":"noticias","link":"https:\/\/www.fiemg.com.br\/associativismo\/noticias\/fiemg-envia-proposta-ao-mte-para-conter-endividamento-de-trabalhadores-com-credito-consignado-2\/","title":{"rendered":"FIEMG envia proposta ao MTE para conter endividamento de trabalhadores com cr\u00e9dito consignado"},"content":{"rendered":"\n<p>A preocupa\u00e7\u00e3o com o avan\u00e7o do superendividamento dos trabalhadores formais levou a FIEMG a encaminhar, nessa quinta-feira (18\/12), um of\u00edcio ao Minist\u00e9rio do Trabalho e Emprego (MTE) com sugest\u00f5es para a redu\u00e7\u00e3o dos riscos associados ao novo modelo de cr\u00e9dito consignado. A proposta \u00e9 resultado de um levantamento t\u00e9cnico feito pela Ger\u00eancia Trabalhista da entidade e foi apresentada, na \u00faltima semana, ao Secret\u00e1rio de Prote\u00e7\u00e3o ao Trabalhador, Carlos Augusto Sim\u00f5es.<\/p>\n\n\n\n<p>A an\u00e1lise mostra que, desde mar\u00e7o, quando entrou em vigor o programa \u201cCr\u00e9dito do Trabalhador\u201d (Lei n\u00ba 15.179\/2025), houve um crescimento expressivo das concess\u00f5es de cr\u00e9dito consignado para trabalhadores da iniciativa privada. S\u00f3 entre mar\u00e7o e outubro, foram R$ 82,1 bilh\u00f5es emprestados, com 12,2 milh\u00f5es de contratos firmados para 7,1 milh\u00f5es de trabalhadores. O valor m\u00e9dio de empr\u00e9stimo por benefici\u00e1rio ultrapassa R$ 11 mil, com taxa de juros m\u00e9dia de 4,38% ao m\u00eas.<\/p>\n\n\n\n<p>Minas Gerais est\u00e1 entre os tr\u00eas estados com maior volume de contrata\u00e7\u00e3o do cr\u00e9dito consignado, com R$ 6,4 bilh\u00f5es, atr\u00e1s apenas de S\u00e3o Paulo e Rio de Janeiro. A expans\u00e3o, por\u00e9m, veio acompanhada de um aumento preocupante do custo do cr\u00e9dito e de uma redu\u00e7\u00e3o dos prazos de pagamento. Em 2025, a taxa anual m\u00e9dia do consignado privado subiu de 38,7% para 52,6%, enquanto o prazo m\u00e9dio caiu de 51,3 para 40,9 meses. Embora a inadimpl\u00eancia ainda n\u00e3o tenha se elevado de forma significativa, o cen\u00e1rio aponta para um maior comprometimento da renda e risco de superendividamento, especialmente entre trabalhadores mais vulner\u00e1veis.<\/p>\n\n\n\n<p>A proposta da FIEMG e das centrais sindicais que integram o F\u00f3rum Emprego e Renda \u2013 CUT, CTB e For\u00e7a Sindical \u2013 apresenta tr\u00eas medidas priorit\u00e1rias: (1) alterar a Portaria n\u00ba 1.231\/2024, para impedir que pessoas com CPF vinculado a empr\u00e9stimos consignados possam apostar em plataformas de apostas, medida semelhante \u00e0 adotada para benefici\u00e1rios do Bolsa Fam\u00edlia e do BPC; (2) estabelecer que a margem consign\u00e1vel seja limitada a 35% do sal\u00e1rio l\u00edquido real; e (3) limitar a taxa de juros cobrada dos trabalhadores do setor privado.<\/p>\n\n\n\n<p>\u201cA FIEMG entende que o cr\u00e9dito \u00e9 um instrumento importante de acesso ao consumo e \u00e0 estabilidade financeira, mas \u00e9 preciso garantir que ele seja sustent\u00e1vel. O novo consignado est\u00e1 pressionando a renda do trabalhador e pode empurrar muitos \u00e0 informalidade\u201d, afirma o presidente da FIEMG, Fl\u00e1vio Roscoe. A entidade refor\u00e7a que sua atua\u00e7\u00e3o tem sido pautada pelo di\u00e1logo t\u00e9cnico, com foco na prote\u00e7\u00e3o ao trabalhador e na sustentabilidade do modelo de cr\u00e9dito.<\/p>\n\n\n\n<p>Imprensa FIEMG<\/p>\n","protected":false},"featured_media":4581,"template":"","categories":[15],"tags":[1233,1234,37,1235],"class_list":["post-4580","noticias","type-noticias","status-publish","has-post-thumbnail","hentry","category-desenvolvimento-industrial","tag-consignado","tag-credito-2","tag-economia","tag-endividamento"],"acf":[],"yoast_head":"<!-- This site is optimized with the Yoast SEO plugin v26.2 - https:\/\/yoast.com\/wordpress\/plugins\/seo\/ -->\n<title>FIEMG envia proposta ao MTE para conter endividamento de trabalhadores com cr\u00e9dito consignado - Associativismo<\/title>\n<meta name=\"robots\" content=\"index, follow, max-snippet:-1, max-image-preview:large, max-video-preview:-1\" \/>\n<link rel=\"canonical\" href=\"https:\/\/www.fiemg.com.br\/associativismo\/noticias\/fiemg-envia-proposta-ao-mte-para-conter-endividamento-de-trabalhadores-com-credito-consignado-2\/\" \/>\n<meta property=\"og:locale\" content=\"pt_BR\" \/>\n<meta property=\"og:type\" content=\"article\" \/>\n<meta property=\"og:title\" content=\"FIEMG envia proposta ao MTE para conter endividamento de trabalhadores com cr\u00e9dito consignado - Associativismo\" \/>\n<meta property=\"og:description\" content=\"A preocupa\u00e7\u00e3o com o avan\u00e7o do superendividamento dos trabalhadores formais levou a FIEMG a encaminhar, nessa quinta-feira (18\/12), um of\u00edcio ao Minist\u00e9rio do Trabalho e Emprego (MTE) com sugest\u00f5es para a redu\u00e7\u00e3o dos riscos associados ao novo modelo de cr\u00e9dito consignado. A proposta \u00e9 resultado de um levantamento t\u00e9cnico feito pela Ger\u00eancia Trabalhista da entidade [&hellip;]\" \/>\n<meta property=\"og:url\" content=\"https:\/\/www.fiemg.com.br\/associativismo\/noticias\/fiemg-envia-proposta-ao-mte-para-conter-endividamento-de-trabalhadores-com-credito-consignado-2\/\" \/>\n<meta property=\"og:site_name\" content=\"Associativismo\" \/>\n<meta property=\"article:modified_time\" content=\"2025-12-19T19:09:21+00:00\" \/>\n<meta property=\"og:image\" content=\"https:\/\/www.fiemg.com.br\/associativismo\/wp-content\/uploads\/sites\/29\/2025\/12\/Thumb-Noticia.jpg\" \/>\n\t<meta property=\"og:image:width\" content=\"512\" \/>\n\t<meta property=\"og:image:height\" content=\"512\" \/>\n\t<meta property=\"og:image:type\" content=\"image\/jpeg\" \/>\n<meta name=\"twitter:card\" content=\"summary_large_image\" \/>\n<meta name=\"twitter:label1\" content=\"Est. tempo de leitura\" \/>\n\t<meta name=\"twitter:data1\" content=\"3 minutos\" \/>\n<script type=\"application\/ld+json\" class=\"yoast-schema-graph\">{\"@context\":\"https:\/\/schema.org\",\"@graph\":[{\"@type\":\"WebPage\",\"@id\":\"https:\/\/www.fiemg.com.br\/associativismo\/noticias\/fiemg-envia-proposta-ao-mte-para-conter-endividamento-de-trabalhadores-com-credito-consignado-2\/\",\"url\":\"https:\/\/www.fiemg.com.br\/associativismo\/noticias\/fiemg-envia-proposta-ao-mte-para-conter-endividamento-de-trabalhadores-com-credito-consignado-2\/\",\"name\":\"FIEMG envia proposta ao MTE para conter endividamento de trabalhadores com cr\u00e9dito consignado - Associativismo\",\"isPartOf\":{\"@id\":\"https:\/\/www.fiemg.com.br\/associativismo\/#website\"},\"primaryImageOfPage\":{\"@id\":\"https:\/\/www.fiemg.com.br\/associativismo\/noticias\/fiemg-envia-proposta-ao-mte-para-conter-endividamento-de-trabalhadores-com-credito-consignado-2\/#primaryimage\"},\"image\":{\"@id\":\"https:\/\/www.fiemg.com.br\/associativismo\/noticias\/fiemg-envia-proposta-ao-mte-para-conter-endividamento-de-trabalhadores-com-credito-consignado-2\/#primaryimage\"},\"thumbnailUrl\":\"https:\/\/www.fiemg.com.br\/associativismo\/wp-content\/uploads\/sites\/29\/2025\/12\/Thumb-Noticia.jpg\",\"datePublished\":\"2025-12-19T19:05:32+00:00\",\"dateModified\":\"2025-12-19T19:09:21+00:00\",\"breadcrumb\":{\"@id\":\"https:\/\/www.fiemg.com.br\/associativismo\/noticias\/fiemg-envia-proposta-ao-mte-para-conter-endividamento-de-trabalhadores-com-credito-consignado-2\/#breadcrumb\"},\"inLanguage\":\"pt-BR\",\"potentialAction\":[{\"@type\":\"ReadAction\",\"target\":[\"https:\/\/www.fiemg.com.br\/associativismo\/noticias\/fiemg-envia-proposta-ao-mte-para-conter-endividamento-de-trabalhadores-com-credito-consignado-2\/\"]}]},{\"@type\":\"ImageObject\",\"inLanguage\":\"pt-BR\",\"@id\":\"https:\/\/www.fiemg.com.br\/associativismo\/noticias\/fiemg-envia-proposta-ao-mte-para-conter-endividamento-de-trabalhadores-com-credito-consignado-2\/#primaryimage\",\"url\":\"https:\/\/www.fiemg.com.br\/associativismo\/wp-content\/uploads\/sites\/29\/2025\/12\/Thumb-Noticia.jpg\",\"contentUrl\":\"https:\/\/www.fiemg.com.br\/associativismo\/wp-content\/uploads\/sites\/29\/2025\/12\/Thumb-Noticia.jpg\",\"width\":512,\"height\":512},{\"@type\":\"BreadcrumbList\",\"@id\":\"https:\/\/www.fiemg.com.br\/associativismo\/noticias\/fiemg-envia-proposta-ao-mte-para-conter-endividamento-de-trabalhadores-com-credito-consignado-2\/#breadcrumb\",\"itemListElement\":[{\"@type\":\"ListItem\",\"position\":1,\"name\":\"In\u00edcio\",\"item\":\"https:\/\/www.fiemg.com.br\/associativismo\/\"},{\"@type\":\"ListItem\",\"position\":2,\"name\":\"FIEMG envia proposta ao MTE para conter endividamento de trabalhadores com cr\u00e9dito consignado\"}]},{\"@type\":\"WebSite\",\"@id\":\"https:\/\/www.fiemg.com.br\/associativismo\/#website\",\"url\":\"https:\/\/www.fiemg.com.br\/associativismo\/\",\"name\":\"Associativismo\",\"description\":\"Federa\u00e7\u00e3o das Ind\u00fastrias do Estado de Minas Gerais\",\"publisher\":{\"@id\":\"https:\/\/www.fiemg.com.br\/associativismo\/#organization\"},\"potentialAction\":[{\"@type\":\"SearchAction\",\"target\":{\"@type\":\"EntryPoint\",\"urlTemplate\":\"https:\/\/www.fiemg.com.br\/associativismo\/?s={search_term_string}\"},\"query-input\":{\"@type\":\"PropertyValueSpecification\",\"valueRequired\":true,\"valueName\":\"search_term_string\"}}],\"inLanguage\":\"pt-BR\"},{\"@type\":\"Organization\",\"@id\":\"https:\/\/www.fiemg.com.br\/associativismo\/#organization\",\"name\":\"Associativismo\",\"url\":\"https:\/\/www.fiemg.com.br\/associativismo\/\",\"logo\":{\"@type\":\"ImageObject\",\"inLanguage\":\"pt-BR\",\"@id\":\"https:\/\/www.fiemg.com.br\/associativismo\/#\/schema\/logo\/image\/\",\"url\":\"https:\/\/www.fiemg.com.br\/associativismo\/wp-content\/uploads\/sites\/29\/2023\/02\/fiemg_branco.svg\",\"contentUrl\":\"https:\/\/www.fiemg.com.br\/associativismo\/wp-content\/uploads\/sites\/29\/2023\/02\/fiemg_branco.svg\",\"width\":561,\"height\":147,\"caption\":\"Associativismo\"},\"image\":{\"@id\":\"https:\/\/www.fiemg.com.br\/associativismo\/#\/schema\/logo\/image\/\"}}]}<\/script>\n<!-- \/ Yoast SEO plugin. -->","yoast_head_json":{"title":"FIEMG envia proposta ao MTE para conter endividamento de trabalhadores com cr\u00e9dito consignado - Associativismo","robots":{"index":"index","follow":"follow","max-snippet":"max-snippet:-1","max-image-preview":"max-image-preview:large","max-video-preview":"max-video-preview:-1"},"canonical":"https:\/\/www.fiemg.com.br\/associativismo\/noticias\/fiemg-envia-proposta-ao-mte-para-conter-endividamento-de-trabalhadores-com-credito-consignado-2\/","og_locale":"pt_BR","og_type":"article","og_title":"FIEMG envia proposta ao MTE para conter endividamento de trabalhadores com cr\u00e9dito consignado - Associativismo","og_description":"A preocupa\u00e7\u00e3o com o avan\u00e7o do superendividamento dos trabalhadores formais levou a FIEMG a encaminhar, nessa quinta-feira (18\/12), um of\u00edcio ao Minist\u00e9rio do Trabalho e Emprego (MTE) com sugest\u00f5es para a redu\u00e7\u00e3o dos riscos associados ao novo modelo de cr\u00e9dito consignado. A proposta \u00e9 resultado de um levantamento t\u00e9cnico feito pela Ger\u00eancia Trabalhista da entidade [&hellip;]","og_url":"https:\/\/www.fiemg.com.br\/associativismo\/noticias\/fiemg-envia-proposta-ao-mte-para-conter-endividamento-de-trabalhadores-com-credito-consignado-2\/","og_site_name":"Associativismo","article_modified_time":"2025-12-19T19:09:21+00:00","og_image":[{"width":512,"height":512,"url":"https:\/\/www.fiemg.com.br\/associativismo\/wp-content\/uploads\/sites\/29\/2025\/12\/Thumb-Noticia.jpg","type":"image\/jpeg"}],"twitter_card":"summary_large_image","twitter_misc":{"Est. tempo de leitura":"3 minutos"},"schema":{"@context":"https:\/\/schema.org","@graph":[{"@type":"WebPage","@id":"https:\/\/www.fiemg.com.br\/associativismo\/noticias\/fiemg-envia-proposta-ao-mte-para-conter-endividamento-de-trabalhadores-com-credito-consignado-2\/","url":"https:\/\/www.fiemg.com.br\/associativismo\/noticias\/fiemg-envia-proposta-ao-mte-para-conter-endividamento-de-trabalhadores-com-credito-consignado-2\/","name":"FIEMG envia proposta ao MTE para conter endividamento de trabalhadores com cr\u00e9dito consignado - Associativismo","isPartOf":{"@id":"https:\/\/www.fiemg.com.br\/associativismo\/#website"},"primaryImageOfPage":{"@id":"https:\/\/www.fiemg.com.br\/associativismo\/noticias\/fiemg-envia-proposta-ao-mte-para-conter-endividamento-de-trabalhadores-com-credito-consignado-2\/#primaryimage"},"image":{"@id":"https:\/\/www.fiemg.com.br\/associativismo\/noticias\/fiemg-envia-proposta-ao-mte-para-conter-endividamento-de-trabalhadores-com-credito-consignado-2\/#primaryimage"},"thumbnailUrl":"https:\/\/www.fiemg.com.br\/associativismo\/wp-content\/uploads\/sites\/29\/2025\/12\/Thumb-Noticia.jpg","datePublished":"2025-12-19T19:05:32+00:00","dateModified":"2025-12-19T19:09:21+00:00","breadcrumb":{"@id":"https:\/\/www.fiemg.com.br\/associativismo\/noticias\/fiemg-envia-proposta-ao-mte-para-conter-endividamento-de-trabalhadores-com-credito-consignado-2\/#breadcrumb"},"inLanguage":"pt-BR","potentialAction":[{"@type":"ReadAction","target":["https:\/\/www.fiemg.com.br\/associativismo\/noticias\/fiemg-envia-proposta-ao-mte-para-conter-endividamento-de-trabalhadores-com-credito-consignado-2\/"]}]},{"@type":"ImageObject","inLanguage":"pt-BR","@id":"https:\/\/www.fiemg.com.br\/associativismo\/noticias\/fiemg-envia-proposta-ao-mte-para-conter-endividamento-de-trabalhadores-com-credito-consignado-2\/#primaryimage","url":"https:\/\/www.fiemg.com.br\/associativismo\/wp-content\/uploads\/sites\/29\/2025\/12\/Thumb-Noticia.jpg","contentUrl":"https:\/\/www.fiemg.com.br\/associativismo\/wp-content\/uploads\/sites\/29\/2025\/12\/Thumb-Noticia.jpg","width":512,"height":512},{"@type":"BreadcrumbList","@id":"https:\/\/www.fiemg.com.br\/associativismo\/noticias\/fiemg-envia-proposta-ao-mte-para-conter-endividamento-de-trabalhadores-com-credito-consignado-2\/#breadcrumb","itemListElement":[{"@type":"ListItem","position":1,"name":"In\u00edcio","item":"https:\/\/www.fiemg.com.br\/associativismo\/"},{"@type":"ListItem","position":2,"name":"FIEMG envia proposta ao MTE para conter endividamento de trabalhadores com cr\u00e9dito consignado"}]},{"@type":"WebSite","@id":"https:\/\/www.fiemg.com.br\/associativismo\/#website","url":"https:\/\/www.fiemg.com.br\/associativismo\/","name":"Associativismo","description":"Federa\u00e7\u00e3o das Ind\u00fastrias do Estado de Minas Gerais","publisher":{"@id":"https:\/\/www.fiemg.com.br\/associativismo\/#organization"},"potentialAction":[{"@type":"SearchAction","target":{"@type":"EntryPoint","urlTemplate":"https:\/\/www.fiemg.com.br\/associativismo\/?s={search_term_string}"},"query-input":{"@type":"PropertyValueSpecification","valueRequired":true,"valueName":"search_term_string"}}],"inLanguage":"pt-BR"},{"@type":"Organization","@id":"https:\/\/www.fiemg.com.br\/associativismo\/#organization","name":"Associativismo","url":"https:\/\/www.fiemg.com.br\/associativismo\/","logo":{"@type":"ImageObject","inLanguage":"pt-BR","@id":"https:\/\/www.fiemg.com.br\/associativismo\/#\/schema\/logo\/image\/","url":"https:\/\/www.fiemg.com.br\/associativismo\/wp-content\/uploads\/sites\/29\/2023\/02\/fiemg_branco.svg","contentUrl":"https:\/\/www.fiemg.com.br\/associativismo\/wp-content\/uploads\/sites\/29\/2023\/02\/fiemg_branco.svg","width":561,"height":147,"caption":"Associativismo"},"image":{"@id":"https:\/\/www.fiemg.com.br\/associativismo\/#\/schema\/logo\/image\/"}}]}},"_links":{"self":[{"href":"https:\/\/www.fiemg.com.br\/associativismo\/wp-json\/wp\/v2\/noticias\/4580","targetHints":{"allow":["GET"]}}],"collection":[{"href":"https:\/\/www.fiemg.com.br\/associativismo\/wp-json\/wp\/v2\/noticias"}],"about":[{"href":"https:\/\/www.fiemg.com.br\/associativismo\/wp-json\/wp\/v2\/types\/noticias"}],"wp:featuredmedia":[{"embeddable":true,"href":"https:\/\/www.fiemg.com.br\/associativismo\/wp-json\/wp\/v2\/media\/4581"}],"wp:attachment":[{"href":"https:\/\/www.fiemg.com.br\/associativismo\/wp-json\/wp\/v2\/media?parent=4580"}],"wp:term":[{"taxonomy":"category","embeddable":true,"href":"https:\/\/www.fiemg.com.br\/associativismo\/wp-json\/wp\/v2\/categories?post=4580"},{"taxonomy":"post_tag","embeddable":true,"href":"https:\/\/www.fiemg.com.br\/associativismo\/wp-json\/wp\/v2\/tags?post=4580"}],"curies":[{"name":"wp","href":"https:\/\/api.w.org\/{rel}","templated":true}]}}