{"id":4606,"date":"2026-01-20T08:27:14","date_gmt":"2026-01-20T11:27:14","guid":{"rendered":"https:\/\/www.fiemg.com.br\/associativismo\/?post_type=noticias&#038;p=4606"},"modified":"2026-01-20T09:38:51","modified_gmt":"2026-01-20T12:38:51","slug":"janeiro-branco-saude-mental-trabalho","status":"publish","type":"noticias","link":"https:\/\/www.fiemg.com.br\/associativismo\/noticias\/janeiro-branco-saude-mental-trabalho\/","title":{"rendered":"Janeiro Branco refor\u00e7a import\u00e2ncia da sa\u00fade mental preventiva"},"content":{"rendered":"\n<p>Os transtornos mentais j\u00e1 representam uma das principais causas de afastamento do trabalho e de perda de produtividade no Brasil. Estudo realizado pela FIEMG, com base nos \u00faltimos dados dispon\u00edveis, aponta que os problemas relacionados \u00e0 sa\u00fade mental retiram 2,8% do PIB potencial brasileiro, o equivalente a R$ 282 bilh\u00f5es por ano, al\u00e9m de impactarem diretamente o mercado de trabalho, a renda das fam\u00edlias e a arrecada\u00e7\u00e3o p\u00fablica.<\/p>\n\n\n\n<p>Segundo o levantamento, cerca de 20% da popula\u00e7\u00e3o ocupada convive com algum transtorno mental, como ansiedade e depress\u00e3o. Cada trabalhador afetado perde, em m\u00e9dia, 51 dias de vida saud\u00e1vel por ano, reflexo de afastamentos, queda de produtividade, absente\u00edsmo e presente\u00edsmo \u2014 fatores que afetam diretamente a efici\u00eancia das empresas e elevam custos operacionais.<\/p>\n\n\n\n<p>No cen\u00e1rio analisado, os impactos econ\u00f4micos incluem ainda a perda de aproximadamente 801 mil postos de trabalho no pa\u00eds e a redu\u00e7\u00e3o de R$ 165 bilh\u00f5es na renda das fam\u00edlias, evidenciando que a sa\u00fade mental deixou de ser apenas uma pauta social e passou a ocupar papel central nas estrat\u00e9gias de gest\u00e3o, seguran\u00e7a e sa\u00fade no trabalho (SST).<\/p>\n\n\n\n<p>Para a analista de sa\u00fade e seguran\u00e7a do trabalho e qualidade de vida do SESI-MG, Camila Dulce Gorgulho Campos, os transtornos mentais podem afetar a din\u00e2mica das empresas de forma progressiva e muitas vezes silenciosa, gerando impactos que v\u00e3o al\u00e9m dos afastamentos formais. Ela avalia que o presente\u00edsmo \u2013 quando o trabalhador permanece em atividade mesmo sem estar bem de sa\u00fade \u2013 costuma ser um dos primeiros sinais do problema e tende a elevar custos operacionais antes mesmo de aparecer nos indicadores tradicionais.&nbsp;<\/p>\n\n\n\n<p>\u201cQuando o colaborador n\u00e3o est\u00e1 bem emocionalmente, \u00e9 comum observar queda de concentra\u00e7\u00e3o, aumento de erros, retrabalho e conflitos\u201d, afirma. Para a analista, esse cen\u00e1rio compromete a qualidade dos processos, a entrega de resultados e a seguran\u00e7a das opera\u00e7\u00f5es, al\u00e9m de sobrecarregar equipes e ampliar riscos financeiros e humanos.<\/p>\n\n\n\n<p>O estudo tamb\u00e9m aponta que os efeitos dos transtornos mentais v\u00e3o al\u00e9m do indiv\u00edduo, gerando um efeito sist\u00eamico na economia, com queda no faturamento das empresas, redu\u00e7\u00e3o de investimentos, diminui\u00e7\u00e3o da produ\u00e7\u00e3o e aumento das demiss\u00f5es. Em Minas Gerais, as perdas tamb\u00e9m s\u00e3o significativas, com impacto direto sobre empregos, massa salarial e arrecada\u00e7\u00e3o.<\/p>\n\n\n\n<p>Ao analisar uma solu\u00e7\u00e3o para esse problema, Camila afirma que a consolida\u00e7\u00e3o de uma cultura de bem-estar contribui para reduzir riscos operacionais, fortalecer o engajamento e tornar os ambientes de trabalho mais seguros, sustent\u00e1veis e humanos ao longo do tempo. \u201cPara mudar esse cen\u00e1rio, as empresas precisam adotar uma postura proativa de gest\u00e3o de promo\u00e7\u00e3o da sa\u00fade mental, assumindo um papel ativo como fator de prote\u00e7\u00e3o e apoio social, e n\u00e3o como agente de adoecimento\u201d, defende.<\/p>\n\n\n\n<p>Neste contexto, a campanha Janeiro Branco, mostra a import\u00e2ncia de incorporar a sa\u00fade mental \u00e0s pol\u00edticas de SST, com foco na preven\u00e7\u00e3o, gest\u00e3o de riscos psicossociais e promo\u00e7\u00e3o da qualidade de vida no trabalho.&nbsp;<\/p>\n\n\n\n<p>A mensagem \u00e9 clara: cuidar da sa\u00fade mental n\u00e3o \u00e9 custo, \u00e9 investimento \u2014 com impacto direto na produtividade, na seguran\u00e7a do trabalho e na competitividade das empresas.<\/p>\n\n\n\n<p>Acesse <strong><a href=\"https:\/\/www.fiemg.com.br\/associativismo\/wp-content\/uploads\/sites\/29\/2026\/01\/janeiro-branco-saude-mental-trabalho-fiemg.pdf\">aqui<\/a><\/strong> o estudo realizado pela FIEMG e leia na \u00edntegra.<\/p>\n\n\n\n<p><strong>Ana Paula Motta<\/strong><br><em>Imprensa FIEMG<\/em><\/p>\n\n\n\n<p><\/p>\n","protected":false},"featured_media":4608,"template":"","categories":[15],"tags":[1239,1240,1241],"class_list":["post-4606","noticias","type-noticias","status-publish","has-post-thumbnail","hentry","category-desenvolvimento-industrial","tag-janeiro-branco","tag-saude-mental-no-trabalho","tag-trabalho-burnout"],"acf":[],"yoast_head":"<!-- This site is optimized with the Yoast SEO plugin v26.2 - https:\/\/yoast.com\/wordpress\/plugins\/seo\/ -->\n<title>Janeiro Branco refor\u00e7a import\u00e2ncia da sa\u00fade mental preventiva - Associativismo<\/title>\n<meta name=\"robots\" content=\"index, follow, max-snippet:-1, max-image-preview:large, max-video-preview:-1\" \/>\n<link rel=\"canonical\" href=\"https:\/\/www.fiemg.com.br\/associativismo\/?post_type=noticias&p=4606\" \/>\n<meta property=\"og:locale\" content=\"pt_BR\" \/>\n<meta property=\"og:type\" content=\"article\" \/>\n<meta property=\"og:title\" content=\"Janeiro Branco refor\u00e7a import\u00e2ncia da sa\u00fade mental preventiva - Associativismo\" \/>\n<meta property=\"og:description\" content=\"Os transtornos mentais j\u00e1 representam uma das principais causas de afastamento do trabalho e de perda de produtividade no Brasil. Estudo realizado pela FIEMG, com base nos \u00faltimos dados dispon\u00edveis, aponta que os problemas relacionados \u00e0 sa\u00fade mental retiram 2,8% do PIB potencial brasileiro, o equivalente a R$ 282 bilh\u00f5es por ano, al\u00e9m de impactarem [&hellip;]\" \/>\n<meta property=\"og:url\" content=\"https:\/\/www.fiemg.com.br\/associativismo\/?post_type=noticias&amp;p=4606\" \/>\n<meta property=\"og:site_name\" content=\"Associativismo\" \/>\n<meta property=\"article:modified_time\" content=\"2026-01-20T12:38:51+00:00\" \/>\n<meta property=\"og:image\" content=\"https:\/\/www.fiemg.com.br\/associativismo\/wp-content\/uploads\/sites\/29\/2026\/01\/janeiro-branco-saude-mental-trabalho-fiemg.jpg\" \/>\n\t<meta property=\"og:image:width\" content=\"512\" \/>\n\t<meta property=\"og:image:height\" content=\"512\" \/>\n\t<meta property=\"og:image:type\" content=\"image\/jpeg\" \/>\n<meta name=\"twitter:card\" content=\"summary_large_image\" \/>\n<meta name=\"twitter:label1\" content=\"Est. tempo de leitura\" \/>\n\t<meta name=\"twitter:data1\" content=\"4 minutos\" \/>\n<script type=\"application\/ld+json\" class=\"yoast-schema-graph\">{\"@context\":\"https:\/\/schema.org\",\"@graph\":[{\"@type\":\"WebPage\",\"@id\":\"https:\/\/www.fiemg.com.br\/associativismo\/?post_type=noticias&p=4606\",\"url\":\"https:\/\/www.fiemg.com.br\/associativismo\/?post_type=noticias&p=4606\",\"name\":\"Janeiro Branco refor\u00e7a import\u00e2ncia da sa\u00fade mental preventiva - Associativismo\",\"isPartOf\":{\"@id\":\"https:\/\/www.fiemg.com.br\/associativismo\/#website\"},\"primaryImageOfPage\":{\"@id\":\"https:\/\/www.fiemg.com.br\/associativismo\/?post_type=noticias&p=4606#primaryimage\"},\"image\":{\"@id\":\"https:\/\/www.fiemg.com.br\/associativismo\/?post_type=noticias&p=4606#primaryimage\"},\"thumbnailUrl\":\"https:\/\/www.fiemg.com.br\/associativismo\/wp-content\/uploads\/sites\/29\/2026\/01\/janeiro-branco-saude-mental-trabalho-fiemg.jpg\",\"datePublished\":\"2026-01-20T11:27:14+00:00\",\"dateModified\":\"2026-01-20T12:38:51+00:00\",\"breadcrumb\":{\"@id\":\"https:\/\/www.fiemg.com.br\/associativismo\/?post_type=noticias&p=4606#breadcrumb\"},\"inLanguage\":\"pt-BR\",\"potentialAction\":[{\"@type\":\"ReadAction\",\"target\":[\"https:\/\/www.fiemg.com.br\/associativismo\/?post_type=noticias&p=4606\"]}]},{\"@type\":\"ImageObject\",\"inLanguage\":\"pt-BR\",\"@id\":\"https:\/\/www.fiemg.com.br\/associativismo\/?post_type=noticias&p=4606#primaryimage\",\"url\":\"https:\/\/www.fiemg.com.br\/associativismo\/wp-content\/uploads\/sites\/29\/2026\/01\/janeiro-branco-saude-mental-trabalho-fiemg.jpg\",\"contentUrl\":\"https:\/\/www.fiemg.com.br\/associativismo\/wp-content\/uploads\/sites\/29\/2026\/01\/janeiro-branco-saude-mental-trabalho-fiemg.jpg\",\"width\":512,\"height\":512},{\"@type\":\"BreadcrumbList\",\"@id\":\"https:\/\/www.fiemg.com.br\/associativismo\/?post_type=noticias&p=4606#breadcrumb\",\"itemListElement\":[{\"@type\":\"ListItem\",\"position\":1,\"name\":\"In\u00edcio\",\"item\":\"https:\/\/www.fiemg.com.br\/associativismo\/\"},{\"@type\":\"ListItem\",\"position\":2,\"name\":\"Janeiro Branco refor\u00e7a import\u00e2ncia da sa\u00fade mental preventiva\"}]},{\"@type\":\"WebSite\",\"@id\":\"https:\/\/www.fiemg.com.br\/associativismo\/#website\",\"url\":\"https:\/\/www.fiemg.com.br\/associativismo\/\",\"name\":\"Associativismo\",\"description\":\"Federa\u00e7\u00e3o das Ind\u00fastrias do Estado de Minas Gerais\",\"publisher\":{\"@id\":\"https:\/\/www.fiemg.com.br\/associativismo\/#organization\"},\"potentialAction\":[{\"@type\":\"SearchAction\",\"target\":{\"@type\":\"EntryPoint\",\"urlTemplate\":\"https:\/\/www.fiemg.com.br\/associativismo\/?s={search_term_string}\"},\"query-input\":{\"@type\":\"PropertyValueSpecification\",\"valueRequired\":true,\"valueName\":\"search_term_string\"}}],\"inLanguage\":\"pt-BR\"},{\"@type\":\"Organization\",\"@id\":\"https:\/\/www.fiemg.com.br\/associativismo\/#organization\",\"name\":\"Associativismo\",\"url\":\"https:\/\/www.fiemg.com.br\/associativismo\/\",\"logo\":{\"@type\":\"ImageObject\",\"inLanguage\":\"pt-BR\",\"@id\":\"https:\/\/www.fiemg.com.br\/associativismo\/#\/schema\/logo\/image\/\",\"url\":\"https:\/\/www.fiemg.com.br\/associativismo\/wp-content\/uploads\/sites\/29\/2023\/02\/fiemg_branco.svg\",\"contentUrl\":\"https:\/\/www.fiemg.com.br\/associativismo\/wp-content\/uploads\/sites\/29\/2023\/02\/fiemg_branco.svg\",\"width\":561,\"height\":147,\"caption\":\"Associativismo\"},\"image\":{\"@id\":\"https:\/\/www.fiemg.com.br\/associativismo\/#\/schema\/logo\/image\/\"}}]}<\/script>\n<!-- \/ Yoast SEO plugin. -->","yoast_head_json":{"title":"Janeiro Branco refor\u00e7a import\u00e2ncia da sa\u00fade mental preventiva - Associativismo","robots":{"index":"index","follow":"follow","max-snippet":"max-snippet:-1","max-image-preview":"max-image-preview:large","max-video-preview":"max-video-preview:-1"},"canonical":"https:\/\/www.fiemg.com.br\/associativismo\/?post_type=noticias&p=4606","og_locale":"pt_BR","og_type":"article","og_title":"Janeiro Branco refor\u00e7a import\u00e2ncia da sa\u00fade mental preventiva - Associativismo","og_description":"Os transtornos mentais j\u00e1 representam uma das principais causas de afastamento do trabalho e de perda de produtividade no Brasil. Estudo realizado pela FIEMG, com base nos \u00faltimos dados dispon\u00edveis, aponta que os problemas relacionados \u00e0 sa\u00fade mental retiram 2,8% do PIB potencial brasileiro, o equivalente a R$ 282 bilh\u00f5es por ano, al\u00e9m de impactarem [&hellip;]","og_url":"https:\/\/www.fiemg.com.br\/associativismo\/?post_type=noticias&p=4606","og_site_name":"Associativismo","article_modified_time":"2026-01-20T12:38:51+00:00","og_image":[{"width":512,"height":512,"url":"https:\/\/www.fiemg.com.br\/associativismo\/wp-content\/uploads\/sites\/29\/2026\/01\/janeiro-branco-saude-mental-trabalho-fiemg.jpg","type":"image\/jpeg"}],"twitter_card":"summary_large_image","twitter_misc":{"Est. tempo de leitura":"4 minutos"},"schema":{"@context":"https:\/\/schema.org","@graph":[{"@type":"WebPage","@id":"https:\/\/www.fiemg.com.br\/associativismo\/?post_type=noticias&p=4606","url":"https:\/\/www.fiemg.com.br\/associativismo\/?post_type=noticias&p=4606","name":"Janeiro Branco refor\u00e7a import\u00e2ncia da sa\u00fade mental preventiva - Associativismo","isPartOf":{"@id":"https:\/\/www.fiemg.com.br\/associativismo\/#website"},"primaryImageOfPage":{"@id":"https:\/\/www.fiemg.com.br\/associativismo\/?post_type=noticias&p=4606#primaryimage"},"image":{"@id":"https:\/\/www.fiemg.com.br\/associativismo\/?post_type=noticias&p=4606#primaryimage"},"thumbnailUrl":"https:\/\/www.fiemg.com.br\/associativismo\/wp-content\/uploads\/sites\/29\/2026\/01\/janeiro-branco-saude-mental-trabalho-fiemg.jpg","datePublished":"2026-01-20T11:27:14+00:00","dateModified":"2026-01-20T12:38:51+00:00","breadcrumb":{"@id":"https:\/\/www.fiemg.com.br\/associativismo\/?post_type=noticias&p=4606#breadcrumb"},"inLanguage":"pt-BR","potentialAction":[{"@type":"ReadAction","target":["https:\/\/www.fiemg.com.br\/associativismo\/?post_type=noticias&p=4606"]}]},{"@type":"ImageObject","inLanguage":"pt-BR","@id":"https:\/\/www.fiemg.com.br\/associativismo\/?post_type=noticias&p=4606#primaryimage","url":"https:\/\/www.fiemg.com.br\/associativismo\/wp-content\/uploads\/sites\/29\/2026\/01\/janeiro-branco-saude-mental-trabalho-fiemg.jpg","contentUrl":"https:\/\/www.fiemg.com.br\/associativismo\/wp-content\/uploads\/sites\/29\/2026\/01\/janeiro-branco-saude-mental-trabalho-fiemg.jpg","width":512,"height":512},{"@type":"BreadcrumbList","@id":"https:\/\/www.fiemg.com.br\/associativismo\/?post_type=noticias&p=4606#breadcrumb","itemListElement":[{"@type":"ListItem","position":1,"name":"In\u00edcio","item":"https:\/\/www.fiemg.com.br\/associativismo\/"},{"@type":"ListItem","position":2,"name":"Janeiro Branco refor\u00e7a import\u00e2ncia da sa\u00fade mental preventiva"}]},{"@type":"WebSite","@id":"https:\/\/www.fiemg.com.br\/associativismo\/#website","url":"https:\/\/www.fiemg.com.br\/associativismo\/","name":"Associativismo","description":"Federa\u00e7\u00e3o das Ind\u00fastrias do Estado de Minas Gerais","publisher":{"@id":"https:\/\/www.fiemg.com.br\/associativismo\/#organization"},"potentialAction":[{"@type":"SearchAction","target":{"@type":"EntryPoint","urlTemplate":"https:\/\/www.fiemg.com.br\/associativismo\/?s={search_term_string}"},"query-input":{"@type":"PropertyValueSpecification","valueRequired":true,"valueName":"search_term_string"}}],"inLanguage":"pt-BR"},{"@type":"Organization","@id":"https:\/\/www.fiemg.com.br\/associativismo\/#organization","name":"Associativismo","url":"https:\/\/www.fiemg.com.br\/associativismo\/","logo":{"@type":"ImageObject","inLanguage":"pt-BR","@id":"https:\/\/www.fiemg.com.br\/associativismo\/#\/schema\/logo\/image\/","url":"https:\/\/www.fiemg.com.br\/associativismo\/wp-content\/uploads\/sites\/29\/2023\/02\/fiemg_branco.svg","contentUrl":"https:\/\/www.fiemg.com.br\/associativismo\/wp-content\/uploads\/sites\/29\/2023\/02\/fiemg_branco.svg","width":561,"height":147,"caption":"Associativismo"},"image":{"@id":"https:\/\/www.fiemg.com.br\/associativismo\/#\/schema\/logo\/image\/"}}]}},"_links":{"self":[{"href":"https:\/\/www.fiemg.com.br\/associativismo\/wp-json\/wp\/v2\/noticias\/4606","targetHints":{"allow":["GET"]}}],"collection":[{"href":"https:\/\/www.fiemg.com.br\/associativismo\/wp-json\/wp\/v2\/noticias"}],"about":[{"href":"https:\/\/www.fiemg.com.br\/associativismo\/wp-json\/wp\/v2\/types\/noticias"}],"wp:featuredmedia":[{"embeddable":true,"href":"https:\/\/www.fiemg.com.br\/associativismo\/wp-json\/wp\/v2\/media\/4608"}],"wp:attachment":[{"href":"https:\/\/www.fiemg.com.br\/associativismo\/wp-json\/wp\/v2\/media?parent=4606"}],"wp:term":[{"taxonomy":"category","embeddable":true,"href":"https:\/\/www.fiemg.com.br\/associativismo\/wp-json\/wp\/v2\/categories?post=4606"},{"taxonomy":"post_tag","embeddable":true,"href":"https:\/\/www.fiemg.com.br\/associativismo\/wp-json\/wp\/v2\/tags?post=4606"}],"curies":[{"name":"wp","href":"https:\/\/api.w.org\/{rel}","templated":true}]}}