{"id":4696,"date":"2026-03-09T16:58:44","date_gmt":"2026-03-09T19:58:44","guid":{"rendered":"https:\/\/www.fiemg.com.br\/associativismo\/noticias\/finep-pelo-brasil-desembarca-na-fiemg\/"},"modified":"2026-03-09T17:00:16","modified_gmt":"2026-03-09T20:00:16","slug":"finep-pelo-brasil-desembarca-na-fiemg","status":"publish","type":"noticias","link":"https:\/\/www.fiemg.com.br\/associativismo\/noticias\/finep-pelo-brasil-desembarca-na-fiemg\/","title":{"rendered":"\u2018Finep pelo Brasil\u2019 desembarca na FIEMG"},"content":{"rendered":"\n<p>A FIEMG recebe no dia 16 de mar\u00e7o mais uma etapa do programa \u2018Finep pelo Brasil\u2019, iniciativa que apresenta \u00e0s empresas, cooperativas e institui\u00e7\u00f5es cient\u00edficas e tecnol\u00f3gicas as linhas de cr\u00e9dito e editais dispon\u00edveis para financiamento de projetos de ci\u00eancia, tecnologia e inova\u00e7\u00e3o. O encontro na sede da Federa\u00e7\u00e3o, em Belo Horizonte, busca ampliar o acesso do setor produtivo mineiro aos instrumentos de apoio \u00e0 inova\u00e7\u00e3o e fortalecer a competitividade da ind\u00fastria no estado. Esta \u00e9 uma realiza\u00e7\u00e3o da Finep (Financiadora de Estudos e Projetos), do Minist\u00e9rio da Ci\u00eancia, Tecnologia e Inova\u00e7\u00e3o (MCTI), da FIEMG, do BH-TEC e do BDMG.<\/p>\n\n\n\n<p>Trata-se de uma s\u00e9rie com mais de 100 encontros itinerantes que percorrer\u00e1 as principais capitais e cidades do interior em todas as regi\u00f5es do pa\u00eds. A proposta \u00e9 descentralizar o fomento \u00e0 inova\u00e7\u00e3o por meio de editais, chamadas p\u00fablicas e eventos regionais, com recursos voltados ao fortalecimento da competitividade nacional.<\/p>\n\n\n\n<p>Na ocasi\u00e3o, a Finep apresentar\u00e1 detalhes dos 13 editais rec\u00e9m-lan\u00e7ados, que somam R$ 3,3 bilh\u00f5es para propostas de financiamento de empresas de todo o Brasil, com foco na moderniza\u00e7\u00e3o tecnol\u00f3gica do setor produtivo.<\/p>\n\n\n\n<p>\u201cO Finep pelo Brasil \u00e9 uma oportunidade para aproximar empresas e institui\u00e7\u00f5es de pesquisa dos instrumentos p\u00fablicos de apoio \u00e0 inova\u00e7\u00e3o em Belo Horizonte e em toda Minas Gerais. Queremos dialogar, esclarecer d\u00favidas e construir solu\u00e7\u00f5es que impulsionem o desenvolvimento tecnol\u00f3gico, especialmente em \u00e1reas estrat\u00e9gicas como sa\u00fade, agro, energia e sustentabilidade, buscando o fomento da regi\u00e3o em um portf\u00f3lio mais robusto de instrumentos adequado \u00e0 realidade local\u201d, comenta Luiz Antonio Elias, presidente da Finep.<\/p>\n\n\n\n<p>O evento contar\u00e1 com a presen\u00e7a da ministra da Ci\u00eancia, Tecnologia e Inova\u00e7\u00e3o, Luciana Santos. \u201cMais do que promover um encontro, estamos consolidando uma agenda baseada em coopera\u00e7\u00e3o. Ao unir esfor\u00e7os, compartilhamos conhecimento e alinhamos estrat\u00e9gias, criando condi\u00e7\u00f5es mais s\u00f3lidas para ampliar oportunidades, estimular o investimento em tecnologia e gerar impactos concretos, fortalecendo cadeias produtivas e ampliando a capacidade competitiva do Brasil\u201d, afirma.<\/p>\n\n\n\n<p>Para o presidente do Conselho de Tecnologia e Inova\u00e7\u00e3o da FIEMG, Matheus Pedrosa, a iniciativa representa uma possibilidade estrat\u00e9gica para ampliar o acesso das empresas mineiras aos recursos voltados \u00e0 inova\u00e7\u00e3o. \u201cO Finep pelo Brasil \u00e9 uma oportunidade \u00fanica para apresentar as diversas linhas de cr\u00e9dito e editais dispon\u00edveis neste ano. S\u00e3o mais de R$ 66 bilh\u00f5es mobilizados pelo plano &#8220;Mais Inova\u00e7\u00e3o&#8221; at\u00e9 o fim de 2026. A FIEMG tem papel fundamental na divulga\u00e7\u00e3o dessas oportunidades, pois queremos que Minas Gerais capture uma parcela significativa desses recursos. S\u00f3 por meio da inova\u00e7\u00e3o conseguiremos transformar o cen\u00e1rio de competitividade e produtividade do estado, e o empres\u00e1rio que compreende a import\u00e2ncia deste momento n\u00e3o pode deixar de conhecer essas possibilidades\u201d, destaca.<\/p>\n\n\n\n<p><strong>SERVI\u00c7O:<\/strong><\/p>\n\n\n\n<p><strong>Finep pelo Brasil \u2013 Belo Horizonte (MG)<\/strong><br><strong>Data:<\/strong> 16 de mar\u00e7o de 2026<br><strong>Hor\u00e1rio:<\/strong> 14h<br><strong>Local:<\/strong> FIEMG \u2013 Av. do Contorno, 4456 \u2013 Funcion\u00e1rios<br><strong>Inscri\u00e7\u00f5es<\/strong> <strong><a href=\"https:\/\/www.sympla.com.br\/evento\/finep-pelo-brasil\/3326558\" target=\"_blank\" rel=\"noreferrer noopener\">neste link<\/a><\/strong><\/p>\n\n\n\n<p><em>Ana Paula Motta<br><\/em><strong>Imprensa FIEMG<\/strong><\/p>\n\n\n\n<p><\/p>\n","protected":false},"featured_media":4698,"template":"","categories":[15],"tags":[1269],"class_list":["post-4696","noticias","type-noticias","status-publish","has-post-thumbnail","hentry","category-desenvolvimento-industrial","tag-finep-pelo-brasil"],"acf":[],"yoast_head":"<!-- This site is optimized with the Yoast SEO plugin v26.2 - https:\/\/yoast.com\/wordpress\/plugins\/seo\/ -->\n<title>\u2018Finep pelo Brasil\u2019 desembarca na FIEMG - Associativismo<\/title>\n<meta name=\"robots\" content=\"index, follow, max-snippet:-1, max-image-preview:large, max-video-preview:-1\" \/>\n<link rel=\"canonical\" href=\"https:\/\/www.fiemg.com.br\/associativismo\/noticias\/finep-pelo-brasil-desembarca-na-fiemg\/\" \/>\n<meta property=\"og:locale\" content=\"pt_BR\" \/>\n<meta property=\"og:type\" content=\"article\" \/>\n<meta property=\"og:title\" content=\"\u2018Finep pelo Brasil\u2019 desembarca na FIEMG - Associativismo\" \/>\n<meta property=\"og:description\" content=\"A FIEMG recebe no dia 16 de mar\u00e7o mais uma etapa do programa \u2018Finep pelo Brasil\u2019, iniciativa que apresenta \u00e0s empresas, cooperativas e institui\u00e7\u00f5es cient\u00edficas e tecnol\u00f3gicas as linhas de cr\u00e9dito e editais dispon\u00edveis para financiamento de projetos de ci\u00eancia, tecnologia e inova\u00e7\u00e3o. O encontro na sede da Federa\u00e7\u00e3o, em Belo Horizonte, busca ampliar o [&hellip;]\" \/>\n<meta property=\"og:url\" content=\"https:\/\/www.fiemg.com.br\/associativismo\/noticias\/finep-pelo-brasil-desembarca-na-fiemg\/\" \/>\n<meta property=\"og:site_name\" content=\"Associativismo\" \/>\n<meta property=\"article:modified_time\" content=\"2026-03-09T20:00:16+00:00\" \/>\n<meta property=\"og:image\" content=\"https:\/\/www.fiemg.com.br\/associativismo\/wp-content\/uploads\/sites\/29\/2026\/03\/finep-pelo-brasil-minas-gerais-fiemg-2.jpg\" \/>\n\t<meta property=\"og:image:width\" content=\"512\" \/>\n\t<meta property=\"og:image:height\" content=\"512\" \/>\n\t<meta property=\"og:image:type\" content=\"image\/jpeg\" \/>\n<meta name=\"twitter:card\" content=\"summary_large_image\" \/>\n<meta name=\"twitter:label1\" content=\"Est. tempo de leitura\" \/>\n\t<meta name=\"twitter:data1\" content=\"3 minutos\" \/>\n<script type=\"application\/ld+json\" class=\"yoast-schema-graph\">{\"@context\":\"https:\/\/schema.org\",\"@graph\":[{\"@type\":\"WebPage\",\"@id\":\"https:\/\/www.fiemg.com.br\/associativismo\/noticias\/finep-pelo-brasil-desembarca-na-fiemg\/\",\"url\":\"https:\/\/www.fiemg.com.br\/associativismo\/noticias\/finep-pelo-brasil-desembarca-na-fiemg\/\",\"name\":\"\u2018Finep pelo Brasil\u2019 desembarca na FIEMG - Associativismo\",\"isPartOf\":{\"@id\":\"https:\/\/www.fiemg.com.br\/associativismo\/#website\"},\"primaryImageOfPage\":{\"@id\":\"https:\/\/www.fiemg.com.br\/associativismo\/noticias\/finep-pelo-brasil-desembarca-na-fiemg\/#primaryimage\"},\"image\":{\"@id\":\"https:\/\/www.fiemg.com.br\/associativismo\/noticias\/finep-pelo-brasil-desembarca-na-fiemg\/#primaryimage\"},\"thumbnailUrl\":\"https:\/\/www.fiemg.com.br\/associativismo\/wp-content\/uploads\/sites\/29\/2026\/03\/finep-pelo-brasil-minas-gerais-fiemg-2.jpg\",\"datePublished\":\"2026-03-09T19:58:44+00:00\",\"dateModified\":\"2026-03-09T20:00:16+00:00\",\"breadcrumb\":{\"@id\":\"https:\/\/www.fiemg.com.br\/associativismo\/noticias\/finep-pelo-brasil-desembarca-na-fiemg\/#breadcrumb\"},\"inLanguage\":\"pt-BR\",\"potentialAction\":[{\"@type\":\"ReadAction\",\"target\":[\"https:\/\/www.fiemg.com.br\/associativismo\/noticias\/finep-pelo-brasil-desembarca-na-fiemg\/\"]}]},{\"@type\":\"ImageObject\",\"inLanguage\":\"pt-BR\",\"@id\":\"https:\/\/www.fiemg.com.br\/associativismo\/noticias\/finep-pelo-brasil-desembarca-na-fiemg\/#primaryimage\",\"url\":\"https:\/\/www.fiemg.com.br\/associativismo\/wp-content\/uploads\/sites\/29\/2026\/03\/finep-pelo-brasil-minas-gerais-fiemg-2.jpg\",\"contentUrl\":\"https:\/\/www.fiemg.com.br\/associativismo\/wp-content\/uploads\/sites\/29\/2026\/03\/finep-pelo-brasil-minas-gerais-fiemg-2.jpg\",\"width\":512,\"height\":512},{\"@type\":\"BreadcrumbList\",\"@id\":\"https:\/\/www.fiemg.com.br\/associativismo\/noticias\/finep-pelo-brasil-desembarca-na-fiemg\/#breadcrumb\",\"itemListElement\":[{\"@type\":\"ListItem\",\"position\":1,\"name\":\"In\u00edcio\",\"item\":\"https:\/\/www.fiemg.com.br\/associativismo\/\"},{\"@type\":\"ListItem\",\"position\":2,\"name\":\"\u2018Finep pelo Brasil\u2019 desembarca na FIEMG\"}]},{\"@type\":\"WebSite\",\"@id\":\"https:\/\/www.fiemg.com.br\/associativismo\/#website\",\"url\":\"https:\/\/www.fiemg.com.br\/associativismo\/\",\"name\":\"Associativismo\",\"description\":\"Federa\u00e7\u00e3o das Ind\u00fastrias do Estado de Minas Gerais\",\"publisher\":{\"@id\":\"https:\/\/www.fiemg.com.br\/associativismo\/#organization\"},\"potentialAction\":[{\"@type\":\"SearchAction\",\"target\":{\"@type\":\"EntryPoint\",\"urlTemplate\":\"https:\/\/www.fiemg.com.br\/associativismo\/?s={search_term_string}\"},\"query-input\":{\"@type\":\"PropertyValueSpecification\",\"valueRequired\":true,\"valueName\":\"search_term_string\"}}],\"inLanguage\":\"pt-BR\"},{\"@type\":\"Organization\",\"@id\":\"https:\/\/www.fiemg.com.br\/associativismo\/#organization\",\"name\":\"Associativismo\",\"url\":\"https:\/\/www.fiemg.com.br\/associativismo\/\",\"logo\":{\"@type\":\"ImageObject\",\"inLanguage\":\"pt-BR\",\"@id\":\"https:\/\/www.fiemg.com.br\/associativismo\/#\/schema\/logo\/image\/\",\"url\":\"https:\/\/www.fiemg.com.br\/associativismo\/wp-content\/uploads\/sites\/29\/2023\/02\/fiemg_branco.svg\",\"contentUrl\":\"https:\/\/www.fiemg.com.br\/associativismo\/wp-content\/uploads\/sites\/29\/2023\/02\/fiemg_branco.svg\",\"width\":561,\"height\":147,\"caption\":\"Associativismo\"},\"image\":{\"@id\":\"https:\/\/www.fiemg.com.br\/associativismo\/#\/schema\/logo\/image\/\"}}]}<\/script>\n<!-- \/ Yoast SEO plugin. -->","yoast_head_json":{"title":"\u2018Finep pelo Brasil\u2019 desembarca na FIEMG - Associativismo","robots":{"index":"index","follow":"follow","max-snippet":"max-snippet:-1","max-image-preview":"max-image-preview:large","max-video-preview":"max-video-preview:-1"},"canonical":"https:\/\/www.fiemg.com.br\/associativismo\/noticias\/finep-pelo-brasil-desembarca-na-fiemg\/","og_locale":"pt_BR","og_type":"article","og_title":"\u2018Finep pelo Brasil\u2019 desembarca na FIEMG - Associativismo","og_description":"A FIEMG recebe no dia 16 de mar\u00e7o mais uma etapa do programa \u2018Finep pelo Brasil\u2019, iniciativa que apresenta \u00e0s empresas, cooperativas e institui\u00e7\u00f5es cient\u00edficas e tecnol\u00f3gicas as linhas de cr\u00e9dito e editais dispon\u00edveis para financiamento de projetos de ci\u00eancia, tecnologia e inova\u00e7\u00e3o. O encontro na sede da Federa\u00e7\u00e3o, em Belo Horizonte, busca ampliar o [&hellip;]","og_url":"https:\/\/www.fiemg.com.br\/associativismo\/noticias\/finep-pelo-brasil-desembarca-na-fiemg\/","og_site_name":"Associativismo","article_modified_time":"2026-03-09T20:00:16+00:00","og_image":[{"width":512,"height":512,"url":"https:\/\/www.fiemg.com.br\/associativismo\/wp-content\/uploads\/sites\/29\/2026\/03\/finep-pelo-brasil-minas-gerais-fiemg-2.jpg","type":"image\/jpeg"}],"twitter_card":"summary_large_image","twitter_misc":{"Est. tempo de leitura":"3 minutos"},"schema":{"@context":"https:\/\/schema.org","@graph":[{"@type":"WebPage","@id":"https:\/\/www.fiemg.com.br\/associativismo\/noticias\/finep-pelo-brasil-desembarca-na-fiemg\/","url":"https:\/\/www.fiemg.com.br\/associativismo\/noticias\/finep-pelo-brasil-desembarca-na-fiemg\/","name":"\u2018Finep pelo Brasil\u2019 desembarca na FIEMG - Associativismo","isPartOf":{"@id":"https:\/\/www.fiemg.com.br\/associativismo\/#website"},"primaryImageOfPage":{"@id":"https:\/\/www.fiemg.com.br\/associativismo\/noticias\/finep-pelo-brasil-desembarca-na-fiemg\/#primaryimage"},"image":{"@id":"https:\/\/www.fiemg.com.br\/associativismo\/noticias\/finep-pelo-brasil-desembarca-na-fiemg\/#primaryimage"},"thumbnailUrl":"https:\/\/www.fiemg.com.br\/associativismo\/wp-content\/uploads\/sites\/29\/2026\/03\/finep-pelo-brasil-minas-gerais-fiemg-2.jpg","datePublished":"2026-03-09T19:58:44+00:00","dateModified":"2026-03-09T20:00:16+00:00","breadcrumb":{"@id":"https:\/\/www.fiemg.com.br\/associativismo\/noticias\/finep-pelo-brasil-desembarca-na-fiemg\/#breadcrumb"},"inLanguage":"pt-BR","potentialAction":[{"@type":"ReadAction","target":["https:\/\/www.fiemg.com.br\/associativismo\/noticias\/finep-pelo-brasil-desembarca-na-fiemg\/"]}]},{"@type":"ImageObject","inLanguage":"pt-BR","@id":"https:\/\/www.fiemg.com.br\/associativismo\/noticias\/finep-pelo-brasil-desembarca-na-fiemg\/#primaryimage","url":"https:\/\/www.fiemg.com.br\/associativismo\/wp-content\/uploads\/sites\/29\/2026\/03\/finep-pelo-brasil-minas-gerais-fiemg-2.jpg","contentUrl":"https:\/\/www.fiemg.com.br\/associativismo\/wp-content\/uploads\/sites\/29\/2026\/03\/finep-pelo-brasil-minas-gerais-fiemg-2.jpg","width":512,"height":512},{"@type":"BreadcrumbList","@id":"https:\/\/www.fiemg.com.br\/associativismo\/noticias\/finep-pelo-brasil-desembarca-na-fiemg\/#breadcrumb","itemListElement":[{"@type":"ListItem","position":1,"name":"In\u00edcio","item":"https:\/\/www.fiemg.com.br\/associativismo\/"},{"@type":"ListItem","position":2,"name":"\u2018Finep pelo Brasil\u2019 desembarca na FIEMG"}]},{"@type":"WebSite","@id":"https:\/\/www.fiemg.com.br\/associativismo\/#website","url":"https:\/\/www.fiemg.com.br\/associativismo\/","name":"Associativismo","description":"Federa\u00e7\u00e3o das Ind\u00fastrias do Estado de Minas Gerais","publisher":{"@id":"https:\/\/www.fiemg.com.br\/associativismo\/#organization"},"potentialAction":[{"@type":"SearchAction","target":{"@type":"EntryPoint","urlTemplate":"https:\/\/www.fiemg.com.br\/associativismo\/?s={search_term_string}"},"query-input":{"@type":"PropertyValueSpecification","valueRequired":true,"valueName":"search_term_string"}}],"inLanguage":"pt-BR"},{"@type":"Organization","@id":"https:\/\/www.fiemg.com.br\/associativismo\/#organization","name":"Associativismo","url":"https:\/\/www.fiemg.com.br\/associativismo\/","logo":{"@type":"ImageObject","inLanguage":"pt-BR","@id":"https:\/\/www.fiemg.com.br\/associativismo\/#\/schema\/logo\/image\/","url":"https:\/\/www.fiemg.com.br\/associativismo\/wp-content\/uploads\/sites\/29\/2023\/02\/fiemg_branco.svg","contentUrl":"https:\/\/www.fiemg.com.br\/associativismo\/wp-content\/uploads\/sites\/29\/2023\/02\/fiemg_branco.svg","width":561,"height":147,"caption":"Associativismo"},"image":{"@id":"https:\/\/www.fiemg.com.br\/associativismo\/#\/schema\/logo\/image\/"}}]}},"_links":{"self":[{"href":"https:\/\/www.fiemg.com.br\/associativismo\/wp-json\/wp\/v2\/noticias\/4696","targetHints":{"allow":["GET"]}}],"collection":[{"href":"https:\/\/www.fiemg.com.br\/associativismo\/wp-json\/wp\/v2\/noticias"}],"about":[{"href":"https:\/\/www.fiemg.com.br\/associativismo\/wp-json\/wp\/v2\/types\/noticias"}],"wp:featuredmedia":[{"embeddable":true,"href":"https:\/\/www.fiemg.com.br\/associativismo\/wp-json\/wp\/v2\/media\/4698"}],"wp:attachment":[{"href":"https:\/\/www.fiemg.com.br\/associativismo\/wp-json\/wp\/v2\/media?parent=4696"}],"wp:term":[{"taxonomy":"category","embeddable":true,"href":"https:\/\/www.fiemg.com.br\/associativismo\/wp-json\/wp\/v2\/categories?post=4696"},{"taxonomy":"post_tag","embeddable":true,"href":"https:\/\/www.fiemg.com.br\/associativismo\/wp-json\/wp\/v2\/tags?post=4696"}],"curies":[{"name":"wp","href":"https:\/\/api.w.org\/{rel}","templated":true}]}}