{"id":4774,"date":"2026-04-28T15:19:34","date_gmt":"2026-04-28T18:19:34","guid":{"rendered":"https:\/\/www.fiemg.com.br\/associativismo\/noticias\/bazar-movimenta-fiemg-no-dia-das-maes\/"},"modified":"2026-04-28T15:19:37","modified_gmt":"2026-04-28T18:19:37","slug":"bazar-movimenta-fiemg-no-dia-das-maes","status":"publish","type":"noticias","link":"https:\/\/www.fiemg.com.br\/associativismo\/noticias\/bazar-movimenta-fiemg-no-dia-das-maes\/","title":{"rendered":"Bazar movimenta FIEMG no Dia das M\u00e3es"},"content":{"rendered":"\n<p>Entre os dias 4 e 6 de maio, a sede do Sistema FIEMG, recebe mais uma edi\u00e7\u00e3o do <em>Bazaar! Ind\u00fastria da Moda<\/em>, com foco especial no Dia das M\u00e3es. O evento re\u00fane expositores do setor e oferece ao p\u00fablico uma variedade de produtos, como bolsas, cal\u00e7ados, bijuterias, folheados e vestu\u00e1rio.<\/p>\n\n\n\n<p>Aberto ao p\u00fablico, o bazar acontece das 11h \u00e0s 17h e tem como proposta valorizar a ind\u00fastria da moda mineira, promovendo o acesso direto entre fabricantes e consumidores. A iniciativa tamb\u00e9m busca incentivar o consumo de produtos locais, fortalecendo o setor e ampliando oportunidades de neg\u00f3cios.<\/p>\n\n\n\n<p>Com op\u00e7\u00f5es que atendem diferentes estilos e perfis, o <em>Bazaar!<\/em> se apresenta como uma alternativa pr\u00e1tica para quem deseja encontrar presentes para o Dia das M\u00e3es, aliando variedade, qualidade e pre\u00e7os acess\u00edveis.<\/p>\n\n\n\n<p><strong>Servi\u00e7o<\/strong><br><strong>Evento:<\/strong> Bazaar! Ind\u00fastria da Moda \u2013 Especial Dia das M\u00e3es<br><strong>Data:<\/strong> 4 a 6 de maio<br><strong>Hor\u00e1rio:<\/strong> das 11h \u00e0s 17h<br><strong>Local:<\/strong> Galeria Robson Andrade \u2013 Av. do Contorno, 4.456, Funcion\u00e1rios \u2013 Belo Horizonte\/MG<\/p>\n\n\n\n<p><\/p>\n","protected":false},"featured_media":4776,"template":"","categories":[],"tags":[],"class_list":["post-4774","noticias","type-noticias","status-publish","has-post-thumbnail","hentry"],"acf":[],"yoast_head":"<!-- This site is optimized with the Yoast SEO plugin v26.2 - https:\/\/yoast.com\/wordpress\/plugins\/seo\/ -->\n<title>Bazar movimenta FIEMG no Dia das M\u00e3es - Associativismo<\/title>\n<meta name=\"robots\" content=\"index, follow, max-snippet:-1, max-image-preview:large, max-video-preview:-1\" \/>\n<link rel=\"canonical\" href=\"https:\/\/www.fiemg.com.br\/associativismo\/noticias\/bazar-movimenta-fiemg-no-dia-das-maes\/\" \/>\n<meta property=\"og:locale\" content=\"pt_BR\" \/>\n<meta property=\"og:type\" content=\"article\" \/>\n<meta property=\"og:title\" content=\"Bazar movimenta FIEMG no Dia das M\u00e3es - Associativismo\" \/>\n<meta property=\"og:description\" content=\"Entre os dias 4 e 6 de maio, a sede do Sistema FIEMG, recebe mais uma edi\u00e7\u00e3o do Bazaar! Ind\u00fastria da Moda, com foco especial no Dia das M\u00e3es. O evento re\u00fane expositores do setor e oferece ao p\u00fablico uma variedade de produtos, como bolsas, cal\u00e7ados, bijuterias, folheados e vestu\u00e1rio. Aberto ao p\u00fablico, o bazar [&hellip;]\" \/>\n<meta property=\"og:url\" content=\"https:\/\/www.fiemg.com.br\/associativismo\/noticias\/bazar-movimenta-fiemg-no-dia-das-maes\/\" \/>\n<meta property=\"og:site_name\" content=\"Associativismo\" \/>\n<meta property=\"article:modified_time\" content=\"2026-04-28T18:19:37+00:00\" \/>\n<meta property=\"og:image\" content=\"https:\/\/www.fiemg.com.br\/associativismo\/wp-content\/uploads\/sites\/29\/2026\/04\/Thumb-17.jpg\" \/>\n\t<meta property=\"og:image:width\" content=\"512\" \/>\n\t<meta property=\"og:image:height\" content=\"512\" \/>\n\t<meta property=\"og:image:type\" content=\"image\/jpeg\" \/>\n<meta name=\"twitter:card\" content=\"summary_large_image\" \/>\n<meta name=\"twitter:label1\" content=\"Est. tempo de leitura\" \/>\n\t<meta name=\"twitter:data1\" content=\"2 minutos\" \/>\n<script type=\"application\/ld+json\" class=\"yoast-schema-graph\">{\"@context\":\"https:\/\/schema.org\",\"@graph\":[{\"@type\":\"WebPage\",\"@id\":\"https:\/\/www.fiemg.com.br\/associativismo\/noticias\/bazar-movimenta-fiemg-no-dia-das-maes\/\",\"url\":\"https:\/\/www.fiemg.com.br\/associativismo\/noticias\/bazar-movimenta-fiemg-no-dia-das-maes\/\",\"name\":\"Bazar movimenta FIEMG no Dia das M\u00e3es - Associativismo\",\"isPartOf\":{\"@id\":\"https:\/\/www.fiemg.com.br\/associativismo\/#website\"},\"primaryImageOfPage\":{\"@id\":\"https:\/\/www.fiemg.com.br\/associativismo\/noticias\/bazar-movimenta-fiemg-no-dia-das-maes\/#primaryimage\"},\"image\":{\"@id\":\"https:\/\/www.fiemg.com.br\/associativismo\/noticias\/bazar-movimenta-fiemg-no-dia-das-maes\/#primaryimage\"},\"thumbnailUrl\":\"https:\/\/www.fiemg.com.br\/associativismo\/wp-content\/uploads\/sites\/29\/2026\/04\/Thumb-17.jpg\",\"datePublished\":\"2026-04-28T18:19:34+00:00\",\"dateModified\":\"2026-04-28T18:19:37+00:00\",\"breadcrumb\":{\"@id\":\"https:\/\/www.fiemg.com.br\/associativismo\/noticias\/bazar-movimenta-fiemg-no-dia-das-maes\/#breadcrumb\"},\"inLanguage\":\"pt-BR\",\"potentialAction\":[{\"@type\":\"ReadAction\",\"target\":[\"https:\/\/www.fiemg.com.br\/associativismo\/noticias\/bazar-movimenta-fiemg-no-dia-das-maes\/\"]}]},{\"@type\":\"ImageObject\",\"inLanguage\":\"pt-BR\",\"@id\":\"https:\/\/www.fiemg.com.br\/associativismo\/noticias\/bazar-movimenta-fiemg-no-dia-das-maes\/#primaryimage\",\"url\":\"https:\/\/www.fiemg.com.br\/associativismo\/wp-content\/uploads\/sites\/29\/2026\/04\/Thumb-17.jpg\",\"contentUrl\":\"https:\/\/www.fiemg.com.br\/associativismo\/wp-content\/uploads\/sites\/29\/2026\/04\/Thumb-17.jpg\",\"width\":512,\"height\":512},{\"@type\":\"BreadcrumbList\",\"@id\":\"https:\/\/www.fiemg.com.br\/associativismo\/noticias\/bazar-movimenta-fiemg-no-dia-das-maes\/#breadcrumb\",\"itemListElement\":[{\"@type\":\"ListItem\",\"position\":1,\"name\":\"In\u00edcio\",\"item\":\"https:\/\/www.fiemg.com.br\/associativismo\/\"},{\"@type\":\"ListItem\",\"position\":2,\"name\":\"Bazar movimenta FIEMG no Dia das M\u00e3es\"}]},{\"@type\":\"WebSite\",\"@id\":\"https:\/\/www.fiemg.com.br\/associativismo\/#website\",\"url\":\"https:\/\/www.fiemg.com.br\/associativismo\/\",\"name\":\"Associativismo\",\"description\":\"Federa\u00e7\u00e3o das Ind\u00fastrias do Estado de Minas Gerais\",\"publisher\":{\"@id\":\"https:\/\/www.fiemg.com.br\/associativismo\/#organization\"},\"potentialAction\":[{\"@type\":\"SearchAction\",\"target\":{\"@type\":\"EntryPoint\",\"urlTemplate\":\"https:\/\/www.fiemg.com.br\/associativismo\/?s={search_term_string}\"},\"query-input\":{\"@type\":\"PropertyValueSpecification\",\"valueRequired\":true,\"valueName\":\"search_term_string\"}}],\"inLanguage\":\"pt-BR\"},{\"@type\":\"Organization\",\"@id\":\"https:\/\/www.fiemg.com.br\/associativismo\/#organization\",\"name\":\"Associativismo\",\"url\":\"https:\/\/www.fiemg.com.br\/associativismo\/\",\"logo\":{\"@type\":\"ImageObject\",\"inLanguage\":\"pt-BR\",\"@id\":\"https:\/\/www.fiemg.com.br\/associativismo\/#\/schema\/logo\/image\/\",\"url\":\"https:\/\/www.fiemg.com.br\/associativismo\/wp-content\/uploads\/sites\/29\/2023\/02\/fiemg_branco.svg\",\"contentUrl\":\"https:\/\/www.fiemg.com.br\/associativismo\/wp-content\/uploads\/sites\/29\/2023\/02\/fiemg_branco.svg\",\"width\":561,\"height\":147,\"caption\":\"Associativismo\"},\"image\":{\"@id\":\"https:\/\/www.fiemg.com.br\/associativismo\/#\/schema\/logo\/image\/\"}}]}<\/script>\n<!-- \/ Yoast SEO plugin. -->","yoast_head_json":{"title":"Bazar movimenta FIEMG no Dia das M\u00e3es - Associativismo","robots":{"index":"index","follow":"follow","max-snippet":"max-snippet:-1","max-image-preview":"max-image-preview:large","max-video-preview":"max-video-preview:-1"},"canonical":"https:\/\/www.fiemg.com.br\/associativismo\/noticias\/bazar-movimenta-fiemg-no-dia-das-maes\/","og_locale":"pt_BR","og_type":"article","og_title":"Bazar movimenta FIEMG no Dia das M\u00e3es - Associativismo","og_description":"Entre os dias 4 e 6 de maio, a sede do Sistema FIEMG, recebe mais uma edi\u00e7\u00e3o do Bazaar! Ind\u00fastria da Moda, com foco especial no Dia das M\u00e3es. O evento re\u00fane expositores do setor e oferece ao p\u00fablico uma variedade de produtos, como bolsas, cal\u00e7ados, bijuterias, folheados e vestu\u00e1rio. Aberto ao p\u00fablico, o bazar [&hellip;]","og_url":"https:\/\/www.fiemg.com.br\/associativismo\/noticias\/bazar-movimenta-fiemg-no-dia-das-maes\/","og_site_name":"Associativismo","article_modified_time":"2026-04-28T18:19:37+00:00","og_image":[{"width":512,"height":512,"url":"https:\/\/www.fiemg.com.br\/associativismo\/wp-content\/uploads\/sites\/29\/2026\/04\/Thumb-17.jpg","type":"image\/jpeg"}],"twitter_card":"summary_large_image","twitter_misc":{"Est. tempo de leitura":"2 minutos"},"schema":{"@context":"https:\/\/schema.org","@graph":[{"@type":"WebPage","@id":"https:\/\/www.fiemg.com.br\/associativismo\/noticias\/bazar-movimenta-fiemg-no-dia-das-maes\/","url":"https:\/\/www.fiemg.com.br\/associativismo\/noticias\/bazar-movimenta-fiemg-no-dia-das-maes\/","name":"Bazar movimenta FIEMG no Dia das M\u00e3es - Associativismo","isPartOf":{"@id":"https:\/\/www.fiemg.com.br\/associativismo\/#website"},"primaryImageOfPage":{"@id":"https:\/\/www.fiemg.com.br\/associativismo\/noticias\/bazar-movimenta-fiemg-no-dia-das-maes\/#primaryimage"},"image":{"@id":"https:\/\/www.fiemg.com.br\/associativismo\/noticias\/bazar-movimenta-fiemg-no-dia-das-maes\/#primaryimage"},"thumbnailUrl":"https:\/\/www.fiemg.com.br\/associativismo\/wp-content\/uploads\/sites\/29\/2026\/04\/Thumb-17.jpg","datePublished":"2026-04-28T18:19:34+00:00","dateModified":"2026-04-28T18:19:37+00:00","breadcrumb":{"@id":"https:\/\/www.fiemg.com.br\/associativismo\/noticias\/bazar-movimenta-fiemg-no-dia-das-maes\/#breadcrumb"},"inLanguage":"pt-BR","potentialAction":[{"@type":"ReadAction","target":["https:\/\/www.fiemg.com.br\/associativismo\/noticias\/bazar-movimenta-fiemg-no-dia-das-maes\/"]}]},{"@type":"ImageObject","inLanguage":"pt-BR","@id":"https:\/\/www.fiemg.com.br\/associativismo\/noticias\/bazar-movimenta-fiemg-no-dia-das-maes\/#primaryimage","url":"https:\/\/www.fiemg.com.br\/associativismo\/wp-content\/uploads\/sites\/29\/2026\/04\/Thumb-17.jpg","contentUrl":"https:\/\/www.fiemg.com.br\/associativismo\/wp-content\/uploads\/sites\/29\/2026\/04\/Thumb-17.jpg","width":512,"height":512},{"@type":"BreadcrumbList","@id":"https:\/\/www.fiemg.com.br\/associativismo\/noticias\/bazar-movimenta-fiemg-no-dia-das-maes\/#breadcrumb","itemListElement":[{"@type":"ListItem","position":1,"name":"In\u00edcio","item":"https:\/\/www.fiemg.com.br\/associativismo\/"},{"@type":"ListItem","position":2,"name":"Bazar movimenta FIEMG no Dia das M\u00e3es"}]},{"@type":"WebSite","@id":"https:\/\/www.fiemg.com.br\/associativismo\/#website","url":"https:\/\/www.fiemg.com.br\/associativismo\/","name":"Associativismo","description":"Federa\u00e7\u00e3o das Ind\u00fastrias do Estado de Minas Gerais","publisher":{"@id":"https:\/\/www.fiemg.com.br\/associativismo\/#organization"},"potentialAction":[{"@type":"SearchAction","target":{"@type":"EntryPoint","urlTemplate":"https:\/\/www.fiemg.com.br\/associativismo\/?s={search_term_string}"},"query-input":{"@type":"PropertyValueSpecification","valueRequired":true,"valueName":"search_term_string"}}],"inLanguage":"pt-BR"},{"@type":"Organization","@id":"https:\/\/www.fiemg.com.br\/associativismo\/#organization","name":"Associativismo","url":"https:\/\/www.fiemg.com.br\/associativismo\/","logo":{"@type":"ImageObject","inLanguage":"pt-BR","@id":"https:\/\/www.fiemg.com.br\/associativismo\/#\/schema\/logo\/image\/","url":"https:\/\/www.fiemg.com.br\/associativismo\/wp-content\/uploads\/sites\/29\/2023\/02\/fiemg_branco.svg","contentUrl":"https:\/\/www.fiemg.com.br\/associativismo\/wp-content\/uploads\/sites\/29\/2023\/02\/fiemg_branco.svg","width":561,"height":147,"caption":"Associativismo"},"image":{"@id":"https:\/\/www.fiemg.com.br\/associativismo\/#\/schema\/logo\/image\/"}}]}},"_links":{"self":[{"href":"https:\/\/www.fiemg.com.br\/associativismo\/wp-json\/wp\/v2\/noticias\/4774","targetHints":{"allow":["GET"]}}],"collection":[{"href":"https:\/\/www.fiemg.com.br\/associativismo\/wp-json\/wp\/v2\/noticias"}],"about":[{"href":"https:\/\/www.fiemg.com.br\/associativismo\/wp-json\/wp\/v2\/types\/noticias"}],"wp:featuredmedia":[{"embeddable":true,"href":"https:\/\/www.fiemg.com.br\/associativismo\/wp-json\/wp\/v2\/media\/4776"}],"wp:attachment":[{"href":"https:\/\/www.fiemg.com.br\/associativismo\/wp-json\/wp\/v2\/media?parent=4774"}],"wp:term":[{"taxonomy":"category","embeddable":true,"href":"https:\/\/www.fiemg.com.br\/associativismo\/wp-json\/wp\/v2\/categories?post=4774"},{"taxonomy":"post_tag","embeddable":true,"href":"https:\/\/www.fiemg.com.br\/associativismo\/wp-json\/wp\/v2\/tags?post=4774"}],"curies":[{"name":"wp","href":"https:\/\/api.w.org\/{rel}","templated":true}]}}