{"id":4789,"date":"2026-04-30T17:54:25","date_gmt":"2026-04-30T20:54:25","guid":{"rendered":"https:\/\/www.fiemg.com.br\/associativismo\/noticias\/conselho-debate-inovacao-e-agenda-publica-na-fiemg\/"},"modified":"2026-04-30T17:54:28","modified_gmt":"2026-04-30T20:54:28","slug":"conselho-debate-inovacao-e-agenda-publica-na-fiemg","status":"publish","type":"noticias","link":"https:\/\/www.fiemg.com.br\/associativismo\/noticias\/conselho-debate-inovacao-e-agenda-publica-na-fiemg\/","title":{"rendered":"Conselho debate inova\u00e7\u00e3o e agenda p\u00fablica na FIEMG"},"content":{"rendered":"\n<p>O Conselho de Tecnologia e Inova\u00e7\u00e3o da FIEMG se reuniu nesta quinta-feira (30\/4), na sede da Federa\u00e7\u00e3o, em Belo Horizonte, para discutir estrat\u00e9gias de fortalecimento do ecossistema de inova\u00e7\u00e3o e a constru\u00e7\u00e3o de uma agenda de pol\u00edticas p\u00fablicas para o setor.<\/p>\n\n\n\n<p>O presidente do colegiado, Matheus Pedrosa, destacou o momento de consolida\u00e7\u00e3o do grupo ap\u00f3s dois anos de atua\u00e7\u00e3o. \u201cVamos discutir uma nova agenda para estreitar nossa rela\u00e7\u00e3o com o poder p\u00fablico e com os nossos pares\u201d, afirmou.<\/p>\n\n\n\n<p>Um dos principais pontos da pauta foi a apresenta\u00e7\u00e3o da Miss\u00e3o Minas no SXSW 2026, conduzida por Gustavo Garcia, diretor do InvestMinas. Ele contextualizou a relev\u00e2ncia do evento internacional realizado em Austin, nos Estados Unidos. \u201cO SXSW \u00e9 tido como um dos maiores do mundo, eu diria que \u00e9 um festival tamanho a quantidade de temas que est\u00e3o contornando o pr\u00f3prio evento em si\u201d, explicou.<\/p>\n\n\n\n<p>Durante a apresenta\u00e7\u00e3o, foram destacados dados que refor\u00e7am a presen\u00e7a brasileira no evento, como o fato de o pa\u00eds ter formado a maior delega\u00e7\u00e3o estrangeira na edi\u00e7\u00e3o de 2026, com mais de 40 participantes. Outro ponto de aten\u00e7\u00e3o foi o avan\u00e7o da intelig\u00eancia artificial no debate global, que passou da 30\u00aa para a 5\u00aa posi\u00e7\u00e3o entre os maiores riscos globais em apenas um ano, segundo o F\u00f3rum Econ\u00f4mico Mundial.<\/p>\n\n\n\n<p>Gustavo tamb\u00e9m ressaltou o papel da Casa Minas, espa\u00e7o para promover conex\u00f5es e experi\u00eancias durante o festival. \u201cA Casa Minas em Austin traduziu o sentimento dos mineiros atrav\u00e9s do SXSW e ainda levou uma comunidade grande e relevante para dentro do nosso mundo\u201d, destacou.<\/p>\n\n\n\n<p>Os conselheiros Jo\u00e3o Paulo Zica, CEO e investidor da RAJA Ventures, e Tasso Galhano, CEO da ATI Automa\u00e7\u00e3o e Tecnologia da Informa\u00e7\u00e3o e presidente do FIEMG Jovem, participaram da miss\u00e3o internacional e contribu\u00edram com percep\u00e7\u00f5es sobre tend\u00eancias e oportunidades identificadas no evento.<\/p>\n\n\n\n<p>A reuni\u00e3o foi encerrada com a apresenta\u00e7\u00e3o de propostas para uma agenda de pol\u00edticas p\u00fablicas voltadas \u00e0 inova\u00e7\u00e3o, seguida de debate entre os conselheiros, com foco no fortalecimento da articula\u00e7\u00e3o institucional e no desenvolvimento tecnol\u00f3gico do estado.<\/p>\n\n\n\n<p>Acesse <a href=\"https:\/\/www.flickr.com\/photos\/sistemafiemg\/albums\/72177720333391850\/with\/55240915766\"><strong>aqui<\/strong><\/a> as fotos da reuni\u00e3o.<\/p>\n\n\n\n<p><em>Ana Paula Motta<br><\/em><strong>Imprensa FIEMG<\/strong><\/p>\n","protected":false},"featured_media":4791,"template":"","categories":[15],"tags":[],"class_list":["post-4789","noticias","type-noticias","status-publish","has-post-thumbnail","hentry","category-desenvolvimento-industrial"],"acf":[],"yoast_head":"<!-- This site is optimized with the Yoast SEO plugin v26.2 - https:\/\/yoast.com\/wordpress\/plugins\/seo\/ -->\n<title>Conselho debate inova\u00e7\u00e3o e agenda p\u00fablica na FIEMG - Associativismo<\/title>\n<meta name=\"robots\" content=\"index, follow, max-snippet:-1, max-image-preview:large, max-video-preview:-1\" \/>\n<link rel=\"canonical\" href=\"https:\/\/www.fiemg.com.br\/associativismo\/noticias\/conselho-debate-inovacao-e-agenda-publica-na-fiemg\/\" \/>\n<meta property=\"og:locale\" content=\"pt_BR\" \/>\n<meta property=\"og:type\" content=\"article\" \/>\n<meta property=\"og:title\" content=\"Conselho debate inova\u00e7\u00e3o e agenda p\u00fablica na FIEMG - Associativismo\" \/>\n<meta property=\"og:description\" content=\"O Conselho de Tecnologia e Inova\u00e7\u00e3o da FIEMG se reuniu nesta quinta-feira (30\/4), na sede da Federa\u00e7\u00e3o, em Belo Horizonte, para discutir estrat\u00e9gias de fortalecimento do ecossistema de inova\u00e7\u00e3o e a constru\u00e7\u00e3o de uma agenda de pol\u00edticas p\u00fablicas para o setor. O presidente do colegiado, Matheus Pedrosa, destacou o momento de consolida\u00e7\u00e3o do grupo ap\u00f3s [&hellip;]\" \/>\n<meta property=\"og:url\" content=\"https:\/\/www.fiemg.com.br\/associativismo\/noticias\/conselho-debate-inovacao-e-agenda-publica-na-fiemg\/\" \/>\n<meta property=\"og:site_name\" content=\"Associativismo\" \/>\n<meta property=\"article:modified_time\" content=\"2026-04-30T20:54:28+00:00\" \/>\n<meta property=\"og:image\" content=\"https:\/\/www.fiemg.com.br\/associativismo\/wp-content\/uploads\/sites\/29\/2026\/04\/Thumb-20.jpg\" \/>\n\t<meta property=\"og:image:width\" content=\"512\" \/>\n\t<meta property=\"og:image:height\" content=\"512\" \/>\n\t<meta property=\"og:image:type\" content=\"image\/jpeg\" \/>\n<meta name=\"twitter:card\" content=\"summary_large_image\" \/>\n<meta name=\"twitter:label1\" content=\"Est. tempo de leitura\" \/>\n\t<meta name=\"twitter:data1\" content=\"3 minutos\" \/>\n<script type=\"application\/ld+json\" class=\"yoast-schema-graph\">{\"@context\":\"https:\/\/schema.org\",\"@graph\":[{\"@type\":\"WebPage\",\"@id\":\"https:\/\/www.fiemg.com.br\/associativismo\/noticias\/conselho-debate-inovacao-e-agenda-publica-na-fiemg\/\",\"url\":\"https:\/\/www.fiemg.com.br\/associativismo\/noticias\/conselho-debate-inovacao-e-agenda-publica-na-fiemg\/\",\"name\":\"Conselho debate inova\u00e7\u00e3o e agenda p\u00fablica na FIEMG - Associativismo\",\"isPartOf\":{\"@id\":\"https:\/\/www.fiemg.com.br\/associativismo\/#website\"},\"primaryImageOfPage\":{\"@id\":\"https:\/\/www.fiemg.com.br\/associativismo\/noticias\/conselho-debate-inovacao-e-agenda-publica-na-fiemg\/#primaryimage\"},\"image\":{\"@id\":\"https:\/\/www.fiemg.com.br\/associativismo\/noticias\/conselho-debate-inovacao-e-agenda-publica-na-fiemg\/#primaryimage\"},\"thumbnailUrl\":\"https:\/\/www.fiemg.com.br\/associativismo\/wp-content\/uploads\/sites\/29\/2026\/04\/Thumb-20.jpg\",\"datePublished\":\"2026-04-30T20:54:25+00:00\",\"dateModified\":\"2026-04-30T20:54:28+00:00\",\"breadcrumb\":{\"@id\":\"https:\/\/www.fiemg.com.br\/associativismo\/noticias\/conselho-debate-inovacao-e-agenda-publica-na-fiemg\/#breadcrumb\"},\"inLanguage\":\"pt-BR\",\"potentialAction\":[{\"@type\":\"ReadAction\",\"target\":[\"https:\/\/www.fiemg.com.br\/associativismo\/noticias\/conselho-debate-inovacao-e-agenda-publica-na-fiemg\/\"]}]},{\"@type\":\"ImageObject\",\"inLanguage\":\"pt-BR\",\"@id\":\"https:\/\/www.fiemg.com.br\/associativismo\/noticias\/conselho-debate-inovacao-e-agenda-publica-na-fiemg\/#primaryimage\",\"url\":\"https:\/\/www.fiemg.com.br\/associativismo\/wp-content\/uploads\/sites\/29\/2026\/04\/Thumb-20.jpg\",\"contentUrl\":\"https:\/\/www.fiemg.com.br\/associativismo\/wp-content\/uploads\/sites\/29\/2026\/04\/Thumb-20.jpg\",\"width\":512,\"height\":512},{\"@type\":\"BreadcrumbList\",\"@id\":\"https:\/\/www.fiemg.com.br\/associativismo\/noticias\/conselho-debate-inovacao-e-agenda-publica-na-fiemg\/#breadcrumb\",\"itemListElement\":[{\"@type\":\"ListItem\",\"position\":1,\"name\":\"In\u00edcio\",\"item\":\"https:\/\/www.fiemg.com.br\/associativismo\/\"},{\"@type\":\"ListItem\",\"position\":2,\"name\":\"Conselho debate inova\u00e7\u00e3o e agenda p\u00fablica na FIEMG\"}]},{\"@type\":\"WebSite\",\"@id\":\"https:\/\/www.fiemg.com.br\/associativismo\/#website\",\"url\":\"https:\/\/www.fiemg.com.br\/associativismo\/\",\"name\":\"Associativismo\",\"description\":\"Federa\u00e7\u00e3o das Ind\u00fastrias do Estado de Minas Gerais\",\"publisher\":{\"@id\":\"https:\/\/www.fiemg.com.br\/associativismo\/#organization\"},\"potentialAction\":[{\"@type\":\"SearchAction\",\"target\":{\"@type\":\"EntryPoint\",\"urlTemplate\":\"https:\/\/www.fiemg.com.br\/associativismo\/?s={search_term_string}\"},\"query-input\":{\"@type\":\"PropertyValueSpecification\",\"valueRequired\":true,\"valueName\":\"search_term_string\"}}],\"inLanguage\":\"pt-BR\"},{\"@type\":\"Organization\",\"@id\":\"https:\/\/www.fiemg.com.br\/associativismo\/#organization\",\"name\":\"Associativismo\",\"url\":\"https:\/\/www.fiemg.com.br\/associativismo\/\",\"logo\":{\"@type\":\"ImageObject\",\"inLanguage\":\"pt-BR\",\"@id\":\"https:\/\/www.fiemg.com.br\/associativismo\/#\/schema\/logo\/image\/\",\"url\":\"https:\/\/www.fiemg.com.br\/associativismo\/wp-content\/uploads\/sites\/29\/2023\/02\/fiemg_branco.svg\",\"contentUrl\":\"https:\/\/www.fiemg.com.br\/associativismo\/wp-content\/uploads\/sites\/29\/2023\/02\/fiemg_branco.svg\",\"width\":561,\"height\":147,\"caption\":\"Associativismo\"},\"image\":{\"@id\":\"https:\/\/www.fiemg.com.br\/associativismo\/#\/schema\/logo\/image\/\"}}]}<\/script>\n<!-- \/ Yoast SEO plugin. -->","yoast_head_json":{"title":"Conselho debate inova\u00e7\u00e3o e agenda p\u00fablica na FIEMG - Associativismo","robots":{"index":"index","follow":"follow","max-snippet":"max-snippet:-1","max-image-preview":"max-image-preview:large","max-video-preview":"max-video-preview:-1"},"canonical":"https:\/\/www.fiemg.com.br\/associativismo\/noticias\/conselho-debate-inovacao-e-agenda-publica-na-fiemg\/","og_locale":"pt_BR","og_type":"article","og_title":"Conselho debate inova\u00e7\u00e3o e agenda p\u00fablica na FIEMG - Associativismo","og_description":"O Conselho de Tecnologia e Inova\u00e7\u00e3o da FIEMG se reuniu nesta quinta-feira (30\/4), na sede da Federa\u00e7\u00e3o, em Belo Horizonte, para discutir estrat\u00e9gias de fortalecimento do ecossistema de inova\u00e7\u00e3o e a constru\u00e7\u00e3o de uma agenda de pol\u00edticas p\u00fablicas para o setor. O presidente do colegiado, Matheus Pedrosa, destacou o momento de consolida\u00e7\u00e3o do grupo ap\u00f3s [&hellip;]","og_url":"https:\/\/www.fiemg.com.br\/associativismo\/noticias\/conselho-debate-inovacao-e-agenda-publica-na-fiemg\/","og_site_name":"Associativismo","article_modified_time":"2026-04-30T20:54:28+00:00","og_image":[{"width":512,"height":512,"url":"https:\/\/www.fiemg.com.br\/associativismo\/wp-content\/uploads\/sites\/29\/2026\/04\/Thumb-20.jpg","type":"image\/jpeg"}],"twitter_card":"summary_large_image","twitter_misc":{"Est. tempo de leitura":"3 minutos"},"schema":{"@context":"https:\/\/schema.org","@graph":[{"@type":"WebPage","@id":"https:\/\/www.fiemg.com.br\/associativismo\/noticias\/conselho-debate-inovacao-e-agenda-publica-na-fiemg\/","url":"https:\/\/www.fiemg.com.br\/associativismo\/noticias\/conselho-debate-inovacao-e-agenda-publica-na-fiemg\/","name":"Conselho debate inova\u00e7\u00e3o e agenda p\u00fablica na FIEMG - Associativismo","isPartOf":{"@id":"https:\/\/www.fiemg.com.br\/associativismo\/#website"},"primaryImageOfPage":{"@id":"https:\/\/www.fiemg.com.br\/associativismo\/noticias\/conselho-debate-inovacao-e-agenda-publica-na-fiemg\/#primaryimage"},"image":{"@id":"https:\/\/www.fiemg.com.br\/associativismo\/noticias\/conselho-debate-inovacao-e-agenda-publica-na-fiemg\/#primaryimage"},"thumbnailUrl":"https:\/\/www.fiemg.com.br\/associativismo\/wp-content\/uploads\/sites\/29\/2026\/04\/Thumb-20.jpg","datePublished":"2026-04-30T20:54:25+00:00","dateModified":"2026-04-30T20:54:28+00:00","breadcrumb":{"@id":"https:\/\/www.fiemg.com.br\/associativismo\/noticias\/conselho-debate-inovacao-e-agenda-publica-na-fiemg\/#breadcrumb"},"inLanguage":"pt-BR","potentialAction":[{"@type":"ReadAction","target":["https:\/\/www.fiemg.com.br\/associativismo\/noticias\/conselho-debate-inovacao-e-agenda-publica-na-fiemg\/"]}]},{"@type":"ImageObject","inLanguage":"pt-BR","@id":"https:\/\/www.fiemg.com.br\/associativismo\/noticias\/conselho-debate-inovacao-e-agenda-publica-na-fiemg\/#primaryimage","url":"https:\/\/www.fiemg.com.br\/associativismo\/wp-content\/uploads\/sites\/29\/2026\/04\/Thumb-20.jpg","contentUrl":"https:\/\/www.fiemg.com.br\/associativismo\/wp-content\/uploads\/sites\/29\/2026\/04\/Thumb-20.jpg","width":512,"height":512},{"@type":"BreadcrumbList","@id":"https:\/\/www.fiemg.com.br\/associativismo\/noticias\/conselho-debate-inovacao-e-agenda-publica-na-fiemg\/#breadcrumb","itemListElement":[{"@type":"ListItem","position":1,"name":"In\u00edcio","item":"https:\/\/www.fiemg.com.br\/associativismo\/"},{"@type":"ListItem","position":2,"name":"Conselho debate inova\u00e7\u00e3o e agenda p\u00fablica na FIEMG"}]},{"@type":"WebSite","@id":"https:\/\/www.fiemg.com.br\/associativismo\/#website","url":"https:\/\/www.fiemg.com.br\/associativismo\/","name":"Associativismo","description":"Federa\u00e7\u00e3o das Ind\u00fastrias do Estado de Minas Gerais","publisher":{"@id":"https:\/\/www.fiemg.com.br\/associativismo\/#organization"},"potentialAction":[{"@type":"SearchAction","target":{"@type":"EntryPoint","urlTemplate":"https:\/\/www.fiemg.com.br\/associativismo\/?s={search_term_string}"},"query-input":{"@type":"PropertyValueSpecification","valueRequired":true,"valueName":"search_term_string"}}],"inLanguage":"pt-BR"},{"@type":"Organization","@id":"https:\/\/www.fiemg.com.br\/associativismo\/#organization","name":"Associativismo","url":"https:\/\/www.fiemg.com.br\/associativismo\/","logo":{"@type":"ImageObject","inLanguage":"pt-BR","@id":"https:\/\/www.fiemg.com.br\/associativismo\/#\/schema\/logo\/image\/","url":"https:\/\/www.fiemg.com.br\/associativismo\/wp-content\/uploads\/sites\/29\/2023\/02\/fiemg_branco.svg","contentUrl":"https:\/\/www.fiemg.com.br\/associativismo\/wp-content\/uploads\/sites\/29\/2023\/02\/fiemg_branco.svg","width":561,"height":147,"caption":"Associativismo"},"image":{"@id":"https:\/\/www.fiemg.com.br\/associativismo\/#\/schema\/logo\/image\/"}}]}},"_links":{"self":[{"href":"https:\/\/www.fiemg.com.br\/associativismo\/wp-json\/wp\/v2\/noticias\/4789","targetHints":{"allow":["GET"]}}],"collection":[{"href":"https:\/\/www.fiemg.com.br\/associativismo\/wp-json\/wp\/v2\/noticias"}],"about":[{"href":"https:\/\/www.fiemg.com.br\/associativismo\/wp-json\/wp\/v2\/types\/noticias"}],"wp:featuredmedia":[{"embeddable":true,"href":"https:\/\/www.fiemg.com.br\/associativismo\/wp-json\/wp\/v2\/media\/4791"}],"wp:attachment":[{"href":"https:\/\/www.fiemg.com.br\/associativismo\/wp-json\/wp\/v2\/media?parent=4789"}],"wp:term":[{"taxonomy":"category","embeddable":true,"href":"https:\/\/www.fiemg.com.br\/associativismo\/wp-json\/wp\/v2\/categories?post=4789"},{"taxonomy":"post_tag","embeddable":true,"href":"https:\/\/www.fiemg.com.br\/associativismo\/wp-json\/wp\/v2\/tags?post=4789"}],"curies":[{"name":"wp","href":"https:\/\/api.w.org\/{rel}","templated":true}]}}