{"id":5365,"date":"2026-09-02T18:38:10","date_gmt":"2026-09-02T21:38:10","guid":{"rendered":"https:\/\/www.fiemg.com.br\/associativismo\/noticias\/fiemg-cobra-seguranca-juridica-em-politica-de-minerais-criticos\/"},"modified":"2026-09-02T18:38:12","modified_gmt":"2026-09-02T21:38:12","slug":"fiemg-cobra-seguranca-juridica-em-politica-de-minerais-criticos","status":"publish","type":"noticias","link":"https:\/\/www.fiemg.com.br\/associativismo\/noticias\/fiemg-cobra-seguranca-juridica-em-politica-de-minerais-criticos\/","title":{"rendered":"FIEMG cobra seguran\u00e7a jur\u00eddica em pol\u00edtica de minerais cr\u00edticos"},"content":{"rendered":"\n<p class=\"wp-block-paragraph\">A Federa\u00e7\u00e3o das Ind\u00fastrias do Estado de Minas Gerais (FIEMG) avalia que a Pol\u00edtica Nacional de Minerais Cr\u00edticos e Estrat\u00e9gicos (PNMCE), aprovada pelo Senado Federal nesta quarta-feira (2), pode contribuir para ampliar a competitividade da ind\u00fastria nacional e agregar valor aos recursos minerais brasileiros, mas destaca que a efetividade da iniciativa depender\u00e1 de aprimoramentos regulat\u00f3rios que garantam seguran\u00e7a jur\u00eddica, previsibilidade e condi\u00e7\u00f5es adequadas para estimular investimentos no setor.<\/p>\n\n\n\n<p class=\"wp-block-paragraph\">Os minerais cr\u00edticos e estrat\u00e9gicos ocupam posi\u00e7\u00e3o central na transforma\u00e7\u00e3o da economia global. Para a FIEMG, o Brasil tem a oportunidade de avan\u00e7ar na cadeia de valor desses recursos, ampliando n\u00e3o apenas a produ\u00e7\u00e3o mineral, mas tamb\u00e9m as etapas de beneficiamento, transforma\u00e7\u00e3o e desenvolvimento tecnol\u00f3gico, desde que sejam estabelecidas condi\u00e7\u00f5es regulat\u00f3rias adequadas para o desenvolvimento do setor.<\/p>\n\n\n\n<p class=\"wp-block-paragraph\">Entre os pontos de aten\u00e7\u00e3o est\u00e1 a cria\u00e7\u00e3o do Conselho Nacional de Industrializa\u00e7\u00e3o de Minerais Cr\u00edticos e Estrat\u00e9gicos (CIMCE). Na avalia\u00e7\u00e3o da Federa\u00e7\u00e3o, as compet\u00eancias atribu\u00eddas ao colegiado s\u00e3o amplas e apresentam elevado grau de subjetividade, o que pode gerar inseguran\u00e7a jur\u00eddica e excesso de discricionariedade na implementa\u00e7\u00e3o das pol\u00edticas relacionadas ao setor.<\/p>\n\n\n\n<p class=\"wp-block-paragraph\">Considerando o papel estrat\u00e9gico que o CIMCE ter\u00e1 na governan\u00e7a das a\u00e7\u00f5es voltadas aos minerais cr\u00edticos e estrat\u00e9gicos, a FIEMG tamb\u00e9m entende ser essencial a participa\u00e7\u00e3o de representantes da Confedera\u00e7\u00e3o Nacional da Ind\u00fastria (CNI) na composi\u00e7\u00e3o do colegiado, garantindo a presen\u00e7a do setor produtivo nas discuss\u00f5es e decis\u00f5es que impactam a cadeia industrial.<\/p>\n\n\n\n<p class=\"wp-block-paragraph\">Outro ponto de aten\u00e7\u00e3o \u00e9 a exig\u00eancia de destina\u00e7\u00e3o da produ\u00e7\u00e3o ao mercado interno como crit\u00e9rio para habilita\u00e7\u00e3o no Programa Federal de Beneficiamento e Transforma\u00e7\u00e3o de Minerais Cr\u00edticos e Estrat\u00e9gicos (PMFCE). Para a entidade, essa obriga\u00e7\u00e3o pode gerar incertezas para as empresas, uma vez que n\u00e3o h\u00e1 garantia sobre a exist\u00eancia de demanda interna suficiente ou sobre a possibilidade de conciliar o atendimento ao mercado nacional com oportunidades de exporta\u00e7\u00e3o.<\/p>\n\n\n\n<p class=\"wp-block-paragraph\">A cria\u00e7\u00e3o de um b\u00f4nus de assinatura destinado \u00e0 Uni\u00e3o, a ser pago pelo empreendedor no momento da obten\u00e7\u00e3o do t\u00edtulo miner\u00e1rio, tamb\u00e9m \u00e9 motivo de preocupa\u00e7\u00e3o para a Federa\u00e7\u00e3o. A medida representa uma nova obriga\u00e7\u00e3o financeira sobre um setor que j\u00e1 est\u00e1 submetido a uma elevada carga tribut\u00e1ria, al\u00e9m de custos regulat\u00f3rios, exig\u00eancias ambientais, compensa\u00e7\u00f5es e demais encargos administrativos.<\/p>\n\n\n\n<p class=\"wp-block-paragraph\">Para a FIEMG, a inclus\u00e3o de uma cobran\u00e7a adicional antes mesmo da implanta\u00e7\u00e3o ou opera\u00e7\u00e3o dos empreendimentos pode elevar custos, reduzir a atratividade dos projetos e afastar investimentos necess\u00e1rios ao desenvolvimento da cadeia de minerais cr\u00edticos no Brasil.<\/p>\n\n\n\n<p class=\"wp-block-paragraph\">Na avalia\u00e7\u00e3o da entidade, uma pol\u00edtica voltada aos minerais cr\u00edticos deve ampliar a capacidade produtiva brasileira sem criar restri\u00e7\u00f5es que reduzam a competitividade internacional dos projetos. A inser\u00e7\u00e3o em mercados externos \u00e9 especialmente relevante para empreendimentos de minerais estrat\u00e9gicos, que dependem de escala, investimentos de longo prazo e integra\u00e7\u00e3o \u00e0s cadeias globais de valor.<\/p>\n\n\n\n<p class=\"wp-block-paragraph\"><strong>Laborat\u00f3rio de terras raras da FIEMG refor\u00e7a protagonismo de Minas Gerais no desenvolvimento tecnol\u00f3gico de minerais estrat\u00e9gicos<\/strong><\/p>\n\n\n\n<p class=\"wp-block-paragraph\">A discuss\u00e3o sobre minerais cr\u00edticos ganha relev\u00e2ncia diante da crescente disputa internacional por recursos essenciais \u00e0 fabrica\u00e7\u00e3o de tecnologias como \u00edm\u00e3s permanentes, motores el\u00e9tricos e equipamentos de gera\u00e7\u00e3o de energia. No caso das terras raras, o desafio brasileiro \u00e9 avan\u00e7ar n\u00e3o apenas na produ\u00e7\u00e3o mineral, mas tamb\u00e9m nas etapas de separa\u00e7\u00e3o, processamento e transforma\u00e7\u00e3o, que agregam maior valor \u00e0 cadeia.<\/p>\n\n\n\n<p class=\"wp-block-paragraph\">Minas Gerais re\u00fane ativos importantes para esse movimento. A FIEMG possui o \u00fanico laborat\u00f3rio de terras raras do Hemisf\u00e9rio Sul, localizado em Lagoa Santa\/MG, estrutura voltada \u00e0 pesquisa, caracteriza\u00e7\u00e3o e desenvolvimento tecnol\u00f3gico desses elementos. A capacidade instalada contribui para ampliar o conhecimento e o desenvolvimento de tecnologias relacionadas \u00e0s terras raras e refor\u00e7a o potencial de Minas Gerais para participar de etapas de maior valor agregado dessa cadeia.<\/p>\n\n\n\n<p class=\"wp-block-paragraph\"><strong>Imprensa FIEMG<\/strong><\/p>\n","protected":false},"featured_media":5366,"template":"","categories":[15],"tags":[894,1020,402,898],"class_list":["post-5365","noticias","type-noticias","status-publish","has-post-thumbnail","hentry","category-desenvolvimento-industrial","tag-cit-senai-itr","tag-instituto-de-terras-raras","tag-minerais-criticos","tag-terras-raras"],"acf":[],"yoast_head":"<!-- This site is optimized with the Yoast SEO plugin v27.7 - https:\/\/yoast.com\/product\/yoast-seo-wordpress\/ -->\n<title>FIEMG cobra seguran\u00e7a jur\u00eddica em pol\u00edtica de minerais cr\u00edticos - Associativismo<\/title>\n<meta name=\"robots\" content=\"index, follow, max-snippet:-1, max-image-preview:large, max-video-preview:-1\" \/>\n<link rel=\"canonical\" href=\"https:\/\/www.fiemg.com.br\/associativismo\/noticias\/fiemg-cobra-seguranca-juridica-em-politica-de-minerais-criticos\/\" \/>\n<meta property=\"og:locale\" content=\"pt_BR\" \/>\n<meta property=\"og:type\" content=\"article\" \/>\n<meta property=\"og:title\" content=\"FIEMG cobra seguran\u00e7a jur\u00eddica em pol\u00edtica de minerais cr\u00edticos - Associativismo\" \/>\n<meta property=\"og:description\" content=\"A Federa\u00e7\u00e3o das Ind\u00fastrias do Estado de Minas Gerais (FIEMG) avalia que a Pol\u00edtica Nacional de Minerais Cr\u00edticos e Estrat\u00e9gicos (PNMCE), aprovada pelo Senado Federal nesta quarta-feira (2), pode contribuir para ampliar a competitividade da ind\u00fastria nacional e agregar valor aos recursos minerais brasileiros, mas destaca que a efetividade da iniciativa depender\u00e1 de aprimoramentos regulat\u00f3rios [&hellip;]\" \/>\n<meta property=\"og:url\" content=\"https:\/\/www.fiemg.com.br\/associativismo\/noticias\/fiemg-cobra-seguranca-juridica-em-politica-de-minerais-criticos\/\" \/>\n<meta property=\"og:site_name\" content=\"Associativismo\" \/>\n<meta property=\"article:modified_time\" content=\"2026-09-02T21:38:12+00:00\" \/>\n<meta property=\"og:image\" content=\"https:\/\/www.fiemg.com.br\/associativismo\/wp-content\/uploads\/sites\/29\/2026\/09\/CARD_NOTA_IMPRENSA-100_6013037_4712438_7026966.jpg\" \/>\n\t<meta property=\"og:image:width\" content=\"1200\" \/>\n\t<meta property=\"og:image:height\" content=\"1200\" \/>\n\t<meta property=\"og:image:type\" content=\"image\/jpeg\" \/>\n<meta name=\"twitter:card\" content=\"summary_large_image\" \/>\n<meta name=\"twitter:label1\" content=\"Est. tempo de leitura\" \/>\n\t<meta name=\"twitter:data1\" content=\"4 minutos\" \/>\n<script type=\"application\/ld+json\" class=\"yoast-schema-graph\">{\"@context\":\"https:\\\/\\\/schema.org\",\"@graph\":[{\"@type\":\"WebPage\",\"@id\":\"https:\\\/\\\/www.fiemg.com.br\\\/associativismo\\\/noticias\\\/fiemg-cobra-seguranca-juridica-em-politica-de-minerais-criticos\\\/\",\"url\":\"https:\\\/\\\/www.fiemg.com.br\\\/associativismo\\\/noticias\\\/fiemg-cobra-seguranca-juridica-em-politica-de-minerais-criticos\\\/\",\"name\":\"FIEMG cobra seguran\u00e7a jur\u00eddica em pol\u00edtica de minerais cr\u00edticos - Associativismo\",\"isPartOf\":{\"@id\":\"https:\\\/\\\/www.fiemg.com.br\\\/associativismo\\\/#website\"},\"primaryImageOfPage\":{\"@id\":\"https:\\\/\\\/www.fiemg.com.br\\\/associativismo\\\/noticias\\\/fiemg-cobra-seguranca-juridica-em-politica-de-minerais-criticos\\\/#primaryimage\"},\"image\":{\"@id\":\"https:\\\/\\\/www.fiemg.com.br\\\/associativismo\\\/noticias\\\/fiemg-cobra-seguranca-juridica-em-politica-de-minerais-criticos\\\/#primaryimage\"},\"thumbnailUrl\":\"https:\\\/\\\/www.fiemg.com.br\\\/associativismo\\\/wp-content\\\/uploads\\\/sites\\\/29\\\/2026\\\/09\\\/CARD_NOTA_IMPRENSA-100_6013037_4712438_7026966.jpg\",\"datePublished\":\"2026-09-02T21:38:10+00:00\",\"dateModified\":\"2026-09-02T21:38:12+00:00\",\"breadcrumb\":{\"@id\":\"https:\\\/\\\/www.fiemg.com.br\\\/associativismo\\\/noticias\\\/fiemg-cobra-seguranca-juridica-em-politica-de-minerais-criticos\\\/#breadcrumb\"},\"inLanguage\":\"pt-BR\",\"potentialAction\":[{\"@type\":\"ReadAction\",\"target\":[\"https:\\\/\\\/www.fiemg.com.br\\\/associativismo\\\/noticias\\\/fiemg-cobra-seguranca-juridica-em-politica-de-minerais-criticos\\\/\"]}]},{\"@type\":\"ImageObject\",\"inLanguage\":\"pt-BR\",\"@id\":\"https:\\\/\\\/www.fiemg.com.br\\\/associativismo\\\/noticias\\\/fiemg-cobra-seguranca-juridica-em-politica-de-minerais-criticos\\\/#primaryimage\",\"url\":\"https:\\\/\\\/www.fiemg.com.br\\\/associativismo\\\/wp-content\\\/uploads\\\/sites\\\/29\\\/2026\\\/09\\\/CARD_NOTA_IMPRENSA-100_6013037_4712438_7026966.jpg\",\"contentUrl\":\"https:\\\/\\\/www.fiemg.com.br\\\/associativismo\\\/wp-content\\\/uploads\\\/sites\\\/29\\\/2026\\\/09\\\/CARD_NOTA_IMPRENSA-100_6013037_4712438_7026966.jpg\",\"width\":1200,\"height\":1200},{\"@type\":\"BreadcrumbList\",\"@id\":\"https:\\\/\\\/www.fiemg.com.br\\\/associativismo\\\/noticias\\\/fiemg-cobra-seguranca-juridica-em-politica-de-minerais-criticos\\\/#breadcrumb\",\"itemListElement\":[{\"@type\":\"ListItem\",\"position\":1,\"name\":\"In\u00edcio\",\"item\":\"https:\\\/\\\/www.fiemg.com.br\\\/associativismo\\\/\"},{\"@type\":\"ListItem\",\"position\":2,\"name\":\"FIEMG cobra seguran\u00e7a jur\u00eddica em pol\u00edtica de minerais cr\u00edticos\"}]},{\"@type\":\"WebSite\",\"@id\":\"https:\\\/\\\/www.fiemg.com.br\\\/associativismo\\\/#website\",\"url\":\"https:\\\/\\\/www.fiemg.com.br\\\/associativismo\\\/\",\"name\":\"Associativismo\",\"description\":\"Federa\u00e7\u00e3o das Ind\u00fastrias do Estado de Minas Gerais\",\"publisher\":{\"@id\":\"https:\\\/\\\/www.fiemg.com.br\\\/associativismo\\\/#organization\"},\"potentialAction\":[{\"@type\":\"SearchAction\",\"target\":{\"@type\":\"EntryPoint\",\"urlTemplate\":\"https:\\\/\\\/www.fiemg.com.br\\\/associativismo\\\/?s={search_term_string}\"},\"query-input\":{\"@type\":\"PropertyValueSpecification\",\"valueRequired\":true,\"valueName\":\"search_term_string\"}}],\"inLanguage\":\"pt-BR\"},{\"@type\":\"Organization\",\"@id\":\"https:\\\/\\\/www.fiemg.com.br\\\/associativismo\\\/#organization\",\"name\":\"Associativismo\",\"url\":\"https:\\\/\\\/www.fiemg.com.br\\\/associativismo\\\/\",\"logo\":{\"@type\":\"ImageObject\",\"inLanguage\":\"pt-BR\",\"@id\":\"https:\\\/\\\/www.fiemg.com.br\\\/associativismo\\\/#\\\/schema\\\/logo\\\/image\\\/\",\"url\":\"https:\\\/\\\/www.fiemg.com.br\\\/associativismo\\\/wp-content\\\/uploads\\\/sites\\\/29\\\/2023\\\/02\\\/fiemg_branco.svg\",\"contentUrl\":\"https:\\\/\\\/www.fiemg.com.br\\\/associativismo\\\/wp-content\\\/uploads\\\/sites\\\/29\\\/2023\\\/02\\\/fiemg_branco.svg\",\"width\":561,\"height\":147,\"caption\":\"Associativismo\"},\"image\":{\"@id\":\"https:\\\/\\\/www.fiemg.com.br\\\/associativismo\\\/#\\\/schema\\\/logo\\\/image\\\/\"}}]}<\/script>\n<!-- \/ Yoast SEO plugin. -->","yoast_head_json":{"title":"FIEMG cobra seguran\u00e7a jur\u00eddica em pol\u00edtica de minerais cr\u00edticos - Associativismo","robots":{"index":"index","follow":"follow","max-snippet":"max-snippet:-1","max-image-preview":"max-image-preview:large","max-video-preview":"max-video-preview:-1"},"canonical":"https:\/\/www.fiemg.com.br\/associativismo\/noticias\/fiemg-cobra-seguranca-juridica-em-politica-de-minerais-criticos\/","og_locale":"pt_BR","og_type":"article","og_title":"FIEMG cobra seguran\u00e7a jur\u00eddica em pol\u00edtica de minerais cr\u00edticos - Associativismo","og_description":"A Federa\u00e7\u00e3o das Ind\u00fastrias do Estado de Minas Gerais (FIEMG) avalia que a Pol\u00edtica Nacional de Minerais Cr\u00edticos e Estrat\u00e9gicos (PNMCE), aprovada pelo Senado Federal nesta quarta-feira (2), pode contribuir para ampliar a competitividade da ind\u00fastria nacional e agregar valor aos recursos minerais brasileiros, mas destaca que a efetividade da iniciativa depender\u00e1 de aprimoramentos regulat\u00f3rios [&hellip;]","og_url":"https:\/\/www.fiemg.com.br\/associativismo\/noticias\/fiemg-cobra-seguranca-juridica-em-politica-de-minerais-criticos\/","og_site_name":"Associativismo","article_modified_time":"2026-09-02T21:38:12+00:00","og_image":[{"width":1200,"height":1200,"url":"https:\/\/www.fiemg.com.br\/associativismo\/wp-content\/uploads\/sites\/29\/2026\/09\/CARD_NOTA_IMPRENSA-100_6013037_4712438_7026966.jpg","type":"image\/jpeg"}],"twitter_card":"summary_large_image","twitter_misc":{"Est. tempo de leitura":"4 minutos"},"schema":{"@context":"https:\/\/schema.org","@graph":[{"@type":"WebPage","@id":"https:\/\/www.fiemg.com.br\/associativismo\/noticias\/fiemg-cobra-seguranca-juridica-em-politica-de-minerais-criticos\/","url":"https:\/\/www.fiemg.com.br\/associativismo\/noticias\/fiemg-cobra-seguranca-juridica-em-politica-de-minerais-criticos\/","name":"FIEMG cobra seguran\u00e7a jur\u00eddica em pol\u00edtica de minerais cr\u00edticos - Associativismo","isPartOf":{"@id":"https:\/\/www.fiemg.com.br\/associativismo\/#website"},"primaryImageOfPage":{"@id":"https:\/\/www.fiemg.com.br\/associativismo\/noticias\/fiemg-cobra-seguranca-juridica-em-politica-de-minerais-criticos\/#primaryimage"},"image":{"@id":"https:\/\/www.fiemg.com.br\/associativismo\/noticias\/fiemg-cobra-seguranca-juridica-em-politica-de-minerais-criticos\/#primaryimage"},"thumbnailUrl":"https:\/\/www.fiemg.com.br\/associativismo\/wp-content\/uploads\/sites\/29\/2026\/09\/CARD_NOTA_IMPRENSA-100_6013037_4712438_7026966.jpg","datePublished":"2026-09-02T21:38:10+00:00","dateModified":"2026-09-02T21:38:12+00:00","breadcrumb":{"@id":"https:\/\/www.fiemg.com.br\/associativismo\/noticias\/fiemg-cobra-seguranca-juridica-em-politica-de-minerais-criticos\/#breadcrumb"},"inLanguage":"pt-BR","potentialAction":[{"@type":"ReadAction","target":["https:\/\/www.fiemg.com.br\/associativismo\/noticias\/fiemg-cobra-seguranca-juridica-em-politica-de-minerais-criticos\/"]}]},{"@type":"ImageObject","inLanguage":"pt-BR","@id":"https:\/\/www.fiemg.com.br\/associativismo\/noticias\/fiemg-cobra-seguranca-juridica-em-politica-de-minerais-criticos\/#primaryimage","url":"https:\/\/www.fiemg.com.br\/associativismo\/wp-content\/uploads\/sites\/29\/2026\/09\/CARD_NOTA_IMPRENSA-100_6013037_4712438_7026966.jpg","contentUrl":"https:\/\/www.fiemg.com.br\/associativismo\/wp-content\/uploads\/sites\/29\/2026\/09\/CARD_NOTA_IMPRENSA-100_6013037_4712438_7026966.jpg","width":1200,"height":1200},{"@type":"BreadcrumbList","@id":"https:\/\/www.fiemg.com.br\/associativismo\/noticias\/fiemg-cobra-seguranca-juridica-em-politica-de-minerais-criticos\/#breadcrumb","itemListElement":[{"@type":"ListItem","position":1,"name":"In\u00edcio","item":"https:\/\/www.fiemg.com.br\/associativismo\/"},{"@type":"ListItem","position":2,"name":"FIEMG cobra seguran\u00e7a jur\u00eddica em pol\u00edtica de minerais cr\u00edticos"}]},{"@type":"WebSite","@id":"https:\/\/www.fiemg.com.br\/associativismo\/#website","url":"https:\/\/www.fiemg.com.br\/associativismo\/","name":"Associativismo","description":"Federa\u00e7\u00e3o das Ind\u00fastrias do Estado de Minas Gerais","publisher":{"@id":"https:\/\/www.fiemg.com.br\/associativismo\/#organization"},"potentialAction":[{"@type":"SearchAction","target":{"@type":"EntryPoint","urlTemplate":"https:\/\/www.fiemg.com.br\/associativismo\/?s={search_term_string}"},"query-input":{"@type":"PropertyValueSpecification","valueRequired":true,"valueName":"search_term_string"}}],"inLanguage":"pt-BR"},{"@type":"Organization","@id":"https:\/\/www.fiemg.com.br\/associativismo\/#organization","name":"Associativismo","url":"https:\/\/www.fiemg.com.br\/associativismo\/","logo":{"@type":"ImageObject","inLanguage":"pt-BR","@id":"https:\/\/www.fiemg.com.br\/associativismo\/#\/schema\/logo\/image\/","url":"https:\/\/www.fiemg.com.br\/associativismo\/wp-content\/uploads\/sites\/29\/2023\/02\/fiemg_branco.svg","contentUrl":"https:\/\/www.fiemg.com.br\/associativismo\/wp-content\/uploads\/sites\/29\/2023\/02\/fiemg_branco.svg","width":561,"height":147,"caption":"Associativismo"},"image":{"@id":"https:\/\/www.fiemg.com.br\/associativismo\/#\/schema\/logo\/image\/"}}]}},"_links":{"self":[{"href":"https:\/\/www.fiemg.com.br\/associativismo\/wp-json\/wp\/v2\/noticias\/5365","targetHints":{"allow":["GET"]}}],"collection":[{"href":"https:\/\/www.fiemg.com.br\/associativismo\/wp-json\/wp\/v2\/noticias"}],"about":[{"href":"https:\/\/www.fiemg.com.br\/associativismo\/wp-json\/wp\/v2\/types\/noticias"}],"wp:featuredmedia":[{"embeddable":true,"href":"https:\/\/www.fiemg.com.br\/associativismo\/wp-json\/wp\/v2\/media\/5366"}],"wp:attachment":[{"href":"https:\/\/www.fiemg.com.br\/associativismo\/wp-json\/wp\/v2\/media?parent=5365"}],"wp:term":[{"taxonomy":"category","embeddable":true,"href":"https:\/\/www.fiemg.com.br\/associativismo\/wp-json\/wp\/v2\/categories?post=5365"},{"taxonomy":"post_tag","embeddable":true,"href":"https:\/\/www.fiemg.com.br\/associativismo\/wp-json\/wp\/v2\/tags?post=5365"}],"curies":[{"name":"wp","href":"https:\/\/api.w.org\/{rel}","templated":true}]}}