{"id":1432,"date":"2023-08-21T15:23:21","date_gmt":"2023-08-21T18:23:21","guid":{"rendered":"https:\/\/www.fiemg.com.br\/associativismo\/sindimiva-promove-missao-a-mec-show\/"},"modified":"2023-08-21T15:23:21","modified_gmt":"2023-08-21T18:23:21","slug":"sindimiva-promove-missao-a-mec-show","status":"publish","type":"post","link":"https:\/\/www.fiemg.com.br\/associativismo\/sindimiva-promove-missao-a-mec-show\/","title":{"rendered":"Sindimiva promove miss\u00e3o a Mec Show"},"content":{"rendered":"<p>&nbsp;<\/p>\n<p><img fetchpriority=\"high\" decoding=\"async\" class=\"alignnone size-medium wp-image-1435 aligncenter\" src=\"https:\/\/www.fiemg.com.br\/associativismo\/wp-content\/uploads\/sites\/29\/2023\/08\/MECSHOW-I-300x225.jpg\" alt=\"\" width=\"300\" height=\"225\" data-wp-editing=\"1\" srcset=\"https:\/\/www.fiemg.com.br\/associativismo\/wp-content\/uploads\/sites\/29\/2023\/08\/MECSHOW-I-300x225.jpg 300w, https:\/\/www.fiemg.com.br\/associativismo\/wp-content\/uploads\/sites\/29\/2023\/08\/MECSHOW-I-768x576.jpg 768w, https:\/\/www.fiemg.com.br\/associativismo\/wp-content\/uploads\/sites\/29\/2023\/08\/MECSHOW-I.jpg 1024w\" sizes=\"(max-width: 300px) 100vw, 300px\" \/><\/p>\n<p>Empres\u00e1rios do Vale do A\u00e7o participaram na \u00faltima semana de uma das principais feiras do setor metalmec\u00e2nico que apresentou as tend\u00eancias e tecnologia de ponta para a ind\u00fastria, atraindo profissionais e gestores de compras das grandes plantas industriais do Estado do Espirito Santo, como: ArcelorMittal, Estaleiro Jurong Aracruz, Suzano, Petrobras e Vale.<\/p>\n<p>A Mec Show realizada no munic\u00edpio de Serra, atraiu milhares de pessoas que conheceram de perto as \u00faltimas tend\u00eancias do setor, bem como produtos e servi\u00e7os que podem revolucionar suas opera\u00e7\u00f5es e impulsionar neg\u00f3cios.<\/p>\n<p>\u201cA Mec Show apresentou em mais uma edi\u00e7\u00e3o uma rica grade de programa\u00e7\u00f5es t\u00e9cnicas, al\u00e9m de divulga\u00e7\u00e3o das oportunidades de neg\u00f3cios nas \u00e1reas de siderurgia, minera\u00e7\u00e3o, celulose, petr\u00f3leo, g\u00e1s e naval. Durante a Feira, tivemos ainda um breve encontro com o governador do Estado, Renato Casagrande\u201d, pontuou Jos\u00e9 Arinos, Coordenador T\u00e9cnico.<\/p>\n<p><img decoding=\"async\" class=\"size-medium wp-image-1434 aligncenter\" src=\"https:\/\/www.fiemg.com.br\/associativismo\/wp-content\/uploads\/sites\/29\/2023\/08\/MECSHOW-III-300x225.jpg\" alt=\"\" width=\"300\" height=\"225\" srcset=\"https:\/\/www.fiemg.com.br\/associativismo\/wp-content\/uploads\/sites\/29\/2023\/08\/MECSHOW-III-300x225.jpg 300w, https:\/\/www.fiemg.com.br\/associativismo\/wp-content\/uploads\/sites\/29\/2023\/08\/MECSHOW-III-1024x768.jpg 1024w, https:\/\/www.fiemg.com.br\/associativismo\/wp-content\/uploads\/sites\/29\/2023\/08\/MECSHOW-III-768x576.jpg 768w, https:\/\/www.fiemg.com.br\/associativismo\/wp-content\/uploads\/sites\/29\/2023\/08\/MECSHOW-III-1536x1152.jpg 1536w, https:\/\/www.fiemg.com.br\/associativismo\/wp-content\/uploads\/sites\/29\/2023\/08\/MECSHOW-III.jpg 1600w\" sizes=\"(max-width: 300px) 100vw, 300px\" \/><\/p>\n<p>Jo\u00e3o Batista Alves, Presidente do Sindimiva, ressaltou que o sindicato tem promovido miss\u00f5es por todo o pa\u00eds. \u201cEntendemos que essas feiras, al\u00e9m de reunir marcas nacionais e internacionais dos mais diferentes segmentos da ind\u00fastria metalmec\u00e2nica, propicia conex\u00f5es valiosas, onde empresas e profissionais do setor, poder\u00e3o interagir, trocar conhecimentos e estabelecer parcerias. Acreditamos que a troca de conhecimentos e a gera\u00e7\u00e3o de neg\u00f3cios s\u00e3o fundamentais para impulsionar o avan\u00e7o da ind\u00fastria\u201d, disse.<\/p>\n<p>Saiba mais sobre as a\u00e7\u00f5es e oportunidades ofertadas pelo Sindimiva atrav\u00e9s do whatsapp 31 98311-2967<\/p>\n<p>&nbsp;<\/p>\n<p>&nbsp;<\/p>\n<p><em>\u00a0<\/em><\/p>\n","protected":false},"excerpt":{"rendered":"<p>&nbsp; Empres\u00e1rios do Vale do A\u00e7o participaram na \u00faltima semana de uma das principais feiras do setor metalmec\u00e2nico que apresentou as tend\u00eancias e tecnologia de ponta para a ind\u00fastria, atraindo profissionais e gestores de compras das grandes plantas industriais do Estado do Espirito Santo, como: ArcelorMittal, Estaleiro Jurong Aracruz, Suzano, Petrobras e Vale. A Mec [&hellip;]<\/p>\n","protected":false},"author":50,"featured_media":1433,"comment_status":"open","ping_status":"open","sticky":false,"template":"","format":"standard","meta":{"footnotes":""},"categories":[14],"tags":[],"class_list":["post-1432","post","type-post","status-publish","format-standard","has-post-thumbnail","hentry","category-noticias"],"acf":[],"yoast_head":"<!-- This site is optimized with the Yoast SEO plugin v26.2 - https:\/\/yoast.com\/wordpress\/plugins\/seo\/ -->\n<title>Sindimiva promove miss\u00e3o a Mec Show - Associativismo<\/title>\n<meta name=\"robots\" content=\"index, follow, max-snippet:-1, max-image-preview:large, max-video-preview:-1\" \/>\n<link rel=\"canonical\" href=\"https:\/\/www.fiemg.com.br\/associativismo\/sindimiva-promove-missao-a-mec-show\/\" \/>\n<meta property=\"og:locale\" content=\"pt_BR\" \/>\n<meta property=\"og:type\" content=\"article\" \/>\n<meta property=\"og:title\" content=\"Sindimiva promove miss\u00e3o a Mec Show - Associativismo\" \/>\n<meta property=\"og:description\" content=\"&nbsp; Empres\u00e1rios do Vale do A\u00e7o participaram na \u00faltima semana de uma das principais feiras do setor metalmec\u00e2nico que apresentou as tend\u00eancias e tecnologia de ponta para a ind\u00fastria, atraindo profissionais e gestores de compras das grandes plantas industriais do Estado do Espirito Santo, como: ArcelorMittal, Estaleiro Jurong Aracruz, Suzano, Petrobras e Vale. A Mec [&hellip;]\" \/>\n<meta property=\"og:url\" content=\"https:\/\/www.fiemg.com.br\/associativismo\/sindimiva-promove-missao-a-mec-show\/\" \/>\n<meta property=\"og:site_name\" content=\"Associativismo\" \/>\n<meta property=\"article:published_time\" content=\"2023-08-21T18:23:21+00:00\" \/>\n<meta property=\"og:image\" content=\"https:\/\/www.fiemg.com.br\/associativismo\/wp-content\/uploads\/sites\/29\/2023\/08\/MECSHOW-II.jpg\" \/>\n\t<meta property=\"og:image:width\" content=\"1600\" \/>\n\t<meta property=\"og:image:height\" content=\"1200\" \/>\n\t<meta property=\"og:image:type\" content=\"image\/jpeg\" \/>\n<meta name=\"author\" content=\"Aline\" \/>\n<meta name=\"twitter:card\" content=\"summary_large_image\" \/>\n<meta name=\"twitter:label1\" content=\"Escrito por\" \/>\n\t<meta name=\"twitter:data1\" content=\"Aline\" \/>\n\t<meta name=\"twitter:label2\" content=\"Est. tempo de leitura\" \/>\n\t<meta name=\"twitter:data2\" content=\"2 minutos\" \/>\n<script type=\"application\/ld+json\" class=\"yoast-schema-graph\">{\"@context\":\"https:\/\/schema.org\",\"@graph\":[{\"@type\":\"Article\",\"@id\":\"https:\/\/www.fiemg.com.br\/associativismo\/sindimiva-promove-missao-a-mec-show\/#article\",\"isPartOf\":{\"@id\":\"https:\/\/www.fiemg.com.br\/associativismo\/sindimiva-promove-missao-a-mec-show\/\"},\"author\":{\"name\":\"Aline\",\"@id\":\"https:\/\/www.fiemg.com.br\/associativismo\/#\/schema\/person\/83bf67d57bcec2c958a5cb360f2218c6\"},\"headline\":\"Sindimiva promove miss\u00e3o a Mec Show\",\"datePublished\":\"2023-08-21T18:23:21+00:00\",\"mainEntityOfPage\":{\"@id\":\"https:\/\/www.fiemg.com.br\/associativismo\/sindimiva-promove-missao-a-mec-show\/\"},\"wordCount\":267,\"commentCount\":0,\"publisher\":{\"@id\":\"https:\/\/www.fiemg.com.br\/associativismo\/#organization\"},\"image\":{\"@id\":\"https:\/\/www.fiemg.com.br\/associativismo\/sindimiva-promove-missao-a-mec-show\/#primaryimage\"},\"thumbnailUrl\":\"https:\/\/www.fiemg.com.br\/associativismo\/wp-content\/uploads\/sites\/29\/2023\/08\/MECSHOW-II.jpg\",\"articleSection\":[\"Not\u00edcias\"],\"inLanguage\":\"pt-BR\",\"potentialAction\":[{\"@type\":\"CommentAction\",\"name\":\"Comment\",\"target\":[\"https:\/\/www.fiemg.com.br\/associativismo\/sindimiva-promove-missao-a-mec-show\/#respond\"]}]},{\"@type\":\"WebPage\",\"@id\":\"https:\/\/www.fiemg.com.br\/associativismo\/sindimiva-promove-missao-a-mec-show\/\",\"url\":\"https:\/\/www.fiemg.com.br\/associativismo\/sindimiva-promove-missao-a-mec-show\/\",\"name\":\"Sindimiva promove miss\u00e3o a Mec Show - Associativismo\",\"isPartOf\":{\"@id\":\"https:\/\/www.fiemg.com.br\/associativismo\/#website\"},\"primaryImageOfPage\":{\"@id\":\"https:\/\/www.fiemg.com.br\/associativismo\/sindimiva-promove-missao-a-mec-show\/#primaryimage\"},\"image\":{\"@id\":\"https:\/\/www.fiemg.com.br\/associativismo\/sindimiva-promove-missao-a-mec-show\/#primaryimage\"},\"thumbnailUrl\":\"https:\/\/www.fiemg.com.br\/associativismo\/wp-content\/uploads\/sites\/29\/2023\/08\/MECSHOW-II.jpg\",\"datePublished\":\"2023-08-21T18:23:21+00:00\",\"breadcrumb\":{\"@id\":\"https:\/\/www.fiemg.com.br\/associativismo\/sindimiva-promove-missao-a-mec-show\/#breadcrumb\"},\"inLanguage\":\"pt-BR\",\"potentialAction\":[{\"@type\":\"ReadAction\",\"target\":[\"https:\/\/www.fiemg.com.br\/associativismo\/sindimiva-promove-missao-a-mec-show\/\"]}]},{\"@type\":\"ImageObject\",\"inLanguage\":\"pt-BR\",\"@id\":\"https:\/\/www.fiemg.com.br\/associativismo\/sindimiva-promove-missao-a-mec-show\/#primaryimage\",\"url\":\"https:\/\/www.fiemg.com.br\/associativismo\/wp-content\/uploads\/sites\/29\/2023\/08\/MECSHOW-II.jpg\",\"contentUrl\":\"https:\/\/www.fiemg.com.br\/associativismo\/wp-content\/uploads\/sites\/29\/2023\/08\/MECSHOW-II.jpg\",\"width\":1600,\"height\":1200},{\"@type\":\"BreadcrumbList\",\"@id\":\"https:\/\/www.fiemg.com.br\/associativismo\/sindimiva-promove-missao-a-mec-show\/#breadcrumb\",\"itemListElement\":[{\"@type\":\"ListItem\",\"position\":1,\"name\":\"In\u00edcio\",\"item\":\"https:\/\/www.fiemg.com.br\/associativismo\/\"},{\"@type\":\"ListItem\",\"position\":2,\"name\":\"Sindimiva promove miss\u00e3o a Mec Show\"}]},{\"@type\":\"WebSite\",\"@id\":\"https:\/\/www.fiemg.com.br\/associativismo\/#website\",\"url\":\"https:\/\/www.fiemg.com.br\/associativismo\/\",\"name\":\"Associativismo\",\"description\":\"Federa\u00e7\u00e3o das Ind\u00fastrias do Estado de Minas Gerais\",\"publisher\":{\"@id\":\"https:\/\/www.fiemg.com.br\/associativismo\/#organization\"},\"potentialAction\":[{\"@type\":\"SearchAction\",\"target\":{\"@type\":\"EntryPoint\",\"urlTemplate\":\"https:\/\/www.fiemg.com.br\/associativismo\/?s={search_term_string}\"},\"query-input\":{\"@type\":\"PropertyValueSpecification\",\"valueRequired\":true,\"valueName\":\"search_term_string\"}}],\"inLanguage\":\"pt-BR\"},{\"@type\":\"Organization\",\"@id\":\"https:\/\/www.fiemg.com.br\/associativismo\/#organization\",\"name\":\"Associativismo\",\"url\":\"https:\/\/www.fiemg.com.br\/associativismo\/\",\"logo\":{\"@type\":\"ImageObject\",\"inLanguage\":\"pt-BR\",\"@id\":\"https:\/\/www.fiemg.com.br\/associativismo\/#\/schema\/logo\/image\/\",\"url\":\"https:\/\/www.fiemg.com.br\/associativismo\/wp-content\/uploads\/sites\/29\/2023\/02\/fiemg_branco.svg\",\"contentUrl\":\"https:\/\/www.fiemg.com.br\/associativismo\/wp-content\/uploads\/sites\/29\/2023\/02\/fiemg_branco.svg\",\"width\":561,\"height\":147,\"caption\":\"Associativismo\"},\"image\":{\"@id\":\"https:\/\/www.fiemg.com.br\/associativismo\/#\/schema\/logo\/image\/\"}},{\"@type\":\"Person\",\"@id\":\"https:\/\/www.fiemg.com.br\/associativismo\/#\/schema\/person\/83bf67d57bcec2c958a5cb360f2218c6\",\"name\":\"Aline\",\"image\":{\"@type\":\"ImageObject\",\"inLanguage\":\"pt-BR\",\"@id\":\"https:\/\/www.fiemg.com.br\/associativismo\/#\/schema\/person\/image\/\",\"url\":\"https:\/\/secure.gravatar.com\/avatar\/ff6a322d61e144e8fec806402aef0a81018ac150e088332278ab7ea76d6257ee?s=96&d=mm&r=g\",\"contentUrl\":\"https:\/\/secure.gravatar.com\/avatar\/ff6a322d61e144e8fec806402aef0a81018ac150e088332278ab7ea76d6257ee?s=96&d=mm&r=g\",\"caption\":\"Aline\"},\"url\":\"https:\/\/www.fiemg.com.br\/associativismo\/author\/aline-mendoncafiemg-com-br\/\"}]}<\/script>\n<!-- \/ Yoast SEO plugin. -->","yoast_head_json":{"title":"Sindimiva promove miss\u00e3o a Mec Show - Associativismo","robots":{"index":"index","follow":"follow","max-snippet":"max-snippet:-1","max-image-preview":"max-image-preview:large","max-video-preview":"max-video-preview:-1"},"canonical":"https:\/\/www.fiemg.com.br\/associativismo\/sindimiva-promove-missao-a-mec-show\/","og_locale":"pt_BR","og_type":"article","og_title":"Sindimiva promove miss\u00e3o a Mec Show - Associativismo","og_description":"&nbsp; Empres\u00e1rios do Vale do A\u00e7o participaram na \u00faltima semana de uma das principais feiras do setor metalmec\u00e2nico que apresentou as tend\u00eancias e tecnologia de ponta para a ind\u00fastria, atraindo profissionais e gestores de compras das grandes plantas industriais do Estado do Espirito Santo, como: ArcelorMittal, Estaleiro Jurong Aracruz, Suzano, Petrobras e Vale. A Mec [&hellip;]","og_url":"https:\/\/www.fiemg.com.br\/associativismo\/sindimiva-promove-missao-a-mec-show\/","og_site_name":"Associativismo","article_published_time":"2023-08-21T18:23:21+00:00","og_image":[{"width":1600,"height":1200,"url":"https:\/\/www.fiemg.com.br\/associativismo\/wp-content\/uploads\/sites\/29\/2023\/08\/MECSHOW-II.jpg","type":"image\/jpeg"}],"author":"Aline","twitter_card":"summary_large_image","twitter_misc":{"Escrito por":"Aline","Est. tempo de leitura":"2 minutos"},"schema":{"@context":"https:\/\/schema.org","@graph":[{"@type":"Article","@id":"https:\/\/www.fiemg.com.br\/associativismo\/sindimiva-promove-missao-a-mec-show\/#article","isPartOf":{"@id":"https:\/\/www.fiemg.com.br\/associativismo\/sindimiva-promove-missao-a-mec-show\/"},"author":{"name":"Aline","@id":"https:\/\/www.fiemg.com.br\/associativismo\/#\/schema\/person\/83bf67d57bcec2c958a5cb360f2218c6"},"headline":"Sindimiva promove miss\u00e3o a Mec Show","datePublished":"2023-08-21T18:23:21+00:00","mainEntityOfPage":{"@id":"https:\/\/www.fiemg.com.br\/associativismo\/sindimiva-promove-missao-a-mec-show\/"},"wordCount":267,"commentCount":0,"publisher":{"@id":"https:\/\/www.fiemg.com.br\/associativismo\/#organization"},"image":{"@id":"https:\/\/www.fiemg.com.br\/associativismo\/sindimiva-promove-missao-a-mec-show\/#primaryimage"},"thumbnailUrl":"https:\/\/www.fiemg.com.br\/associativismo\/wp-content\/uploads\/sites\/29\/2023\/08\/MECSHOW-II.jpg","articleSection":["Not\u00edcias"],"inLanguage":"pt-BR","potentialAction":[{"@type":"CommentAction","name":"Comment","target":["https:\/\/www.fiemg.com.br\/associativismo\/sindimiva-promove-missao-a-mec-show\/#respond"]}]},{"@type":"WebPage","@id":"https:\/\/www.fiemg.com.br\/associativismo\/sindimiva-promove-missao-a-mec-show\/","url":"https:\/\/www.fiemg.com.br\/associativismo\/sindimiva-promove-missao-a-mec-show\/","name":"Sindimiva promove miss\u00e3o a Mec Show - Associativismo","isPartOf":{"@id":"https:\/\/www.fiemg.com.br\/associativismo\/#website"},"primaryImageOfPage":{"@id":"https:\/\/www.fiemg.com.br\/associativismo\/sindimiva-promove-missao-a-mec-show\/#primaryimage"},"image":{"@id":"https:\/\/www.fiemg.com.br\/associativismo\/sindimiva-promove-missao-a-mec-show\/#primaryimage"},"thumbnailUrl":"https:\/\/www.fiemg.com.br\/associativismo\/wp-content\/uploads\/sites\/29\/2023\/08\/MECSHOW-II.jpg","datePublished":"2023-08-21T18:23:21+00:00","breadcrumb":{"@id":"https:\/\/www.fiemg.com.br\/associativismo\/sindimiva-promove-missao-a-mec-show\/#breadcrumb"},"inLanguage":"pt-BR","potentialAction":[{"@type":"ReadAction","target":["https:\/\/www.fiemg.com.br\/associativismo\/sindimiva-promove-missao-a-mec-show\/"]}]},{"@type":"ImageObject","inLanguage":"pt-BR","@id":"https:\/\/www.fiemg.com.br\/associativismo\/sindimiva-promove-missao-a-mec-show\/#primaryimage","url":"https:\/\/www.fiemg.com.br\/associativismo\/wp-content\/uploads\/sites\/29\/2023\/08\/MECSHOW-II.jpg","contentUrl":"https:\/\/www.fiemg.com.br\/associativismo\/wp-content\/uploads\/sites\/29\/2023\/08\/MECSHOW-II.jpg","width":1600,"height":1200},{"@type":"BreadcrumbList","@id":"https:\/\/www.fiemg.com.br\/associativismo\/sindimiva-promove-missao-a-mec-show\/#breadcrumb","itemListElement":[{"@type":"ListItem","position":1,"name":"In\u00edcio","item":"https:\/\/www.fiemg.com.br\/associativismo\/"},{"@type":"ListItem","position":2,"name":"Sindimiva promove miss\u00e3o a Mec Show"}]},{"@type":"WebSite","@id":"https:\/\/www.fiemg.com.br\/associativismo\/#website","url":"https:\/\/www.fiemg.com.br\/associativismo\/","name":"Associativismo","description":"Federa\u00e7\u00e3o das Ind\u00fastrias do Estado de Minas Gerais","publisher":{"@id":"https:\/\/www.fiemg.com.br\/associativismo\/#organization"},"potentialAction":[{"@type":"SearchAction","target":{"@type":"EntryPoint","urlTemplate":"https:\/\/www.fiemg.com.br\/associativismo\/?s={search_term_string}"},"query-input":{"@type":"PropertyValueSpecification","valueRequired":true,"valueName":"search_term_string"}}],"inLanguage":"pt-BR"},{"@type":"Organization","@id":"https:\/\/www.fiemg.com.br\/associativismo\/#organization","name":"Associativismo","url":"https:\/\/www.fiemg.com.br\/associativismo\/","logo":{"@type":"ImageObject","inLanguage":"pt-BR","@id":"https:\/\/www.fiemg.com.br\/associativismo\/#\/schema\/logo\/image\/","url":"https:\/\/www.fiemg.com.br\/associativismo\/wp-content\/uploads\/sites\/29\/2023\/02\/fiemg_branco.svg","contentUrl":"https:\/\/www.fiemg.com.br\/associativismo\/wp-content\/uploads\/sites\/29\/2023\/02\/fiemg_branco.svg","width":561,"height":147,"caption":"Associativismo"},"image":{"@id":"https:\/\/www.fiemg.com.br\/associativismo\/#\/schema\/logo\/image\/"}},{"@type":"Person","@id":"https:\/\/www.fiemg.com.br\/associativismo\/#\/schema\/person\/83bf67d57bcec2c958a5cb360f2218c6","name":"Aline","image":{"@type":"ImageObject","inLanguage":"pt-BR","@id":"https:\/\/www.fiemg.com.br\/associativismo\/#\/schema\/person\/image\/","url":"https:\/\/secure.gravatar.com\/avatar\/ff6a322d61e144e8fec806402aef0a81018ac150e088332278ab7ea76d6257ee?s=96&d=mm&r=g","contentUrl":"https:\/\/secure.gravatar.com\/avatar\/ff6a322d61e144e8fec806402aef0a81018ac150e088332278ab7ea76d6257ee?s=96&d=mm&r=g","caption":"Aline"},"url":"https:\/\/www.fiemg.com.br\/associativismo\/author\/aline-mendoncafiemg-com-br\/"}]}},"_links":{"self":[{"href":"https:\/\/www.fiemg.com.br\/associativismo\/wp-json\/wp\/v2\/posts\/1432","targetHints":{"allow":["GET"]}}],"collection":[{"href":"https:\/\/www.fiemg.com.br\/associativismo\/wp-json\/wp\/v2\/posts"}],"about":[{"href":"https:\/\/www.fiemg.com.br\/associativismo\/wp-json\/wp\/v2\/types\/post"}],"author":[{"embeddable":true,"href":"https:\/\/www.fiemg.com.br\/associativismo\/wp-json\/wp\/v2\/users\/50"}],"replies":[{"embeddable":true,"href":"https:\/\/www.fiemg.com.br\/associativismo\/wp-json\/wp\/v2\/comments?post=1432"}],"version-history":[{"count":0,"href":"https:\/\/www.fiemg.com.br\/associativismo\/wp-json\/wp\/v2\/posts\/1432\/revisions"}],"wp:featuredmedia":[{"embeddable":true,"href":"https:\/\/www.fiemg.com.br\/associativismo\/wp-json\/wp\/v2\/media\/1433"}],"wp:attachment":[{"href":"https:\/\/www.fiemg.com.br\/associativismo\/wp-json\/wp\/v2\/media?parent=1432"}],"wp:term":[{"taxonomy":"category","embeddable":true,"href":"https:\/\/www.fiemg.com.br\/associativismo\/wp-json\/wp\/v2\/categories?post=1432"},{"taxonomy":"post_tag","embeddable":true,"href":"https:\/\/www.fiemg.com.br\/associativismo\/wp-json\/wp\/v2\/tags?post=1432"}],"curies":[{"name":"wp","href":"https:\/\/api.w.org\/{rel}","templated":true}]}}