{"id":3292,"date":"2024-10-30T16:05:08","date_gmt":"2024-10-30T19:05:08","guid":{"rendered":"https:\/\/www.fiemg.com.br\/associativismo\/missao-australia-governo-de-minas-e-fiemg-atraem-r400-milhoes-em-novos-investimentos\/"},"modified":"2025-03-14T17:45:18","modified_gmt":"2025-03-14T20:45:18","slug":"missao-australia-governo-de-minas-e-fiemg-atraem-r400-milhoes-em-novos-investimentos","status":"publish","type":"post","link":"https:\/\/www.fiemg.com.br\/associativismo\/missao-australia-governo-de-minas-e-fiemg-atraem-r400-milhoes-em-novos-investimentos\/","title":{"rendered":"Miss\u00e3o Austr\u00e1lia: governo de Minas e FIEMG atraem R$400 milh\u00f5es em novos investimentos"},"content":{"rendered":"\n<p>Em Miss\u00e3o \u00e0 Austr\u00e1lia, o governo de Minas, por meio da Secretaria de Desenvolvimento Econ\u00f4mico de Minas Gerais e a Invest Minas, e a FIEMG assinaram, nesta quarta-feira (30\/10), um Memorando de Entendimento (MoU) com a mineradora Perpetual, trazendo investimentos da ordem de R$ 400 milh\u00f5es para o Estado.&nbsp;<\/p>\n\n\n\n<p>Com tr\u00eas projetos no estado, a Perpetual deve explorar terras raras em Po\u00e7os de Caldas, no Sul de Minas, al\u00e9m de l\u00edtio e estanho no Vale do Jequitinhonha (Ara\u00e7ua\u00ed, Salinas, Itaobim e Governador Valadares). A previs\u00e3o \u00e9 de que o investimento gere aproximadamente 300 empregos nas fases de constru\u00e7\u00e3o, desenvolvimento e opera\u00e7\u00e3o.<\/p>\n\n\n\n<p>O novo acordo foi assinado em Sydney e refor\u00e7a o compromisso da FIEMG e do governo do Estado com o crescimento e o desenvolvimento econ\u00f4mico de Minas.<\/p>\n\n\n\n<p><strong>Perpetual&nbsp;<\/strong><\/p>\n\n\n\n<p>A Perpetual Resources \u00e9 uma empresa listada na Bolsa Australiana (ASX), com foco na extra\u00e7\u00e3o de l\u00edtio e elementos de terras raras.<\/p>\n\n\n\n<p>Em Minas Gerais, a companhia possui aproximadamente 12,5 mil hectares em licen\u00e7as de extra\u00e7\u00e3o na regi\u00e3o conhecida como Vale do L\u00edtio, al\u00e9m de desenvolver o projeto Beharra, de areia de s\u00edlica na Austr\u00e1lia.<\/p>\n\n\n\n<p><strong>Almo\u00e7o com investidores<\/strong><\/p>\n\n\n\n<p>Ainda no dia 30, a comitiva mineira participou de um almo\u00e7o na Jane Morgan Management (JMM) &#8211; grupo de consultoria em rela\u00e7\u00f5es com investidores &#8211;&nbsp; com apresenta\u00e7\u00f5es de 10 minutos de v\u00e1rias mineradoras e empresas de diversos setores, sendo todas elas listadas na bolsa de valores australiana (ASX).<\/p>\n\n\n\n<p><strong>Leia tamb\u00e9m:<\/strong><\/p>\n\n\n\n<ul class=\"wp-block-list\">\n<li><a href=\"https:\/\/www.fiemg.com.br\/noticias\/fiemg-busca-parcerias-na-australia-para-fabrica-de-imas-de-terras-raras\/\">FIEMG busca parcerias na Austr\u00e1lia para f\u00e1brica de \u00edm\u00e3s de terras raras<\/a><\/li>\n<\/ul>\n\n\n\n<p><em>Tha\u00eds Mota<\/em><br><strong>Imprensa FIEMG com informa\u00e7\u00f5es da Ag\u00eancia Minas<\/strong><\/p>\n","protected":false},"excerpt":{"rendered":"<p>Em Miss\u00e3o \u00e0 Austr\u00e1lia, o governo de Minas, por meio da Secretaria de Desenvolvimento Econ\u00f4mico de Minas Gerais e a Invest Minas, e a FIEMG assinaram, nesta quarta-feira (30\/10), um Memorando de Entendimento (MoU) com a mineradora Perpetual, trazendo investimentos da ordem de R$ 400 milh\u00f5es para o Estado.&nbsp; Com tr\u00eas projetos no estado, a [&hellip;]<\/p>\n","protected":false},"author":61,"featured_media":3293,"comment_status":"closed","ping_status":"closed","sticky":false,"template":"","format":"standard","meta":{"footnotes":""},"categories":[15],"tags":[907,46,908,655,909,910,898],"class_list":["post-3292","post","type-post","status-publish","format-standard","has-post-thumbnail","hentry","category-desenvolvimento-industrial","tag-estanho","tag-fiemg","tag-invest-minas","tag-litio","tag-missao-australia","tag-secretaria-de-desenvolvimento-economico","tag-terras-raras"],"acf":[],"yoast_head":"<!-- This site is optimized with the Yoast SEO plugin v26.2 - https:\/\/yoast.com\/wordpress\/plugins\/seo\/ -->\n<title>Miss\u00e3o Austr\u00e1lia: governo de Minas e FIEMG atraem R$400 milh\u00f5es em novos investimentos - Associativismo<\/title>\n<meta name=\"description\" content=\"Um Memorando de Entendimento foi assinado entre as partes e a mineradora Perpetual para empreendimentos no Sul de Minas e no Vale do Jequitinhonha\" \/>\n<meta name=\"robots\" content=\"index, follow, max-snippet:-1, max-image-preview:large, max-video-preview:-1\" \/>\n<link rel=\"canonical\" href=\"https:\/\/www.fiemg.com.br\/associativismo\/missao-australia-governo-de-minas-e-fiemg-atraem-r400-milhoes-em-novos-investimentos\/\" \/>\n<meta property=\"og:locale\" content=\"pt_BR\" \/>\n<meta property=\"og:type\" content=\"article\" \/>\n<meta property=\"og:title\" content=\"Miss\u00e3o Austr\u00e1lia: governo de Minas e FIEMG atraem R$400 milh\u00f5es em novos investimentos - Associativismo\" \/>\n<meta property=\"og:description\" content=\"Um Memorando de Entendimento foi assinado entre as partes e a mineradora Perpetual para empreendimentos no Sul de Minas e no Vale do Jequitinhonha\" \/>\n<meta property=\"og:url\" content=\"https:\/\/www.fiemg.com.br\/associativismo\/missao-australia-governo-de-minas-e-fiemg-atraem-r400-milhoes-em-novos-investimentos\/\" \/>\n<meta property=\"og:site_name\" content=\"Associativismo\" \/>\n<meta property=\"article:published_time\" content=\"2024-10-30T19:05:08+00:00\" \/>\n<meta property=\"article:modified_time\" content=\"2025-03-14T20:45:18+00:00\" \/>\n<meta property=\"og:image\" content=\"https:\/\/www.fiemg.com.br\/associativismo\/wp-content\/uploads\/sites\/29\/2024\/10\/512-x-512-22.jpg\" \/>\n\t<meta property=\"og:image:width\" content=\"512\" \/>\n\t<meta property=\"og:image:height\" content=\"512\" \/>\n\t<meta property=\"og:image:type\" content=\"image\/jpeg\" \/>\n<meta name=\"author\" content=\"tmota\" \/>\n<meta name=\"twitter:card\" content=\"summary_large_image\" \/>\n<meta name=\"twitter:label1\" content=\"Escrito por\" \/>\n\t<meta name=\"twitter:data1\" content=\"tmota\" \/>\n\t<meta name=\"twitter:label2\" content=\"Est. tempo de leitura\" \/>\n\t<meta name=\"twitter:data2\" content=\"2 minutos\" \/>\n<script type=\"application\/ld+json\" class=\"yoast-schema-graph\">{\"@context\":\"https:\/\/schema.org\",\"@graph\":[{\"@type\":\"Article\",\"@id\":\"https:\/\/www.fiemg.com.br\/associativismo\/missao-australia-governo-de-minas-e-fiemg-atraem-r400-milhoes-em-novos-investimentos\/#article\",\"isPartOf\":{\"@id\":\"https:\/\/www.fiemg.com.br\/associativismo\/missao-australia-governo-de-minas-e-fiemg-atraem-r400-milhoes-em-novos-investimentos\/\"},\"author\":{\"name\":\"tmota\",\"@id\":\"https:\/\/www.fiemg.com.br\/associativismo\/#\/schema\/person\/0beed1f99aab98ae7845691a96d5fb23\"},\"headline\":\"Miss\u00e3o Austr\u00e1lia: governo de Minas e FIEMG atraem R$400 milh\u00f5es em novos investimentos\",\"datePublished\":\"2024-10-30T19:05:08+00:00\",\"dateModified\":\"2025-03-14T20:45:18+00:00\",\"mainEntityOfPage\":{\"@id\":\"https:\/\/www.fiemg.com.br\/associativismo\/missao-australia-governo-de-minas-e-fiemg-atraem-r400-milhoes-em-novos-investimentos\/\"},\"wordCount\":303,\"publisher\":{\"@id\":\"https:\/\/www.fiemg.com.br\/associativismo\/#organization\"},\"image\":{\"@id\":\"https:\/\/www.fiemg.com.br\/associativismo\/missao-australia-governo-de-minas-e-fiemg-atraem-r400-milhoes-em-novos-investimentos\/#primaryimage\"},\"thumbnailUrl\":\"https:\/\/www.fiemg.com.br\/associativismo\/wp-content\/uploads\/sites\/29\/2024\/10\/512-x-512-22.jpg\",\"keywords\":[\"estanho\",\"FIEMG\",\"Invest Minas\",\"l\u00edtio\",\"Miss\u00e3o Austr\u00e1lia\",\"Secretaria de Desenvolvimento Econ\u00f4mico\",\"terras raras\"],\"articleSection\":[\"Desenvolvimento Industrial\"],\"inLanguage\":\"pt-BR\"},{\"@type\":\"WebPage\",\"@id\":\"https:\/\/www.fiemg.com.br\/associativismo\/missao-australia-governo-de-minas-e-fiemg-atraem-r400-milhoes-em-novos-investimentos\/\",\"url\":\"https:\/\/www.fiemg.com.br\/associativismo\/missao-australia-governo-de-minas-e-fiemg-atraem-r400-milhoes-em-novos-investimentos\/\",\"name\":\"Miss\u00e3o Austr\u00e1lia: governo de Minas e FIEMG atraem R$400 milh\u00f5es em novos investimentos - Associativismo\",\"isPartOf\":{\"@id\":\"https:\/\/www.fiemg.com.br\/associativismo\/#website\"},\"primaryImageOfPage\":{\"@id\":\"https:\/\/www.fiemg.com.br\/associativismo\/missao-australia-governo-de-minas-e-fiemg-atraem-r400-milhoes-em-novos-investimentos\/#primaryimage\"},\"image\":{\"@id\":\"https:\/\/www.fiemg.com.br\/associativismo\/missao-australia-governo-de-minas-e-fiemg-atraem-r400-milhoes-em-novos-investimentos\/#primaryimage\"},\"thumbnailUrl\":\"https:\/\/www.fiemg.com.br\/associativismo\/wp-content\/uploads\/sites\/29\/2024\/10\/512-x-512-22.jpg\",\"datePublished\":\"2024-10-30T19:05:08+00:00\",\"dateModified\":\"2025-03-14T20:45:18+00:00\",\"description\":\"Um Memorando de Entendimento foi assinado entre as partes e a mineradora Perpetual para empreendimentos no Sul de Minas e no Vale do Jequitinhonha\",\"breadcrumb\":{\"@id\":\"https:\/\/www.fiemg.com.br\/associativismo\/missao-australia-governo-de-minas-e-fiemg-atraem-r400-milhoes-em-novos-investimentos\/#breadcrumb\"},\"inLanguage\":\"pt-BR\",\"potentialAction\":[{\"@type\":\"ReadAction\",\"target\":[\"https:\/\/www.fiemg.com.br\/associativismo\/missao-australia-governo-de-minas-e-fiemg-atraem-r400-milhoes-em-novos-investimentos\/\"]}]},{\"@type\":\"ImageObject\",\"inLanguage\":\"pt-BR\",\"@id\":\"https:\/\/www.fiemg.com.br\/associativismo\/missao-australia-governo-de-minas-e-fiemg-atraem-r400-milhoes-em-novos-investimentos\/#primaryimage\",\"url\":\"https:\/\/www.fiemg.com.br\/associativismo\/wp-content\/uploads\/sites\/29\/2024\/10\/512-x-512-22.jpg\",\"contentUrl\":\"https:\/\/www.fiemg.com.br\/associativismo\/wp-content\/uploads\/sites\/29\/2024\/10\/512-x-512-22.jpg\",\"width\":512,\"height\":512},{\"@type\":\"BreadcrumbList\",\"@id\":\"https:\/\/www.fiemg.com.br\/associativismo\/missao-australia-governo-de-minas-e-fiemg-atraem-r400-milhoes-em-novos-investimentos\/#breadcrumb\",\"itemListElement\":[{\"@type\":\"ListItem\",\"position\":1,\"name\":\"In\u00edcio\",\"item\":\"https:\/\/www.fiemg.com.br\/associativismo\/\"},{\"@type\":\"ListItem\",\"position\":2,\"name\":\"Miss\u00e3o Austr\u00e1lia: governo de Minas e FIEMG atraem R$400 milh\u00f5es em novos investimentos\"}]},{\"@type\":\"WebSite\",\"@id\":\"https:\/\/www.fiemg.com.br\/associativismo\/#website\",\"url\":\"https:\/\/www.fiemg.com.br\/associativismo\/\",\"name\":\"Associativismo\",\"description\":\"Federa\u00e7\u00e3o das Ind\u00fastrias do Estado de Minas Gerais\",\"publisher\":{\"@id\":\"https:\/\/www.fiemg.com.br\/associativismo\/#organization\"},\"potentialAction\":[{\"@type\":\"SearchAction\",\"target\":{\"@type\":\"EntryPoint\",\"urlTemplate\":\"https:\/\/www.fiemg.com.br\/associativismo\/?s={search_term_string}\"},\"query-input\":{\"@type\":\"PropertyValueSpecification\",\"valueRequired\":true,\"valueName\":\"search_term_string\"}}],\"inLanguage\":\"pt-BR\"},{\"@type\":\"Organization\",\"@id\":\"https:\/\/www.fiemg.com.br\/associativismo\/#organization\",\"name\":\"Associativismo\",\"url\":\"https:\/\/www.fiemg.com.br\/associativismo\/\",\"logo\":{\"@type\":\"ImageObject\",\"inLanguage\":\"pt-BR\",\"@id\":\"https:\/\/www.fiemg.com.br\/associativismo\/#\/schema\/logo\/image\/\",\"url\":\"https:\/\/www.fiemg.com.br\/associativismo\/wp-content\/uploads\/sites\/29\/2023\/02\/fiemg_branco.svg\",\"contentUrl\":\"https:\/\/www.fiemg.com.br\/associativismo\/wp-content\/uploads\/sites\/29\/2023\/02\/fiemg_branco.svg\",\"width\":561,\"height\":147,\"caption\":\"Associativismo\"},\"image\":{\"@id\":\"https:\/\/www.fiemg.com.br\/associativismo\/#\/schema\/logo\/image\/\"}},{\"@type\":\"Person\",\"@id\":\"https:\/\/www.fiemg.com.br\/associativismo\/#\/schema\/person\/0beed1f99aab98ae7845691a96d5fb23\",\"name\":\"tmota\",\"image\":{\"@type\":\"ImageObject\",\"inLanguage\":\"pt-BR\",\"@id\":\"https:\/\/www.fiemg.com.br\/associativismo\/#\/schema\/person\/image\/\",\"url\":\"https:\/\/secure.gravatar.com\/avatar\/252e06e36a9eb4dfd418c333a1d30d193228f1fe21015a0aa050b99440dd85e6?s=96&d=mm&r=g\",\"contentUrl\":\"https:\/\/secure.gravatar.com\/avatar\/252e06e36a9eb4dfd418c333a1d30d193228f1fe21015a0aa050b99440dd85e6?s=96&d=mm&r=g\",\"caption\":\"tmota\"},\"url\":\"https:\/\/www.fiemg.com.br\/associativismo\/author\/tmota\/\"}]}<\/script>\n<!-- \/ Yoast SEO plugin. -->","yoast_head_json":{"title":"Miss\u00e3o Austr\u00e1lia: governo de Minas e FIEMG atraem R$400 milh\u00f5es em novos investimentos - Associativismo","description":"Um Memorando de Entendimento foi assinado entre as partes e a mineradora Perpetual para empreendimentos no Sul de Minas e no Vale do Jequitinhonha","robots":{"index":"index","follow":"follow","max-snippet":"max-snippet:-1","max-image-preview":"max-image-preview:large","max-video-preview":"max-video-preview:-1"},"canonical":"https:\/\/www.fiemg.com.br\/associativismo\/missao-australia-governo-de-minas-e-fiemg-atraem-r400-milhoes-em-novos-investimentos\/","og_locale":"pt_BR","og_type":"article","og_title":"Miss\u00e3o Austr\u00e1lia: governo de Minas e FIEMG atraem R$400 milh\u00f5es em novos investimentos - Associativismo","og_description":"Um Memorando de Entendimento foi assinado entre as partes e a mineradora Perpetual para empreendimentos no Sul de Minas e no Vale do Jequitinhonha","og_url":"https:\/\/www.fiemg.com.br\/associativismo\/missao-australia-governo-de-minas-e-fiemg-atraem-r400-milhoes-em-novos-investimentos\/","og_site_name":"Associativismo","article_published_time":"2024-10-30T19:05:08+00:00","article_modified_time":"2025-03-14T20:45:18+00:00","og_image":[{"width":512,"height":512,"url":"https:\/\/www.fiemg.com.br\/associativismo\/wp-content\/uploads\/sites\/29\/2024\/10\/512-x-512-22.jpg","type":"image\/jpeg"}],"author":"tmota","twitter_card":"summary_large_image","twitter_misc":{"Escrito por":"tmota","Est. tempo de leitura":"2 minutos"},"schema":{"@context":"https:\/\/schema.org","@graph":[{"@type":"Article","@id":"https:\/\/www.fiemg.com.br\/associativismo\/missao-australia-governo-de-minas-e-fiemg-atraem-r400-milhoes-em-novos-investimentos\/#article","isPartOf":{"@id":"https:\/\/www.fiemg.com.br\/associativismo\/missao-australia-governo-de-minas-e-fiemg-atraem-r400-milhoes-em-novos-investimentos\/"},"author":{"name":"tmota","@id":"https:\/\/www.fiemg.com.br\/associativismo\/#\/schema\/person\/0beed1f99aab98ae7845691a96d5fb23"},"headline":"Miss\u00e3o Austr\u00e1lia: governo de Minas e FIEMG atraem R$400 milh\u00f5es em novos investimentos","datePublished":"2024-10-30T19:05:08+00:00","dateModified":"2025-03-14T20:45:18+00:00","mainEntityOfPage":{"@id":"https:\/\/www.fiemg.com.br\/associativismo\/missao-australia-governo-de-minas-e-fiemg-atraem-r400-milhoes-em-novos-investimentos\/"},"wordCount":303,"publisher":{"@id":"https:\/\/www.fiemg.com.br\/associativismo\/#organization"},"image":{"@id":"https:\/\/www.fiemg.com.br\/associativismo\/missao-australia-governo-de-minas-e-fiemg-atraem-r400-milhoes-em-novos-investimentos\/#primaryimage"},"thumbnailUrl":"https:\/\/www.fiemg.com.br\/associativismo\/wp-content\/uploads\/sites\/29\/2024\/10\/512-x-512-22.jpg","keywords":["estanho","FIEMG","Invest Minas","l\u00edtio","Miss\u00e3o Austr\u00e1lia","Secretaria de Desenvolvimento Econ\u00f4mico","terras raras"],"articleSection":["Desenvolvimento Industrial"],"inLanguage":"pt-BR"},{"@type":"WebPage","@id":"https:\/\/www.fiemg.com.br\/associativismo\/missao-australia-governo-de-minas-e-fiemg-atraem-r400-milhoes-em-novos-investimentos\/","url":"https:\/\/www.fiemg.com.br\/associativismo\/missao-australia-governo-de-minas-e-fiemg-atraem-r400-milhoes-em-novos-investimentos\/","name":"Miss\u00e3o Austr\u00e1lia: governo de Minas e FIEMG atraem R$400 milh\u00f5es em novos investimentos - Associativismo","isPartOf":{"@id":"https:\/\/www.fiemg.com.br\/associativismo\/#website"},"primaryImageOfPage":{"@id":"https:\/\/www.fiemg.com.br\/associativismo\/missao-australia-governo-de-minas-e-fiemg-atraem-r400-milhoes-em-novos-investimentos\/#primaryimage"},"image":{"@id":"https:\/\/www.fiemg.com.br\/associativismo\/missao-australia-governo-de-minas-e-fiemg-atraem-r400-milhoes-em-novos-investimentos\/#primaryimage"},"thumbnailUrl":"https:\/\/www.fiemg.com.br\/associativismo\/wp-content\/uploads\/sites\/29\/2024\/10\/512-x-512-22.jpg","datePublished":"2024-10-30T19:05:08+00:00","dateModified":"2025-03-14T20:45:18+00:00","description":"Um Memorando de Entendimento foi assinado entre as partes e a mineradora Perpetual para empreendimentos no Sul de Minas e no Vale do Jequitinhonha","breadcrumb":{"@id":"https:\/\/www.fiemg.com.br\/associativismo\/missao-australia-governo-de-minas-e-fiemg-atraem-r400-milhoes-em-novos-investimentos\/#breadcrumb"},"inLanguage":"pt-BR","potentialAction":[{"@type":"ReadAction","target":["https:\/\/www.fiemg.com.br\/associativismo\/missao-australia-governo-de-minas-e-fiemg-atraem-r400-milhoes-em-novos-investimentos\/"]}]},{"@type":"ImageObject","inLanguage":"pt-BR","@id":"https:\/\/www.fiemg.com.br\/associativismo\/missao-australia-governo-de-minas-e-fiemg-atraem-r400-milhoes-em-novos-investimentos\/#primaryimage","url":"https:\/\/www.fiemg.com.br\/associativismo\/wp-content\/uploads\/sites\/29\/2024\/10\/512-x-512-22.jpg","contentUrl":"https:\/\/www.fiemg.com.br\/associativismo\/wp-content\/uploads\/sites\/29\/2024\/10\/512-x-512-22.jpg","width":512,"height":512},{"@type":"BreadcrumbList","@id":"https:\/\/www.fiemg.com.br\/associativismo\/missao-australia-governo-de-minas-e-fiemg-atraem-r400-milhoes-em-novos-investimentos\/#breadcrumb","itemListElement":[{"@type":"ListItem","position":1,"name":"In\u00edcio","item":"https:\/\/www.fiemg.com.br\/associativismo\/"},{"@type":"ListItem","position":2,"name":"Miss\u00e3o Austr\u00e1lia: governo de Minas e FIEMG atraem R$400 milh\u00f5es em novos investimentos"}]},{"@type":"WebSite","@id":"https:\/\/www.fiemg.com.br\/associativismo\/#website","url":"https:\/\/www.fiemg.com.br\/associativismo\/","name":"Associativismo","description":"Federa\u00e7\u00e3o das Ind\u00fastrias do Estado de Minas Gerais","publisher":{"@id":"https:\/\/www.fiemg.com.br\/associativismo\/#organization"},"potentialAction":[{"@type":"SearchAction","target":{"@type":"EntryPoint","urlTemplate":"https:\/\/www.fiemg.com.br\/associativismo\/?s={search_term_string}"},"query-input":{"@type":"PropertyValueSpecification","valueRequired":true,"valueName":"search_term_string"}}],"inLanguage":"pt-BR"},{"@type":"Organization","@id":"https:\/\/www.fiemg.com.br\/associativismo\/#organization","name":"Associativismo","url":"https:\/\/www.fiemg.com.br\/associativismo\/","logo":{"@type":"ImageObject","inLanguage":"pt-BR","@id":"https:\/\/www.fiemg.com.br\/associativismo\/#\/schema\/logo\/image\/","url":"https:\/\/www.fiemg.com.br\/associativismo\/wp-content\/uploads\/sites\/29\/2023\/02\/fiemg_branco.svg","contentUrl":"https:\/\/www.fiemg.com.br\/associativismo\/wp-content\/uploads\/sites\/29\/2023\/02\/fiemg_branco.svg","width":561,"height":147,"caption":"Associativismo"},"image":{"@id":"https:\/\/www.fiemg.com.br\/associativismo\/#\/schema\/logo\/image\/"}},{"@type":"Person","@id":"https:\/\/www.fiemg.com.br\/associativismo\/#\/schema\/person\/0beed1f99aab98ae7845691a96d5fb23","name":"tmota","image":{"@type":"ImageObject","inLanguage":"pt-BR","@id":"https:\/\/www.fiemg.com.br\/associativismo\/#\/schema\/person\/image\/","url":"https:\/\/secure.gravatar.com\/avatar\/252e06e36a9eb4dfd418c333a1d30d193228f1fe21015a0aa050b99440dd85e6?s=96&d=mm&r=g","contentUrl":"https:\/\/secure.gravatar.com\/avatar\/252e06e36a9eb4dfd418c333a1d30d193228f1fe21015a0aa050b99440dd85e6?s=96&d=mm&r=g","caption":"tmota"},"url":"https:\/\/www.fiemg.com.br\/associativismo\/author\/tmota\/"}]}},"_links":{"self":[{"href":"https:\/\/www.fiemg.com.br\/associativismo\/wp-json\/wp\/v2\/posts\/3292","targetHints":{"allow":["GET"]}}],"collection":[{"href":"https:\/\/www.fiemg.com.br\/associativismo\/wp-json\/wp\/v2\/posts"}],"about":[{"href":"https:\/\/www.fiemg.com.br\/associativismo\/wp-json\/wp\/v2\/types\/post"}],"author":[{"embeddable":true,"href":"https:\/\/www.fiemg.com.br\/associativismo\/wp-json\/wp\/v2\/users\/61"}],"replies":[{"embeddable":true,"href":"https:\/\/www.fiemg.com.br\/associativismo\/wp-json\/wp\/v2\/comments?post=3292"}],"version-history":[{"count":0,"href":"https:\/\/www.fiemg.com.br\/associativismo\/wp-json\/wp\/v2\/posts\/3292\/revisions"}],"wp:featuredmedia":[{"embeddable":true,"href":"https:\/\/www.fiemg.com.br\/associativismo\/wp-json\/wp\/v2\/media\/3293"}],"wp:attachment":[{"href":"https:\/\/www.fiemg.com.br\/associativismo\/wp-json\/wp\/v2\/media?parent=3292"}],"wp:term":[{"taxonomy":"category","embeddable":true,"href":"https:\/\/www.fiemg.com.br\/associativismo\/wp-json\/wp\/v2\/categories?post=3292"},{"taxonomy":"post_tag","embeddable":true,"href":"https:\/\/www.fiemg.com.br\/associativismo\/wp-json\/wp\/v2\/tags?post=3292"}],"curies":[{"name":"wp","href":"https:\/\/api.w.org\/{rel}","templated":true}]}}