{"id":1393,"date":"2023-06-15T19:52:21","date_gmt":"2023-06-15T19:52:21","guid":{"rendered":"https:\/\/www.fiemg.com.br\/ciemg\/noticias\/diretoria-do-ciemg-se-reune-e-divulga-cronograma-de-eventos-ate-maio\/"},"modified":"2023-07-11T20:11:34","modified_gmt":"2023-07-11T20:11:34","slug":"diretoria-do-ciemg-se-reune-e-divulga-cronograma-de-eventos-ate-maio","status":"publish","type":"noticias","link":"https:\/\/www.fiemg.com.br\/ciemg\/noticias\/diretoria-do-ciemg-se-reune-e-divulga-cronograma-de-eventos-ate-maio\/","title":{"rendered":"Diretoria do CIEMG se re\u00fane e divulga cronograma de eventos at\u00e9 maio"},"content":{"rendered":"<header class=\"entry-header\"><em id=\"descricao-noticia\">Grupo tamb\u00e9m apontou os desafios da entidade diante do momento pol\u00edtico do pa\u00eds<\/em><\/header>\n<div class=\"share pull-right\">\n<div class=\"addthis_sharing_toolbox\"><\/div>\n<\/div>\n<div class=\"entry-content\">\n<p><a class=\"modal-image cboxElement\" href=\"https:\/\/www.fiemg.com.br\/Cms_Data\/Contents\/central\/Folders\/Noticias\/~contents\/SD32GZYRXCRHERF8\/BANNER-CIEMG-REUNIAO-OK.jpg\"><img decoding=\"async\" src=\"https:\/\/www.fiemg.com.br\/Assets\/Images\/DynamicImages\/b8df88e757ea5230031ad1bdec160b99fcebbd32d8d5f808c5e917b7d52bf1df.jpg\" \/><\/a>Fotos: Divulga\u00e7\u00e3o CIEMG<\/p>\n<p>A diretoria do\u00a0<strong>Centro Industrial e Empresarial de Minas Gerais<\/strong>\u00a0<strong>(CIEMG)<\/strong>\u00a0voltou a se reunir em Contagem, na regi\u00e3o metropolitana de Belo Horizonte, para discutir\u00a0<strong>assuntos administrativos e financeiros\u00a0<\/strong>relacionados \u00e0 entidade.<\/p>\n<p>Fausto Varela, presidente do CIEMG, deu in\u00edcio ao encontro, realizado no dia 10\/04, destacando os desafios decorrentes do\u00a0<strong>momento pol\u00edtico e econ\u00f4mico<\/strong>\u00a0do pa\u00eds. Ele tamb\u00e9m apresentou aos demais participantes um painel que demonstrou o bom desempenho da institui\u00e7\u00e3o em mar\u00e7o.<\/p>\n<p>Durante a reuni\u00e3o, representantes das Ger\u00eancias Financeira e de Integridade da FIEMG analisaram a\u00a0<strong>Lei Geral de Prote\u00e7\u00e3o de Dados<\/strong>\u00a0(LGPD) e explicaram como a ind\u00fastria pode utilizar os recursos da\u00a0<strong>arrecada\u00e7\u00e3o compuls\u00f3ria<\/strong>. \u00a0Tamb\u00e9m foi repassado ao grupo de trabalho o calend\u00e1rio dos pr\u00f3ximos eventos promovidos pelo CIEMG, com destaque para o Programa de Imers\u00e3o em Lideran\u00e7a, no dia 05\/05, e a 2\u00aa edi\u00e7\u00e3o do Caf\u00e9 Empresarial, no dia 25\/05.<\/p>\n<p>Ao final do encontro, Fausto Varela agradeceu a participa\u00e7\u00e3o e o interesse dos associados do CIEMG nos temas e assuntos abordados na reuni\u00e3o.<\/p>\n<h4><strong>CIEMG<\/strong><\/h4>\n<p>O Centro Industrial e Empresarial de Minas Gerais (CIEMG) integra o Sistema FIEMG, atuando na defesa de interesses da ind\u00fastria mineira e de suas cadeias produtivas. O associativismo e a representatividade empresarial s\u00e3o os princ\u00edpios norteadores do trabalho desenvolvido pelo CIEMG. Al\u00e9m disso, promove a capacita\u00e7\u00e3o empresarial e a gera\u00e7\u00e3o de novos neg\u00f3cios e oportunidades para as empresas associadas em todo estado.<\/p>\n<p>Os associados CIEMG t\u00eam acesso a v\u00e1rias atividades, produtos, benef\u00edcios e servi\u00e7os em \u00e1reas determinantes para a excel\u00eancia dos resultados, a maior competitividade, a forma\u00e7\u00e3o de lideran\u00e7as e o crescimento sustent\u00e1vel das empresas. Saiba mais\u00a0<a href=\"https:\/\/www.fiemg.com.br\/ciemg\/mais-ciemg\/\" target=\"_blank\" rel=\"noopener\">aqui<\/a>.<\/p>\n<p>&nbsp;<\/p>\n<p><em>Caio T\u00e1rcia<\/em><br \/>\n<strong>Imprensa FIEMG<\/strong><\/p>\n<\/div>\n","protected":false},"featured_media":1394,"template":"","categories":[15,14],"tags":[],"class_list":["post-1393","noticias","type-noticias","status-publish","has-post-thumbnail","hentry","category-desenvolvimento-industrial","category-noticias"],"acf":[],"yoast_head":"<!-- This site is optimized with the Yoast SEO plugin v26.2 - https:\/\/yoast.com\/wordpress\/plugins\/seo\/ -->\n<title>Diretoria do CIEMG se re\u00fane e divulga cronograma de eventos at\u00e9 maio - CIEMG<\/title>\n<meta name=\"robots\" content=\"index, follow, max-snippet:-1, max-image-preview:large, max-video-preview:-1\" \/>\n<link rel=\"canonical\" href=\"https:\/\/www.fiemg.com.br\/ciemg\/noticias\/diretoria-do-ciemg-se-reune-e-divulga-cronograma-de-eventos-ate-maio\/\" \/>\n<meta property=\"og:locale\" content=\"pt_BR\" \/>\n<meta property=\"og:type\" content=\"article\" \/>\n<meta property=\"og:title\" content=\"Diretoria do CIEMG se re\u00fane e divulga cronograma de eventos at\u00e9 maio - CIEMG\" \/>\n<meta property=\"og:description\" content=\"Grupo tamb\u00e9m apontou os desafios da entidade diante do momento pol\u00edtico do pa\u00eds Fotos: Divulga\u00e7\u00e3o CIEMG A diretoria do\u00a0Centro Industrial e Empresarial de Minas Gerais\u00a0(CIEMG)\u00a0voltou a se reunir em Contagem, na regi\u00e3o metropolitana de Belo Horizonte, para discutir\u00a0assuntos administrativos e financeiros\u00a0relacionados \u00e0 entidade. Fausto Varela, presidente do CIEMG, deu in\u00edcio ao encontro, realizado no dia [&hellip;]\" \/>\n<meta property=\"og:url\" content=\"https:\/\/www.fiemg.com.br\/ciemg\/noticias\/diretoria-do-ciemg-se-reune-e-divulga-cronograma-de-eventos-ate-maio\/\" \/>\n<meta property=\"og:site_name\" content=\"CIEMG\" \/>\n<meta property=\"article:modified_time\" content=\"2023-07-11T20:11:34+00:00\" \/>\n<meta property=\"og:image\" content=\"https:\/\/www.fiemg.com.br\/ciemg\/wp-content\/uploads\/sites\/9\/2023\/07\/b8df88e757ea5230031ad1bdec160b99fcebbd32d8d5f808c5e917b7d52bf1df.jpg\" \/>\n\t<meta property=\"og:image:width\" content=\"620\" \/>\n\t<meta property=\"og:image:height\" content=\"240\" \/>\n\t<meta property=\"og:image:type\" content=\"image\/jpeg\" \/>\n<meta name=\"twitter:card\" content=\"summary_large_image\" \/>\n<meta name=\"twitter:label1\" content=\"Est. tempo de leitura\" \/>\n\t<meta name=\"twitter:data1\" content=\"2 minutos\" \/>\n<script type=\"application\/ld+json\" class=\"yoast-schema-graph\">{\"@context\":\"https:\/\/schema.org\",\"@graph\":[{\"@type\":\"WebPage\",\"@id\":\"https:\/\/www.fiemg.com.br\/ciemg\/noticias\/diretoria-do-ciemg-se-reune-e-divulga-cronograma-de-eventos-ate-maio\/\",\"url\":\"https:\/\/www.fiemg.com.br\/ciemg\/noticias\/diretoria-do-ciemg-se-reune-e-divulga-cronograma-de-eventos-ate-maio\/\",\"name\":\"Diretoria do CIEMG se re\u00fane e divulga cronograma de eventos at\u00e9 maio - CIEMG\",\"isPartOf\":{\"@id\":\"https:\/\/www.fiemg.com.br\/ciemg\/#website\"},\"primaryImageOfPage\":{\"@id\":\"https:\/\/www.fiemg.com.br\/ciemg\/noticias\/diretoria-do-ciemg-se-reune-e-divulga-cronograma-de-eventos-ate-maio\/#primaryimage\"},\"image\":{\"@id\":\"https:\/\/www.fiemg.com.br\/ciemg\/noticias\/diretoria-do-ciemg-se-reune-e-divulga-cronograma-de-eventos-ate-maio\/#primaryimage\"},\"thumbnailUrl\":\"https:\/\/www.fiemg.com.br\/ciemg\/wp-content\/uploads\/sites\/9\/2023\/07\/b8df88e757ea5230031ad1bdec160b99fcebbd32d8d5f808c5e917b7d52bf1df.jpg\",\"datePublished\":\"2023-06-15T19:52:21+00:00\",\"dateModified\":\"2023-07-11T20:11:34+00:00\",\"breadcrumb\":{\"@id\":\"https:\/\/www.fiemg.com.br\/ciemg\/noticias\/diretoria-do-ciemg-se-reune-e-divulga-cronograma-de-eventos-ate-maio\/#breadcrumb\"},\"inLanguage\":\"pt-BR\",\"potentialAction\":[{\"@type\":\"ReadAction\",\"target\":[\"https:\/\/www.fiemg.com.br\/ciemg\/noticias\/diretoria-do-ciemg-se-reune-e-divulga-cronograma-de-eventos-ate-maio\/\"]}]},{\"@type\":\"ImageObject\",\"inLanguage\":\"pt-BR\",\"@id\":\"https:\/\/www.fiemg.com.br\/ciemg\/noticias\/diretoria-do-ciemg-se-reune-e-divulga-cronograma-de-eventos-ate-maio\/#primaryimage\",\"url\":\"https:\/\/www.fiemg.com.br\/ciemg\/wp-content\/uploads\/sites\/9\/2023\/07\/b8df88e757ea5230031ad1bdec160b99fcebbd32d8d5f808c5e917b7d52bf1df.jpg\",\"contentUrl\":\"https:\/\/www.fiemg.com.br\/ciemg\/wp-content\/uploads\/sites\/9\/2023\/07\/b8df88e757ea5230031ad1bdec160b99fcebbd32d8d5f808c5e917b7d52bf1df.jpg\",\"width\":620,\"height\":240,\"caption\":\"Diretoria do CIEMG se re\u00fane e divulga cronograma de eventos at\u00e9 maio\"},{\"@type\":\"BreadcrumbList\",\"@id\":\"https:\/\/www.fiemg.com.br\/ciemg\/noticias\/diretoria-do-ciemg-se-reune-e-divulga-cronograma-de-eventos-ate-maio\/#breadcrumb\",\"itemListElement\":[{\"@type\":\"ListItem\",\"position\":1,\"name\":\"In\u00edcio\",\"item\":\"https:\/\/www.fiemg.com.br\/ciemg\/\"},{\"@type\":\"ListItem\",\"position\":2,\"name\":\"Diretoria do CIEMG se re\u00fane e divulga cronograma de eventos at\u00e9 maio\"}]},{\"@type\":\"WebSite\",\"@id\":\"https:\/\/www.fiemg.com.br\/ciemg\/#website\",\"url\":\"https:\/\/www.fiemg.com.br\/ciemg\/\",\"name\":\"CIEMG\",\"description\":\"Federa\u00e7\u00e3o das Ind\u00fastrias do Estado de Minas Gerais\",\"publisher\":{\"@id\":\"https:\/\/www.fiemg.com.br\/ciemg\/#organization\"},\"potentialAction\":[{\"@type\":\"SearchAction\",\"target\":{\"@type\":\"EntryPoint\",\"urlTemplate\":\"https:\/\/www.fiemg.com.br\/ciemg\/?s={search_term_string}\"},\"query-input\":{\"@type\":\"PropertyValueSpecification\",\"valueRequired\":true,\"valueName\":\"search_term_string\"}}],\"inLanguage\":\"pt-BR\"},{\"@type\":\"Organization\",\"@id\":\"https:\/\/www.fiemg.com.br\/ciemg\/#organization\",\"name\":\"CIEMG\",\"url\":\"https:\/\/www.fiemg.com.br\/ciemg\/\",\"logo\":{\"@type\":\"ImageObject\",\"inLanguage\":\"pt-BR\",\"@id\":\"https:\/\/www.fiemg.com.br\/ciemg\/#\/schema\/logo\/image\/\",\"url\":\"https:\/\/www.fiemg.com.br\/ciemg\/wp-content\/uploads\/sites\/9\/2023\/02\/CIEMG_branco.svg\",\"contentUrl\":\"https:\/\/www.fiemg.com.br\/ciemg\/wp-content\/uploads\/sites\/9\/2023\/02\/CIEMG_branco.svg\",\"width\":906,\"height\":242,\"caption\":\"CIEMG\"},\"image\":{\"@id\":\"https:\/\/www.fiemg.com.br\/ciemg\/#\/schema\/logo\/image\/\"}}]}<\/script>\n<!-- \/ Yoast SEO plugin. -->","yoast_head_json":{"title":"Diretoria do CIEMG se re\u00fane e divulga cronograma de eventos at\u00e9 maio - CIEMG","robots":{"index":"index","follow":"follow","max-snippet":"max-snippet:-1","max-image-preview":"max-image-preview:large","max-video-preview":"max-video-preview:-1"},"canonical":"https:\/\/www.fiemg.com.br\/ciemg\/noticias\/diretoria-do-ciemg-se-reune-e-divulga-cronograma-de-eventos-ate-maio\/","og_locale":"pt_BR","og_type":"article","og_title":"Diretoria do CIEMG se re\u00fane e divulga cronograma de eventos at\u00e9 maio - CIEMG","og_description":"Grupo tamb\u00e9m apontou os desafios da entidade diante do momento pol\u00edtico do pa\u00eds Fotos: Divulga\u00e7\u00e3o CIEMG A diretoria do\u00a0Centro Industrial e Empresarial de Minas Gerais\u00a0(CIEMG)\u00a0voltou a se reunir em Contagem, na regi\u00e3o metropolitana de Belo Horizonte, para discutir\u00a0assuntos administrativos e financeiros\u00a0relacionados \u00e0 entidade. Fausto Varela, presidente do CIEMG, deu in\u00edcio ao encontro, realizado no dia [&hellip;]","og_url":"https:\/\/www.fiemg.com.br\/ciemg\/noticias\/diretoria-do-ciemg-se-reune-e-divulga-cronograma-de-eventos-ate-maio\/","og_site_name":"CIEMG","article_modified_time":"2023-07-11T20:11:34+00:00","og_image":[{"width":620,"height":240,"url":"https:\/\/www.fiemg.com.br\/ciemg\/wp-content\/uploads\/sites\/9\/2023\/07\/b8df88e757ea5230031ad1bdec160b99fcebbd32d8d5f808c5e917b7d52bf1df.jpg","type":"image\/jpeg"}],"twitter_card":"summary_large_image","twitter_misc":{"Est. tempo de leitura":"2 minutos"},"schema":{"@context":"https:\/\/schema.org","@graph":[{"@type":"WebPage","@id":"https:\/\/www.fiemg.com.br\/ciemg\/noticias\/diretoria-do-ciemg-se-reune-e-divulga-cronograma-de-eventos-ate-maio\/","url":"https:\/\/www.fiemg.com.br\/ciemg\/noticias\/diretoria-do-ciemg-se-reune-e-divulga-cronograma-de-eventos-ate-maio\/","name":"Diretoria do CIEMG se re\u00fane e divulga cronograma de eventos at\u00e9 maio - CIEMG","isPartOf":{"@id":"https:\/\/www.fiemg.com.br\/ciemg\/#website"},"primaryImageOfPage":{"@id":"https:\/\/www.fiemg.com.br\/ciemg\/noticias\/diretoria-do-ciemg-se-reune-e-divulga-cronograma-de-eventos-ate-maio\/#primaryimage"},"image":{"@id":"https:\/\/www.fiemg.com.br\/ciemg\/noticias\/diretoria-do-ciemg-se-reune-e-divulga-cronograma-de-eventos-ate-maio\/#primaryimage"},"thumbnailUrl":"https:\/\/www.fiemg.com.br\/ciemg\/wp-content\/uploads\/sites\/9\/2023\/07\/b8df88e757ea5230031ad1bdec160b99fcebbd32d8d5f808c5e917b7d52bf1df.jpg","datePublished":"2023-06-15T19:52:21+00:00","dateModified":"2023-07-11T20:11:34+00:00","breadcrumb":{"@id":"https:\/\/www.fiemg.com.br\/ciemg\/noticias\/diretoria-do-ciemg-se-reune-e-divulga-cronograma-de-eventos-ate-maio\/#breadcrumb"},"inLanguage":"pt-BR","potentialAction":[{"@type":"ReadAction","target":["https:\/\/www.fiemg.com.br\/ciemg\/noticias\/diretoria-do-ciemg-se-reune-e-divulga-cronograma-de-eventos-ate-maio\/"]}]},{"@type":"ImageObject","inLanguage":"pt-BR","@id":"https:\/\/www.fiemg.com.br\/ciemg\/noticias\/diretoria-do-ciemg-se-reune-e-divulga-cronograma-de-eventos-ate-maio\/#primaryimage","url":"https:\/\/www.fiemg.com.br\/ciemg\/wp-content\/uploads\/sites\/9\/2023\/07\/b8df88e757ea5230031ad1bdec160b99fcebbd32d8d5f808c5e917b7d52bf1df.jpg","contentUrl":"https:\/\/www.fiemg.com.br\/ciemg\/wp-content\/uploads\/sites\/9\/2023\/07\/b8df88e757ea5230031ad1bdec160b99fcebbd32d8d5f808c5e917b7d52bf1df.jpg","width":620,"height":240,"caption":"Diretoria do CIEMG se re\u00fane e divulga cronograma de eventos at\u00e9 maio"},{"@type":"BreadcrumbList","@id":"https:\/\/www.fiemg.com.br\/ciemg\/noticias\/diretoria-do-ciemg-se-reune-e-divulga-cronograma-de-eventos-ate-maio\/#breadcrumb","itemListElement":[{"@type":"ListItem","position":1,"name":"In\u00edcio","item":"https:\/\/www.fiemg.com.br\/ciemg\/"},{"@type":"ListItem","position":2,"name":"Diretoria do CIEMG se re\u00fane e divulga cronograma de eventos at\u00e9 maio"}]},{"@type":"WebSite","@id":"https:\/\/www.fiemg.com.br\/ciemg\/#website","url":"https:\/\/www.fiemg.com.br\/ciemg\/","name":"CIEMG","description":"Federa\u00e7\u00e3o das Ind\u00fastrias do Estado de Minas Gerais","publisher":{"@id":"https:\/\/www.fiemg.com.br\/ciemg\/#organization"},"potentialAction":[{"@type":"SearchAction","target":{"@type":"EntryPoint","urlTemplate":"https:\/\/www.fiemg.com.br\/ciemg\/?s={search_term_string}"},"query-input":{"@type":"PropertyValueSpecification","valueRequired":true,"valueName":"search_term_string"}}],"inLanguage":"pt-BR"},{"@type":"Organization","@id":"https:\/\/www.fiemg.com.br\/ciemg\/#organization","name":"CIEMG","url":"https:\/\/www.fiemg.com.br\/ciemg\/","logo":{"@type":"ImageObject","inLanguage":"pt-BR","@id":"https:\/\/www.fiemg.com.br\/ciemg\/#\/schema\/logo\/image\/","url":"https:\/\/www.fiemg.com.br\/ciemg\/wp-content\/uploads\/sites\/9\/2023\/02\/CIEMG_branco.svg","contentUrl":"https:\/\/www.fiemg.com.br\/ciemg\/wp-content\/uploads\/sites\/9\/2023\/02\/CIEMG_branco.svg","width":906,"height":242,"caption":"CIEMG"},"image":{"@id":"https:\/\/www.fiemg.com.br\/ciemg\/#\/schema\/logo\/image\/"}}]}},"_links":{"self":[{"href":"https:\/\/www.fiemg.com.br\/ciemg\/wp-json\/wp\/v2\/noticias\/1393","targetHints":{"allow":["GET"]}}],"collection":[{"href":"https:\/\/www.fiemg.com.br\/ciemg\/wp-json\/wp\/v2\/noticias"}],"about":[{"href":"https:\/\/www.fiemg.com.br\/ciemg\/wp-json\/wp\/v2\/types\/noticias"}],"wp:featuredmedia":[{"embeddable":true,"href":"https:\/\/www.fiemg.com.br\/ciemg\/wp-json\/wp\/v2\/media\/1394"}],"wp:attachment":[{"href":"https:\/\/www.fiemg.com.br\/ciemg\/wp-json\/wp\/v2\/media?parent=1393"}],"wp:term":[{"taxonomy":"category","embeddable":true,"href":"https:\/\/www.fiemg.com.br\/ciemg\/wp-json\/wp\/v2\/categories?post=1393"},{"taxonomy":"post_tag","embeddable":true,"href":"https:\/\/www.fiemg.com.br\/ciemg\/wp-json\/wp\/v2\/tags?post=1393"}],"curies":[{"name":"wp","href":"https:\/\/api.w.org\/{rel}","templated":true}]}}