{"id":1874,"date":"2024-06-11T16:53:45","date_gmt":"2024-06-11T19:53:45","guid":{"rendered":"https:\/\/www.fiemg.com.br\/ciemg\/noticias\/rodoanel-em-pauta-no-ciemg\/"},"modified":"2024-06-11T16:57:21","modified_gmt":"2024-06-11T19:57:21","slug":"rodoanel-em-pauta-no-ciemg","status":"publish","type":"noticias","link":"https:\/\/www.fiemg.com.br\/ciemg\/noticias\/rodoanel-em-pauta-no-ciemg\/","title":{"rendered":"Rodoanel em pauta no CIEMG"},"content":{"rendered":"\n<p>O Rodoanel, importante obra vi\u00e1ria da Regi\u00e3o Metropolitana de Belo Horizonte, foi o principal assunto debatido na reuni\u00e3o da diretoria colegiada do CIEMG, realizada nessa segunda-feira (11\/6), na sede da entidade, em Contagem.<\/p>\n\n\n\n<p>Celso Paes J\u00fanior e Henrique Silva Mariz, representantes da INC S.P.A, empresa italiana respons\u00e1vel pela constru\u00e7\u00e3o e administra\u00e7\u00e3o do novo anel vi\u00e1rio, explicaram alguns pontos do projeto. Segundo J\u00fanior e Mariz, a concession\u00e1ria Rodoanel BH S.A vai gerir o trecho de cerca de 100 quil\u00f4metros no modelo Parceria P\u00fablico-Privada (PPP), com investimento total de R$ 5 bilh\u00f5es, divididos entre a iniciativa privada e o governo de Minas Gerais. O contrato de concess\u00e3o do Rodoanel foi assinado em 31 de mar\u00e7o de 2023, com dura\u00e7\u00e3o de 30 anos, e a previs\u00e3o \u00e9 que a obra seja entregue  em 2028.<\/p>\n\n\n\n<p>O corredor vi\u00e1rio vai passar por 11 cidades da regi\u00e3o metropolitana, incluindo BH, e ser\u00e1 formado por quatro al\u00e7as &#8211; Norte, Sul, Leste e Oeste. J\u00e1 a pista ter\u00e1 configura\u00e7\u00e3o duplicada e pedagiada.<\/p>\n\n\n\n<p>Entre os benef\u00edcios da obra para a Grande BH e Minas Gerais, os representantes da INC destacaram o aumento de 7% a 13% do Produto Interno Bruto (PIB) e da produ\u00e7\u00e3o entre 0,8% e 1,3% em 10 anos, redu\u00e7\u00e3o de acidentes e de mortes, diminui\u00e7\u00e3o do tr\u00e2nsito de ve\u00edculos pesados e emiss\u00e3o de CO2 na atmosfera.<\/p>\n\n\n\n<p>\u201cCom impacto direto na regi\u00e3o, o Rodoanel visa criar um corredor log\u00edstico eficiente, conectando todas as regi\u00f5es do pa\u00eds de forma a fornecer seguran\u00e7a e fluidez no tr\u00e1fego comercial\u201d, disse Celso Paes J\u00fanior<\/p>\n\n\n\n<p>Henrique Silva Mariz falou sobre algumas quest\u00f5es relacionadas ao licenciamento ambiental da obra, que atualmente se encontra na fase dos estudos socioambientais e envolvem, por exemplo, patrim\u00f4nio cultural, arqueol\u00f3gico, povos e comunidades de tradicionais. O tema \u00e9 tratado pela empresa junto a \u00f3rg\u00e3os estaduais e federais. Conclu\u00eddo esse est\u00e1gio, os pr\u00f3ximos englobam as licen\u00e7as pr\u00e9via, de instala\u00e7\u00e3o e opera\u00e7\u00e3o.<\/p>\n\n\n\n<p>Fausto Varela, presidente do CIEMG, foi quem conduziu a reuni\u00e3o e elencou alguns benef\u00edcios do Rodoanel da Regi\u00e3o Metropolitana de Belo Horizonte para a mobilidade urbana e sociedade. Gera\u00e7\u00e3o de emprego e renda, arrecada\u00e7\u00e3o de impostos, atra\u00e7\u00e3o de investimentos, est\u00edmulo \u00e0 atividade econ\u00f4mica local, redu\u00e7\u00e3o das desigualdades e melhoria da qualidade do ar foram citados por Varela. \u201cO rodoanel ser\u00e1 uma das maiores obras de infraestrutura j\u00e1 realizadas em Minas Gerais\u201d, opinou.<br><br><em>Rafael Passos<br><\/em><strong>Imprensa FIEMG<\/strong><\/p>\n","protected":false},"featured_media":1875,"template":"","categories":[15],"tags":[59,77,78,79],"class_list":["post-1874","noticias","type-noticias","status-publish","has-post-thumbnail","hentry","category-desenvolvimento-industrial","tag-ciemg","tag-obra-viaria","tag-reuniao","tag-rodoanel-metropolitano-de-bh"],"acf":[],"yoast_head":"<!-- This site is optimized with the Yoast SEO plugin v26.2 - https:\/\/yoast.com\/wordpress\/plugins\/seo\/ -->\n<title>Rodoanel em pauta no CIEMG - CIEMG<\/title>\n<meta name=\"description\" content=\"Em reuni\u00e3o do CIEMG, representantes de empresa respons\u00e1vel pela obra da malha vi\u00e1ria detalham alguns destaques do projeto\" \/>\n<meta name=\"robots\" content=\"index, follow, max-snippet:-1, max-image-preview:large, max-video-preview:-1\" \/>\n<link rel=\"canonical\" href=\"https:\/\/www.fiemg.com.br\/ciemg\/noticias\/rodoanel-em-pauta-no-ciemg\/\" \/>\n<meta property=\"og:locale\" content=\"pt_BR\" \/>\n<meta property=\"og:type\" content=\"article\" \/>\n<meta property=\"og:title\" content=\"Rodoanel em pauta no CIEMG - CIEMG\" \/>\n<meta property=\"og:description\" content=\"Em reuni\u00e3o do CIEMG, representantes de empresa respons\u00e1vel pela obra da malha vi\u00e1ria detalham alguns destaques do projeto\" \/>\n<meta property=\"og:url\" content=\"https:\/\/www.fiemg.com.br\/ciemg\/noticias\/rodoanel-em-pauta-no-ciemg\/\" \/>\n<meta property=\"og:site_name\" content=\"CIEMG\" \/>\n<meta property=\"article:modified_time\" content=\"2024-06-11T19:57:21+00:00\" \/>\n<meta property=\"og:image\" content=\"https:\/\/www.fiemg.com.br\/ciemg\/wp-content\/uploads\/sites\/9\/2024\/06\/ciemg_thumb.jpeg\" \/>\n\t<meta property=\"og:image:width\" content=\"512\" \/>\n\t<meta property=\"og:image:height\" content=\"512\" \/>\n\t<meta property=\"og:image:type\" content=\"image\/jpeg\" \/>\n<meta name=\"twitter:card\" content=\"summary_large_image\" \/>\n<meta name=\"twitter:label1\" content=\"Est. tempo de leitura\" \/>\n\t<meta name=\"twitter:data1\" content=\"3 minutos\" \/>\n<script type=\"application\/ld+json\" class=\"yoast-schema-graph\">{\"@context\":\"https:\/\/schema.org\",\"@graph\":[{\"@type\":\"WebPage\",\"@id\":\"https:\/\/www.fiemg.com.br\/ciemg\/noticias\/rodoanel-em-pauta-no-ciemg\/\",\"url\":\"https:\/\/www.fiemg.com.br\/ciemg\/noticias\/rodoanel-em-pauta-no-ciemg\/\",\"name\":\"Rodoanel em pauta no CIEMG - CIEMG\",\"isPartOf\":{\"@id\":\"https:\/\/www.fiemg.com.br\/ciemg\/#website\"},\"primaryImageOfPage\":{\"@id\":\"https:\/\/www.fiemg.com.br\/ciemg\/noticias\/rodoanel-em-pauta-no-ciemg\/#primaryimage\"},\"image\":{\"@id\":\"https:\/\/www.fiemg.com.br\/ciemg\/noticias\/rodoanel-em-pauta-no-ciemg\/#primaryimage\"},\"thumbnailUrl\":\"https:\/\/www.fiemg.com.br\/ciemg\/wp-content\/uploads\/sites\/9\/2024\/06\/ciemg_thumb.jpeg\",\"datePublished\":\"2024-06-11T19:53:45+00:00\",\"dateModified\":\"2024-06-11T19:57:21+00:00\",\"description\":\"Em reuni\u00e3o do CIEMG, representantes de empresa respons\u00e1vel pela obra da malha vi\u00e1ria detalham alguns destaques do projeto\",\"breadcrumb\":{\"@id\":\"https:\/\/www.fiemg.com.br\/ciemg\/noticias\/rodoanel-em-pauta-no-ciemg\/#breadcrumb\"},\"inLanguage\":\"pt-BR\",\"potentialAction\":[{\"@type\":\"ReadAction\",\"target\":[\"https:\/\/www.fiemg.com.br\/ciemg\/noticias\/rodoanel-em-pauta-no-ciemg\/\"]}]},{\"@type\":\"ImageObject\",\"inLanguage\":\"pt-BR\",\"@id\":\"https:\/\/www.fiemg.com.br\/ciemg\/noticias\/rodoanel-em-pauta-no-ciemg\/#primaryimage\",\"url\":\"https:\/\/www.fiemg.com.br\/ciemg\/wp-content\/uploads\/sites\/9\/2024\/06\/ciemg_thumb.jpeg\",\"contentUrl\":\"https:\/\/www.fiemg.com.br\/ciemg\/wp-content\/uploads\/sites\/9\/2024\/06\/ciemg_thumb.jpeg\",\"width\":512,\"height\":512,\"caption\":\"Rodoanel em pauta no CIEMG\"},{\"@type\":\"BreadcrumbList\",\"@id\":\"https:\/\/www.fiemg.com.br\/ciemg\/noticias\/rodoanel-em-pauta-no-ciemg\/#breadcrumb\",\"itemListElement\":[{\"@type\":\"ListItem\",\"position\":1,\"name\":\"In\u00edcio\",\"item\":\"https:\/\/www.fiemg.com.br\/ciemg\/\"},{\"@type\":\"ListItem\",\"position\":2,\"name\":\"Rodoanel em pauta no CIEMG\"}]},{\"@type\":\"WebSite\",\"@id\":\"https:\/\/www.fiemg.com.br\/ciemg\/#website\",\"url\":\"https:\/\/www.fiemg.com.br\/ciemg\/\",\"name\":\"CIEMG\",\"description\":\"Federa\u00e7\u00e3o das Ind\u00fastrias do Estado de Minas Gerais\",\"publisher\":{\"@id\":\"https:\/\/www.fiemg.com.br\/ciemg\/#organization\"},\"potentialAction\":[{\"@type\":\"SearchAction\",\"target\":{\"@type\":\"EntryPoint\",\"urlTemplate\":\"https:\/\/www.fiemg.com.br\/ciemg\/?s={search_term_string}\"},\"query-input\":{\"@type\":\"PropertyValueSpecification\",\"valueRequired\":true,\"valueName\":\"search_term_string\"}}],\"inLanguage\":\"pt-BR\"},{\"@type\":\"Organization\",\"@id\":\"https:\/\/www.fiemg.com.br\/ciemg\/#organization\",\"name\":\"CIEMG\",\"url\":\"https:\/\/www.fiemg.com.br\/ciemg\/\",\"logo\":{\"@type\":\"ImageObject\",\"inLanguage\":\"pt-BR\",\"@id\":\"https:\/\/www.fiemg.com.br\/ciemg\/#\/schema\/logo\/image\/\",\"url\":\"https:\/\/www.fiemg.com.br\/ciemg\/wp-content\/uploads\/sites\/9\/2023\/02\/CIEMG_branco.svg\",\"contentUrl\":\"https:\/\/www.fiemg.com.br\/ciemg\/wp-content\/uploads\/sites\/9\/2023\/02\/CIEMG_branco.svg\",\"width\":906,\"height\":242,\"caption\":\"CIEMG\"},\"image\":{\"@id\":\"https:\/\/www.fiemg.com.br\/ciemg\/#\/schema\/logo\/image\/\"}}]}<\/script>\n<!-- \/ Yoast SEO plugin. -->","yoast_head_json":{"title":"Rodoanel em pauta no CIEMG - CIEMG","description":"Em reuni\u00e3o do CIEMG, representantes de empresa respons\u00e1vel pela obra da malha vi\u00e1ria detalham alguns destaques do projeto","robots":{"index":"index","follow":"follow","max-snippet":"max-snippet:-1","max-image-preview":"max-image-preview:large","max-video-preview":"max-video-preview:-1"},"canonical":"https:\/\/www.fiemg.com.br\/ciemg\/noticias\/rodoanel-em-pauta-no-ciemg\/","og_locale":"pt_BR","og_type":"article","og_title":"Rodoanel em pauta no CIEMG - CIEMG","og_description":"Em reuni\u00e3o do CIEMG, representantes de empresa respons\u00e1vel pela obra da malha vi\u00e1ria detalham alguns destaques do projeto","og_url":"https:\/\/www.fiemg.com.br\/ciemg\/noticias\/rodoanel-em-pauta-no-ciemg\/","og_site_name":"CIEMG","article_modified_time":"2024-06-11T19:57:21+00:00","og_image":[{"width":512,"height":512,"url":"https:\/\/www.fiemg.com.br\/ciemg\/wp-content\/uploads\/sites\/9\/2024\/06\/ciemg_thumb.jpeg","type":"image\/jpeg"}],"twitter_card":"summary_large_image","twitter_misc":{"Est. tempo de leitura":"3 minutos"},"schema":{"@context":"https:\/\/schema.org","@graph":[{"@type":"WebPage","@id":"https:\/\/www.fiemg.com.br\/ciemg\/noticias\/rodoanel-em-pauta-no-ciemg\/","url":"https:\/\/www.fiemg.com.br\/ciemg\/noticias\/rodoanel-em-pauta-no-ciemg\/","name":"Rodoanel em pauta no CIEMG - CIEMG","isPartOf":{"@id":"https:\/\/www.fiemg.com.br\/ciemg\/#website"},"primaryImageOfPage":{"@id":"https:\/\/www.fiemg.com.br\/ciemg\/noticias\/rodoanel-em-pauta-no-ciemg\/#primaryimage"},"image":{"@id":"https:\/\/www.fiemg.com.br\/ciemg\/noticias\/rodoanel-em-pauta-no-ciemg\/#primaryimage"},"thumbnailUrl":"https:\/\/www.fiemg.com.br\/ciemg\/wp-content\/uploads\/sites\/9\/2024\/06\/ciemg_thumb.jpeg","datePublished":"2024-06-11T19:53:45+00:00","dateModified":"2024-06-11T19:57:21+00:00","description":"Em reuni\u00e3o do CIEMG, representantes de empresa respons\u00e1vel pela obra da malha vi\u00e1ria detalham alguns destaques do projeto","breadcrumb":{"@id":"https:\/\/www.fiemg.com.br\/ciemg\/noticias\/rodoanel-em-pauta-no-ciemg\/#breadcrumb"},"inLanguage":"pt-BR","potentialAction":[{"@type":"ReadAction","target":["https:\/\/www.fiemg.com.br\/ciemg\/noticias\/rodoanel-em-pauta-no-ciemg\/"]}]},{"@type":"ImageObject","inLanguage":"pt-BR","@id":"https:\/\/www.fiemg.com.br\/ciemg\/noticias\/rodoanel-em-pauta-no-ciemg\/#primaryimage","url":"https:\/\/www.fiemg.com.br\/ciemg\/wp-content\/uploads\/sites\/9\/2024\/06\/ciemg_thumb.jpeg","contentUrl":"https:\/\/www.fiemg.com.br\/ciemg\/wp-content\/uploads\/sites\/9\/2024\/06\/ciemg_thumb.jpeg","width":512,"height":512,"caption":"Rodoanel em pauta no CIEMG"},{"@type":"BreadcrumbList","@id":"https:\/\/www.fiemg.com.br\/ciemg\/noticias\/rodoanel-em-pauta-no-ciemg\/#breadcrumb","itemListElement":[{"@type":"ListItem","position":1,"name":"In\u00edcio","item":"https:\/\/www.fiemg.com.br\/ciemg\/"},{"@type":"ListItem","position":2,"name":"Rodoanel em pauta no CIEMG"}]},{"@type":"WebSite","@id":"https:\/\/www.fiemg.com.br\/ciemg\/#website","url":"https:\/\/www.fiemg.com.br\/ciemg\/","name":"CIEMG","description":"Federa\u00e7\u00e3o das Ind\u00fastrias do Estado de Minas Gerais","publisher":{"@id":"https:\/\/www.fiemg.com.br\/ciemg\/#organization"},"potentialAction":[{"@type":"SearchAction","target":{"@type":"EntryPoint","urlTemplate":"https:\/\/www.fiemg.com.br\/ciemg\/?s={search_term_string}"},"query-input":{"@type":"PropertyValueSpecification","valueRequired":true,"valueName":"search_term_string"}}],"inLanguage":"pt-BR"},{"@type":"Organization","@id":"https:\/\/www.fiemg.com.br\/ciemg\/#organization","name":"CIEMG","url":"https:\/\/www.fiemg.com.br\/ciemg\/","logo":{"@type":"ImageObject","inLanguage":"pt-BR","@id":"https:\/\/www.fiemg.com.br\/ciemg\/#\/schema\/logo\/image\/","url":"https:\/\/www.fiemg.com.br\/ciemg\/wp-content\/uploads\/sites\/9\/2023\/02\/CIEMG_branco.svg","contentUrl":"https:\/\/www.fiemg.com.br\/ciemg\/wp-content\/uploads\/sites\/9\/2023\/02\/CIEMG_branco.svg","width":906,"height":242,"caption":"CIEMG"},"image":{"@id":"https:\/\/www.fiemg.com.br\/ciemg\/#\/schema\/logo\/image\/"}}]}},"_links":{"self":[{"href":"https:\/\/www.fiemg.com.br\/ciemg\/wp-json\/wp\/v2\/noticias\/1874","targetHints":{"allow":["GET"]}}],"collection":[{"href":"https:\/\/www.fiemg.com.br\/ciemg\/wp-json\/wp\/v2\/noticias"}],"about":[{"href":"https:\/\/www.fiemg.com.br\/ciemg\/wp-json\/wp\/v2\/types\/noticias"}],"wp:featuredmedia":[{"embeddable":true,"href":"https:\/\/www.fiemg.com.br\/ciemg\/wp-json\/wp\/v2\/media\/1875"}],"wp:attachment":[{"href":"https:\/\/www.fiemg.com.br\/ciemg\/wp-json\/wp\/v2\/media?parent=1874"}],"wp:term":[{"taxonomy":"category","embeddable":true,"href":"https:\/\/www.fiemg.com.br\/ciemg\/wp-json\/wp\/v2\/categories?post=1874"},{"taxonomy":"post_tag","embeddable":true,"href":"https:\/\/www.fiemg.com.br\/ciemg\/wp-json\/wp\/v2\/tags?post=1874"}],"curies":[{"name":"wp","href":"https:\/\/api.w.org\/{rel}","templated":true}]}}