{"id":1889,"date":"2024-06-26T16:24:34","date_gmt":"2024-06-26T19:24:34","guid":{"rendered":"https:\/\/www.fiemg.com.br\/ciemg\/noticias\/curso-lideranca-de-alta-performance-no-ciemg\/"},"modified":"2024-06-26T16:26:32","modified_gmt":"2024-06-26T19:26:32","slug":"curso-lideranca-de-alta-performance-no-ciemg","status":"publish","type":"noticias","link":"https:\/\/www.fiemg.com.br\/ciemg\/noticias\/curso-lideranca-de-alta-performance-no-ciemg\/","title":{"rendered":"Curso Lideran\u00e7a de Alta Performance no CIEMG"},"content":{"rendered":"\n<p>O Centro Industrial e Empresarial de Minas Gerais (CIEMG) oferece uma oportunidade imperd\u00edvel para profissionais que desejam aprimorar suas habilidades de lideran\u00e7a. Nos dias 27 e 28 de junho, ser\u00e1 realizado o curso &#8220;Lideran\u00e7a de Alta Performance&#8221;, na sede da FIEMG , em Belo Horizonte. Inscri\u00e7\u00f5es <a href=\"https:\/\/ciemg.apprbs.com.br\/imersao-liderancadealtaperformance-04\/2024\">aqui<\/a>.<\/p>\n\n\n\n<p>A capacita\u00e7\u00e3o visa desenvolver habilidades, atitudes e comportamentos essenciais para uma lideran\u00e7a estrat\u00e9gica, eficaz e humanizada, com foco em gerar resultados positivos atrav\u00e9s da gest\u00e3o de pessoas. Durante a imers\u00e3o, os participantes aprender\u00e3o a desenvolver suas capacidades de lideran\u00e7a e a elevar o desempenho de suas equipes.<\/p>\n\n\n\n<p>O curso ser\u00e1 ministrado por Bedsen Rocha, especialista em Recursos Humanos com gradua\u00e7\u00e3o em Psicologia pelo Centro Universit\u00e1rio Newton Paiva, MBA em Gest\u00e3o de Pessoas pela PUC MINAS, e em Gest\u00e3o Estrat\u00e9gica de Marketing pela UNA. Rocha \u00e9 <em>Career Coaching<\/em> e<em> Personal &amp; Professional Coaching<\/em> pela Sociedade Brasileira de <em>Coaching<\/em>, com ampla experi\u00eancia em treinamento, <em>coaching <\/em>e carreira.<\/p>\n\n\n\n<p><\/p>\n\n\n\n<p><strong>Benef\u00edcios para os Participantes:<\/strong><\/p>\n\n\n\n<ul class=\"wp-block-list\">\n<li><strong>Impulsionar a carreira:<\/strong> Tomar decis\u00f5es estrat\u00e9gicas, fortalecer o autoconhecimento e a auto lideran\u00e7a.<\/li>\n\n\n\n<li><strong>Desenvolver equipes de alta performance:<\/strong> Gerir pessoas em ambientes de mudan\u00e7a e mediar conflitos.<\/li>\n\n\n\n<li><strong>Aprimorar talentos:<\/strong> Melhorar compet\u00eancias e pr\u00e1ticas de lideran\u00e7a, como treinamento, feedbacks, acompanhamento e desligamento.<\/li>\n<\/ul>\n\n\n\n<p><\/p>\n\n\n\n<p><strong>Imers\u00e3o em Lideran\u00e7a de Alta Performance<\/strong><\/p>\n\n\n\n<p><strong>Data:<\/strong> 27\/6 de 18h \u00e0s 22h | 28\/6 de 8h30 \u00e0s 17h30<br><strong>Local: <\/strong>FIEMG Sede<br><strong>Investimento:<\/strong> Associados: R$ 1.290,00 | N\u00e3o associados: R$ 1.985,00<br><strong>Carga hor\u00e1ria: <\/strong>12 horas<br><strong>Mais Informa\u00e7\u00f5es:<\/strong> <a href=\"mailto:treinamentociemg@fiemg.com.br\">treinamentociemg@fiemg.com.br<\/a> | (31) 3362-5666 | (31) 3361-6423<\/p>\n\n\n\n<p>Fa\u00e7a <strong><a href=\"https:\/\/ciemg.apprbs.com.br\/imersao-liderancadealtaperformance-04\/2024\">aqui<\/a><\/strong> sua inscri\u00e7\u00e3o.<\/p>\n\n\n\n<p>N\u00e3o perca a chance de transformar sua lideran\u00e7a e impulsionar sua carreira!<\/p>\n\n\n\n<p><em>Ana Paula Motta<\/em><br><strong>Imprensa FIEMG<\/strong><\/p>\n","protected":false},"featured_media":1891,"template":"","categories":[5],"tags":[],"class_list":["post-1889","noticias","type-noticias","status-publish","has-post-thumbnail","hentry","category-capacitacao-empresarial"],"acf":[],"yoast_head":"<!-- This site is optimized with the Yoast SEO plugin v26.2 - https:\/\/yoast.com\/wordpress\/plugins\/seo\/ -->\n<title>Curso Lideran\u00e7a de Alta Performance no CIEMG - CIEMG<\/title>\n<meta name=\"robots\" content=\"index, follow, max-snippet:-1, max-image-preview:large, max-video-preview:-1\" \/>\n<link rel=\"canonical\" href=\"https:\/\/www.fiemg.com.br\/ciemg\/noticias\/curso-lideranca-de-alta-performance-no-ciemg\/\" \/>\n<meta property=\"og:locale\" content=\"pt_BR\" \/>\n<meta property=\"og:type\" content=\"article\" \/>\n<meta property=\"og:title\" content=\"Curso Lideran\u00e7a de Alta Performance no CIEMG - CIEMG\" \/>\n<meta property=\"og:description\" content=\"O Centro Industrial e Empresarial de Minas Gerais (CIEMG) oferece uma oportunidade imperd\u00edvel para profissionais que desejam aprimorar suas habilidades de lideran\u00e7a. Nos dias 27 e 28 de junho, ser\u00e1 realizado o curso &#8220;Lideran\u00e7a de Alta Performance&#8221;, na sede da FIEMG , em Belo Horizonte. Inscri\u00e7\u00f5es aqui. A capacita\u00e7\u00e3o visa desenvolver habilidades, atitudes e comportamentos [&hellip;]\" \/>\n<meta property=\"og:url\" content=\"https:\/\/www.fiemg.com.br\/ciemg\/noticias\/curso-lideranca-de-alta-performance-no-ciemg\/\" \/>\n<meta property=\"og:site_name\" content=\"CIEMG\" \/>\n<meta property=\"article:modified_time\" content=\"2024-06-26T19:26:32+00:00\" \/>\n<meta property=\"og:image\" content=\"https:\/\/www.fiemg.com.br\/ciemg\/wp-content\/uploads\/sites\/9\/2024\/06\/Thumb-FIEMG-23.jpg\" \/>\n\t<meta property=\"og:image:width\" content=\"512\" \/>\n\t<meta property=\"og:image:height\" content=\"512\" \/>\n\t<meta property=\"og:image:type\" content=\"image\/jpeg\" \/>\n<meta name=\"twitter:card\" content=\"summary_large_image\" \/>\n<meta name=\"twitter:label1\" content=\"Est. tempo de leitura\" \/>\n\t<meta name=\"twitter:data1\" content=\"2 minutos\" \/>\n<script type=\"application\/ld+json\" class=\"yoast-schema-graph\">{\"@context\":\"https:\/\/schema.org\",\"@graph\":[{\"@type\":\"WebPage\",\"@id\":\"https:\/\/www.fiemg.com.br\/ciemg\/noticias\/curso-lideranca-de-alta-performance-no-ciemg\/\",\"url\":\"https:\/\/www.fiemg.com.br\/ciemg\/noticias\/curso-lideranca-de-alta-performance-no-ciemg\/\",\"name\":\"Curso Lideran\u00e7a de Alta Performance no CIEMG - CIEMG\",\"isPartOf\":{\"@id\":\"https:\/\/www.fiemg.com.br\/ciemg\/#website\"},\"primaryImageOfPage\":{\"@id\":\"https:\/\/www.fiemg.com.br\/ciemg\/noticias\/curso-lideranca-de-alta-performance-no-ciemg\/#primaryimage\"},\"image\":{\"@id\":\"https:\/\/www.fiemg.com.br\/ciemg\/noticias\/curso-lideranca-de-alta-performance-no-ciemg\/#primaryimage\"},\"thumbnailUrl\":\"https:\/\/www.fiemg.com.br\/ciemg\/wp-content\/uploads\/sites\/9\/2024\/06\/Thumb-FIEMG-23.jpg\",\"datePublished\":\"2024-06-26T19:24:34+00:00\",\"dateModified\":\"2024-06-26T19:26:32+00:00\",\"breadcrumb\":{\"@id\":\"https:\/\/www.fiemg.com.br\/ciemg\/noticias\/curso-lideranca-de-alta-performance-no-ciemg\/#breadcrumb\"},\"inLanguage\":\"pt-BR\",\"potentialAction\":[{\"@type\":\"ReadAction\",\"target\":[\"https:\/\/www.fiemg.com.br\/ciemg\/noticias\/curso-lideranca-de-alta-performance-no-ciemg\/\"]}]},{\"@type\":\"ImageObject\",\"inLanguage\":\"pt-BR\",\"@id\":\"https:\/\/www.fiemg.com.br\/ciemg\/noticias\/curso-lideranca-de-alta-performance-no-ciemg\/#primaryimage\",\"url\":\"https:\/\/www.fiemg.com.br\/ciemg\/wp-content\/uploads\/sites\/9\/2024\/06\/Thumb-FIEMG-23.jpg\",\"contentUrl\":\"https:\/\/www.fiemg.com.br\/ciemg\/wp-content\/uploads\/sites\/9\/2024\/06\/Thumb-FIEMG-23.jpg\",\"width\":512,\"height\":512,\"caption\":\"Lideran\u00e7a de Alta Performance no CIEMG\"},{\"@type\":\"BreadcrumbList\",\"@id\":\"https:\/\/www.fiemg.com.br\/ciemg\/noticias\/curso-lideranca-de-alta-performance-no-ciemg\/#breadcrumb\",\"itemListElement\":[{\"@type\":\"ListItem\",\"position\":1,\"name\":\"In\u00edcio\",\"item\":\"https:\/\/www.fiemg.com.br\/ciemg\/\"},{\"@type\":\"ListItem\",\"position\":2,\"name\":\"Curso Lideran\u00e7a de Alta Performance no CIEMG\"}]},{\"@type\":\"WebSite\",\"@id\":\"https:\/\/www.fiemg.com.br\/ciemg\/#website\",\"url\":\"https:\/\/www.fiemg.com.br\/ciemg\/\",\"name\":\"CIEMG\",\"description\":\"Federa\u00e7\u00e3o das Ind\u00fastrias do Estado de Minas Gerais\",\"publisher\":{\"@id\":\"https:\/\/www.fiemg.com.br\/ciemg\/#organization\"},\"potentialAction\":[{\"@type\":\"SearchAction\",\"target\":{\"@type\":\"EntryPoint\",\"urlTemplate\":\"https:\/\/www.fiemg.com.br\/ciemg\/?s={search_term_string}\"},\"query-input\":{\"@type\":\"PropertyValueSpecification\",\"valueRequired\":true,\"valueName\":\"search_term_string\"}}],\"inLanguage\":\"pt-BR\"},{\"@type\":\"Organization\",\"@id\":\"https:\/\/www.fiemg.com.br\/ciemg\/#organization\",\"name\":\"CIEMG\",\"url\":\"https:\/\/www.fiemg.com.br\/ciemg\/\",\"logo\":{\"@type\":\"ImageObject\",\"inLanguage\":\"pt-BR\",\"@id\":\"https:\/\/www.fiemg.com.br\/ciemg\/#\/schema\/logo\/image\/\",\"url\":\"https:\/\/www.fiemg.com.br\/ciemg\/wp-content\/uploads\/sites\/9\/2023\/02\/CIEMG_branco.svg\",\"contentUrl\":\"https:\/\/www.fiemg.com.br\/ciemg\/wp-content\/uploads\/sites\/9\/2023\/02\/CIEMG_branco.svg\",\"width\":906,\"height\":242,\"caption\":\"CIEMG\"},\"image\":{\"@id\":\"https:\/\/www.fiemg.com.br\/ciemg\/#\/schema\/logo\/image\/\"}}]}<\/script>\n<!-- \/ Yoast SEO plugin. -->","yoast_head_json":{"title":"Curso Lideran\u00e7a de Alta Performance no CIEMG - CIEMG","robots":{"index":"index","follow":"follow","max-snippet":"max-snippet:-1","max-image-preview":"max-image-preview:large","max-video-preview":"max-video-preview:-1"},"canonical":"https:\/\/www.fiemg.com.br\/ciemg\/noticias\/curso-lideranca-de-alta-performance-no-ciemg\/","og_locale":"pt_BR","og_type":"article","og_title":"Curso Lideran\u00e7a de Alta Performance no CIEMG - CIEMG","og_description":"O Centro Industrial e Empresarial de Minas Gerais (CIEMG) oferece uma oportunidade imperd\u00edvel para profissionais que desejam aprimorar suas habilidades de lideran\u00e7a. Nos dias 27 e 28 de junho, ser\u00e1 realizado o curso &#8220;Lideran\u00e7a de Alta Performance&#8221;, na sede da FIEMG , em Belo Horizonte. Inscri\u00e7\u00f5es aqui. A capacita\u00e7\u00e3o visa desenvolver habilidades, atitudes e comportamentos [&hellip;]","og_url":"https:\/\/www.fiemg.com.br\/ciemg\/noticias\/curso-lideranca-de-alta-performance-no-ciemg\/","og_site_name":"CIEMG","article_modified_time":"2024-06-26T19:26:32+00:00","og_image":[{"width":512,"height":512,"url":"https:\/\/www.fiemg.com.br\/ciemg\/wp-content\/uploads\/sites\/9\/2024\/06\/Thumb-FIEMG-23.jpg","type":"image\/jpeg"}],"twitter_card":"summary_large_image","twitter_misc":{"Est. tempo de leitura":"2 minutos"},"schema":{"@context":"https:\/\/schema.org","@graph":[{"@type":"WebPage","@id":"https:\/\/www.fiemg.com.br\/ciemg\/noticias\/curso-lideranca-de-alta-performance-no-ciemg\/","url":"https:\/\/www.fiemg.com.br\/ciemg\/noticias\/curso-lideranca-de-alta-performance-no-ciemg\/","name":"Curso Lideran\u00e7a de Alta Performance no CIEMG - CIEMG","isPartOf":{"@id":"https:\/\/www.fiemg.com.br\/ciemg\/#website"},"primaryImageOfPage":{"@id":"https:\/\/www.fiemg.com.br\/ciemg\/noticias\/curso-lideranca-de-alta-performance-no-ciemg\/#primaryimage"},"image":{"@id":"https:\/\/www.fiemg.com.br\/ciemg\/noticias\/curso-lideranca-de-alta-performance-no-ciemg\/#primaryimage"},"thumbnailUrl":"https:\/\/www.fiemg.com.br\/ciemg\/wp-content\/uploads\/sites\/9\/2024\/06\/Thumb-FIEMG-23.jpg","datePublished":"2024-06-26T19:24:34+00:00","dateModified":"2024-06-26T19:26:32+00:00","breadcrumb":{"@id":"https:\/\/www.fiemg.com.br\/ciemg\/noticias\/curso-lideranca-de-alta-performance-no-ciemg\/#breadcrumb"},"inLanguage":"pt-BR","potentialAction":[{"@type":"ReadAction","target":["https:\/\/www.fiemg.com.br\/ciemg\/noticias\/curso-lideranca-de-alta-performance-no-ciemg\/"]}]},{"@type":"ImageObject","inLanguage":"pt-BR","@id":"https:\/\/www.fiemg.com.br\/ciemg\/noticias\/curso-lideranca-de-alta-performance-no-ciemg\/#primaryimage","url":"https:\/\/www.fiemg.com.br\/ciemg\/wp-content\/uploads\/sites\/9\/2024\/06\/Thumb-FIEMG-23.jpg","contentUrl":"https:\/\/www.fiemg.com.br\/ciemg\/wp-content\/uploads\/sites\/9\/2024\/06\/Thumb-FIEMG-23.jpg","width":512,"height":512,"caption":"Lideran\u00e7a de Alta Performance no CIEMG"},{"@type":"BreadcrumbList","@id":"https:\/\/www.fiemg.com.br\/ciemg\/noticias\/curso-lideranca-de-alta-performance-no-ciemg\/#breadcrumb","itemListElement":[{"@type":"ListItem","position":1,"name":"In\u00edcio","item":"https:\/\/www.fiemg.com.br\/ciemg\/"},{"@type":"ListItem","position":2,"name":"Curso Lideran\u00e7a de Alta Performance no CIEMG"}]},{"@type":"WebSite","@id":"https:\/\/www.fiemg.com.br\/ciemg\/#website","url":"https:\/\/www.fiemg.com.br\/ciemg\/","name":"CIEMG","description":"Federa\u00e7\u00e3o das Ind\u00fastrias do Estado de Minas Gerais","publisher":{"@id":"https:\/\/www.fiemg.com.br\/ciemg\/#organization"},"potentialAction":[{"@type":"SearchAction","target":{"@type":"EntryPoint","urlTemplate":"https:\/\/www.fiemg.com.br\/ciemg\/?s={search_term_string}"},"query-input":{"@type":"PropertyValueSpecification","valueRequired":true,"valueName":"search_term_string"}}],"inLanguage":"pt-BR"},{"@type":"Organization","@id":"https:\/\/www.fiemg.com.br\/ciemg\/#organization","name":"CIEMG","url":"https:\/\/www.fiemg.com.br\/ciemg\/","logo":{"@type":"ImageObject","inLanguage":"pt-BR","@id":"https:\/\/www.fiemg.com.br\/ciemg\/#\/schema\/logo\/image\/","url":"https:\/\/www.fiemg.com.br\/ciemg\/wp-content\/uploads\/sites\/9\/2023\/02\/CIEMG_branco.svg","contentUrl":"https:\/\/www.fiemg.com.br\/ciemg\/wp-content\/uploads\/sites\/9\/2023\/02\/CIEMG_branco.svg","width":906,"height":242,"caption":"CIEMG"},"image":{"@id":"https:\/\/www.fiemg.com.br\/ciemg\/#\/schema\/logo\/image\/"}}]}},"_links":{"self":[{"href":"https:\/\/www.fiemg.com.br\/ciemg\/wp-json\/wp\/v2\/noticias\/1889","targetHints":{"allow":["GET"]}}],"collection":[{"href":"https:\/\/www.fiemg.com.br\/ciemg\/wp-json\/wp\/v2\/noticias"}],"about":[{"href":"https:\/\/www.fiemg.com.br\/ciemg\/wp-json\/wp\/v2\/types\/noticias"}],"wp:featuredmedia":[{"embeddable":true,"href":"https:\/\/www.fiemg.com.br\/ciemg\/wp-json\/wp\/v2\/media\/1891"}],"wp:attachment":[{"href":"https:\/\/www.fiemg.com.br\/ciemg\/wp-json\/wp\/v2\/media?parent=1889"}],"wp:term":[{"taxonomy":"category","embeddable":true,"href":"https:\/\/www.fiemg.com.br\/ciemg\/wp-json\/wp\/v2\/categories?post=1889"},{"taxonomy":"post_tag","embeddable":true,"href":"https:\/\/www.fiemg.com.br\/ciemg\/wp-json\/wp\/v2\/tags?post=1889"}],"curies":[{"name":"wp","href":"https:\/\/api.w.org\/{rel}","templated":true}]}}