{"id":2063,"date":"2025-02-07T18:31:35","date_gmt":"2025-02-07T21:31:35","guid":{"rendered":"https:\/\/www.fiemg.com.br\/ciemg\/noticias\/dinamico-curso-de-produtividade-industrial-alia-teoria-e-pratica\/"},"modified":"2025-02-07T18:33:49","modified_gmt":"2025-02-07T21:33:49","slug":"dinamico-curso-de-produtividade-industrial-alia-teoria-e-pratica","status":"publish","type":"noticias","link":"https:\/\/www.fiemg.com.br\/ciemg\/noticias\/dinamico-curso-de-produtividade-industrial-alia-teoria-e-pratica\/","title":{"rendered":"Din\u00e2mico, curso de produtividade industrial alia teoria \u00e0 pr\u00e1tica"},"content":{"rendered":"\n<p>Produtividade industrial foi o tema de um curso promovido pelo Centro Industrial e Empresarial de Minas Gerais (CIEMG) nessa quinta e sexta-feira (6 e 7\/2), na FIEMG, em Belo Horizonte. A capacita\u00e7\u00e3o abordou uma s\u00e9rie de pr\u00e1ticas estrat\u00e9gicas em processos e opera\u00e7\u00f5es industriais para uma turma de 30 profissionais.<\/p>\n\n\n\n<p>O engenheiro Geraldo Barbosa foi quem ministrou o curso e destacou que o conte\u00fado abordado teve como enfoque t\u00e9cnicas de gest\u00e3o de produ\u00e7\u00e3o que englobam recursos e estrat\u00e9gias pr\u00f3prios de cada empresa, sem necessidade de recorrer a outras t\u00e9cnicas. Nesse contexto, Barbosa falou, por exemplo, sobre gest\u00e3o de tempo, t\u00e9cnicas de ganho de produtividade, indicadores econ\u00f4micos ligados \u00e0 produ\u00e7\u00e3o, ferramentas de programa\u00e7\u00e3o, automa\u00e7\u00e3o, entre outros.<\/p>\n\n\n\n<p>O objetivo, prosseguiu o instrutor, foi compreender os conceitos fundamentais de produtividade industrial, identificar oportunidades de melhoria nos processos produtivos, ampliar metodologia e ferramentas que impulsionam a efici\u00eancia e estimular a cultura de melhoria cont\u00ednua nas empresas.<\/p>\n\n\n\n<p>&#8220;A produtividade industrial \u00e9 um fator essencial para a competitividade e o crescimento sustent\u00e1vel das empresas. Neste treinamento, procuramos explorar os principais conceitos e pr\u00e1ticas que contribuem para o aumento da efici\u00eancia operacional, redu\u00e7\u00e3o de desperd\u00edcios e otimiza\u00e7\u00e3o dos processos produtivos&#8221;, completou.<\/p>\n\n\n\n<p>O presidente do CIEMG, Fausto Varela, que participou da abertura do curso, enalteceu o interesse dos profissionais em participar da capacita\u00e7\u00e3o para ampliar os conhecimentos e trocar experi\u00eancias. \u201cO tema tratado \u00e9 muito importante porque a produtividade tem tudo a ver com competitividade, algo fundamental para o sucesso de uma empresa\u201d, disse.<\/p>\n\n\n\n<p>A superintendente-executiva do CIEMG, Maria Helena Martins de S\u00e1, afirmou que o curso \u00e9 resultado do trabalho cont\u00ednuo de entidade na oferta para as empresas de treinamentos e conte\u00fados atualizados em ader\u00eancia \u00e0s demandas do mercado. &#8220;Toda vez que a gente tem a oportunidade de ver uma sala cheia comprova o quanto conhecimento transforma o dia a dia das empresas e isso vale o esfor\u00e7o de cada um de voc\u00ea. Vivemos num cen\u00e1rio desafiador e c\u00edclico. Quanto mais desafiador \u00e9 o cen\u00e1rio, mais competitivo as empresas precisam ser. Eu sempre fa\u00e7o quest\u00e3o de frisar isso&#8221;.<\/p>\n\n\n\n<p>Aluno do curso, Rog\u00e9rio Aparecido, gerente de produ\u00e7\u00e3o na Mineral do Brasil, de Brumadinho, Regi\u00e3o Metropolitana de Belo Horizonte, ressaltou o dinamismo do treinamento, sobretudo por conciliar teoria e pr\u00e1tica, apresentando resultados pr\u00e1ticos do que foi apresentado pelo instrutor. Camila Junqueira, presidente da Junqueira Compressores, de BH, disse que o formato imersivo da capacita\u00e7\u00e3o a ajudou no entendimento de determinados processos de produ\u00e7\u00e3o industriais para fundamentar tomadas de decis\u00f5es.<\/p>\n\n\n\n<p>Clique <a href=\"https:\/\/www.flickr.com\/photos\/sistemafiemg\/albums\/72177720323687164\"><strong>aqui<\/strong><\/a> e veja mais fotos<\/p>\n\n\n\n<p><em>Rafael Passos<br><\/em><strong>Imprensa FIEMG<\/strong><\/p>\n\n\n\n<p><\/p>\n","protected":false},"featured_media":2064,"template":"","categories":[15],"tags":[59,84,85],"class_list":["post-2063","noticias","type-noticias","status-publish","has-post-thumbnail","hentry","category-desenvolvimento-industrial","tag-ciemg","tag-curso","tag-produtividade-industrial"],"acf":[],"yoast_head":"<!-- This site is optimized with the Yoast SEO plugin v26.2 - https:\/\/yoast.com\/wordpress\/plugins\/seo\/ -->\n<title>Din\u00e2mico, curso de produtividade industrial alia teoria \u00e0 pr\u00e1tica - CIEMG<\/title>\n<meta name=\"description\" content=\"Treinamento do CIEMG a profissionais mostrou como a produ\u00e7\u00e3o pode ser otimizada a partir de estrat\u00e9gia e planejamento\" \/>\n<meta name=\"robots\" content=\"index, follow, max-snippet:-1, max-image-preview:large, max-video-preview:-1\" \/>\n<link rel=\"canonical\" href=\"https:\/\/www.fiemg.com.br\/ciemg\/noticias\/dinamico-curso-de-produtividade-industrial-alia-teoria-e-pratica\/\" \/>\n<meta property=\"og:locale\" content=\"pt_BR\" \/>\n<meta property=\"og:type\" content=\"article\" \/>\n<meta property=\"og:title\" content=\"Din\u00e2mico, curso de produtividade industrial alia teoria \u00e0 pr\u00e1tica - CIEMG\" \/>\n<meta property=\"og:description\" content=\"Treinamento do CIEMG a profissionais mostrou como a produ\u00e7\u00e3o pode ser otimizada a partir de estrat\u00e9gia e planejamento\" \/>\n<meta property=\"og:url\" content=\"https:\/\/www.fiemg.com.br\/ciemg\/noticias\/dinamico-curso-de-produtividade-industrial-alia-teoria-e-pratica\/\" \/>\n<meta property=\"og:site_name\" content=\"CIEMG\" \/>\n<meta property=\"article:modified_time\" content=\"2025-02-07T21:33:49+00:00\" \/>\n<meta property=\"og:image\" content=\"https:\/\/www.fiemg.com.br\/ciemg\/wp-content\/uploads\/sites\/9\/2025\/02\/curso_ciemg_thumb.jpeg\" \/>\n\t<meta property=\"og:image:width\" content=\"512\" \/>\n\t<meta property=\"og:image:height\" content=\"512\" \/>\n\t<meta property=\"og:image:type\" content=\"image\/jpeg\" \/>\n<meta name=\"twitter:card\" content=\"summary_large_image\" \/>\n<meta name=\"twitter:label1\" content=\"Est. tempo de leitura\" \/>\n\t<meta name=\"twitter:data1\" content=\"3 minutos\" \/>\n<script type=\"application\/ld+json\" class=\"yoast-schema-graph\">{\"@context\":\"https:\/\/schema.org\",\"@graph\":[{\"@type\":\"WebPage\",\"@id\":\"https:\/\/www.fiemg.com.br\/ciemg\/noticias\/dinamico-curso-de-produtividade-industrial-alia-teoria-e-pratica\/\",\"url\":\"https:\/\/www.fiemg.com.br\/ciemg\/noticias\/dinamico-curso-de-produtividade-industrial-alia-teoria-e-pratica\/\",\"name\":\"Din\u00e2mico, curso de produtividade industrial alia teoria \u00e0 pr\u00e1tica - CIEMG\",\"isPartOf\":{\"@id\":\"https:\/\/www.fiemg.com.br\/ciemg\/#website\"},\"primaryImageOfPage\":{\"@id\":\"https:\/\/www.fiemg.com.br\/ciemg\/noticias\/dinamico-curso-de-produtividade-industrial-alia-teoria-e-pratica\/#primaryimage\"},\"image\":{\"@id\":\"https:\/\/www.fiemg.com.br\/ciemg\/noticias\/dinamico-curso-de-produtividade-industrial-alia-teoria-e-pratica\/#primaryimage\"},\"thumbnailUrl\":\"https:\/\/www.fiemg.com.br\/ciemg\/wp-content\/uploads\/sites\/9\/2025\/02\/curso_ciemg_thumb.jpeg\",\"datePublished\":\"2025-02-07T21:31:35+00:00\",\"dateModified\":\"2025-02-07T21:33:49+00:00\",\"description\":\"Treinamento do CIEMG a profissionais mostrou como a produ\u00e7\u00e3o pode ser otimizada a partir de estrat\u00e9gia e planejamento\",\"breadcrumb\":{\"@id\":\"https:\/\/www.fiemg.com.br\/ciemg\/noticias\/dinamico-curso-de-produtividade-industrial-alia-teoria-e-pratica\/#breadcrumb\"},\"inLanguage\":\"pt-BR\",\"potentialAction\":[{\"@type\":\"ReadAction\",\"target\":[\"https:\/\/www.fiemg.com.br\/ciemg\/noticias\/dinamico-curso-de-produtividade-industrial-alia-teoria-e-pratica\/\"]}]},{\"@type\":\"ImageObject\",\"inLanguage\":\"pt-BR\",\"@id\":\"https:\/\/www.fiemg.com.br\/ciemg\/noticias\/dinamico-curso-de-produtividade-industrial-alia-teoria-e-pratica\/#primaryimage\",\"url\":\"https:\/\/www.fiemg.com.br\/ciemg\/wp-content\/uploads\/sites\/9\/2025\/02\/curso_ciemg_thumb.jpeg\",\"contentUrl\":\"https:\/\/www.fiemg.com.br\/ciemg\/wp-content\/uploads\/sites\/9\/2025\/02\/curso_ciemg_thumb.jpeg\",\"width\":512,\"height\":512,\"caption\":\"Curso do CIEMG sobre produtividade industrial\"},{\"@type\":\"BreadcrumbList\",\"@id\":\"https:\/\/www.fiemg.com.br\/ciemg\/noticias\/dinamico-curso-de-produtividade-industrial-alia-teoria-e-pratica\/#breadcrumb\",\"itemListElement\":[{\"@type\":\"ListItem\",\"position\":1,\"name\":\"In\u00edcio\",\"item\":\"https:\/\/www.fiemg.com.br\/ciemg\/\"},{\"@type\":\"ListItem\",\"position\":2,\"name\":\"Din\u00e2mico, curso de produtividade industrial alia teoria \u00e0 pr\u00e1tica\"}]},{\"@type\":\"WebSite\",\"@id\":\"https:\/\/www.fiemg.com.br\/ciemg\/#website\",\"url\":\"https:\/\/www.fiemg.com.br\/ciemg\/\",\"name\":\"CIEMG\",\"description\":\"Federa\u00e7\u00e3o das Ind\u00fastrias do Estado de Minas Gerais\",\"publisher\":{\"@id\":\"https:\/\/www.fiemg.com.br\/ciemg\/#organization\"},\"potentialAction\":[{\"@type\":\"SearchAction\",\"target\":{\"@type\":\"EntryPoint\",\"urlTemplate\":\"https:\/\/www.fiemg.com.br\/ciemg\/?s={search_term_string}\"},\"query-input\":{\"@type\":\"PropertyValueSpecification\",\"valueRequired\":true,\"valueName\":\"search_term_string\"}}],\"inLanguage\":\"pt-BR\"},{\"@type\":\"Organization\",\"@id\":\"https:\/\/www.fiemg.com.br\/ciemg\/#organization\",\"name\":\"CIEMG\",\"url\":\"https:\/\/www.fiemg.com.br\/ciemg\/\",\"logo\":{\"@type\":\"ImageObject\",\"inLanguage\":\"pt-BR\",\"@id\":\"https:\/\/www.fiemg.com.br\/ciemg\/#\/schema\/logo\/image\/\",\"url\":\"https:\/\/www.fiemg.com.br\/ciemg\/wp-content\/uploads\/sites\/9\/2023\/02\/CIEMG_branco.svg\",\"contentUrl\":\"https:\/\/www.fiemg.com.br\/ciemg\/wp-content\/uploads\/sites\/9\/2023\/02\/CIEMG_branco.svg\",\"width\":906,\"height\":242,\"caption\":\"CIEMG\"},\"image\":{\"@id\":\"https:\/\/www.fiemg.com.br\/ciemg\/#\/schema\/logo\/image\/\"}}]}<\/script>\n<!-- \/ Yoast SEO plugin. -->","yoast_head_json":{"title":"Din\u00e2mico, curso de produtividade industrial alia teoria \u00e0 pr\u00e1tica - CIEMG","description":"Treinamento do CIEMG a profissionais mostrou como a produ\u00e7\u00e3o pode ser otimizada a partir de estrat\u00e9gia e planejamento","robots":{"index":"index","follow":"follow","max-snippet":"max-snippet:-1","max-image-preview":"max-image-preview:large","max-video-preview":"max-video-preview:-1"},"canonical":"https:\/\/www.fiemg.com.br\/ciemg\/noticias\/dinamico-curso-de-produtividade-industrial-alia-teoria-e-pratica\/","og_locale":"pt_BR","og_type":"article","og_title":"Din\u00e2mico, curso de produtividade industrial alia teoria \u00e0 pr\u00e1tica - CIEMG","og_description":"Treinamento do CIEMG a profissionais mostrou como a produ\u00e7\u00e3o pode ser otimizada a partir de estrat\u00e9gia e planejamento","og_url":"https:\/\/www.fiemg.com.br\/ciemg\/noticias\/dinamico-curso-de-produtividade-industrial-alia-teoria-e-pratica\/","og_site_name":"CIEMG","article_modified_time":"2025-02-07T21:33:49+00:00","og_image":[{"width":512,"height":512,"url":"https:\/\/www.fiemg.com.br\/ciemg\/wp-content\/uploads\/sites\/9\/2025\/02\/curso_ciemg_thumb.jpeg","type":"image\/jpeg"}],"twitter_card":"summary_large_image","twitter_misc":{"Est. tempo de leitura":"3 minutos"},"schema":{"@context":"https:\/\/schema.org","@graph":[{"@type":"WebPage","@id":"https:\/\/www.fiemg.com.br\/ciemg\/noticias\/dinamico-curso-de-produtividade-industrial-alia-teoria-e-pratica\/","url":"https:\/\/www.fiemg.com.br\/ciemg\/noticias\/dinamico-curso-de-produtividade-industrial-alia-teoria-e-pratica\/","name":"Din\u00e2mico, curso de produtividade industrial alia teoria \u00e0 pr\u00e1tica - CIEMG","isPartOf":{"@id":"https:\/\/www.fiemg.com.br\/ciemg\/#website"},"primaryImageOfPage":{"@id":"https:\/\/www.fiemg.com.br\/ciemg\/noticias\/dinamico-curso-de-produtividade-industrial-alia-teoria-e-pratica\/#primaryimage"},"image":{"@id":"https:\/\/www.fiemg.com.br\/ciemg\/noticias\/dinamico-curso-de-produtividade-industrial-alia-teoria-e-pratica\/#primaryimage"},"thumbnailUrl":"https:\/\/www.fiemg.com.br\/ciemg\/wp-content\/uploads\/sites\/9\/2025\/02\/curso_ciemg_thumb.jpeg","datePublished":"2025-02-07T21:31:35+00:00","dateModified":"2025-02-07T21:33:49+00:00","description":"Treinamento do CIEMG a profissionais mostrou como a produ\u00e7\u00e3o pode ser otimizada a partir de estrat\u00e9gia e planejamento","breadcrumb":{"@id":"https:\/\/www.fiemg.com.br\/ciemg\/noticias\/dinamico-curso-de-produtividade-industrial-alia-teoria-e-pratica\/#breadcrumb"},"inLanguage":"pt-BR","potentialAction":[{"@type":"ReadAction","target":["https:\/\/www.fiemg.com.br\/ciemg\/noticias\/dinamico-curso-de-produtividade-industrial-alia-teoria-e-pratica\/"]}]},{"@type":"ImageObject","inLanguage":"pt-BR","@id":"https:\/\/www.fiemg.com.br\/ciemg\/noticias\/dinamico-curso-de-produtividade-industrial-alia-teoria-e-pratica\/#primaryimage","url":"https:\/\/www.fiemg.com.br\/ciemg\/wp-content\/uploads\/sites\/9\/2025\/02\/curso_ciemg_thumb.jpeg","contentUrl":"https:\/\/www.fiemg.com.br\/ciemg\/wp-content\/uploads\/sites\/9\/2025\/02\/curso_ciemg_thumb.jpeg","width":512,"height":512,"caption":"Curso do CIEMG sobre produtividade industrial"},{"@type":"BreadcrumbList","@id":"https:\/\/www.fiemg.com.br\/ciemg\/noticias\/dinamico-curso-de-produtividade-industrial-alia-teoria-e-pratica\/#breadcrumb","itemListElement":[{"@type":"ListItem","position":1,"name":"In\u00edcio","item":"https:\/\/www.fiemg.com.br\/ciemg\/"},{"@type":"ListItem","position":2,"name":"Din\u00e2mico, curso de produtividade industrial alia teoria \u00e0 pr\u00e1tica"}]},{"@type":"WebSite","@id":"https:\/\/www.fiemg.com.br\/ciemg\/#website","url":"https:\/\/www.fiemg.com.br\/ciemg\/","name":"CIEMG","description":"Federa\u00e7\u00e3o das Ind\u00fastrias do Estado de Minas Gerais","publisher":{"@id":"https:\/\/www.fiemg.com.br\/ciemg\/#organization"},"potentialAction":[{"@type":"SearchAction","target":{"@type":"EntryPoint","urlTemplate":"https:\/\/www.fiemg.com.br\/ciemg\/?s={search_term_string}"},"query-input":{"@type":"PropertyValueSpecification","valueRequired":true,"valueName":"search_term_string"}}],"inLanguage":"pt-BR"},{"@type":"Organization","@id":"https:\/\/www.fiemg.com.br\/ciemg\/#organization","name":"CIEMG","url":"https:\/\/www.fiemg.com.br\/ciemg\/","logo":{"@type":"ImageObject","inLanguage":"pt-BR","@id":"https:\/\/www.fiemg.com.br\/ciemg\/#\/schema\/logo\/image\/","url":"https:\/\/www.fiemg.com.br\/ciemg\/wp-content\/uploads\/sites\/9\/2023\/02\/CIEMG_branco.svg","contentUrl":"https:\/\/www.fiemg.com.br\/ciemg\/wp-content\/uploads\/sites\/9\/2023\/02\/CIEMG_branco.svg","width":906,"height":242,"caption":"CIEMG"},"image":{"@id":"https:\/\/www.fiemg.com.br\/ciemg\/#\/schema\/logo\/image\/"}}]}},"_links":{"self":[{"href":"https:\/\/www.fiemg.com.br\/ciemg\/wp-json\/wp\/v2\/noticias\/2063","targetHints":{"allow":["GET"]}}],"collection":[{"href":"https:\/\/www.fiemg.com.br\/ciemg\/wp-json\/wp\/v2\/noticias"}],"about":[{"href":"https:\/\/www.fiemg.com.br\/ciemg\/wp-json\/wp\/v2\/types\/noticias"}],"wp:featuredmedia":[{"embeddable":true,"href":"https:\/\/www.fiemg.com.br\/ciemg\/wp-json\/wp\/v2\/media\/2064"}],"wp:attachment":[{"href":"https:\/\/www.fiemg.com.br\/ciemg\/wp-json\/wp\/v2\/media?parent=2063"}],"wp:term":[{"taxonomy":"category","embeddable":true,"href":"https:\/\/www.fiemg.com.br\/ciemg\/wp-json\/wp\/v2\/categories?post=2063"},{"taxonomy":"post_tag","embeddable":true,"href":"https:\/\/www.fiemg.com.br\/ciemg\/wp-json\/wp\/v2\/tags?post=2063"}],"curies":[{"name":"wp","href":"https:\/\/api.w.org\/{rel}","templated":true}]}}