{"id":2118,"date":"2025-05-06T12:07:58","date_gmt":"2025-05-06T15:07:58","guid":{"rendered":"https:\/\/www.fiemg.com.br\/ciemg\/noticias\/cafe-empresarial-discute-produtividade-inteligente-e-reune-empresarios-e-lideres-no-senai-4-0-em-contagem\/"},"modified":"2025-05-06T12:08:47","modified_gmt":"2025-05-06T15:08:47","slug":"cafe-empresarial-discute-produtividade-inteligente-e-reune-empresarios-e-lideres-no-senai-4-0-em-contagem","status":"publish","type":"noticias","link":"https:\/\/www.fiemg.com.br\/ciemg\/noticias\/cafe-empresarial-discute-produtividade-inteligente-e-reune-empresarios-e-lideres-no-senai-4-0-em-contagem\/","title":{"rendered":"Caf\u00e9 Empresarial discute produtividade inteligente e re\u00fane empres\u00e1rios e l\u00edderes no SENAI 4.0 em Contagem"},"content":{"rendered":"\n<p>Na manh\u00e3 desta ter\u00e7a-feira (06\/05), o CIEMG promoveu mais uma edi\u00e7\u00e3o do <strong>Caf\u00e9 Empresarial<\/strong>, reunindo dezenas de profissionais e empreendedores no SENAI 4.0, em Contagem, para discutir um dos temas mais urgentes do ambiente corporativo atual: a produtividade. Com o tema <strong>\u201cProdutividade Inteligente: Fa\u00e7a Mais em Menos Tempo\u201d<\/strong>, o encontro gratuito trouxe reflex\u00f5es pr\u00e1ticas sobre como gerenciar o tempo e as demandas do dia a dia com mais efici\u00eancia e prop\u00f3sito.<\/p>\n\n\n\n<p>A proposta do evento foi clara: inspirar gestores com viv\u00eancias reais, apresentar ferramentas de gest\u00e3o aplic\u00e1veis \u00e0 rotina empresarial e fortalecer conex\u00f5es entre os participantes. O destaque da manh\u00e3 foi a palestra de <strong>Renato Bruno<\/strong>, multiempres\u00e1rio, especialista em lideran\u00e7a e refer\u00eancia nacional em bem-estar corporativo e ci\u00eancia da felicidade.<\/p>\n\n\n\n<p>Durante sua apresenta\u00e7\u00e3o, Renato refor\u00e7ou a import\u00e2ncia da gest\u00e3o de pessoas como fator-chave para o desempenho empresarial. \u201cPensando na ind\u00fastria, falamos sobre gest\u00e3o de pessoas e felicidade corporativa. O colaborador feliz produz mais, o vendedor feliz produz mais. Por isso, produtividade e bem-estar precisam caminhar juntos para que possamos, de fato, impactar o pa\u00eds e a sociedade como um todo\u201d, afirmou.<\/p>\n\n\n\n<p>Para <strong>Fausto Varela Can\u00e7ado<\/strong>, presidente do CIEMG, o tema n\u00e3o poderia ser mais pertinente. Can\u00e7ado destacou a defasagem da produtividade brasileira em compara\u00e7\u00e3o com outros pa\u00edses e a urg\u00eancia de se buscar novas abordagens. \u201cEstamos em um quarto da produtividade dos Estados Unidos. Isso afeta diretamente nossa competitividade. Eventos como esse s\u00e3o essenciais para trazer novas vis\u00f5es e pr\u00e1ticas que podem ser aplicadas no dia a dia das empresas. Ver a casa cheia hoje mostra que h\u00e1 interesse e vontade de mudan\u00e7a\u201d, declarou.<\/p>\n\n\n\n<p><em>Fernanda Borges<\/em><br><strong>Imprensa FIEMG<\/strong><\/p>\n","protected":false},"featured_media":2120,"template":"","categories":[15],"tags":[58,59,52,98,88],"class_list":["post-2118","noticias","type-noticias","status-publish","has-post-thumbnail","hentry","category-desenvolvimento-industrial","tag-cafe-empresarial","tag-ciemg","tag-fiemg","tag-produtividade","tag-senai-4-0"],"acf":[],"yoast_head":"<!-- This site is optimized with the Yoast SEO plugin v26.2 - https:\/\/yoast.com\/wordpress\/plugins\/seo\/ -->\n<title>Caf\u00e9 Empresarial discute produtividade inteligente e re\u00fane empres\u00e1rios e l\u00edderes no SENAI 4.0 em Contagem - CIEMG<\/title>\n<meta name=\"description\" content=\"Evento promovido pelo CIEMG traz \u00e0 tona os desafios da gest\u00e3o do tempo e aposta em estrat\u00e9gias pr\u00e1ticas para transformar a rotina dos neg\u00f3cios\" \/>\n<meta name=\"robots\" content=\"index, follow, max-snippet:-1, max-image-preview:large, max-video-preview:-1\" \/>\n<link rel=\"canonical\" href=\"https:\/\/www.fiemg.com.br\/ciemg\/noticias\/cafe-empresarial-discute-produtividade-inteligente-e-reune-empresarios-e-lideres-no-senai-4-0-em-contagem\/\" \/>\n<meta property=\"og:locale\" content=\"pt_BR\" \/>\n<meta property=\"og:type\" content=\"article\" \/>\n<meta property=\"og:title\" content=\"Caf\u00e9 Empresarial discute produtividade inteligente e re\u00fane empres\u00e1rios e l\u00edderes no SENAI 4.0 em Contagem - CIEMG\" \/>\n<meta property=\"og:description\" content=\"Evento promovido pelo CIEMG traz \u00e0 tona os desafios da gest\u00e3o do tempo e aposta em estrat\u00e9gias pr\u00e1ticas para transformar a rotina dos neg\u00f3cios\" \/>\n<meta property=\"og:url\" content=\"https:\/\/www.fiemg.com.br\/ciemg\/noticias\/cafe-empresarial-discute-produtividade-inteligente-e-reune-empresarios-e-lideres-no-senai-4-0-em-contagem\/\" \/>\n<meta property=\"og:site_name\" content=\"CIEMG\" \/>\n<meta property=\"article:modified_time\" content=\"2025-05-06T15:08:47+00:00\" \/>\n<meta property=\"og:image\" content=\"https:\/\/www.fiemg.com.br\/ciemg\/wp-content\/uploads\/sites\/9\/2025\/05\/CAFE-EMPRESARIAL.png\" \/>\n\t<meta property=\"og:image:width\" content=\"512\" \/>\n\t<meta property=\"og:image:height\" content=\"512\" \/>\n\t<meta property=\"og:image:type\" content=\"image\/png\" \/>\n<meta name=\"twitter:card\" content=\"summary_large_image\" \/>\n<meta name=\"twitter:label1\" content=\"Est. tempo de leitura\" \/>\n\t<meta name=\"twitter:data1\" content=\"2 minutos\" \/>\n<script type=\"application\/ld+json\" class=\"yoast-schema-graph\">{\"@context\":\"https:\/\/schema.org\",\"@graph\":[{\"@type\":\"WebPage\",\"@id\":\"https:\/\/www.fiemg.com.br\/ciemg\/noticias\/cafe-empresarial-discute-produtividade-inteligente-e-reune-empresarios-e-lideres-no-senai-4-0-em-contagem\/\",\"url\":\"https:\/\/www.fiemg.com.br\/ciemg\/noticias\/cafe-empresarial-discute-produtividade-inteligente-e-reune-empresarios-e-lideres-no-senai-4-0-em-contagem\/\",\"name\":\"Caf\u00e9 Empresarial discute produtividade inteligente e re\u00fane empres\u00e1rios e l\u00edderes no SENAI 4.0 em Contagem - CIEMG\",\"isPartOf\":{\"@id\":\"https:\/\/www.fiemg.com.br\/ciemg\/#website\"},\"primaryImageOfPage\":{\"@id\":\"https:\/\/www.fiemg.com.br\/ciemg\/noticias\/cafe-empresarial-discute-produtividade-inteligente-e-reune-empresarios-e-lideres-no-senai-4-0-em-contagem\/#primaryimage\"},\"image\":{\"@id\":\"https:\/\/www.fiemg.com.br\/ciemg\/noticias\/cafe-empresarial-discute-produtividade-inteligente-e-reune-empresarios-e-lideres-no-senai-4-0-em-contagem\/#primaryimage\"},\"thumbnailUrl\":\"https:\/\/www.fiemg.com.br\/ciemg\/wp-content\/uploads\/sites\/9\/2025\/05\/CAFE-EMPRESARIAL.png\",\"datePublished\":\"2025-05-06T15:07:58+00:00\",\"dateModified\":\"2025-05-06T15:08:47+00:00\",\"description\":\"Evento promovido pelo CIEMG traz \u00e0 tona os desafios da gest\u00e3o do tempo e aposta em estrat\u00e9gias pr\u00e1ticas para transformar a rotina dos neg\u00f3cios\",\"breadcrumb\":{\"@id\":\"https:\/\/www.fiemg.com.br\/ciemg\/noticias\/cafe-empresarial-discute-produtividade-inteligente-e-reune-empresarios-e-lideres-no-senai-4-0-em-contagem\/#breadcrumb\"},\"inLanguage\":\"pt-BR\",\"potentialAction\":[{\"@type\":\"ReadAction\",\"target\":[\"https:\/\/www.fiemg.com.br\/ciemg\/noticias\/cafe-empresarial-discute-produtividade-inteligente-e-reune-empresarios-e-lideres-no-senai-4-0-em-contagem\/\"]}]},{\"@type\":\"ImageObject\",\"inLanguage\":\"pt-BR\",\"@id\":\"https:\/\/www.fiemg.com.br\/ciemg\/noticias\/cafe-empresarial-discute-produtividade-inteligente-e-reune-empresarios-e-lideres-no-senai-4-0-em-contagem\/#primaryimage\",\"url\":\"https:\/\/www.fiemg.com.br\/ciemg\/wp-content\/uploads\/sites\/9\/2025\/05\/CAFE-EMPRESARIAL.png\",\"contentUrl\":\"https:\/\/www.fiemg.com.br\/ciemg\/wp-content\/uploads\/sites\/9\/2025\/05\/CAFE-EMPRESARIAL.png\",\"width\":512,\"height\":512},{\"@type\":\"BreadcrumbList\",\"@id\":\"https:\/\/www.fiemg.com.br\/ciemg\/noticias\/cafe-empresarial-discute-produtividade-inteligente-e-reune-empresarios-e-lideres-no-senai-4-0-em-contagem\/#breadcrumb\",\"itemListElement\":[{\"@type\":\"ListItem\",\"position\":1,\"name\":\"In\u00edcio\",\"item\":\"https:\/\/www.fiemg.com.br\/ciemg\/\"},{\"@type\":\"ListItem\",\"position\":2,\"name\":\"Caf\u00e9 Empresarial discute produtividade inteligente e re\u00fane empres\u00e1rios e l\u00edderes no SENAI 4.0 em Contagem\"}]},{\"@type\":\"WebSite\",\"@id\":\"https:\/\/www.fiemg.com.br\/ciemg\/#website\",\"url\":\"https:\/\/www.fiemg.com.br\/ciemg\/\",\"name\":\"CIEMG\",\"description\":\"Federa\u00e7\u00e3o das Ind\u00fastrias do Estado de Minas Gerais\",\"publisher\":{\"@id\":\"https:\/\/www.fiemg.com.br\/ciemg\/#organization\"},\"potentialAction\":[{\"@type\":\"SearchAction\",\"target\":{\"@type\":\"EntryPoint\",\"urlTemplate\":\"https:\/\/www.fiemg.com.br\/ciemg\/?s={search_term_string}\"},\"query-input\":{\"@type\":\"PropertyValueSpecification\",\"valueRequired\":true,\"valueName\":\"search_term_string\"}}],\"inLanguage\":\"pt-BR\"},{\"@type\":\"Organization\",\"@id\":\"https:\/\/www.fiemg.com.br\/ciemg\/#organization\",\"name\":\"CIEMG\",\"url\":\"https:\/\/www.fiemg.com.br\/ciemg\/\",\"logo\":{\"@type\":\"ImageObject\",\"inLanguage\":\"pt-BR\",\"@id\":\"https:\/\/www.fiemg.com.br\/ciemg\/#\/schema\/logo\/image\/\",\"url\":\"https:\/\/www.fiemg.com.br\/ciemg\/wp-content\/uploads\/sites\/9\/2023\/02\/CIEMG_branco.svg\",\"contentUrl\":\"https:\/\/www.fiemg.com.br\/ciemg\/wp-content\/uploads\/sites\/9\/2023\/02\/CIEMG_branco.svg\",\"width\":906,\"height\":242,\"caption\":\"CIEMG\"},\"image\":{\"@id\":\"https:\/\/www.fiemg.com.br\/ciemg\/#\/schema\/logo\/image\/\"}}]}<\/script>\n<!-- \/ Yoast SEO plugin. -->","yoast_head_json":{"title":"Caf\u00e9 Empresarial discute produtividade inteligente e re\u00fane empres\u00e1rios e l\u00edderes no SENAI 4.0 em Contagem - CIEMG","description":"Evento promovido pelo CIEMG traz \u00e0 tona os desafios da gest\u00e3o do tempo e aposta em estrat\u00e9gias pr\u00e1ticas para transformar a rotina dos neg\u00f3cios","robots":{"index":"index","follow":"follow","max-snippet":"max-snippet:-1","max-image-preview":"max-image-preview:large","max-video-preview":"max-video-preview:-1"},"canonical":"https:\/\/www.fiemg.com.br\/ciemg\/noticias\/cafe-empresarial-discute-produtividade-inteligente-e-reune-empresarios-e-lideres-no-senai-4-0-em-contagem\/","og_locale":"pt_BR","og_type":"article","og_title":"Caf\u00e9 Empresarial discute produtividade inteligente e re\u00fane empres\u00e1rios e l\u00edderes no SENAI 4.0 em Contagem - CIEMG","og_description":"Evento promovido pelo CIEMG traz \u00e0 tona os desafios da gest\u00e3o do tempo e aposta em estrat\u00e9gias pr\u00e1ticas para transformar a rotina dos neg\u00f3cios","og_url":"https:\/\/www.fiemg.com.br\/ciemg\/noticias\/cafe-empresarial-discute-produtividade-inteligente-e-reune-empresarios-e-lideres-no-senai-4-0-em-contagem\/","og_site_name":"CIEMG","article_modified_time":"2025-05-06T15:08:47+00:00","og_image":[{"width":512,"height":512,"url":"https:\/\/www.fiemg.com.br\/ciemg\/wp-content\/uploads\/sites\/9\/2025\/05\/CAFE-EMPRESARIAL.png","type":"image\/png"}],"twitter_card":"summary_large_image","twitter_misc":{"Est. tempo de leitura":"2 minutos"},"schema":{"@context":"https:\/\/schema.org","@graph":[{"@type":"WebPage","@id":"https:\/\/www.fiemg.com.br\/ciemg\/noticias\/cafe-empresarial-discute-produtividade-inteligente-e-reune-empresarios-e-lideres-no-senai-4-0-em-contagem\/","url":"https:\/\/www.fiemg.com.br\/ciemg\/noticias\/cafe-empresarial-discute-produtividade-inteligente-e-reune-empresarios-e-lideres-no-senai-4-0-em-contagem\/","name":"Caf\u00e9 Empresarial discute produtividade inteligente e re\u00fane empres\u00e1rios e l\u00edderes no SENAI 4.0 em Contagem - CIEMG","isPartOf":{"@id":"https:\/\/www.fiemg.com.br\/ciemg\/#website"},"primaryImageOfPage":{"@id":"https:\/\/www.fiemg.com.br\/ciemg\/noticias\/cafe-empresarial-discute-produtividade-inteligente-e-reune-empresarios-e-lideres-no-senai-4-0-em-contagem\/#primaryimage"},"image":{"@id":"https:\/\/www.fiemg.com.br\/ciemg\/noticias\/cafe-empresarial-discute-produtividade-inteligente-e-reune-empresarios-e-lideres-no-senai-4-0-em-contagem\/#primaryimage"},"thumbnailUrl":"https:\/\/www.fiemg.com.br\/ciemg\/wp-content\/uploads\/sites\/9\/2025\/05\/CAFE-EMPRESARIAL.png","datePublished":"2025-05-06T15:07:58+00:00","dateModified":"2025-05-06T15:08:47+00:00","description":"Evento promovido pelo CIEMG traz \u00e0 tona os desafios da gest\u00e3o do tempo e aposta em estrat\u00e9gias pr\u00e1ticas para transformar a rotina dos neg\u00f3cios","breadcrumb":{"@id":"https:\/\/www.fiemg.com.br\/ciemg\/noticias\/cafe-empresarial-discute-produtividade-inteligente-e-reune-empresarios-e-lideres-no-senai-4-0-em-contagem\/#breadcrumb"},"inLanguage":"pt-BR","potentialAction":[{"@type":"ReadAction","target":["https:\/\/www.fiemg.com.br\/ciemg\/noticias\/cafe-empresarial-discute-produtividade-inteligente-e-reune-empresarios-e-lideres-no-senai-4-0-em-contagem\/"]}]},{"@type":"ImageObject","inLanguage":"pt-BR","@id":"https:\/\/www.fiemg.com.br\/ciemg\/noticias\/cafe-empresarial-discute-produtividade-inteligente-e-reune-empresarios-e-lideres-no-senai-4-0-em-contagem\/#primaryimage","url":"https:\/\/www.fiemg.com.br\/ciemg\/wp-content\/uploads\/sites\/9\/2025\/05\/CAFE-EMPRESARIAL.png","contentUrl":"https:\/\/www.fiemg.com.br\/ciemg\/wp-content\/uploads\/sites\/9\/2025\/05\/CAFE-EMPRESARIAL.png","width":512,"height":512},{"@type":"BreadcrumbList","@id":"https:\/\/www.fiemg.com.br\/ciemg\/noticias\/cafe-empresarial-discute-produtividade-inteligente-e-reune-empresarios-e-lideres-no-senai-4-0-em-contagem\/#breadcrumb","itemListElement":[{"@type":"ListItem","position":1,"name":"In\u00edcio","item":"https:\/\/www.fiemg.com.br\/ciemg\/"},{"@type":"ListItem","position":2,"name":"Caf\u00e9 Empresarial discute produtividade inteligente e re\u00fane empres\u00e1rios e l\u00edderes no SENAI 4.0 em Contagem"}]},{"@type":"WebSite","@id":"https:\/\/www.fiemg.com.br\/ciemg\/#website","url":"https:\/\/www.fiemg.com.br\/ciemg\/","name":"CIEMG","description":"Federa\u00e7\u00e3o das Ind\u00fastrias do Estado de Minas Gerais","publisher":{"@id":"https:\/\/www.fiemg.com.br\/ciemg\/#organization"},"potentialAction":[{"@type":"SearchAction","target":{"@type":"EntryPoint","urlTemplate":"https:\/\/www.fiemg.com.br\/ciemg\/?s={search_term_string}"},"query-input":{"@type":"PropertyValueSpecification","valueRequired":true,"valueName":"search_term_string"}}],"inLanguage":"pt-BR"},{"@type":"Organization","@id":"https:\/\/www.fiemg.com.br\/ciemg\/#organization","name":"CIEMG","url":"https:\/\/www.fiemg.com.br\/ciemg\/","logo":{"@type":"ImageObject","inLanguage":"pt-BR","@id":"https:\/\/www.fiemg.com.br\/ciemg\/#\/schema\/logo\/image\/","url":"https:\/\/www.fiemg.com.br\/ciemg\/wp-content\/uploads\/sites\/9\/2023\/02\/CIEMG_branco.svg","contentUrl":"https:\/\/www.fiemg.com.br\/ciemg\/wp-content\/uploads\/sites\/9\/2023\/02\/CIEMG_branco.svg","width":906,"height":242,"caption":"CIEMG"},"image":{"@id":"https:\/\/www.fiemg.com.br\/ciemg\/#\/schema\/logo\/image\/"}}]}},"_links":{"self":[{"href":"https:\/\/www.fiemg.com.br\/ciemg\/wp-json\/wp\/v2\/noticias\/2118","targetHints":{"allow":["GET"]}}],"collection":[{"href":"https:\/\/www.fiemg.com.br\/ciemg\/wp-json\/wp\/v2\/noticias"}],"about":[{"href":"https:\/\/www.fiemg.com.br\/ciemg\/wp-json\/wp\/v2\/types\/noticias"}],"wp:featuredmedia":[{"embeddable":true,"href":"https:\/\/www.fiemg.com.br\/ciemg\/wp-json\/wp\/v2\/media\/2120"}],"wp:attachment":[{"href":"https:\/\/www.fiemg.com.br\/ciemg\/wp-json\/wp\/v2\/media?parent=2118"}],"wp:term":[{"taxonomy":"category","embeddable":true,"href":"https:\/\/www.fiemg.com.br\/ciemg\/wp-json\/wp\/v2\/categories?post=2118"},{"taxonomy":"post_tag","embeddable":true,"href":"https:\/\/www.fiemg.com.br\/ciemg\/wp-json\/wp\/v2\/tags?post=2118"}],"curies":[{"name":"wp","href":"https:\/\/api.w.org\/{rel}","templated":true}]}}