{"id":2148,"date":"2025-07-15T12:01:46","date_gmt":"2025-07-15T15:01:46","guid":{"rendered":"https:\/\/www.fiemg.com.br\/ciemg\/noticias\/nota-de-esclarecimento-2\/"},"modified":"2025-07-15T12:06:12","modified_gmt":"2025-07-15T15:06:12","slug":"nota-de-esclarecimento-2","status":"publish","type":"noticias","link":"https:\/\/www.fiemg.com.br\/ciemg\/noticias\/nota-de-esclarecimento-2\/","title":{"rendered":"Nota de Esclarecimento"},"content":{"rendered":"\n<p>A FIEMG tomou conhecimento de que escrit\u00f3rio de advocacia alega patrocinar a\u00e7\u00f5es coletivas para a Institui\u00e7\u00e3o, na qual se declara direito a benef\u00edcios relacionados \u00e0 desonera\u00e7\u00e3o de determinadas rubricas da folha de pagamento. Neste contexto, a FIEMG vem a p\u00fablico esclarecer, sobretudo, \u00e0s suas associadas que: <\/p>\n\n\n\n<p>As a\u00e7\u00f5es propostas pela Entidade, visando a n\u00e3o incid\u00eancia de verbas de car\u00e1ter indenizat\u00f3rio sobre a folha de pagamento, referente aos 20% da contribui\u00e7\u00e3o previdenci\u00e1ria patronal, s\u00e3o de cunho individual. Ou seja, beneficiam apenas a entidade enquanto empregadora, e n\u00e3o alcan\u00e7am ind\u00fastrias associadas \u00e0 FIEMG e nem aos Sindicatos que comp\u00f5em a sua base.<\/p>\n\n\n\n<p>A FIEMG esclarece ainda que as a\u00e7\u00f5es coletivas que beneficiam as suas associadas s\u00e3o propostas pela Ger\u00eancia Jur\u00eddico Contencioso \u2013 \u00e1rea interna da entidade. Nenhum escrit\u00f3rio de advocacia est\u00e1 autorizado a oferecer benef\u00edcios\/direitos decorrentes de a\u00e7\u00f5es coletivas propostas pela FIEMG a qualquer empresa que seja.<\/p>\n\n\n\n<p>Por fim, \u00e9 importante tamb\u00e9m observar que j\u00e1 se encontra superada a discuss\u00e3o relativa \u00e0 n\u00e3o limita\u00e7\u00e3o da base de c\u00e1lculo da contribui\u00e7\u00e3o de terceiros (tais como aquelas destinadas ao SESI e SENAI, dentre outras entidades que comp\u00f5em o \u201cSistema S\u201d) em 20 sal\u00e1rios-m\u00ednimos, especialmente em rela\u00e7\u00e3o a promessa de benef\u00edcios futuros.<\/p>\n\n\n\n<p><strong>Sistema FIEMG<\/strong><\/p>\n\n\n\n<p><\/p>\n","protected":false},"featured_media":2150,"template":"","categories":[],"tags":[],"class_list":["post-2148","noticias","type-noticias","status-publish","has-post-thumbnail","hentry"],"acf":[],"yoast_head":"<!-- This site is optimized with the Yoast SEO plugin v26.2 - https:\/\/yoast.com\/wordpress\/plugins\/seo\/ -->\n<title>Nota de Esclarecimento - CIEMG<\/title>\n<meta name=\"robots\" content=\"index, follow, max-snippet:-1, max-image-preview:large, max-video-preview:-1\" \/>\n<link rel=\"canonical\" href=\"https:\/\/www.fiemg.com.br\/ciemg\/noticias\/nota-de-esclarecimento-2\/\" \/>\n<meta property=\"og:locale\" content=\"pt_BR\" \/>\n<meta property=\"og:type\" content=\"article\" \/>\n<meta property=\"og:title\" content=\"Nota de Esclarecimento - CIEMG\" \/>\n<meta property=\"og:description\" content=\"A FIEMG tomou conhecimento de que escrit\u00f3rio de advocacia alega patrocinar a\u00e7\u00f5es coletivas para a Institui\u00e7\u00e3o, na qual se declara direito a benef\u00edcios relacionados \u00e0 desonera\u00e7\u00e3o de determinadas rubricas da folha de pagamento. Neste contexto, a FIEMG vem a p\u00fablico esclarecer, sobretudo, \u00e0s suas associadas que: As a\u00e7\u00f5es propostas pela Entidade, visando a n\u00e3o incid\u00eancia [&hellip;]\" \/>\n<meta property=\"og:url\" content=\"https:\/\/www.fiemg.com.br\/ciemg\/noticias\/nota-de-esclarecimento-2\/\" \/>\n<meta property=\"og:site_name\" content=\"CIEMG\" \/>\n<meta property=\"article:modified_time\" content=\"2025-07-15T15:06:12+00:00\" \/>\n<meta property=\"og:image\" content=\"https:\/\/www.fiemg.com.br\/ciemg\/wp-content\/uploads\/sites\/9\/2025\/07\/FIEMG_TEMPLATE.jpg\" \/>\n\t<meta property=\"og:image:width\" content=\"520\" \/>\n\t<meta property=\"og:image:height\" content=\"493\" \/>\n\t<meta property=\"og:image:type\" content=\"image\/jpeg\" \/>\n<meta name=\"twitter:card\" content=\"summary_large_image\" \/>\n<meta name=\"twitter:label1\" content=\"Est. tempo de leitura\" \/>\n\t<meta name=\"twitter:data1\" content=\"2 minutos\" \/>\n<script type=\"application\/ld+json\" class=\"yoast-schema-graph\">{\"@context\":\"https:\/\/schema.org\",\"@graph\":[{\"@type\":\"WebPage\",\"@id\":\"https:\/\/www.fiemg.com.br\/ciemg\/noticias\/nota-de-esclarecimento-2\/\",\"url\":\"https:\/\/www.fiemg.com.br\/ciemg\/noticias\/nota-de-esclarecimento-2\/\",\"name\":\"Nota de Esclarecimento - CIEMG\",\"isPartOf\":{\"@id\":\"https:\/\/www.fiemg.com.br\/ciemg\/#website\"},\"primaryImageOfPage\":{\"@id\":\"https:\/\/www.fiemg.com.br\/ciemg\/noticias\/nota-de-esclarecimento-2\/#primaryimage\"},\"image\":{\"@id\":\"https:\/\/www.fiemg.com.br\/ciemg\/noticias\/nota-de-esclarecimento-2\/#primaryimage\"},\"thumbnailUrl\":\"https:\/\/www.fiemg.com.br\/ciemg\/wp-content\/uploads\/sites\/9\/2025\/07\/FIEMG_TEMPLATE.jpg\",\"datePublished\":\"2025-07-15T15:01:46+00:00\",\"dateModified\":\"2025-07-15T15:06:12+00:00\",\"breadcrumb\":{\"@id\":\"https:\/\/www.fiemg.com.br\/ciemg\/noticias\/nota-de-esclarecimento-2\/#breadcrumb\"},\"inLanguage\":\"pt-BR\",\"potentialAction\":[{\"@type\":\"ReadAction\",\"target\":[\"https:\/\/www.fiemg.com.br\/ciemg\/noticias\/nota-de-esclarecimento-2\/\"]}]},{\"@type\":\"ImageObject\",\"inLanguage\":\"pt-BR\",\"@id\":\"https:\/\/www.fiemg.com.br\/ciemg\/noticias\/nota-de-esclarecimento-2\/#primaryimage\",\"url\":\"https:\/\/www.fiemg.com.br\/ciemg\/wp-content\/uploads\/sites\/9\/2025\/07\/FIEMG_TEMPLATE.jpg\",\"contentUrl\":\"https:\/\/www.fiemg.com.br\/ciemg\/wp-content\/uploads\/sites\/9\/2025\/07\/FIEMG_TEMPLATE.jpg\",\"width\":520,\"height\":493},{\"@type\":\"BreadcrumbList\",\"@id\":\"https:\/\/www.fiemg.com.br\/ciemg\/noticias\/nota-de-esclarecimento-2\/#breadcrumb\",\"itemListElement\":[{\"@type\":\"ListItem\",\"position\":1,\"name\":\"In\u00edcio\",\"item\":\"https:\/\/www.fiemg.com.br\/ciemg\/\"},{\"@type\":\"ListItem\",\"position\":2,\"name\":\"Nota de Esclarecimento\"}]},{\"@type\":\"WebSite\",\"@id\":\"https:\/\/www.fiemg.com.br\/ciemg\/#website\",\"url\":\"https:\/\/www.fiemg.com.br\/ciemg\/\",\"name\":\"CIEMG\",\"description\":\"Federa\u00e7\u00e3o das Ind\u00fastrias do Estado de Minas Gerais\",\"publisher\":{\"@id\":\"https:\/\/www.fiemg.com.br\/ciemg\/#organization\"},\"potentialAction\":[{\"@type\":\"SearchAction\",\"target\":{\"@type\":\"EntryPoint\",\"urlTemplate\":\"https:\/\/www.fiemg.com.br\/ciemg\/?s={search_term_string}\"},\"query-input\":{\"@type\":\"PropertyValueSpecification\",\"valueRequired\":true,\"valueName\":\"search_term_string\"}}],\"inLanguage\":\"pt-BR\"},{\"@type\":\"Organization\",\"@id\":\"https:\/\/www.fiemg.com.br\/ciemg\/#organization\",\"name\":\"CIEMG\",\"url\":\"https:\/\/www.fiemg.com.br\/ciemg\/\",\"logo\":{\"@type\":\"ImageObject\",\"inLanguage\":\"pt-BR\",\"@id\":\"https:\/\/www.fiemg.com.br\/ciemg\/#\/schema\/logo\/image\/\",\"url\":\"https:\/\/www.fiemg.com.br\/ciemg\/wp-content\/uploads\/sites\/9\/2023\/02\/CIEMG_branco.svg\",\"contentUrl\":\"https:\/\/www.fiemg.com.br\/ciemg\/wp-content\/uploads\/sites\/9\/2023\/02\/CIEMG_branco.svg\",\"width\":906,\"height\":242,\"caption\":\"CIEMG\"},\"image\":{\"@id\":\"https:\/\/www.fiemg.com.br\/ciemg\/#\/schema\/logo\/image\/\"}}]}<\/script>\n<!-- \/ Yoast SEO plugin. -->","yoast_head_json":{"title":"Nota de Esclarecimento - CIEMG","robots":{"index":"index","follow":"follow","max-snippet":"max-snippet:-1","max-image-preview":"max-image-preview:large","max-video-preview":"max-video-preview:-1"},"canonical":"https:\/\/www.fiemg.com.br\/ciemg\/noticias\/nota-de-esclarecimento-2\/","og_locale":"pt_BR","og_type":"article","og_title":"Nota de Esclarecimento - CIEMG","og_description":"A FIEMG tomou conhecimento de que escrit\u00f3rio de advocacia alega patrocinar a\u00e7\u00f5es coletivas para a Institui\u00e7\u00e3o, na qual se declara direito a benef\u00edcios relacionados \u00e0 desonera\u00e7\u00e3o de determinadas rubricas da folha de pagamento. Neste contexto, a FIEMG vem a p\u00fablico esclarecer, sobretudo, \u00e0s suas associadas que: As a\u00e7\u00f5es propostas pela Entidade, visando a n\u00e3o incid\u00eancia [&hellip;]","og_url":"https:\/\/www.fiemg.com.br\/ciemg\/noticias\/nota-de-esclarecimento-2\/","og_site_name":"CIEMG","article_modified_time":"2025-07-15T15:06:12+00:00","og_image":[{"width":520,"height":493,"url":"https:\/\/www.fiemg.com.br\/ciemg\/wp-content\/uploads\/sites\/9\/2025\/07\/FIEMG_TEMPLATE.jpg","type":"image\/jpeg"}],"twitter_card":"summary_large_image","twitter_misc":{"Est. tempo de leitura":"2 minutos"},"schema":{"@context":"https:\/\/schema.org","@graph":[{"@type":"WebPage","@id":"https:\/\/www.fiemg.com.br\/ciemg\/noticias\/nota-de-esclarecimento-2\/","url":"https:\/\/www.fiemg.com.br\/ciemg\/noticias\/nota-de-esclarecimento-2\/","name":"Nota de Esclarecimento - CIEMG","isPartOf":{"@id":"https:\/\/www.fiemg.com.br\/ciemg\/#website"},"primaryImageOfPage":{"@id":"https:\/\/www.fiemg.com.br\/ciemg\/noticias\/nota-de-esclarecimento-2\/#primaryimage"},"image":{"@id":"https:\/\/www.fiemg.com.br\/ciemg\/noticias\/nota-de-esclarecimento-2\/#primaryimage"},"thumbnailUrl":"https:\/\/www.fiemg.com.br\/ciemg\/wp-content\/uploads\/sites\/9\/2025\/07\/FIEMG_TEMPLATE.jpg","datePublished":"2025-07-15T15:01:46+00:00","dateModified":"2025-07-15T15:06:12+00:00","breadcrumb":{"@id":"https:\/\/www.fiemg.com.br\/ciemg\/noticias\/nota-de-esclarecimento-2\/#breadcrumb"},"inLanguage":"pt-BR","potentialAction":[{"@type":"ReadAction","target":["https:\/\/www.fiemg.com.br\/ciemg\/noticias\/nota-de-esclarecimento-2\/"]}]},{"@type":"ImageObject","inLanguage":"pt-BR","@id":"https:\/\/www.fiemg.com.br\/ciemg\/noticias\/nota-de-esclarecimento-2\/#primaryimage","url":"https:\/\/www.fiemg.com.br\/ciemg\/wp-content\/uploads\/sites\/9\/2025\/07\/FIEMG_TEMPLATE.jpg","contentUrl":"https:\/\/www.fiemg.com.br\/ciemg\/wp-content\/uploads\/sites\/9\/2025\/07\/FIEMG_TEMPLATE.jpg","width":520,"height":493},{"@type":"BreadcrumbList","@id":"https:\/\/www.fiemg.com.br\/ciemg\/noticias\/nota-de-esclarecimento-2\/#breadcrumb","itemListElement":[{"@type":"ListItem","position":1,"name":"In\u00edcio","item":"https:\/\/www.fiemg.com.br\/ciemg\/"},{"@type":"ListItem","position":2,"name":"Nota de Esclarecimento"}]},{"@type":"WebSite","@id":"https:\/\/www.fiemg.com.br\/ciemg\/#website","url":"https:\/\/www.fiemg.com.br\/ciemg\/","name":"CIEMG","description":"Federa\u00e7\u00e3o das Ind\u00fastrias do Estado de Minas Gerais","publisher":{"@id":"https:\/\/www.fiemg.com.br\/ciemg\/#organization"},"potentialAction":[{"@type":"SearchAction","target":{"@type":"EntryPoint","urlTemplate":"https:\/\/www.fiemg.com.br\/ciemg\/?s={search_term_string}"},"query-input":{"@type":"PropertyValueSpecification","valueRequired":true,"valueName":"search_term_string"}}],"inLanguage":"pt-BR"},{"@type":"Organization","@id":"https:\/\/www.fiemg.com.br\/ciemg\/#organization","name":"CIEMG","url":"https:\/\/www.fiemg.com.br\/ciemg\/","logo":{"@type":"ImageObject","inLanguage":"pt-BR","@id":"https:\/\/www.fiemg.com.br\/ciemg\/#\/schema\/logo\/image\/","url":"https:\/\/www.fiemg.com.br\/ciemg\/wp-content\/uploads\/sites\/9\/2023\/02\/CIEMG_branco.svg","contentUrl":"https:\/\/www.fiemg.com.br\/ciemg\/wp-content\/uploads\/sites\/9\/2023\/02\/CIEMG_branco.svg","width":906,"height":242,"caption":"CIEMG"},"image":{"@id":"https:\/\/www.fiemg.com.br\/ciemg\/#\/schema\/logo\/image\/"}}]}},"_links":{"self":[{"href":"https:\/\/www.fiemg.com.br\/ciemg\/wp-json\/wp\/v2\/noticias\/2148","targetHints":{"allow":["GET"]}}],"collection":[{"href":"https:\/\/www.fiemg.com.br\/ciemg\/wp-json\/wp\/v2\/noticias"}],"about":[{"href":"https:\/\/www.fiemg.com.br\/ciemg\/wp-json\/wp\/v2\/types\/noticias"}],"wp:featuredmedia":[{"embeddable":true,"href":"https:\/\/www.fiemg.com.br\/ciemg\/wp-json\/wp\/v2\/media\/2150"}],"wp:attachment":[{"href":"https:\/\/www.fiemg.com.br\/ciemg\/wp-json\/wp\/v2\/media?parent=2148"}],"wp:term":[{"taxonomy":"category","embeddable":true,"href":"https:\/\/www.fiemg.com.br\/ciemg\/wp-json\/wp\/v2\/categories?post=2148"},{"taxonomy":"post_tag","embeddable":true,"href":"https:\/\/www.fiemg.com.br\/ciemg\/wp-json\/wp\/v2\/tags?post=2148"}],"curies":[{"name":"wp","href":"https:\/\/api.w.org\/{rel}","templated":true}]}}