{"id":2188,"date":"2025-09-12T09:30:55","date_gmt":"2025-09-12T12:30:55","guid":{"rendered":"https:\/\/www.fiemg.com.br\/ciemg\/noticias\/ciemg-realiza-2a-edicao-do-cyberexperience-em-outubro\/"},"modified":"2025-09-12T11:32:31","modified_gmt":"2025-09-12T14:32:31","slug":"ciemg-realiza-2a-edicao-do-cyberexperience-em-outubro","status":"publish","type":"noticias","link":"https:\/\/www.fiemg.com.br\/ciemg\/noticias\/ciemg-realiza-2a-edicao-do-cyberexperience-em-outubro\/","title":{"rendered":"CIEMG realiza 2\u00aa edi\u00e7\u00e3o do CyberExperience em outubro"},"content":{"rendered":"\n<p>O Centro Industrial e Empresarial de Minas Gerais (CIEMG) promove, no dia <strong>9 de outubro<\/strong>, a segunda edi\u00e7\u00e3o do <strong>CyberExperience CIEMG<\/strong>, encontro dedicado a debater os desafios e as oportunidades da transforma\u00e7\u00e3o digital e da ciberseguran\u00e7a na ind\u00fastria.<\/p>\n\n\n\n<p>Realizado em parceria com a <strong>Network Eventos<\/strong>, o encontro ser\u00e1 sediado na sede do CIEMG, em Contagem, das 8h30 \u00e0s 18h50, e deve reunir cerca de 400 participantes, entre especialistas, autoridades, empres\u00e1rios e profissionais das \u00e1reas de tecnologia e seguran\u00e7a da informa\u00e7\u00e3o.<\/p>\n\n\n\n<p>A programa\u00e7\u00e3o contempla temas estrat\u00e9gicos para o setor produtivo, entre eles:<\/p>\n\n\n\n<ul class=\"wp-block-list\">\n<li>Ciberseguran\u00e7a em infraestruturas cr\u00edticas<\/li>\n\n\n\n<li>Produtividade e pr\u00e1ticas \u00e1geis nas empresas<\/li>\n\n\n\n<li>Tecnologias exponenciais e cultura de inova\u00e7\u00e3o<\/li>\n\n\n\n<li>Intelig\u00eancia Artificial e machine learning aplicados \u00e0 seguran\u00e7a<\/li>\n\n\n\n<li>Governan\u00e7a e prote\u00e7\u00e3o de dados pessoais (LGPD)<\/li>\n\n\n\n<li>Defesa ativa e continuidade de neg\u00f3cios<\/li>\n\n\n\n<li>Futuro da prote\u00e7\u00e3o digital com IA e Cyber Security<\/li>\n<\/ul>\n\n\n\n<p>Al\u00e9m das palestras e debates, o <strong>CyberExperience<\/strong> contar\u00e1 com uma \u00e1rea de exposi\u00e7\u00e3o dedicada a patrocinadores e fornecedores de solu\u00e7\u00f5es em ciberseguran\u00e7a, ampliando as oportunidades de networking e neg\u00f3cios.<\/p>\n\n\n\n<p>A iniciativa integra a estrat\u00e9gia do CIEMG de aproximar a ind\u00fastria mineira das principais tend\u00eancias e inova\u00e7\u00f5es em seguran\u00e7a digital, em um cen\u00e1rio em que as amea\u00e7as virtuais evoluem de forma acelerada e exigem constante atualiza\u00e7\u00e3o.<\/p>\n\n\n\n<p><strong>Servi\u00e7o<\/strong><br><strong>Evento<\/strong>: CyberExperience CIEMG \u2013 2\u00aa edi\u00e7\u00e3o<br><strong>Data<\/strong>: 9 de outubro de 2025<br><strong>Hor\u00e1rio<\/strong>: 8h30 \u00e0s 18h50<br><strong>Local<\/strong>: CIEMG \u2013 Av. Babita Camargos, 766, Contagem\/MG<br><strong>Inscri\u00e7\u00f5es<\/strong>: <a href=\"https:\/\/ciemgcursos.com.br\/curso\/cyber-experience-ciemg-2a-edicao-2\/\">clique aqui<\/a><\/p>\n\n\n\n<p><strong>Imprensa FIEMG<\/strong><\/p>\n","protected":false},"featured_media":2190,"template":"","categories":[15],"tags":[59,52],"class_list":["post-2188","noticias","type-noticias","status-publish","has-post-thumbnail","hentry","category-desenvolvimento-industrial","tag-ciemg","tag-fiemg"],"acf":[],"yoast_head":"<!-- This site is optimized with the Yoast SEO plugin v26.2 - https:\/\/yoast.com\/wordpress\/plugins\/seo\/ -->\n<title>CIEMG realiza 2\u00aa edi\u00e7\u00e3o do CyberExperience em outubro - CIEMG<\/title>\n<meta name=\"description\" content=\"Encontro reunir\u00e1 especialistas, empres\u00e1rios e autoridades para discutir inova\u00e7\u00e3o e ciberseguran\u00e7a na ind\u00fastria\" \/>\n<meta name=\"robots\" content=\"index, follow, max-snippet:-1, max-image-preview:large, max-video-preview:-1\" \/>\n<link rel=\"canonical\" href=\"https:\/\/www.fiemg.com.br\/ciemg\/noticias\/ciemg-realiza-2a-edicao-do-cyberexperience-em-outubro\/\" \/>\n<meta property=\"og:locale\" content=\"pt_BR\" \/>\n<meta property=\"og:type\" content=\"article\" \/>\n<meta property=\"og:title\" content=\"CIEMG realiza 2\u00aa edi\u00e7\u00e3o do CyberExperience em outubro - CIEMG\" \/>\n<meta property=\"og:description\" content=\"Encontro reunir\u00e1 especialistas, empres\u00e1rios e autoridades para discutir inova\u00e7\u00e3o e ciberseguran\u00e7a na ind\u00fastria\" \/>\n<meta property=\"og:url\" content=\"https:\/\/www.fiemg.com.br\/ciemg\/noticias\/ciemg-realiza-2a-edicao-do-cyberexperience-em-outubro\/\" \/>\n<meta property=\"og:site_name\" content=\"CIEMG\" \/>\n<meta property=\"article:modified_time\" content=\"2025-09-12T14:32:31+00:00\" \/>\n<meta property=\"og:image\" content=\"https:\/\/www.fiemg.com.br\/ciemg\/wp-content\/uploads\/sites\/9\/2025\/09\/CyberExperience-.png\" \/>\n\t<meta property=\"og:image:width\" content=\"520\" \/>\n\t<meta property=\"og:image:height\" content=\"493\" \/>\n\t<meta property=\"og:image:type\" content=\"image\/png\" \/>\n<meta name=\"twitter:card\" content=\"summary_large_image\" \/>\n<meta name=\"twitter:label1\" content=\"Est. tempo de leitura\" \/>\n\t<meta name=\"twitter:data1\" content=\"2 minutos\" \/>\n<script type=\"application\/ld+json\" class=\"yoast-schema-graph\">{\"@context\":\"https:\/\/schema.org\",\"@graph\":[{\"@type\":\"WebPage\",\"@id\":\"https:\/\/www.fiemg.com.br\/ciemg\/noticias\/ciemg-realiza-2a-edicao-do-cyberexperience-em-outubro\/\",\"url\":\"https:\/\/www.fiemg.com.br\/ciemg\/noticias\/ciemg-realiza-2a-edicao-do-cyberexperience-em-outubro\/\",\"name\":\"CIEMG realiza 2\u00aa edi\u00e7\u00e3o do CyberExperience em outubro - CIEMG\",\"isPartOf\":{\"@id\":\"https:\/\/www.fiemg.com.br\/ciemg\/#website\"},\"primaryImageOfPage\":{\"@id\":\"https:\/\/www.fiemg.com.br\/ciemg\/noticias\/ciemg-realiza-2a-edicao-do-cyberexperience-em-outubro\/#primaryimage\"},\"image\":{\"@id\":\"https:\/\/www.fiemg.com.br\/ciemg\/noticias\/ciemg-realiza-2a-edicao-do-cyberexperience-em-outubro\/#primaryimage\"},\"thumbnailUrl\":\"https:\/\/www.fiemg.com.br\/ciemg\/wp-content\/uploads\/sites\/9\/2025\/09\/CyberExperience-.png\",\"datePublished\":\"2025-09-12T12:30:55+00:00\",\"dateModified\":\"2025-09-12T14:32:31+00:00\",\"description\":\"Encontro reunir\u00e1 especialistas, empres\u00e1rios e autoridades para discutir inova\u00e7\u00e3o e ciberseguran\u00e7a na ind\u00fastria\",\"breadcrumb\":{\"@id\":\"https:\/\/www.fiemg.com.br\/ciemg\/noticias\/ciemg-realiza-2a-edicao-do-cyberexperience-em-outubro\/#breadcrumb\"},\"inLanguage\":\"pt-BR\",\"potentialAction\":[{\"@type\":\"ReadAction\",\"target\":[\"https:\/\/www.fiemg.com.br\/ciemg\/noticias\/ciemg-realiza-2a-edicao-do-cyberexperience-em-outubro\/\"]}]},{\"@type\":\"ImageObject\",\"inLanguage\":\"pt-BR\",\"@id\":\"https:\/\/www.fiemg.com.br\/ciemg\/noticias\/ciemg-realiza-2a-edicao-do-cyberexperience-em-outubro\/#primaryimage\",\"url\":\"https:\/\/www.fiemg.com.br\/ciemg\/wp-content\/uploads\/sites\/9\/2025\/09\/CyberExperience-.png\",\"contentUrl\":\"https:\/\/www.fiemg.com.br\/ciemg\/wp-content\/uploads\/sites\/9\/2025\/09\/CyberExperience-.png\",\"width\":520,\"height\":493},{\"@type\":\"BreadcrumbList\",\"@id\":\"https:\/\/www.fiemg.com.br\/ciemg\/noticias\/ciemg-realiza-2a-edicao-do-cyberexperience-em-outubro\/#breadcrumb\",\"itemListElement\":[{\"@type\":\"ListItem\",\"position\":1,\"name\":\"In\u00edcio\",\"item\":\"https:\/\/www.fiemg.com.br\/ciemg\/\"},{\"@type\":\"ListItem\",\"position\":2,\"name\":\"CIEMG realiza 2\u00aa edi\u00e7\u00e3o do CyberExperience em outubro\"}]},{\"@type\":\"WebSite\",\"@id\":\"https:\/\/www.fiemg.com.br\/ciemg\/#website\",\"url\":\"https:\/\/www.fiemg.com.br\/ciemg\/\",\"name\":\"CIEMG\",\"description\":\"Federa\u00e7\u00e3o das Ind\u00fastrias do Estado de Minas Gerais\",\"publisher\":{\"@id\":\"https:\/\/www.fiemg.com.br\/ciemg\/#organization\"},\"potentialAction\":[{\"@type\":\"SearchAction\",\"target\":{\"@type\":\"EntryPoint\",\"urlTemplate\":\"https:\/\/www.fiemg.com.br\/ciemg\/?s={search_term_string}\"},\"query-input\":{\"@type\":\"PropertyValueSpecification\",\"valueRequired\":true,\"valueName\":\"search_term_string\"}}],\"inLanguage\":\"pt-BR\"},{\"@type\":\"Organization\",\"@id\":\"https:\/\/www.fiemg.com.br\/ciemg\/#organization\",\"name\":\"CIEMG\",\"url\":\"https:\/\/www.fiemg.com.br\/ciemg\/\",\"logo\":{\"@type\":\"ImageObject\",\"inLanguage\":\"pt-BR\",\"@id\":\"https:\/\/www.fiemg.com.br\/ciemg\/#\/schema\/logo\/image\/\",\"url\":\"https:\/\/www.fiemg.com.br\/ciemg\/wp-content\/uploads\/sites\/9\/2023\/02\/CIEMG_branco.svg\",\"contentUrl\":\"https:\/\/www.fiemg.com.br\/ciemg\/wp-content\/uploads\/sites\/9\/2023\/02\/CIEMG_branco.svg\",\"width\":906,\"height\":242,\"caption\":\"CIEMG\"},\"image\":{\"@id\":\"https:\/\/www.fiemg.com.br\/ciemg\/#\/schema\/logo\/image\/\"}}]}<\/script>\n<!-- \/ Yoast SEO plugin. -->","yoast_head_json":{"title":"CIEMG realiza 2\u00aa edi\u00e7\u00e3o do CyberExperience em outubro - CIEMG","description":"Encontro reunir\u00e1 especialistas, empres\u00e1rios e autoridades para discutir inova\u00e7\u00e3o e ciberseguran\u00e7a na ind\u00fastria","robots":{"index":"index","follow":"follow","max-snippet":"max-snippet:-1","max-image-preview":"max-image-preview:large","max-video-preview":"max-video-preview:-1"},"canonical":"https:\/\/www.fiemg.com.br\/ciemg\/noticias\/ciemg-realiza-2a-edicao-do-cyberexperience-em-outubro\/","og_locale":"pt_BR","og_type":"article","og_title":"CIEMG realiza 2\u00aa edi\u00e7\u00e3o do CyberExperience em outubro - CIEMG","og_description":"Encontro reunir\u00e1 especialistas, empres\u00e1rios e autoridades para discutir inova\u00e7\u00e3o e ciberseguran\u00e7a na ind\u00fastria","og_url":"https:\/\/www.fiemg.com.br\/ciemg\/noticias\/ciemg-realiza-2a-edicao-do-cyberexperience-em-outubro\/","og_site_name":"CIEMG","article_modified_time":"2025-09-12T14:32:31+00:00","og_image":[{"width":520,"height":493,"url":"https:\/\/www.fiemg.com.br\/ciemg\/wp-content\/uploads\/sites\/9\/2025\/09\/CyberExperience-.png","type":"image\/png"}],"twitter_card":"summary_large_image","twitter_misc":{"Est. tempo de leitura":"2 minutos"},"schema":{"@context":"https:\/\/schema.org","@graph":[{"@type":"WebPage","@id":"https:\/\/www.fiemg.com.br\/ciemg\/noticias\/ciemg-realiza-2a-edicao-do-cyberexperience-em-outubro\/","url":"https:\/\/www.fiemg.com.br\/ciemg\/noticias\/ciemg-realiza-2a-edicao-do-cyberexperience-em-outubro\/","name":"CIEMG realiza 2\u00aa edi\u00e7\u00e3o do CyberExperience em outubro - CIEMG","isPartOf":{"@id":"https:\/\/www.fiemg.com.br\/ciemg\/#website"},"primaryImageOfPage":{"@id":"https:\/\/www.fiemg.com.br\/ciemg\/noticias\/ciemg-realiza-2a-edicao-do-cyberexperience-em-outubro\/#primaryimage"},"image":{"@id":"https:\/\/www.fiemg.com.br\/ciemg\/noticias\/ciemg-realiza-2a-edicao-do-cyberexperience-em-outubro\/#primaryimage"},"thumbnailUrl":"https:\/\/www.fiemg.com.br\/ciemg\/wp-content\/uploads\/sites\/9\/2025\/09\/CyberExperience-.png","datePublished":"2025-09-12T12:30:55+00:00","dateModified":"2025-09-12T14:32:31+00:00","description":"Encontro reunir\u00e1 especialistas, empres\u00e1rios e autoridades para discutir inova\u00e7\u00e3o e ciberseguran\u00e7a na ind\u00fastria","breadcrumb":{"@id":"https:\/\/www.fiemg.com.br\/ciemg\/noticias\/ciemg-realiza-2a-edicao-do-cyberexperience-em-outubro\/#breadcrumb"},"inLanguage":"pt-BR","potentialAction":[{"@type":"ReadAction","target":["https:\/\/www.fiemg.com.br\/ciemg\/noticias\/ciemg-realiza-2a-edicao-do-cyberexperience-em-outubro\/"]}]},{"@type":"ImageObject","inLanguage":"pt-BR","@id":"https:\/\/www.fiemg.com.br\/ciemg\/noticias\/ciemg-realiza-2a-edicao-do-cyberexperience-em-outubro\/#primaryimage","url":"https:\/\/www.fiemg.com.br\/ciemg\/wp-content\/uploads\/sites\/9\/2025\/09\/CyberExperience-.png","contentUrl":"https:\/\/www.fiemg.com.br\/ciemg\/wp-content\/uploads\/sites\/9\/2025\/09\/CyberExperience-.png","width":520,"height":493},{"@type":"BreadcrumbList","@id":"https:\/\/www.fiemg.com.br\/ciemg\/noticias\/ciemg-realiza-2a-edicao-do-cyberexperience-em-outubro\/#breadcrumb","itemListElement":[{"@type":"ListItem","position":1,"name":"In\u00edcio","item":"https:\/\/www.fiemg.com.br\/ciemg\/"},{"@type":"ListItem","position":2,"name":"CIEMG realiza 2\u00aa edi\u00e7\u00e3o do CyberExperience em outubro"}]},{"@type":"WebSite","@id":"https:\/\/www.fiemg.com.br\/ciemg\/#website","url":"https:\/\/www.fiemg.com.br\/ciemg\/","name":"CIEMG","description":"Federa\u00e7\u00e3o das Ind\u00fastrias do Estado de Minas Gerais","publisher":{"@id":"https:\/\/www.fiemg.com.br\/ciemg\/#organization"},"potentialAction":[{"@type":"SearchAction","target":{"@type":"EntryPoint","urlTemplate":"https:\/\/www.fiemg.com.br\/ciemg\/?s={search_term_string}"},"query-input":{"@type":"PropertyValueSpecification","valueRequired":true,"valueName":"search_term_string"}}],"inLanguage":"pt-BR"},{"@type":"Organization","@id":"https:\/\/www.fiemg.com.br\/ciemg\/#organization","name":"CIEMG","url":"https:\/\/www.fiemg.com.br\/ciemg\/","logo":{"@type":"ImageObject","inLanguage":"pt-BR","@id":"https:\/\/www.fiemg.com.br\/ciemg\/#\/schema\/logo\/image\/","url":"https:\/\/www.fiemg.com.br\/ciemg\/wp-content\/uploads\/sites\/9\/2023\/02\/CIEMG_branco.svg","contentUrl":"https:\/\/www.fiemg.com.br\/ciemg\/wp-content\/uploads\/sites\/9\/2023\/02\/CIEMG_branco.svg","width":906,"height":242,"caption":"CIEMG"},"image":{"@id":"https:\/\/www.fiemg.com.br\/ciemg\/#\/schema\/logo\/image\/"}}]}},"_links":{"self":[{"href":"https:\/\/www.fiemg.com.br\/ciemg\/wp-json\/wp\/v2\/noticias\/2188","targetHints":{"allow":["GET"]}}],"collection":[{"href":"https:\/\/www.fiemg.com.br\/ciemg\/wp-json\/wp\/v2\/noticias"}],"about":[{"href":"https:\/\/www.fiemg.com.br\/ciemg\/wp-json\/wp\/v2\/types\/noticias"}],"wp:featuredmedia":[{"embeddable":true,"href":"https:\/\/www.fiemg.com.br\/ciemg\/wp-json\/wp\/v2\/media\/2190"}],"wp:attachment":[{"href":"https:\/\/www.fiemg.com.br\/ciemg\/wp-json\/wp\/v2\/media?parent=2188"}],"wp:term":[{"taxonomy":"category","embeddable":true,"href":"https:\/\/www.fiemg.com.br\/ciemg\/wp-json\/wp\/v2\/categories?post=2188"},{"taxonomy":"post_tag","embeddable":true,"href":"https:\/\/www.fiemg.com.br\/ciemg\/wp-json\/wp\/v2\/tags?post=2188"}],"curies":[{"name":"wp","href":"https:\/\/api.w.org\/{rel}","templated":true}]}}