{"id":2359,"date":"2026-03-06T15:58:05","date_gmt":"2026-03-06T18:58:05","guid":{"rendered":"https:\/\/www.fiemg.com.br\/ciemg\/noticias\/ciemg-impulsiona-negocios-com-imersao-pratica-em-inteligencia-artificial\/"},"modified":"2026-03-06T15:58:11","modified_gmt":"2026-03-06T18:58:11","slug":"ciemg-impulsiona-negocios-com-imersao-pratica-em-inteligencia-artificial","status":"publish","type":"noticias","link":"https:\/\/www.fiemg.com.br\/ciemg\/noticias\/ciemg-impulsiona-negocios-com-imersao-pratica-em-inteligencia-artificial\/","title":{"rendered":"CIEMG impulsiona neg\u00f3cios com imers\u00e3o pr\u00e1tica em Intelig\u00eancia Artificial"},"content":{"rendered":"\n<p>O CIEMG promove na sexta-feira, 20 de mar\u00e7o, em sua sede, em Contagem-MG, uma capacita\u00e7\u00e3o com foco na aplica\u00e7\u00e3o pr\u00e1tica da Intelig\u00eancia Artificial (IA). O curso de &#8220;Imers\u00e3o em IA&#8221;, com dura\u00e7\u00e3o de 8 horas, busca transformar a maneira como profissionais lidam com dados, automa\u00e7\u00e3o e estrat\u00e9gias de neg\u00f3cios.<\/p>\n\n\n\n<p>Durante um dia inteiro, os participantes aprender\u00e3o a utilizar ferramentas de IA generativa em \u00e1reas essenciais como marketing, vendas, cria\u00e7\u00e3o de conte\u00fado e otimiza\u00e7\u00e3o de processos. A capacita\u00e7\u00e3o \u00e9 uma oportunidade para colocar a teoria em pr\u00e1tica, com atividades realizadas em notebooks e celulares, permitindo que os participantes apliquem diretamente o conhecimento no ambiente de trabalho. As inscri\u00e7\u00f5es podem ser feitas <a href=\"https:\/\/ciemgcursos.com.br\/curso\/imersao-em-ia\/\" target=\"_blank\" rel=\"noreferrer noopener\"><strong>neste link<\/strong><\/a>.<\/p>\n\n\n\n<p><strong>Transforma\u00e7\u00e3o digital na pr\u00e1tica<\/strong> &#8211; A imers\u00e3o \u00e9 voltada para profissionais de diferentes setores que buscam aumentar a produtividade e inovar em suas empresas. O evento vai al\u00e9m das promessas, oferecendo um aprendizado aplic\u00e1vel ao cotidiano dos neg\u00f3cios, com uma abordagem pr\u00e1tica que privilegia a experi\u00eancia real.<\/p>\n\n\n\n<p>A capacita\u00e7\u00e3o ser\u00e1 conduzida por Jony Lan, especialista com mais de 25 anos de experi\u00eancia em Estrat\u00e9gia, Inova\u00e7\u00e3o e Intelig\u00eancia Artificial. Lan j\u00e1 liderou diversas transforma\u00e7\u00f5es digitais, fundou startups de sucesso como a iMedicina, e se tornou uma refer\u00eancia em marketing digital. <\/p>\n\n\n\n<p>A &#8220;Imers\u00e3o em IA&#8221; tem o objetivo de posicionar o CIEMG como um l\u00edder em capacita\u00e7\u00e3o para inova\u00e7\u00e3o tecnol\u00f3gica, ao mesmo tempo em que proporciona aos participantes ferramentas para automatizar tarefas, criar conte\u00fados e aumentar a efici\u00eancia nos neg\u00f3cios. \u00c9 uma oportunidade para profissionais que querem entender como a Intelig\u00eancia Artificial pode se tornar um diferencial competitivo no mercado. <\/p>\n\n\n\n<p><strong>SERVI\u00c7O: <\/strong><br><strong>Imers\u00e3o em IA<\/strong><br><strong>Data:<\/strong> 20 de mar\u00e7o de 2026<br><strong>Hor\u00e1rio:<\/strong> 08h30 \u00e0s 17h30<br><strong>Local: <\/strong>CIEMG &#8211; Av. Babita Camargos, 766, Cidade Industrial, Contagem\/MG<br><strong>Investimento:<\/strong> Associados: R$ 890,00 | N\u00e3o Associados: R$ 1.369,00<br><strong>Carga hor\u00e1ria: <\/strong>8 horas<br><strong>Inscri\u00e7\u00f5es<\/strong> <a href=\"https:\/\/ciemgcursos.com.br\/curso\/imersao-em-ia\/\" target=\"_blank\" rel=\"noreferrer noopener\"><strong>neste link<\/strong><\/a><\/p>\n\n\n\n<p><strong>Saiba mais pelo WhatsApp:<\/strong> (31) 9 9847-7680 <strong>ou pelo e-mail:<\/strong> <a>treinamentociemg@fiemg.com.br<\/a><\/p>\n\n\n\n<p><em>Ana Paula Motta<\/em><br><strong>Imprensa FIEMG<\/strong><\/p>\n\n\n\n<p><\/p>\n","protected":false},"featured_media":2361,"template":"","categories":[15],"tags":[143,144,145,146],"class_list":["post-2359","noticias","type-noticias","status-publish","has-post-thumbnail","hentry","category-desenvolvimento-industrial","tag-capacitacao-inteligencia-artificial","tag-curso-de-ia-generativa","tag-curso-ia","tag-imersao-em-ia"],"acf":[],"yoast_head":"<!-- This site is optimized with the Yoast SEO plugin v26.2 - https:\/\/yoast.com\/wordpress\/plugins\/seo\/ -->\n<title>CIEMG impulsiona neg\u00f3cios com imers\u00e3o pr\u00e1tica em Intelig\u00eancia Artificial - CIEMG<\/title>\n<meta name=\"robots\" content=\"index, follow, max-snippet:-1, max-image-preview:large, max-video-preview:-1\" \/>\n<link rel=\"canonical\" href=\"https:\/\/www.fiemg.com.br\/ciemg\/noticias\/ciemg-impulsiona-negocios-com-imersao-pratica-em-inteligencia-artificial\/\" \/>\n<meta property=\"og:locale\" content=\"pt_BR\" \/>\n<meta property=\"og:type\" content=\"article\" \/>\n<meta property=\"og:title\" content=\"CIEMG impulsiona neg\u00f3cios com imers\u00e3o pr\u00e1tica em Intelig\u00eancia Artificial - CIEMG\" \/>\n<meta property=\"og:description\" content=\"O CIEMG promove na sexta-feira, 20 de mar\u00e7o, em sua sede, em Contagem-MG, uma capacita\u00e7\u00e3o com foco na aplica\u00e7\u00e3o pr\u00e1tica da Intelig\u00eancia Artificial (IA). O curso de &#8220;Imers\u00e3o em IA&#8221;, com dura\u00e7\u00e3o de 8 horas, busca transformar a maneira como profissionais lidam com dados, automa\u00e7\u00e3o e estrat\u00e9gias de neg\u00f3cios. Durante um dia inteiro, os participantes [&hellip;]\" \/>\n<meta property=\"og:url\" content=\"https:\/\/www.fiemg.com.br\/ciemg\/noticias\/ciemg-impulsiona-negocios-com-imersao-pratica-em-inteligencia-artificial\/\" \/>\n<meta property=\"og:site_name\" content=\"CIEMG\" \/>\n<meta property=\"article:modified_time\" content=\"2026-03-06T18:58:11+00:00\" \/>\n<meta property=\"og:image\" content=\"https:\/\/www.fiemg.com.br\/ciemg\/wp-content\/uploads\/sites\/9\/2026\/03\/CE001526E_CIEMG_IMERSAO_IA_BANNER_THUMB_ok.png\" \/>\n\t<meta property=\"og:image:width\" content=\"513\" \/>\n\t<meta property=\"og:image:height\" content=\"513\" \/>\n\t<meta property=\"og:image:type\" content=\"image\/png\" \/>\n<meta name=\"twitter:card\" content=\"summary_large_image\" \/>\n<meta name=\"twitter:label1\" content=\"Est. tempo de leitura\" \/>\n\t<meta name=\"twitter:data1\" content=\"2 minutos\" \/>\n<script type=\"application\/ld+json\" class=\"yoast-schema-graph\">{\"@context\":\"https:\/\/schema.org\",\"@graph\":[{\"@type\":\"WebPage\",\"@id\":\"https:\/\/www.fiemg.com.br\/ciemg\/noticias\/ciemg-impulsiona-negocios-com-imersao-pratica-em-inteligencia-artificial\/\",\"url\":\"https:\/\/www.fiemg.com.br\/ciemg\/noticias\/ciemg-impulsiona-negocios-com-imersao-pratica-em-inteligencia-artificial\/\",\"name\":\"CIEMG impulsiona neg\u00f3cios com imers\u00e3o pr\u00e1tica em Intelig\u00eancia Artificial - CIEMG\",\"isPartOf\":{\"@id\":\"https:\/\/www.fiemg.com.br\/ciemg\/#website\"},\"primaryImageOfPage\":{\"@id\":\"https:\/\/www.fiemg.com.br\/ciemg\/noticias\/ciemg-impulsiona-negocios-com-imersao-pratica-em-inteligencia-artificial\/#primaryimage\"},\"image\":{\"@id\":\"https:\/\/www.fiemg.com.br\/ciemg\/noticias\/ciemg-impulsiona-negocios-com-imersao-pratica-em-inteligencia-artificial\/#primaryimage\"},\"thumbnailUrl\":\"https:\/\/www.fiemg.com.br\/ciemg\/wp-content\/uploads\/sites\/9\/2026\/03\/CE001526E_CIEMG_IMERSAO_IA_BANNER_THUMB_ok.png\",\"datePublished\":\"2026-03-06T18:58:05+00:00\",\"dateModified\":\"2026-03-06T18:58:11+00:00\",\"breadcrumb\":{\"@id\":\"https:\/\/www.fiemg.com.br\/ciemg\/noticias\/ciemg-impulsiona-negocios-com-imersao-pratica-em-inteligencia-artificial\/#breadcrumb\"},\"inLanguage\":\"pt-BR\",\"potentialAction\":[{\"@type\":\"ReadAction\",\"target\":[\"https:\/\/www.fiemg.com.br\/ciemg\/noticias\/ciemg-impulsiona-negocios-com-imersao-pratica-em-inteligencia-artificial\/\"]}]},{\"@type\":\"ImageObject\",\"inLanguage\":\"pt-BR\",\"@id\":\"https:\/\/www.fiemg.com.br\/ciemg\/noticias\/ciemg-impulsiona-negocios-com-imersao-pratica-em-inteligencia-artificial\/#primaryimage\",\"url\":\"https:\/\/www.fiemg.com.br\/ciemg\/wp-content\/uploads\/sites\/9\/2026\/03\/CE001526E_CIEMG_IMERSAO_IA_BANNER_THUMB_ok.png\",\"contentUrl\":\"https:\/\/www.fiemg.com.br\/ciemg\/wp-content\/uploads\/sites\/9\/2026\/03\/CE001526E_CIEMG_IMERSAO_IA_BANNER_THUMB_ok.png\",\"width\":513,\"height\":513},{\"@type\":\"BreadcrumbList\",\"@id\":\"https:\/\/www.fiemg.com.br\/ciemg\/noticias\/ciemg-impulsiona-negocios-com-imersao-pratica-em-inteligencia-artificial\/#breadcrumb\",\"itemListElement\":[{\"@type\":\"ListItem\",\"position\":1,\"name\":\"In\u00edcio\",\"item\":\"https:\/\/www.fiemg.com.br\/ciemg\/\"},{\"@type\":\"ListItem\",\"position\":2,\"name\":\"CIEMG impulsiona neg\u00f3cios com imers\u00e3o pr\u00e1tica em Intelig\u00eancia Artificial\"}]},{\"@type\":\"WebSite\",\"@id\":\"https:\/\/www.fiemg.com.br\/ciemg\/#website\",\"url\":\"https:\/\/www.fiemg.com.br\/ciemg\/\",\"name\":\"CIEMG\",\"description\":\"Federa\u00e7\u00e3o das Ind\u00fastrias do Estado de Minas Gerais\",\"publisher\":{\"@id\":\"https:\/\/www.fiemg.com.br\/ciemg\/#organization\"},\"potentialAction\":[{\"@type\":\"SearchAction\",\"target\":{\"@type\":\"EntryPoint\",\"urlTemplate\":\"https:\/\/www.fiemg.com.br\/ciemg\/?s={search_term_string}\"},\"query-input\":{\"@type\":\"PropertyValueSpecification\",\"valueRequired\":true,\"valueName\":\"search_term_string\"}}],\"inLanguage\":\"pt-BR\"},{\"@type\":\"Organization\",\"@id\":\"https:\/\/www.fiemg.com.br\/ciemg\/#organization\",\"name\":\"CIEMG\",\"url\":\"https:\/\/www.fiemg.com.br\/ciemg\/\",\"logo\":{\"@type\":\"ImageObject\",\"inLanguage\":\"pt-BR\",\"@id\":\"https:\/\/www.fiemg.com.br\/ciemg\/#\/schema\/logo\/image\/\",\"url\":\"https:\/\/www.fiemg.com.br\/ciemg\/wp-content\/uploads\/sites\/9\/2023\/02\/CIEMG_branco.svg\",\"contentUrl\":\"https:\/\/www.fiemg.com.br\/ciemg\/wp-content\/uploads\/sites\/9\/2023\/02\/CIEMG_branco.svg\",\"width\":906,\"height\":242,\"caption\":\"CIEMG\"},\"image\":{\"@id\":\"https:\/\/www.fiemg.com.br\/ciemg\/#\/schema\/logo\/image\/\"}}]}<\/script>\n<!-- \/ Yoast SEO plugin. -->","yoast_head_json":{"title":"CIEMG impulsiona neg\u00f3cios com imers\u00e3o pr\u00e1tica em Intelig\u00eancia Artificial - CIEMG","robots":{"index":"index","follow":"follow","max-snippet":"max-snippet:-1","max-image-preview":"max-image-preview:large","max-video-preview":"max-video-preview:-1"},"canonical":"https:\/\/www.fiemg.com.br\/ciemg\/noticias\/ciemg-impulsiona-negocios-com-imersao-pratica-em-inteligencia-artificial\/","og_locale":"pt_BR","og_type":"article","og_title":"CIEMG impulsiona neg\u00f3cios com imers\u00e3o pr\u00e1tica em Intelig\u00eancia Artificial - CIEMG","og_description":"O CIEMG promove na sexta-feira, 20 de mar\u00e7o, em sua sede, em Contagem-MG, uma capacita\u00e7\u00e3o com foco na aplica\u00e7\u00e3o pr\u00e1tica da Intelig\u00eancia Artificial (IA). O curso de &#8220;Imers\u00e3o em IA&#8221;, com dura\u00e7\u00e3o de 8 horas, busca transformar a maneira como profissionais lidam com dados, automa\u00e7\u00e3o e estrat\u00e9gias de neg\u00f3cios. Durante um dia inteiro, os participantes [&hellip;]","og_url":"https:\/\/www.fiemg.com.br\/ciemg\/noticias\/ciemg-impulsiona-negocios-com-imersao-pratica-em-inteligencia-artificial\/","og_site_name":"CIEMG","article_modified_time":"2026-03-06T18:58:11+00:00","og_image":[{"width":513,"height":513,"url":"https:\/\/www.fiemg.com.br\/ciemg\/wp-content\/uploads\/sites\/9\/2026\/03\/CE001526E_CIEMG_IMERSAO_IA_BANNER_THUMB_ok.png","type":"image\/png"}],"twitter_card":"summary_large_image","twitter_misc":{"Est. tempo de leitura":"2 minutos"},"schema":{"@context":"https:\/\/schema.org","@graph":[{"@type":"WebPage","@id":"https:\/\/www.fiemg.com.br\/ciemg\/noticias\/ciemg-impulsiona-negocios-com-imersao-pratica-em-inteligencia-artificial\/","url":"https:\/\/www.fiemg.com.br\/ciemg\/noticias\/ciemg-impulsiona-negocios-com-imersao-pratica-em-inteligencia-artificial\/","name":"CIEMG impulsiona neg\u00f3cios com imers\u00e3o pr\u00e1tica em Intelig\u00eancia Artificial - CIEMG","isPartOf":{"@id":"https:\/\/www.fiemg.com.br\/ciemg\/#website"},"primaryImageOfPage":{"@id":"https:\/\/www.fiemg.com.br\/ciemg\/noticias\/ciemg-impulsiona-negocios-com-imersao-pratica-em-inteligencia-artificial\/#primaryimage"},"image":{"@id":"https:\/\/www.fiemg.com.br\/ciemg\/noticias\/ciemg-impulsiona-negocios-com-imersao-pratica-em-inteligencia-artificial\/#primaryimage"},"thumbnailUrl":"https:\/\/www.fiemg.com.br\/ciemg\/wp-content\/uploads\/sites\/9\/2026\/03\/CE001526E_CIEMG_IMERSAO_IA_BANNER_THUMB_ok.png","datePublished":"2026-03-06T18:58:05+00:00","dateModified":"2026-03-06T18:58:11+00:00","breadcrumb":{"@id":"https:\/\/www.fiemg.com.br\/ciemg\/noticias\/ciemg-impulsiona-negocios-com-imersao-pratica-em-inteligencia-artificial\/#breadcrumb"},"inLanguage":"pt-BR","potentialAction":[{"@type":"ReadAction","target":["https:\/\/www.fiemg.com.br\/ciemg\/noticias\/ciemg-impulsiona-negocios-com-imersao-pratica-em-inteligencia-artificial\/"]}]},{"@type":"ImageObject","inLanguage":"pt-BR","@id":"https:\/\/www.fiemg.com.br\/ciemg\/noticias\/ciemg-impulsiona-negocios-com-imersao-pratica-em-inteligencia-artificial\/#primaryimage","url":"https:\/\/www.fiemg.com.br\/ciemg\/wp-content\/uploads\/sites\/9\/2026\/03\/CE001526E_CIEMG_IMERSAO_IA_BANNER_THUMB_ok.png","contentUrl":"https:\/\/www.fiemg.com.br\/ciemg\/wp-content\/uploads\/sites\/9\/2026\/03\/CE001526E_CIEMG_IMERSAO_IA_BANNER_THUMB_ok.png","width":513,"height":513},{"@type":"BreadcrumbList","@id":"https:\/\/www.fiemg.com.br\/ciemg\/noticias\/ciemg-impulsiona-negocios-com-imersao-pratica-em-inteligencia-artificial\/#breadcrumb","itemListElement":[{"@type":"ListItem","position":1,"name":"In\u00edcio","item":"https:\/\/www.fiemg.com.br\/ciemg\/"},{"@type":"ListItem","position":2,"name":"CIEMG impulsiona neg\u00f3cios com imers\u00e3o pr\u00e1tica em Intelig\u00eancia Artificial"}]},{"@type":"WebSite","@id":"https:\/\/www.fiemg.com.br\/ciemg\/#website","url":"https:\/\/www.fiemg.com.br\/ciemg\/","name":"CIEMG","description":"Federa\u00e7\u00e3o das Ind\u00fastrias do Estado de Minas Gerais","publisher":{"@id":"https:\/\/www.fiemg.com.br\/ciemg\/#organization"},"potentialAction":[{"@type":"SearchAction","target":{"@type":"EntryPoint","urlTemplate":"https:\/\/www.fiemg.com.br\/ciemg\/?s={search_term_string}"},"query-input":{"@type":"PropertyValueSpecification","valueRequired":true,"valueName":"search_term_string"}}],"inLanguage":"pt-BR"},{"@type":"Organization","@id":"https:\/\/www.fiemg.com.br\/ciemg\/#organization","name":"CIEMG","url":"https:\/\/www.fiemg.com.br\/ciemg\/","logo":{"@type":"ImageObject","inLanguage":"pt-BR","@id":"https:\/\/www.fiemg.com.br\/ciemg\/#\/schema\/logo\/image\/","url":"https:\/\/www.fiemg.com.br\/ciemg\/wp-content\/uploads\/sites\/9\/2023\/02\/CIEMG_branco.svg","contentUrl":"https:\/\/www.fiemg.com.br\/ciemg\/wp-content\/uploads\/sites\/9\/2023\/02\/CIEMG_branco.svg","width":906,"height":242,"caption":"CIEMG"},"image":{"@id":"https:\/\/www.fiemg.com.br\/ciemg\/#\/schema\/logo\/image\/"}}]}},"_links":{"self":[{"href":"https:\/\/www.fiemg.com.br\/ciemg\/wp-json\/wp\/v2\/noticias\/2359","targetHints":{"allow":["GET"]}}],"collection":[{"href":"https:\/\/www.fiemg.com.br\/ciemg\/wp-json\/wp\/v2\/noticias"}],"about":[{"href":"https:\/\/www.fiemg.com.br\/ciemg\/wp-json\/wp\/v2\/types\/noticias"}],"wp:featuredmedia":[{"embeddable":true,"href":"https:\/\/www.fiemg.com.br\/ciemg\/wp-json\/wp\/v2\/media\/2361"}],"wp:attachment":[{"href":"https:\/\/www.fiemg.com.br\/ciemg\/wp-json\/wp\/v2\/media?parent=2359"}],"wp:term":[{"taxonomy":"category","embeddable":true,"href":"https:\/\/www.fiemg.com.br\/ciemg\/wp-json\/wp\/v2\/categories?post=2359"},{"taxonomy":"post_tag","embeddable":true,"href":"https:\/\/www.fiemg.com.br\/ciemg\/wp-json\/wp\/v2\/tags?post=2359"}],"curies":[{"name":"wp","href":"https:\/\/api.w.org\/{rel}","templated":true}]}}