{"id":2365,"date":"2026-03-10T14:57:57","date_gmt":"2026-03-10T17:57:57","guid":{"rendered":"https:\/\/www.fiemg.com.br\/ciemg\/noticias\/fiemg-anjos-e-apresentado-em-reuniao-do-ciemg\/"},"modified":"2026-03-10T15:06:41","modified_gmt":"2026-03-10T18:06:41","slug":"fiemg-anjos-e-apresentado-em-reuniao-do-ciemg","status":"publish","type":"noticias","link":"https:\/\/www.fiemg.com.br\/ciemg\/noticias\/fiemg-anjos-e-apresentado-em-reuniao-do-ciemg\/","title":{"rendered":"FIEMG Anjos \u00e9 apresentado em reuni\u00e3o do CIEMG"},"content":{"rendered":"\n<p>O projeto FIEMG Anjos, iniciativa voltada ao investimento em startups tecnol\u00f3gicas com solu\u00e7\u00f5es para a ind\u00fastria, foi um dos temas discutidos na reuni\u00e3o da diretoria do Centro Industrial e Empresarial de Minas Gerais (CIEMG). Durante o encontro, que aconteceu na sede da entidade, em Contagem, na Regi\u00e3o Metropolitana de Belo Horizonte, nessa segunda-feira (9\/3)os participantes conheceram o funcionamento do programa, seus objetivos e as oportunidades de conex\u00e3o entre empres\u00e1rios e o ecossistema de inova\u00e7\u00e3o industrial.<\/p>\n\n\n\n<p>O projeto re\u00fane empres\u00e1rios e executivos interessados em investir em indtechs e startups que desenvolvem tecnologias e solu\u00e7\u00f5es voltadas \u00e0 ind\u00fastria. \u201cA iniciativa busca identificar empresas inovadoras com potencial de crescimento, contribuindo para acelerar a transforma\u00e7\u00e3o digital e o aumento da competitividade do setor produtivo\u201d, disse a coordenadora do FIEMG Anjos, J\u00fania Cerceau.<\/p>\n\n\n\n<p>J\u00fania Cerceau explicou que a estrat\u00e9gia de investimento prioriza startups em est\u00e1gios iniciais, com clientes e solu\u00e7\u00f5es pr\u00f3prias, sejam softwares ou hardwares, direcionadas ao ambiente industrial. O programa tamb\u00e9m valoriza modelos de neg\u00f3cio com potencial de receita recorrente e equipes fundadoras altamente comprometidas com o desenvolvimento da empresa.<\/p>\n\n\n\n<p>Durante a apresenta\u00e7\u00e3o, foi destacado que o grupo j\u00e1 analisou mais de 250 indtechs em 2025, evidenciando o crescimento do ecossistema de inova\u00e7\u00e3o voltado para a ind\u00fastria. O primeiro investimento realizado pelo FIEMG Anjos foi na startup Oppem, que desenvolve um software para gest\u00e3o de contratos de terceirizados em ind\u00fastrias. A empresa registrou faturamento de R$ 8 milh\u00f5es em 2025 e projeta alcan\u00e7ar R$ 15 milh\u00f5es em 2026, ap\u00f3s receber um aporte inicial de R$ 350 mil do grupo de investidores.<\/p>\n\n\n\n<p>Outro diferencial apresentado na reuni\u00e3o \u00e9 o acesso das startups ao ambiente industrial conectado \u00e0 FIEMG, al\u00e9m da integra\u00e7\u00e3o com a comunidade de inova\u00e7\u00e3o do FIEMG Lab, formada por mais de 300 indtechs.<\/p>\n\n\n\n<p>Para o presidente do CIEMG, Fausto Varela, que conduziu o encontro, a ind\u00fastria precisa estar cada vez mais conectada \u00e0 inova\u00e7\u00e3o e \u00e0s novas tecnologias. Nesse contexto, Varela considera que o FIEMG Anjos surge com o prop\u00f3sito de aproximar empres\u00e1rios e startups que desenvolvem solu\u00e7\u00f5es para os desafios do setor produtivo.<\/p>\n\n\n\n<p>Segundo ele, debater essa iniciativa no CIEMG \u00e9 uma forma de fortalecer um ambiente favor\u00e1vel ao surgimento de novas ind\u00fastrias e neg\u00f3cios inovadores em Minas Gerais.<br><br><em>Clique <a href=\"https:\/\/www.flickr.com\/photos\/sistemafiemg\/albums\/72177720332449487\/\" target=\"_blank\" rel=\"noreferrer noopener\">aqui<\/a> e veja mais fotos das reuni\u00e3o<br><\/em><br><strong>Imprensa FIEMG<\/strong><br><br><em>Leia tamb\u00e9m: <\/em><br><br><a href=\"https:\/\/www.fiemg.com.br\/noticias\/fiemg-anjos-realiza-primeiro-investimento-de-sua-historia-em-indtech-mineira\/\">FIEMG Anjos realiza primeiro investimento de sua hist\u00f3ria em indtech mineira<br><\/a><a href=\"https:\/\/www.fiemg.com.br\/noticias\/fiemg-anjos-conecta-investidores-e-indtechs-em-evento-inedito-em-belo-horizonte\/\">FIEMG Anjos conecta investidores e indtechs em evento in\u00e9dito em Belo Horizonte<br><\/a><a href=\"https:\/\/www.fiemg.com.br\/noticias\/fiemg-anjos-e-lancado-para-conectar-empresarios-a-startups-com-solucoes-para-a-industria\/\">FIEMG Anjos \u00e9 lan\u00e7ado para conectar empres\u00e1rios a startups com solu\u00e7\u00f5es para a ind\u00fastria<\/a><\/p>\n\n\n\n<p><\/p>\n","protected":false},"featured_media":2366,"template":"","categories":[],"tags":[59,52,147,78,148],"class_list":["post-2365","noticias","type-noticias","status-publish","has-post-thumbnail","hentry","tag-ciemg","tag-fiemg","tag-fiemg-anjos","tag-reuniao","tag-startup"],"acf":[],"yoast_head":"<!-- This site is optimized with the Yoast SEO plugin v26.2 - https:\/\/yoast.com\/wordpress\/plugins\/seo\/ -->\n<title>FIEMG Anjos \u00e9 apresentado em reuni\u00e3o do CIEMG - CIEMG<\/title>\n<meta name=\"description\" content=\"Projeto re\u00fane empres\u00e1rios e executivos interessados em investir em indtechs e startups que desenvolvem tecnologias e solu\u00e7\u00f5es voltadas \u00e0 ind\u00fastria\" \/>\n<meta name=\"robots\" content=\"index, follow, max-snippet:-1, max-image-preview:large, max-video-preview:-1\" \/>\n<link rel=\"canonical\" href=\"https:\/\/www.fiemg.com.br\/ciemg\/noticias\/fiemg-anjos-e-apresentado-em-reuniao-do-ciemg\/\" \/>\n<meta property=\"og:locale\" content=\"pt_BR\" \/>\n<meta property=\"og:type\" content=\"article\" \/>\n<meta property=\"og:title\" content=\"FIEMG Anjos \u00e9 apresentado em reuni\u00e3o do CIEMG - CIEMG\" \/>\n<meta property=\"og:description\" content=\"Projeto re\u00fane empres\u00e1rios e executivos interessados em investir em indtechs e startups que desenvolvem tecnologias e solu\u00e7\u00f5es voltadas \u00e0 ind\u00fastria\" \/>\n<meta property=\"og:url\" content=\"https:\/\/www.fiemg.com.br\/ciemg\/noticias\/fiemg-anjos-e-apresentado-em-reuniao-do-ciemg\/\" \/>\n<meta property=\"og:site_name\" content=\"CIEMG\" \/>\n<meta property=\"article:modified_time\" content=\"2026-03-10T18:06:41+00:00\" \/>\n<meta property=\"og:image\" content=\"https:\/\/www.fiemg.com.br\/ciemg\/wp-content\/uploads\/sites\/9\/2026\/03\/ciemg_thumb.jpeg\" \/>\n\t<meta property=\"og:image:width\" content=\"512\" \/>\n\t<meta property=\"og:image:height\" content=\"512\" \/>\n\t<meta property=\"og:image:type\" content=\"image\/jpeg\" \/>\n<meta name=\"twitter:card\" content=\"summary_large_image\" \/>\n<meta name=\"twitter:label1\" content=\"Est. tempo de leitura\" \/>\n\t<meta name=\"twitter:data1\" content=\"3 minutos\" \/>\n<script type=\"application\/ld+json\" class=\"yoast-schema-graph\">{\"@context\":\"https:\/\/schema.org\",\"@graph\":[{\"@type\":\"WebPage\",\"@id\":\"https:\/\/www.fiemg.com.br\/ciemg\/noticias\/fiemg-anjos-e-apresentado-em-reuniao-do-ciemg\/\",\"url\":\"https:\/\/www.fiemg.com.br\/ciemg\/noticias\/fiemg-anjos-e-apresentado-em-reuniao-do-ciemg\/\",\"name\":\"FIEMG Anjos \u00e9 apresentado em reuni\u00e3o do CIEMG - CIEMG\",\"isPartOf\":{\"@id\":\"https:\/\/www.fiemg.com.br\/ciemg\/#website\"},\"primaryImageOfPage\":{\"@id\":\"https:\/\/www.fiemg.com.br\/ciemg\/noticias\/fiemg-anjos-e-apresentado-em-reuniao-do-ciemg\/#primaryimage\"},\"image\":{\"@id\":\"https:\/\/www.fiemg.com.br\/ciemg\/noticias\/fiemg-anjos-e-apresentado-em-reuniao-do-ciemg\/#primaryimage\"},\"thumbnailUrl\":\"https:\/\/www.fiemg.com.br\/ciemg\/wp-content\/uploads\/sites\/9\/2026\/03\/ciemg_thumb.jpeg\",\"datePublished\":\"2026-03-10T17:57:57+00:00\",\"dateModified\":\"2026-03-10T18:06:41+00:00\",\"description\":\"Projeto re\u00fane empres\u00e1rios e executivos interessados em investir em indtechs e startups que desenvolvem tecnologias e solu\u00e7\u00f5es voltadas \u00e0 ind\u00fastria\",\"breadcrumb\":{\"@id\":\"https:\/\/www.fiemg.com.br\/ciemg\/noticias\/fiemg-anjos-e-apresentado-em-reuniao-do-ciemg\/#breadcrumb\"},\"inLanguage\":\"pt-BR\",\"potentialAction\":[{\"@type\":\"ReadAction\",\"target\":[\"https:\/\/www.fiemg.com.br\/ciemg\/noticias\/fiemg-anjos-e-apresentado-em-reuniao-do-ciemg\/\"]}]},{\"@type\":\"ImageObject\",\"inLanguage\":\"pt-BR\",\"@id\":\"https:\/\/www.fiemg.com.br\/ciemg\/noticias\/fiemg-anjos-e-apresentado-em-reuniao-do-ciemg\/#primaryimage\",\"url\":\"https:\/\/www.fiemg.com.br\/ciemg\/wp-content\/uploads\/sites\/9\/2026\/03\/ciemg_thumb.jpeg\",\"contentUrl\":\"https:\/\/www.fiemg.com.br\/ciemg\/wp-content\/uploads\/sites\/9\/2026\/03\/ciemg_thumb.jpeg\",\"width\":512,\"height\":512,\"caption\":\"FIEMG Anjos \u00e9 apresentado durante reuni\u00e3o do CIEMG\"},{\"@type\":\"BreadcrumbList\",\"@id\":\"https:\/\/www.fiemg.com.br\/ciemg\/noticias\/fiemg-anjos-e-apresentado-em-reuniao-do-ciemg\/#breadcrumb\",\"itemListElement\":[{\"@type\":\"ListItem\",\"position\":1,\"name\":\"In\u00edcio\",\"item\":\"https:\/\/www.fiemg.com.br\/ciemg\/\"},{\"@type\":\"ListItem\",\"position\":2,\"name\":\"FIEMG Anjos \u00e9 apresentado em reuni\u00e3o do CIEMG\"}]},{\"@type\":\"WebSite\",\"@id\":\"https:\/\/www.fiemg.com.br\/ciemg\/#website\",\"url\":\"https:\/\/www.fiemg.com.br\/ciemg\/\",\"name\":\"CIEMG\",\"description\":\"Federa\u00e7\u00e3o das Ind\u00fastrias do Estado de Minas Gerais\",\"publisher\":{\"@id\":\"https:\/\/www.fiemg.com.br\/ciemg\/#organization\"},\"potentialAction\":[{\"@type\":\"SearchAction\",\"target\":{\"@type\":\"EntryPoint\",\"urlTemplate\":\"https:\/\/www.fiemg.com.br\/ciemg\/?s={search_term_string}\"},\"query-input\":{\"@type\":\"PropertyValueSpecification\",\"valueRequired\":true,\"valueName\":\"search_term_string\"}}],\"inLanguage\":\"pt-BR\"},{\"@type\":\"Organization\",\"@id\":\"https:\/\/www.fiemg.com.br\/ciemg\/#organization\",\"name\":\"CIEMG\",\"url\":\"https:\/\/www.fiemg.com.br\/ciemg\/\",\"logo\":{\"@type\":\"ImageObject\",\"inLanguage\":\"pt-BR\",\"@id\":\"https:\/\/www.fiemg.com.br\/ciemg\/#\/schema\/logo\/image\/\",\"url\":\"https:\/\/www.fiemg.com.br\/ciemg\/wp-content\/uploads\/sites\/9\/2023\/02\/CIEMG_branco.svg\",\"contentUrl\":\"https:\/\/www.fiemg.com.br\/ciemg\/wp-content\/uploads\/sites\/9\/2023\/02\/CIEMG_branco.svg\",\"width\":906,\"height\":242,\"caption\":\"CIEMG\"},\"image\":{\"@id\":\"https:\/\/www.fiemg.com.br\/ciemg\/#\/schema\/logo\/image\/\"}}]}<\/script>\n<!-- \/ Yoast SEO plugin. -->","yoast_head_json":{"title":"FIEMG Anjos \u00e9 apresentado em reuni\u00e3o do CIEMG - CIEMG","description":"Projeto re\u00fane empres\u00e1rios e executivos interessados em investir em indtechs e startups que desenvolvem tecnologias e solu\u00e7\u00f5es voltadas \u00e0 ind\u00fastria","robots":{"index":"index","follow":"follow","max-snippet":"max-snippet:-1","max-image-preview":"max-image-preview:large","max-video-preview":"max-video-preview:-1"},"canonical":"https:\/\/www.fiemg.com.br\/ciemg\/noticias\/fiemg-anjos-e-apresentado-em-reuniao-do-ciemg\/","og_locale":"pt_BR","og_type":"article","og_title":"FIEMG Anjos \u00e9 apresentado em reuni\u00e3o do CIEMG - CIEMG","og_description":"Projeto re\u00fane empres\u00e1rios e executivos interessados em investir em indtechs e startups que desenvolvem tecnologias e solu\u00e7\u00f5es voltadas \u00e0 ind\u00fastria","og_url":"https:\/\/www.fiemg.com.br\/ciemg\/noticias\/fiemg-anjos-e-apresentado-em-reuniao-do-ciemg\/","og_site_name":"CIEMG","article_modified_time":"2026-03-10T18:06:41+00:00","og_image":[{"width":512,"height":512,"url":"https:\/\/www.fiemg.com.br\/ciemg\/wp-content\/uploads\/sites\/9\/2026\/03\/ciemg_thumb.jpeg","type":"image\/jpeg"}],"twitter_card":"summary_large_image","twitter_misc":{"Est. tempo de leitura":"3 minutos"},"schema":{"@context":"https:\/\/schema.org","@graph":[{"@type":"WebPage","@id":"https:\/\/www.fiemg.com.br\/ciemg\/noticias\/fiemg-anjos-e-apresentado-em-reuniao-do-ciemg\/","url":"https:\/\/www.fiemg.com.br\/ciemg\/noticias\/fiemg-anjos-e-apresentado-em-reuniao-do-ciemg\/","name":"FIEMG Anjos \u00e9 apresentado em reuni\u00e3o do CIEMG - CIEMG","isPartOf":{"@id":"https:\/\/www.fiemg.com.br\/ciemg\/#website"},"primaryImageOfPage":{"@id":"https:\/\/www.fiemg.com.br\/ciemg\/noticias\/fiemg-anjos-e-apresentado-em-reuniao-do-ciemg\/#primaryimage"},"image":{"@id":"https:\/\/www.fiemg.com.br\/ciemg\/noticias\/fiemg-anjos-e-apresentado-em-reuniao-do-ciemg\/#primaryimage"},"thumbnailUrl":"https:\/\/www.fiemg.com.br\/ciemg\/wp-content\/uploads\/sites\/9\/2026\/03\/ciemg_thumb.jpeg","datePublished":"2026-03-10T17:57:57+00:00","dateModified":"2026-03-10T18:06:41+00:00","description":"Projeto re\u00fane empres\u00e1rios e executivos interessados em investir em indtechs e startups que desenvolvem tecnologias e solu\u00e7\u00f5es voltadas \u00e0 ind\u00fastria","breadcrumb":{"@id":"https:\/\/www.fiemg.com.br\/ciemg\/noticias\/fiemg-anjos-e-apresentado-em-reuniao-do-ciemg\/#breadcrumb"},"inLanguage":"pt-BR","potentialAction":[{"@type":"ReadAction","target":["https:\/\/www.fiemg.com.br\/ciemg\/noticias\/fiemg-anjos-e-apresentado-em-reuniao-do-ciemg\/"]}]},{"@type":"ImageObject","inLanguage":"pt-BR","@id":"https:\/\/www.fiemg.com.br\/ciemg\/noticias\/fiemg-anjos-e-apresentado-em-reuniao-do-ciemg\/#primaryimage","url":"https:\/\/www.fiemg.com.br\/ciemg\/wp-content\/uploads\/sites\/9\/2026\/03\/ciemg_thumb.jpeg","contentUrl":"https:\/\/www.fiemg.com.br\/ciemg\/wp-content\/uploads\/sites\/9\/2026\/03\/ciemg_thumb.jpeg","width":512,"height":512,"caption":"FIEMG Anjos \u00e9 apresentado durante reuni\u00e3o do CIEMG"},{"@type":"BreadcrumbList","@id":"https:\/\/www.fiemg.com.br\/ciemg\/noticias\/fiemg-anjos-e-apresentado-em-reuniao-do-ciemg\/#breadcrumb","itemListElement":[{"@type":"ListItem","position":1,"name":"In\u00edcio","item":"https:\/\/www.fiemg.com.br\/ciemg\/"},{"@type":"ListItem","position":2,"name":"FIEMG Anjos \u00e9 apresentado em reuni\u00e3o do CIEMG"}]},{"@type":"WebSite","@id":"https:\/\/www.fiemg.com.br\/ciemg\/#website","url":"https:\/\/www.fiemg.com.br\/ciemg\/","name":"CIEMG","description":"Federa\u00e7\u00e3o das Ind\u00fastrias do Estado de Minas Gerais","publisher":{"@id":"https:\/\/www.fiemg.com.br\/ciemg\/#organization"},"potentialAction":[{"@type":"SearchAction","target":{"@type":"EntryPoint","urlTemplate":"https:\/\/www.fiemg.com.br\/ciemg\/?s={search_term_string}"},"query-input":{"@type":"PropertyValueSpecification","valueRequired":true,"valueName":"search_term_string"}}],"inLanguage":"pt-BR"},{"@type":"Organization","@id":"https:\/\/www.fiemg.com.br\/ciemg\/#organization","name":"CIEMG","url":"https:\/\/www.fiemg.com.br\/ciemg\/","logo":{"@type":"ImageObject","inLanguage":"pt-BR","@id":"https:\/\/www.fiemg.com.br\/ciemg\/#\/schema\/logo\/image\/","url":"https:\/\/www.fiemg.com.br\/ciemg\/wp-content\/uploads\/sites\/9\/2023\/02\/CIEMG_branco.svg","contentUrl":"https:\/\/www.fiemg.com.br\/ciemg\/wp-content\/uploads\/sites\/9\/2023\/02\/CIEMG_branco.svg","width":906,"height":242,"caption":"CIEMG"},"image":{"@id":"https:\/\/www.fiemg.com.br\/ciemg\/#\/schema\/logo\/image\/"}}]}},"_links":{"self":[{"href":"https:\/\/www.fiemg.com.br\/ciemg\/wp-json\/wp\/v2\/noticias\/2365","targetHints":{"allow":["GET"]}}],"collection":[{"href":"https:\/\/www.fiemg.com.br\/ciemg\/wp-json\/wp\/v2\/noticias"}],"about":[{"href":"https:\/\/www.fiemg.com.br\/ciemg\/wp-json\/wp\/v2\/types\/noticias"}],"wp:featuredmedia":[{"embeddable":true,"href":"https:\/\/www.fiemg.com.br\/ciemg\/wp-json\/wp\/v2\/media\/2366"}],"wp:attachment":[{"href":"https:\/\/www.fiemg.com.br\/ciemg\/wp-json\/wp\/v2\/media?parent=2365"}],"wp:term":[{"taxonomy":"category","embeddable":true,"href":"https:\/\/www.fiemg.com.br\/ciemg\/wp-json\/wp\/v2\/categories?post=2365"},{"taxonomy":"post_tag","embeddable":true,"href":"https:\/\/www.fiemg.com.br\/ciemg\/wp-json\/wp\/v2\/tags?post=2365"}],"curies":[{"name":"wp","href":"https:\/\/api.w.org\/{rel}","templated":true}]}}