{"id":10019,"date":"2025-10-23T16:00:00","date_gmt":"2025-10-23T19:00:00","guid":{"rendered":"https:\/\/www.fiemg.com.br\/fiemg\/?post_type=noticias&#038;p=10019"},"modified":"2025-10-23T15:37:39","modified_gmt":"2025-10-23T18:37:39","slug":"olegario-turbantes-leva-ancestralidade-e-sustentabilidade-a-34a-edicao-do-minas-trend","status":"publish","type":"noticias","link":"https:\/\/www.fiemg.com.br\/fiemg\/noticias\/olegario-turbantes-leva-ancestralidade-e-sustentabilidade-a-34a-edicao-do-minas-trend\/","title":{"rendered":"Oleg\u00e1rio Turbantes leva ancestralidade e sustentabilidade \u00e0 34\u00aa edi\u00e7\u00e3o do Minas Trend"},"content":{"rendered":"\n<p>A 34\u00aa edi\u00e7\u00e3o do Minas Trend, realizada pela FIEMG, reafirma seu papel como vitrine da moda brasileira ao promover a diversidade e a representatividade no setor. Entre as mais de 150 marcas participantes, um dos destaques \u00e9 a <strong>Oleg\u00e1rio Turbantes<\/strong>, da alagoana <strong>Maria Tereza Oleg\u00e1rio da Silva<\/strong>, afroempreendedora que tem feito da moda um instrumento de resist\u00eancia, identidade e sustentabilidade.<\/p>\n\n\n\n<p>Pela segunda vez no evento, Maria Tereza celebra o espa\u00e7o conquistado por sua marca em um dos maiores sal\u00f5es de neg\u00f3cios de moda da Am\u00e9rica Latina. \u201c\u00c9 uma oportunidade de representar outras mulheres e de mostrar, com orgulho, a for\u00e7a criativa que nasce nas periferias e no Nordeste. Voltar ao Minas Trend confirma que estamos no caminho certo e nos impulsiona a sonhar ainda mais alto\u201d, afirmou Maria Tereza.<\/p>\n\n\n\n<p>Ela destaca a import\u00e2ncia de ver a cultura afro presente em um evento dessa dimens\u00e3o. \u201cQuerendo ou n\u00e3o, somos a \u00fanica marca afro aqui no Minas Trend. As pessoas n\u00e3o est\u00e3o acostumadas a ver acess\u00f3rios afro em um evento t\u00e3o grandioso como esse, e isso me enche de orgulho. Estar aqui \u00e9 ocupar espa\u00e7o, abrir caminhos e inspirar novas vozes para que, amanh\u00e3, sejamos muitas\u201d, ressaltou Maria Tereza.<\/p>\n\n\n\n<p>Criada a partir de um processo pessoal de autodescoberta e afirma\u00e7\u00e3o, a Oleg\u00e1rio Turbantes nasceu quando Maria Tereza decidiu assumir seus cabelos crespos e come\u00e7ou a confeccionar seus pr\u00f3prios acess\u00f3rios com retalhos de tecidos da av\u00f3. O que come\u00e7ou como um gesto simb\u00f3lico tornou-se um neg\u00f3cio de impacto social e cultural. \u201cA Oleg\u00e1rio surgiu no momento da minha transi\u00e7\u00e3o capilar. Eu pegava os retalhos da saia da minha av\u00f3 e fazia meus pr\u00f3prios turbantes. Hoje, posso dizer que esse dom me salvou, me deu autonomia e me trouxe um prop\u00f3sito: transformar hist\u00f3rias por meio da moda\u201d, relembrou Maria Tereza.<\/p>\n\n\n\n<p>As cria\u00e7\u00f5es da marca v\u00e3o al\u00e9m da est\u00e9tica. Cada pe\u00e7a carrega hist\u00f3rias e significados que conectam moda, ancestralidade e meio ambiente. \u201cA Oleg\u00e1rio Turbantes \u00e9 sin\u00f4nimo de resist\u00eancia. Quero mostrar principalmente para as mulheres da periferia que n\u00f3s somos capazes de chegar a qualquer lugar. Quando visto um turbante, visto tamb\u00e9m a mem\u00f3ria das minhas ancestrais e a certeza de que pertencemos\u201d, enfatizou Maria Tereza.<\/p>\n\n\n\n<p>Sustentabilidade \u00e9 um pilar do ateli\u00ea. As produ\u00e7\u00f5es utilizam tecidos 100% algod\u00e3o e valorizam o reaproveitamento de materiais, transformando retalhos em bolsas, colares, echarpes e faixas. \u201cA gente reaproveita cada peda\u00e7o, ajudando o meio ambiente e conscientizando as pessoas de que \u00e9 poss\u00edvel fazer moda de forma sustent\u00e1vel, acess\u00edvel e colorida. O upcycling \u00e9 o nosso ponto de partida e tamb\u00e9m o nosso diferencial\u201d, explicou Maria Tereza.<\/p>\n\n\n\n<p>A Oleg\u00e1rio Turbantes tamb\u00e9m representa a for\u00e7a da economia criativa nordestina e a conex\u00e3o entre culturas. As cores vibrantes e as estampas da marca mesclam elementos afro e refer\u00eancias da cultura alagoana, traduzindo o esp\u00edrito de alegria e autenticidade que guia o trabalho da empreendedora.<\/p>\n\n\n\n<p>Participando do evento com o apoio do <strong>Sindivest Alagoas<\/strong>, <strong>Maria Tereza<\/strong> refor\u00e7a a import\u00e2ncia do Minas Trend como um espa\u00e7o de visibilidade e valoriza\u00e7\u00e3o da diversidade. \u201cA visibilidade que o Minas Trend nos d\u00e1 \u00e9 imensa. As pessoas me reconhecem, v\u00eam falar que me viram na televis\u00e3o ou na internet. Isso mostra que o evento est\u00e1 abra\u00e7ando a cultura afro e dando espa\u00e7o para novas vozes, e isso tem um impacto real nos nossos neg\u00f3cios\u201d, destacou Maria Tereza.<\/p>\n\n\n\n<p>A 34\u00aa edi\u00e7\u00e3o do Minas Trend vai at\u00e9 dia 23 de outubro no BH Shopping com os lan\u00e7amentos da cole\u00e7\u00e3o outono-inverno. S\u00e3o 203 estandes, um aumento de 54% em rela\u00e7\u00e3o \u00e0 edi\u00e7\u00e3o passada, em abril, e mais de 150 marcas participantes. O evento, que tem como slogan \u201cA moda se move com voc\u00ea\u201d, \u00e9 uma realiza\u00e7\u00e3o da FIEMG, por iniciativa de sua C\u00e2mara da Ind\u00fastria de Insumos e Transforma\u00e7\u00e3o do Vestu\u00e1rio, Cal\u00e7ados e Acess\u00f3rios, e suas entidades SESI e SENAI, com patroc\u00ednio da Companhia de Desenvolvimento de Minas Gerais (Codemge) e apoio m\u00e1ster do Sebrae Minas.<\/p>\n\n\n\n<p><strong>34\u00aa edi\u00e7\u00e3o do Minas Trend<\/strong><strong><br><\/strong><strong>Data:<\/strong> 21 a 23 de outubro de 2025<br><strong>Local:<\/strong> BH Shopping | Piso Ouro Preto, BR-356, 3049, Belvedere \u2013 Belo Horizonte<\/p>\n\n\n\n<p><em>Fernanda Borges<br><\/em><strong>Imprensa FIEMG<\/strong><\/p>\n\n\n\n<p><\/p>\n","protected":false},"featured_media":10021,"template":"","categories":[15],"tags":[78,339],"class_list":["post-10019","noticias","type-noticias","status-publish","has-post-thumbnail","hentry","category-desenvolvimento-industrial","tag-fiemg","tag-minas-trend"],"acf":[],"yoast_head":"<!-- This site is optimized with the Yoast SEO plugin v26.2 - https:\/\/yoast.com\/wordpress\/plugins\/seo\/ -->\n<title>Oleg\u00e1rio Turbantes leva ancestralidade e sustentabilidade \u00e0 34\u00aa edi\u00e7\u00e3o do Minas Trend - FIEMG<\/title>\n<meta name=\"robots\" content=\"index, follow, max-snippet:-1, max-image-preview:large, max-video-preview:-1\" \/>\n<link rel=\"canonical\" href=\"https:\/\/www.fiemg.com.br\/fiemg\/noticias\/olegario-turbantes-leva-ancestralidade-e-sustentabilidade-a-34a-edicao-do-minas-trend\/\" \/>\n<meta property=\"og:locale\" content=\"pt_BR\" \/>\n<meta property=\"og:type\" content=\"article\" \/>\n<meta property=\"og:title\" content=\"Oleg\u00e1rio Turbantes leva ancestralidade e sustentabilidade \u00e0 34\u00aa edi\u00e7\u00e3o do Minas Trend - FIEMG\" \/>\n<meta property=\"og:description\" content=\"A 34\u00aa edi\u00e7\u00e3o do Minas Trend, realizada pela FIEMG, reafirma seu papel como vitrine da moda brasileira ao promover a diversidade e a representatividade no setor. Entre as mais de 150 marcas participantes, um dos destaques \u00e9 a Oleg\u00e1rio Turbantes, da alagoana Maria Tereza Oleg\u00e1rio da Silva, afroempreendedora que tem feito da moda um instrumento [&hellip;]\" \/>\n<meta property=\"og:url\" content=\"https:\/\/www.fiemg.com.br\/fiemg\/noticias\/olegario-turbantes-leva-ancestralidade-e-sustentabilidade-a-34a-edicao-do-minas-trend\/\" \/>\n<meta property=\"og:site_name\" content=\"FIEMG\" \/>\n<meta property=\"og:image\" content=\"https:\/\/www.fiemg.com.br\/fiemg\/wp-content\/uploads\/sites\/10\/2025\/10\/Olegario-Turbantes.png\" \/>\n\t<meta property=\"og:image:width\" content=\"520\" \/>\n\t<meta property=\"og:image:height\" content=\"493\" \/>\n\t<meta property=\"og:image:type\" content=\"image\/png\" \/>\n<meta name=\"twitter:card\" content=\"summary_large_image\" \/>\n<meta name=\"twitter:label1\" content=\"Est. tempo de leitura\" \/>\n\t<meta name=\"twitter:data1\" content=\"4 minutos\" \/>\n<script type=\"application\/ld+json\" class=\"yoast-schema-graph\">{\"@context\":\"https:\/\/schema.org\",\"@graph\":[{\"@type\":\"WebPage\",\"@id\":\"https:\/\/www.fiemg.com.br\/fiemg\/noticias\/olegario-turbantes-leva-ancestralidade-e-sustentabilidade-a-34a-edicao-do-minas-trend\/\",\"url\":\"https:\/\/www.fiemg.com.br\/fiemg\/noticias\/olegario-turbantes-leva-ancestralidade-e-sustentabilidade-a-34a-edicao-do-minas-trend\/\",\"name\":\"Oleg\u00e1rio Turbantes leva ancestralidade e sustentabilidade \u00e0 34\u00aa edi\u00e7\u00e3o do Minas Trend - FIEMG\",\"isPartOf\":{\"@id\":\"https:\/\/www.fiemg.com.br\/fiemg\/#website\"},\"primaryImageOfPage\":{\"@id\":\"https:\/\/www.fiemg.com.br\/fiemg\/noticias\/olegario-turbantes-leva-ancestralidade-e-sustentabilidade-a-34a-edicao-do-minas-trend\/#primaryimage\"},\"image\":{\"@id\":\"https:\/\/www.fiemg.com.br\/fiemg\/noticias\/olegario-turbantes-leva-ancestralidade-e-sustentabilidade-a-34a-edicao-do-minas-trend\/#primaryimage\"},\"thumbnailUrl\":\"https:\/\/www.fiemg.com.br\/fiemg\/wp-content\/uploads\/sites\/10\/2025\/10\/Olegario-Turbantes.png\",\"datePublished\":\"2025-10-23T19:00:00+00:00\",\"breadcrumb\":{\"@id\":\"https:\/\/www.fiemg.com.br\/fiemg\/noticias\/olegario-turbantes-leva-ancestralidade-e-sustentabilidade-a-34a-edicao-do-minas-trend\/#breadcrumb\"},\"inLanguage\":\"pt-BR\",\"potentialAction\":[{\"@type\":\"ReadAction\",\"target\":[\"https:\/\/www.fiemg.com.br\/fiemg\/noticias\/olegario-turbantes-leva-ancestralidade-e-sustentabilidade-a-34a-edicao-do-minas-trend\/\"]}]},{\"@type\":\"ImageObject\",\"inLanguage\":\"pt-BR\",\"@id\":\"https:\/\/www.fiemg.com.br\/fiemg\/noticias\/olegario-turbantes-leva-ancestralidade-e-sustentabilidade-a-34a-edicao-do-minas-trend\/#primaryimage\",\"url\":\"https:\/\/www.fiemg.com.br\/fiemg\/wp-content\/uploads\/sites\/10\/2025\/10\/Olegario-Turbantes.png\",\"contentUrl\":\"https:\/\/www.fiemg.com.br\/fiemg\/wp-content\/uploads\/sites\/10\/2025\/10\/Olegario-Turbantes.png\",\"width\":520,\"height\":493},{\"@type\":\"BreadcrumbList\",\"@id\":\"https:\/\/www.fiemg.com.br\/fiemg\/noticias\/olegario-turbantes-leva-ancestralidade-e-sustentabilidade-a-34a-edicao-do-minas-trend\/#breadcrumb\",\"itemListElement\":[{\"@type\":\"ListItem\",\"position\":1,\"name\":\"In\u00edcio\",\"item\":\"https:\/\/www.fiemg.com.br\/fiemg\/\"},{\"@type\":\"ListItem\",\"position\":2,\"name\":\"Oleg\u00e1rio Turbantes leva ancestralidade e sustentabilidade \u00e0 34\u00aa edi\u00e7\u00e3o do Minas Trend\"}]},{\"@type\":\"WebSite\",\"@id\":\"https:\/\/www.fiemg.com.br\/fiemg\/#website\",\"url\":\"https:\/\/www.fiemg.com.br\/fiemg\/\",\"name\":\"FIEMG\",\"description\":\"Federa\u00e7\u00e3o das Ind\u00fastrias do Estado de Minas Gerais\",\"publisher\":{\"@id\":\"https:\/\/www.fiemg.com.br\/fiemg\/#organization\"},\"potentialAction\":[{\"@type\":\"SearchAction\",\"target\":{\"@type\":\"EntryPoint\",\"urlTemplate\":\"https:\/\/www.fiemg.com.br\/fiemg\/?s={search_term_string}\"},\"query-input\":{\"@type\":\"PropertyValueSpecification\",\"valueRequired\":true,\"valueName\":\"search_term_string\"}}],\"inLanguage\":\"pt-BR\"},{\"@type\":\"Organization\",\"@id\":\"https:\/\/www.fiemg.com.br\/fiemg\/#organization\",\"name\":\"FIEMG\",\"url\":\"https:\/\/www.fiemg.com.br\/fiemg\/\",\"logo\":{\"@type\":\"ImageObject\",\"inLanguage\":\"pt-BR\",\"@id\":\"https:\/\/www.fiemg.com.br\/fiemg\/#\/schema\/logo\/image\/\",\"url\":\"https:\/\/www.fiemg.com.br\/fiemg\/wp-content\/uploads\/sites\/10\/2023\/02\/fiemg_branco.svg\",\"contentUrl\":\"https:\/\/www.fiemg.com.br\/fiemg\/wp-content\/uploads\/sites\/10\/2023\/02\/fiemg_branco.svg\",\"width\":561,\"height\":147,\"caption\":\"FIEMG\"},\"image\":{\"@id\":\"https:\/\/www.fiemg.com.br\/fiemg\/#\/schema\/logo\/image\/\"}}]}<\/script>\n<!-- \/ Yoast SEO plugin. -->","yoast_head_json":{"title":"Oleg\u00e1rio Turbantes leva ancestralidade e sustentabilidade \u00e0 34\u00aa edi\u00e7\u00e3o do Minas Trend - FIEMG","robots":{"index":"index","follow":"follow","max-snippet":"max-snippet:-1","max-image-preview":"max-image-preview:large","max-video-preview":"max-video-preview:-1"},"canonical":"https:\/\/www.fiemg.com.br\/fiemg\/noticias\/olegario-turbantes-leva-ancestralidade-e-sustentabilidade-a-34a-edicao-do-minas-trend\/","og_locale":"pt_BR","og_type":"article","og_title":"Oleg\u00e1rio Turbantes leva ancestralidade e sustentabilidade \u00e0 34\u00aa edi\u00e7\u00e3o do Minas Trend - FIEMG","og_description":"A 34\u00aa edi\u00e7\u00e3o do Minas Trend, realizada pela FIEMG, reafirma seu papel como vitrine da moda brasileira ao promover a diversidade e a representatividade no setor. Entre as mais de 150 marcas participantes, um dos destaques \u00e9 a Oleg\u00e1rio Turbantes, da alagoana Maria Tereza Oleg\u00e1rio da Silva, afroempreendedora que tem feito da moda um instrumento [&hellip;]","og_url":"https:\/\/www.fiemg.com.br\/fiemg\/noticias\/olegario-turbantes-leva-ancestralidade-e-sustentabilidade-a-34a-edicao-do-minas-trend\/","og_site_name":"FIEMG","og_image":[{"width":520,"height":493,"url":"https:\/\/www.fiemg.com.br\/fiemg\/wp-content\/uploads\/sites\/10\/2025\/10\/Olegario-Turbantes.png","type":"image\/png"}],"twitter_card":"summary_large_image","twitter_misc":{"Est. tempo de leitura":"4 minutos"},"schema":{"@context":"https:\/\/schema.org","@graph":[{"@type":"WebPage","@id":"https:\/\/www.fiemg.com.br\/fiemg\/noticias\/olegario-turbantes-leva-ancestralidade-e-sustentabilidade-a-34a-edicao-do-minas-trend\/","url":"https:\/\/www.fiemg.com.br\/fiemg\/noticias\/olegario-turbantes-leva-ancestralidade-e-sustentabilidade-a-34a-edicao-do-minas-trend\/","name":"Oleg\u00e1rio Turbantes leva ancestralidade e sustentabilidade \u00e0 34\u00aa edi\u00e7\u00e3o do Minas Trend - FIEMG","isPartOf":{"@id":"https:\/\/www.fiemg.com.br\/fiemg\/#website"},"primaryImageOfPage":{"@id":"https:\/\/www.fiemg.com.br\/fiemg\/noticias\/olegario-turbantes-leva-ancestralidade-e-sustentabilidade-a-34a-edicao-do-minas-trend\/#primaryimage"},"image":{"@id":"https:\/\/www.fiemg.com.br\/fiemg\/noticias\/olegario-turbantes-leva-ancestralidade-e-sustentabilidade-a-34a-edicao-do-minas-trend\/#primaryimage"},"thumbnailUrl":"https:\/\/www.fiemg.com.br\/fiemg\/wp-content\/uploads\/sites\/10\/2025\/10\/Olegario-Turbantes.png","datePublished":"2025-10-23T19:00:00+00:00","breadcrumb":{"@id":"https:\/\/www.fiemg.com.br\/fiemg\/noticias\/olegario-turbantes-leva-ancestralidade-e-sustentabilidade-a-34a-edicao-do-minas-trend\/#breadcrumb"},"inLanguage":"pt-BR","potentialAction":[{"@type":"ReadAction","target":["https:\/\/www.fiemg.com.br\/fiemg\/noticias\/olegario-turbantes-leva-ancestralidade-e-sustentabilidade-a-34a-edicao-do-minas-trend\/"]}]},{"@type":"ImageObject","inLanguage":"pt-BR","@id":"https:\/\/www.fiemg.com.br\/fiemg\/noticias\/olegario-turbantes-leva-ancestralidade-e-sustentabilidade-a-34a-edicao-do-minas-trend\/#primaryimage","url":"https:\/\/www.fiemg.com.br\/fiemg\/wp-content\/uploads\/sites\/10\/2025\/10\/Olegario-Turbantes.png","contentUrl":"https:\/\/www.fiemg.com.br\/fiemg\/wp-content\/uploads\/sites\/10\/2025\/10\/Olegario-Turbantes.png","width":520,"height":493},{"@type":"BreadcrumbList","@id":"https:\/\/www.fiemg.com.br\/fiemg\/noticias\/olegario-turbantes-leva-ancestralidade-e-sustentabilidade-a-34a-edicao-do-minas-trend\/#breadcrumb","itemListElement":[{"@type":"ListItem","position":1,"name":"In\u00edcio","item":"https:\/\/www.fiemg.com.br\/fiemg\/"},{"@type":"ListItem","position":2,"name":"Oleg\u00e1rio Turbantes leva ancestralidade e sustentabilidade \u00e0 34\u00aa edi\u00e7\u00e3o do Minas Trend"}]},{"@type":"WebSite","@id":"https:\/\/www.fiemg.com.br\/fiemg\/#website","url":"https:\/\/www.fiemg.com.br\/fiemg\/","name":"FIEMG","description":"Federa\u00e7\u00e3o das Ind\u00fastrias do Estado de Minas Gerais","publisher":{"@id":"https:\/\/www.fiemg.com.br\/fiemg\/#organization"},"potentialAction":[{"@type":"SearchAction","target":{"@type":"EntryPoint","urlTemplate":"https:\/\/www.fiemg.com.br\/fiemg\/?s={search_term_string}"},"query-input":{"@type":"PropertyValueSpecification","valueRequired":true,"valueName":"search_term_string"}}],"inLanguage":"pt-BR"},{"@type":"Organization","@id":"https:\/\/www.fiemg.com.br\/fiemg\/#organization","name":"FIEMG","url":"https:\/\/www.fiemg.com.br\/fiemg\/","logo":{"@type":"ImageObject","inLanguage":"pt-BR","@id":"https:\/\/www.fiemg.com.br\/fiemg\/#\/schema\/logo\/image\/","url":"https:\/\/www.fiemg.com.br\/fiemg\/wp-content\/uploads\/sites\/10\/2023\/02\/fiemg_branco.svg","contentUrl":"https:\/\/www.fiemg.com.br\/fiemg\/wp-content\/uploads\/sites\/10\/2023\/02\/fiemg_branco.svg","width":561,"height":147,"caption":"FIEMG"},"image":{"@id":"https:\/\/www.fiemg.com.br\/fiemg\/#\/schema\/logo\/image\/"}}]}},"_links":{"self":[{"href":"https:\/\/www.fiemg.com.br\/fiemg\/wp-json\/wp\/v2\/noticias\/10019","targetHints":{"allow":["GET"]}}],"collection":[{"href":"https:\/\/www.fiemg.com.br\/fiemg\/wp-json\/wp\/v2\/noticias"}],"about":[{"href":"https:\/\/www.fiemg.com.br\/fiemg\/wp-json\/wp\/v2\/types\/noticias"}],"wp:featuredmedia":[{"embeddable":true,"href":"https:\/\/www.fiemg.com.br\/fiemg\/wp-json\/wp\/v2\/media\/10021"}],"wp:attachment":[{"href":"https:\/\/www.fiemg.com.br\/fiemg\/wp-json\/wp\/v2\/media?parent=10019"}],"wp:term":[{"taxonomy":"category","embeddable":true,"href":"https:\/\/www.fiemg.com.br\/fiemg\/wp-json\/wp\/v2\/categories?post=10019"},{"taxonomy":"post_tag","embeddable":true,"href":"https:\/\/www.fiemg.com.br\/fiemg\/wp-json\/wp\/v2\/tags?post=10019"}],"curies":[{"name":"wp","href":"https:\/\/api.w.org\/{rel}","templated":true}]}}