{"id":10140,"date":"2025-10-31T11:10:55","date_gmt":"2025-10-31T14:10:55","guid":{"rendered":"https:\/\/www.fiemg.com.br\/fiemg\/noticias\/primeiro-dia-do-evento-reuniu-estudantes-familias-e-curiosos-em-uma-celebracao-gratuita-da-educacao-tecnologia-e-criatividade\/"},"modified":"2025-10-31T12:02:25","modified_gmt":"2025-10-31T15:02:25","slug":"primeiro-dia-do-evento-reuniu-estudantes-familias-e-curiosos-em-uma-celebracao-gratuita-da-educacao-tecnologia-e-criatividade","status":"publish","type":"noticias","link":"https:\/\/www.fiemg.com.br\/fiemg\/noticias\/primeiro-dia-do-evento-reuniu-estudantes-familias-e-curiosos-em-uma-celebracao-gratuita-da-educacao-tecnologia-e-criatividade\/","title":{"rendered":"Festival SESI de Rob\u00f3tica transforma o BH Shopping em palco da ci\u00eancia e da imagina\u00e7\u00e3o"},"content":{"rendered":"\n<p>O Festival SESI de Rob\u00f3tica \u2013 Regional Minas Gerais 2025\/2026 come\u00e7ou nesta sexta-feira, 31 de outubro, levando muita ci\u00eancia, tecnologia e divers\u00e3o ao BH Shopping, em Belo Horizonte. O espa\u00e7o se transformou em um verdadeiro palco da inova\u00e7\u00e3o, reunindo estudantes, educadores, fam\u00edlias e apaixonados por rob\u00f3tica de todas as idades. Com entrada gratuita, o evento teve in\u00edcio em clima de entusiasmo e aprendizado compartilhado&nbsp; e segue com programa\u00e7\u00e3o completa neste s\u00e1bado, 1\u00ba de novembro.<br><br>Com o tema global FIRST AGE \u2013 Inspired by Archaeology, a temporada convidou os participantes a explorar a arqueologia como fonte de descobertas e inspira\u00e7\u00e3o tecnol\u00f3gica. A proposta foi revisitar o passado para projetar o futuro, unindo ci\u00eancia, hist\u00f3ria e imagina\u00e7\u00e3o em desafios que colocaram \u00e0 prova o racioc\u00ednio e a criatividade dos competidores.<\/p>\n\n\n\n<p>Durante a cerim\u00f4nia de abertura, a gerente de Educa\u00e7\u00e3o B\u00e1sica do SESI-MG, Fl\u00e1via Bento, ressaltou o compromisso da institui\u00e7\u00e3o com a inova\u00e7\u00e3o e o futuro da educa\u00e7\u00e3o. \u201cNeste ano, nosso olhar se volta para o futuro. Vamos descentralizar o passado e colocar a inova\u00e7\u00e3o no centro das nossas a\u00e7\u00f5es\u201d, afirmou.<\/p>\n\n\n\n<p>Segundo ela, a proposta \u00e9 conectar a arqueologia, a inova\u00e7\u00e3o e a tecnologia, ampliando o olhar sobre o ensino e o aprendizado. \u201cAt\u00e9 ent\u00e3o, a rob\u00f3tica era vista como uma \u00e1rea ligada apenas \u00e0 matem\u00e1tica e \u00e0s ci\u00eancias da natureza. Agora, queremos integrar tamb\u00e9m a hist\u00f3ria, a geografia e as ci\u00eancias humanas, mostrando que a tecnologia pode, e deve, dialogar com todas as \u00e1reas do conhecimento\u201d, explicou.<br><br><\/p>\n\n\n\n<figure class=\"wp-block-image aligncenter size-full is-resized\"><img fetchpriority=\"high\" decoding=\"async\" width=\"848\" height=\"559\" src=\"https:\/\/www.fiemg.com.br\/fiemg\/wp-content\/uploads\/sites\/10\/2025\/10\/image-28.png\" alt=\"\" class=\"wp-image-10141\" style=\"width:800px\" srcset=\"https:\/\/www.fiemg.com.br\/fiemg\/wp-content\/uploads\/sites\/10\/2025\/10\/image-28.png 848w, https:\/\/www.fiemg.com.br\/fiemg\/wp-content\/uploads\/sites\/10\/2025\/10\/image-28-300x198.png 300w, https:\/\/www.fiemg.com.br\/fiemg\/wp-content\/uploads\/sites\/10\/2025\/10\/image-28-768x506.png 768w\" sizes=\"(max-width: 848px) 100vw, 848px\" \/><\/figure>\n\n\n\n<p>Fl\u00e1via destacou ainda o trabalho coletivo que torna iniciativas como essa poss\u00edveis. \u201cAgrade\u00e7o imensamente a todas as equipes participantes, de Minas Gerais e de outros departamentos, por contribu\u00edrem com tanto empenho e entusiasmo. Meu agradecimento especial ao nosso presidente, Fl\u00e1vio Roscoe, por proporcionar um momento t\u00e3o significativo; ao nosso superintendente regional do DR, Christiano Leal; aos gerentes pedag\u00f3gicos, \u00e0 equipe de psicologia, ao servi\u00e7o social e a todos que se envolveram para agregar valor e conhecimento em um espa\u00e7o que vai muito al\u00e9m da sua estrutura f\u00edsica.\u201d<\/p>\n\n\n\n<p>Encerrando sua fala, ela destacou a import\u00e2ncia dos estudantes e educadores na constru\u00e7\u00e3o de um futuro mais promissor: \u201cVoc\u00eas s\u00e3o os protagonistas do futuro. S\u00e3o voc\u00eas que v\u00e3o desenvolver o mundo e garantir uma qualidade de vida ainda melhor para todos n\u00f3s.\u201d<br><br><em><strong>Confira os depoimentos, em v\u00eddeo, de Christiano Leal, superintendente &nbsp;Regional do SESI-MG, de Fl\u00e1via Bento, gerente de Educa\u00e7\u00e3o B\u00e1sica do SESI-MG, e Mariana Rodrigues, cordenadora do Festival SESI de Rob\u00f3tica, <a href=\"https:\/\/drive.google.com\/drive\/folders\/1eIxEbEohcenPANOKoT_dht_QIJl5qdUa\">neste link<\/a>.<\/strong><\/em><\/p>\n\n\n\n<p>Nesta edi\u00e7\u00e3o, o Festival reuniu todas as modalidades oficiais da rob\u00f3tica educacional: FLL, FTC, Decode, FRC (em formato de demonstra\u00e7\u00e3o) e STEM Racing, a antiga F1 in Schools, agora como competi\u00e7\u00e3o independente integrada ao evento.<\/p>\n\n\n\n<p>Com 874 participantes, entre competidores, t\u00e9cnicos e ju\u00edzes, o torneio contou com 86 equipes de escolas SESI, p\u00fablicas, privadas e independentes, vindas de diferentes regi\u00f5es do estado e tamb\u00e9m de outros estados brasileiros.<\/p>\n\n\n\n<p>Al\u00e9m das disputas, o p\u00fablico p\u00f4de aproveitar atra\u00e7\u00f5es culturais, ativa\u00e7\u00f5es interativas e espa\u00e7os de conviv\u00eancia, que tornaram o festival uma experi\u00eancia completa para toda a fam\u00edlia. O evento foi pensado como uma oportunidade de aproximar crian\u00e7as e jovens do universo da ci\u00eancia e da tecnologia de forma leve, divertida e inspiradora.<br><br><\/p>\n\n\n\n<figure class=\"wp-block-image aligncenter size-full is-resized\"><img decoding=\"async\" width=\"895\" height=\"590\" src=\"https:\/\/www.fiemg.com.br\/fiemg\/wp-content\/uploads\/sites\/10\/2025\/10\/image-29.png\" alt=\"\" class=\"wp-image-10144\" style=\"width:800px\" srcset=\"https:\/\/www.fiemg.com.br\/fiemg\/wp-content\/uploads\/sites\/10\/2025\/10\/image-29.png 895w, https:\/\/www.fiemg.com.br\/fiemg\/wp-content\/uploads\/sites\/10\/2025\/10\/image-29-300x198.png 300w, https:\/\/www.fiemg.com.br\/fiemg\/wp-content\/uploads\/sites\/10\/2025\/10\/image-29-768x506.png 768w\" sizes=\"(max-width: 895px) 100vw, 895px\" \/><\/figure>\n\n\n\n<p>Mais do que uma competi\u00e7\u00e3o, o Festival SESI de Rob\u00f3tica reafirmou o compromisso do SESI-MG com a educa\u00e7\u00e3o STEAM, que integra Ci\u00eancia, Tecnologia, Engenharia, Arte e Matem\u00e1tica. A proposta \u00e9 estimular o pensamento criativo, o trabalho em equipe e a inclus\u00e3o, garantindo que meninas e meninos de diferentes contextos tenham acesso \u00e0s mesmas oportunidades de aprendizado e desenvolvimento.<\/p>\n\n\n\n<p>O evento tamb\u00e9m marcou uma importante etapa classificat\u00f3ria para as modalidades FLL, FTC e STEM Racing. As equipes vencedoras garantem vagas para a etapa nacional, que ser\u00e1 realizada de 4 a 8 de mar\u00e7o de 2026, em S\u00e3o Paulo. J\u00e1 a modalidade FRC aconteceu em formato amistoso, com a participa\u00e7\u00e3o de delega\u00e7\u00f5es de S\u00e3o Paulo, Goi\u00e1s e Rio de Janeiro.<br><br>Confira as fotos do primeiro dia do Festival SESI de Rob\u00f3tica <a href=\"https:\/\/www.flickr.com\/photos\/sistemafiemg\/with\/54892238401\">no Flickr do Sistema FIEMG.<\/a><br><br><strong>SERVI\u00c7O<br>Festival SESI de Rob\u00f3tica \u2013 Regional Minas Gerais 2025\/2026<\/strong><br><strong>Data: <\/strong>31\/10 e 1\u00ba\/11<br><strong>Local: <\/strong>BH Shopping, Piso Ouro Preto | BR-356, 3049 \u2013 Belvedere, Belo Horizonte\u00a0<br><strong><em>Entrada gratuita,<a href=\"https:\/\/www.sympla.com.br\/evento\/festival-sesi-de-robotica-regional-minas-gerais\/3142873?referrer=www.fiemg.com.br&amp;referrer=www.fiemg.com.br\"> retire seu ingresso no site da Sympla<\/a>.<br><\/em><\/strong><\/p>\n\n\n\n<p><em>Denise Lucas<\/em><br><strong>Imprensa FIEMG<\/strong><\/p>\n\n\n\n<p><\/p>\n","protected":false},"featured_media":10142,"template":"","categories":[],"tags":[],"class_list":["post-10140","noticias","type-noticias","status-publish","has-post-thumbnail","hentry"],"acf":[],"yoast_head":"<!-- This site is optimized with the Yoast SEO plugin v26.2 - https:\/\/yoast.com\/wordpress\/plugins\/seo\/ -->\n<title>Festival SESI de Rob\u00f3tica transforma o BH Shopping em palco da ci\u00eancia e da imagina\u00e7\u00e3o - FIEMG<\/title>\n<meta name=\"description\" content=\"Primeiro dia do evento reuniu estudantes, fam\u00edlias e curiosos em uma celebra\u00e7\u00e3o gratuita da educa\u00e7\u00e3o, tecnologia e criatividade\" \/>\n<meta name=\"robots\" content=\"index, follow, max-snippet:-1, max-image-preview:large, max-video-preview:-1\" \/>\n<link rel=\"canonical\" href=\"https:\/\/www.fiemg.com.br\/fiemg\/noticias\/primeiro-dia-do-evento-reuniu-estudantes-familias-e-curiosos-em-uma-celebracao-gratuita-da-educacao-tecnologia-e-criatividade\/\" \/>\n<meta property=\"og:locale\" content=\"pt_BR\" \/>\n<meta property=\"og:type\" content=\"article\" \/>\n<meta property=\"og:title\" content=\"Festival SESI de Rob\u00f3tica transforma o BH Shopping em palco da ci\u00eancia e da imagina\u00e7\u00e3o - FIEMG\" \/>\n<meta property=\"og:description\" content=\"Primeiro dia do evento reuniu estudantes, fam\u00edlias e curiosos em uma celebra\u00e7\u00e3o gratuita da educa\u00e7\u00e3o, tecnologia e criatividade\" \/>\n<meta property=\"og:url\" content=\"https:\/\/www.fiemg.com.br\/fiemg\/noticias\/primeiro-dia-do-evento-reuniu-estudantes-familias-e-curiosos-em-uma-celebracao-gratuita-da-educacao-tecnologia-e-criatividade\/\" \/>\n<meta property=\"og:site_name\" content=\"FIEMG\" \/>\n<meta property=\"article:modified_time\" content=\"2025-10-31T15:02:25+00:00\" \/>\n<meta property=\"og:image\" content=\"https:\/\/www.fiemg.com.br\/fiemg\/wp-content\/uploads\/sites\/10\/2025\/10\/festival-robotica-1024x1024.png\" \/>\n\t<meta property=\"og:image:width\" content=\"1024\" \/>\n\t<meta property=\"og:image:height\" content=\"1024\" \/>\n\t<meta property=\"og:image:type\" content=\"image\/png\" \/>\n<meta name=\"twitter:card\" content=\"summary_large_image\" \/>\n<meta name=\"twitter:label1\" content=\"Est. tempo de leitura\" \/>\n\t<meta name=\"twitter:data1\" content=\"5 minutos\" \/>\n<script type=\"application\/ld+json\" class=\"yoast-schema-graph\">{\"@context\":\"https:\/\/schema.org\",\"@graph\":[{\"@type\":\"WebPage\",\"@id\":\"https:\/\/www.fiemg.com.br\/fiemg\/noticias\/primeiro-dia-do-evento-reuniu-estudantes-familias-e-curiosos-em-uma-celebracao-gratuita-da-educacao-tecnologia-e-criatividade\/\",\"url\":\"https:\/\/www.fiemg.com.br\/fiemg\/noticias\/primeiro-dia-do-evento-reuniu-estudantes-familias-e-curiosos-em-uma-celebracao-gratuita-da-educacao-tecnologia-e-criatividade\/\",\"name\":\"Festival SESI de Rob\u00f3tica transforma o BH Shopping em palco da ci\u00eancia e da imagina\u00e7\u00e3o - FIEMG\",\"isPartOf\":{\"@id\":\"https:\/\/www.fiemg.com.br\/fiemg\/#website\"},\"primaryImageOfPage\":{\"@id\":\"https:\/\/www.fiemg.com.br\/fiemg\/noticias\/primeiro-dia-do-evento-reuniu-estudantes-familias-e-curiosos-em-uma-celebracao-gratuita-da-educacao-tecnologia-e-criatividade\/#primaryimage\"},\"image\":{\"@id\":\"https:\/\/www.fiemg.com.br\/fiemg\/noticias\/primeiro-dia-do-evento-reuniu-estudantes-familias-e-curiosos-em-uma-celebracao-gratuita-da-educacao-tecnologia-e-criatividade\/#primaryimage\"},\"thumbnailUrl\":\"https:\/\/www.fiemg.com.br\/fiemg\/wp-content\/uploads\/sites\/10\/2025\/10\/festival-robotica.png\",\"datePublished\":\"2025-10-31T14:10:55+00:00\",\"dateModified\":\"2025-10-31T15:02:25+00:00\",\"description\":\"Primeiro dia do evento reuniu estudantes, fam\u00edlias e curiosos em uma celebra\u00e7\u00e3o gratuita da educa\u00e7\u00e3o, tecnologia e criatividade\",\"breadcrumb\":{\"@id\":\"https:\/\/www.fiemg.com.br\/fiemg\/noticias\/primeiro-dia-do-evento-reuniu-estudantes-familias-e-curiosos-em-uma-celebracao-gratuita-da-educacao-tecnologia-e-criatividade\/#breadcrumb\"},\"inLanguage\":\"pt-BR\",\"potentialAction\":[{\"@type\":\"ReadAction\",\"target\":[\"https:\/\/www.fiemg.com.br\/fiemg\/noticias\/primeiro-dia-do-evento-reuniu-estudantes-familias-e-curiosos-em-uma-celebracao-gratuita-da-educacao-tecnologia-e-criatividade\/\"]}]},{\"@type\":\"ImageObject\",\"inLanguage\":\"pt-BR\",\"@id\":\"https:\/\/www.fiemg.com.br\/fiemg\/noticias\/primeiro-dia-do-evento-reuniu-estudantes-familias-e-curiosos-em-uma-celebracao-gratuita-da-educacao-tecnologia-e-criatividade\/#primaryimage\",\"url\":\"https:\/\/www.fiemg.com.br\/fiemg\/wp-content\/uploads\/sites\/10\/2025\/10\/festival-robotica.png\",\"contentUrl\":\"https:\/\/www.fiemg.com.br\/fiemg\/wp-content\/uploads\/sites\/10\/2025\/10\/festival-robotica.png\",\"width\":1600,\"height\":1600},{\"@type\":\"BreadcrumbList\",\"@id\":\"https:\/\/www.fiemg.com.br\/fiemg\/noticias\/primeiro-dia-do-evento-reuniu-estudantes-familias-e-curiosos-em-uma-celebracao-gratuita-da-educacao-tecnologia-e-criatividade\/#breadcrumb\",\"itemListElement\":[{\"@type\":\"ListItem\",\"position\":1,\"name\":\"In\u00edcio\",\"item\":\"https:\/\/www.fiemg.com.br\/fiemg\/\"},{\"@type\":\"ListItem\",\"position\":2,\"name\":\"Festival SESI de Rob\u00f3tica transforma o BH Shopping em palco da ci\u00eancia e da imagina\u00e7\u00e3o\"}]},{\"@type\":\"WebSite\",\"@id\":\"https:\/\/www.fiemg.com.br\/fiemg\/#website\",\"url\":\"https:\/\/www.fiemg.com.br\/fiemg\/\",\"name\":\"FIEMG\",\"description\":\"Federa\u00e7\u00e3o das Ind\u00fastrias do Estado de Minas Gerais\",\"publisher\":{\"@id\":\"https:\/\/www.fiemg.com.br\/fiemg\/#organization\"},\"potentialAction\":[{\"@type\":\"SearchAction\",\"target\":{\"@type\":\"EntryPoint\",\"urlTemplate\":\"https:\/\/www.fiemg.com.br\/fiemg\/?s={search_term_string}\"},\"query-input\":{\"@type\":\"PropertyValueSpecification\",\"valueRequired\":true,\"valueName\":\"search_term_string\"}}],\"inLanguage\":\"pt-BR\"},{\"@type\":\"Organization\",\"@id\":\"https:\/\/www.fiemg.com.br\/fiemg\/#organization\",\"name\":\"FIEMG\",\"url\":\"https:\/\/www.fiemg.com.br\/fiemg\/\",\"logo\":{\"@type\":\"ImageObject\",\"inLanguage\":\"pt-BR\",\"@id\":\"https:\/\/www.fiemg.com.br\/fiemg\/#\/schema\/logo\/image\/\",\"url\":\"https:\/\/www.fiemg.com.br\/fiemg\/wp-content\/uploads\/sites\/10\/2023\/02\/fiemg_branco.svg\",\"contentUrl\":\"https:\/\/www.fiemg.com.br\/fiemg\/wp-content\/uploads\/sites\/10\/2023\/02\/fiemg_branco.svg\",\"width\":561,\"height\":147,\"caption\":\"FIEMG\"},\"image\":{\"@id\":\"https:\/\/www.fiemg.com.br\/fiemg\/#\/schema\/logo\/image\/\"}}]}<\/script>\n<!-- \/ Yoast SEO plugin. -->","yoast_head_json":{"title":"Festival SESI de Rob\u00f3tica transforma o BH Shopping em palco da ci\u00eancia e da imagina\u00e7\u00e3o - FIEMG","description":"Primeiro dia do evento reuniu estudantes, fam\u00edlias e curiosos em uma celebra\u00e7\u00e3o gratuita da educa\u00e7\u00e3o, tecnologia e criatividade","robots":{"index":"index","follow":"follow","max-snippet":"max-snippet:-1","max-image-preview":"max-image-preview:large","max-video-preview":"max-video-preview:-1"},"canonical":"https:\/\/www.fiemg.com.br\/fiemg\/noticias\/primeiro-dia-do-evento-reuniu-estudantes-familias-e-curiosos-em-uma-celebracao-gratuita-da-educacao-tecnologia-e-criatividade\/","og_locale":"pt_BR","og_type":"article","og_title":"Festival SESI de Rob\u00f3tica transforma o BH Shopping em palco da ci\u00eancia e da imagina\u00e7\u00e3o - FIEMG","og_description":"Primeiro dia do evento reuniu estudantes, fam\u00edlias e curiosos em uma celebra\u00e7\u00e3o gratuita da educa\u00e7\u00e3o, tecnologia e criatividade","og_url":"https:\/\/www.fiemg.com.br\/fiemg\/noticias\/primeiro-dia-do-evento-reuniu-estudantes-familias-e-curiosos-em-uma-celebracao-gratuita-da-educacao-tecnologia-e-criatividade\/","og_site_name":"FIEMG","article_modified_time":"2025-10-31T15:02:25+00:00","og_image":[{"width":1024,"height":1024,"url":"https:\/\/www.fiemg.com.br\/fiemg\/wp-content\/uploads\/sites\/10\/2025\/10\/festival-robotica-1024x1024.png","type":"image\/png"}],"twitter_card":"summary_large_image","twitter_misc":{"Est. tempo de leitura":"5 minutos"},"schema":{"@context":"https:\/\/schema.org","@graph":[{"@type":"WebPage","@id":"https:\/\/www.fiemg.com.br\/fiemg\/noticias\/primeiro-dia-do-evento-reuniu-estudantes-familias-e-curiosos-em-uma-celebracao-gratuita-da-educacao-tecnologia-e-criatividade\/","url":"https:\/\/www.fiemg.com.br\/fiemg\/noticias\/primeiro-dia-do-evento-reuniu-estudantes-familias-e-curiosos-em-uma-celebracao-gratuita-da-educacao-tecnologia-e-criatividade\/","name":"Festival SESI de Rob\u00f3tica transforma o BH Shopping em palco da ci\u00eancia e da imagina\u00e7\u00e3o - FIEMG","isPartOf":{"@id":"https:\/\/www.fiemg.com.br\/fiemg\/#website"},"primaryImageOfPage":{"@id":"https:\/\/www.fiemg.com.br\/fiemg\/noticias\/primeiro-dia-do-evento-reuniu-estudantes-familias-e-curiosos-em-uma-celebracao-gratuita-da-educacao-tecnologia-e-criatividade\/#primaryimage"},"image":{"@id":"https:\/\/www.fiemg.com.br\/fiemg\/noticias\/primeiro-dia-do-evento-reuniu-estudantes-familias-e-curiosos-em-uma-celebracao-gratuita-da-educacao-tecnologia-e-criatividade\/#primaryimage"},"thumbnailUrl":"https:\/\/www.fiemg.com.br\/fiemg\/wp-content\/uploads\/sites\/10\/2025\/10\/festival-robotica.png","datePublished":"2025-10-31T14:10:55+00:00","dateModified":"2025-10-31T15:02:25+00:00","description":"Primeiro dia do evento reuniu estudantes, fam\u00edlias e curiosos em uma celebra\u00e7\u00e3o gratuita da educa\u00e7\u00e3o, tecnologia e criatividade","breadcrumb":{"@id":"https:\/\/www.fiemg.com.br\/fiemg\/noticias\/primeiro-dia-do-evento-reuniu-estudantes-familias-e-curiosos-em-uma-celebracao-gratuita-da-educacao-tecnologia-e-criatividade\/#breadcrumb"},"inLanguage":"pt-BR","potentialAction":[{"@type":"ReadAction","target":["https:\/\/www.fiemg.com.br\/fiemg\/noticias\/primeiro-dia-do-evento-reuniu-estudantes-familias-e-curiosos-em-uma-celebracao-gratuita-da-educacao-tecnologia-e-criatividade\/"]}]},{"@type":"ImageObject","inLanguage":"pt-BR","@id":"https:\/\/www.fiemg.com.br\/fiemg\/noticias\/primeiro-dia-do-evento-reuniu-estudantes-familias-e-curiosos-em-uma-celebracao-gratuita-da-educacao-tecnologia-e-criatividade\/#primaryimage","url":"https:\/\/www.fiemg.com.br\/fiemg\/wp-content\/uploads\/sites\/10\/2025\/10\/festival-robotica.png","contentUrl":"https:\/\/www.fiemg.com.br\/fiemg\/wp-content\/uploads\/sites\/10\/2025\/10\/festival-robotica.png","width":1600,"height":1600},{"@type":"BreadcrumbList","@id":"https:\/\/www.fiemg.com.br\/fiemg\/noticias\/primeiro-dia-do-evento-reuniu-estudantes-familias-e-curiosos-em-uma-celebracao-gratuita-da-educacao-tecnologia-e-criatividade\/#breadcrumb","itemListElement":[{"@type":"ListItem","position":1,"name":"In\u00edcio","item":"https:\/\/www.fiemg.com.br\/fiemg\/"},{"@type":"ListItem","position":2,"name":"Festival SESI de Rob\u00f3tica transforma o BH Shopping em palco da ci\u00eancia e da imagina\u00e7\u00e3o"}]},{"@type":"WebSite","@id":"https:\/\/www.fiemg.com.br\/fiemg\/#website","url":"https:\/\/www.fiemg.com.br\/fiemg\/","name":"FIEMG","description":"Federa\u00e7\u00e3o das Ind\u00fastrias do Estado de Minas Gerais","publisher":{"@id":"https:\/\/www.fiemg.com.br\/fiemg\/#organization"},"potentialAction":[{"@type":"SearchAction","target":{"@type":"EntryPoint","urlTemplate":"https:\/\/www.fiemg.com.br\/fiemg\/?s={search_term_string}"},"query-input":{"@type":"PropertyValueSpecification","valueRequired":true,"valueName":"search_term_string"}}],"inLanguage":"pt-BR"},{"@type":"Organization","@id":"https:\/\/www.fiemg.com.br\/fiemg\/#organization","name":"FIEMG","url":"https:\/\/www.fiemg.com.br\/fiemg\/","logo":{"@type":"ImageObject","inLanguage":"pt-BR","@id":"https:\/\/www.fiemg.com.br\/fiemg\/#\/schema\/logo\/image\/","url":"https:\/\/www.fiemg.com.br\/fiemg\/wp-content\/uploads\/sites\/10\/2023\/02\/fiemg_branco.svg","contentUrl":"https:\/\/www.fiemg.com.br\/fiemg\/wp-content\/uploads\/sites\/10\/2023\/02\/fiemg_branco.svg","width":561,"height":147,"caption":"FIEMG"},"image":{"@id":"https:\/\/www.fiemg.com.br\/fiemg\/#\/schema\/logo\/image\/"}}]}},"_links":{"self":[{"href":"https:\/\/www.fiemg.com.br\/fiemg\/wp-json\/wp\/v2\/noticias\/10140","targetHints":{"allow":["GET"]}}],"collection":[{"href":"https:\/\/www.fiemg.com.br\/fiemg\/wp-json\/wp\/v2\/noticias"}],"about":[{"href":"https:\/\/www.fiemg.com.br\/fiemg\/wp-json\/wp\/v2\/types\/noticias"}],"wp:featuredmedia":[{"embeddable":true,"href":"https:\/\/www.fiemg.com.br\/fiemg\/wp-json\/wp\/v2\/media\/10142"}],"wp:attachment":[{"href":"https:\/\/www.fiemg.com.br\/fiemg\/wp-json\/wp\/v2\/media?parent=10140"}],"wp:term":[{"taxonomy":"category","embeddable":true,"href":"https:\/\/www.fiemg.com.br\/fiemg\/wp-json\/wp\/v2\/categories?post=10140"},{"taxonomy":"post_tag","embeddable":true,"href":"https:\/\/www.fiemg.com.br\/fiemg\/wp-json\/wp\/v2\/tags?post=10140"}],"curies":[{"name":"wp","href":"https:\/\/api.w.org\/{rel}","templated":true}]}}