{"id":10211,"date":"2025-11-06T08:23:10","date_gmt":"2025-11-06T11:23:10","guid":{"rendered":"https:\/\/www.fiemg.com.br\/fiemg\/noticias\/avanco-do-faturamento-e-das-horas-trabalhadas-contrasta-com-desaceleracao-no-acumulado-do-ano\/"},"modified":"2025-11-06T08:28:17","modified_gmt":"2025-11-06T11:28:17","slug":"avanco-do-faturamento-e-das-horas-trabalhadas-contrasta-com-desaceleracao-no-acumulado-do-ano","status":"publish","type":"noticias","link":"https:\/\/www.fiemg.com.br\/fiemg\/noticias\/avanco-do-faturamento-e-das-horas-trabalhadas-contrasta-com-desaceleracao-no-acumulado-do-ano\/","title":{"rendered":"Ind\u00fastria mineira cresce em setembro, mas ainda enfrenta cen\u00e1rio desafiador"},"content":{"rendered":"\n<p>A ind\u00fastria de Minas Gerais registrou resultados positivos em setembro, com destaque para o aumento de 2,7% no faturamento em rela\u00e7\u00e3o a agosto, influenciado pelo maior volume de pedidos nos setores de transforma\u00e7\u00e3o e extrativo. As horas trabalhadas na produ\u00e7\u00e3o tamb\u00e9m avan\u00e7aram 1,2% no per\u00edodo, e a utiliza\u00e7\u00e3o da capacidade instalada subiu para 81,9%.<\/p>\n\n\n\n<p>No mercado de trabalho, apesar da leve queda de 0,2% no emprego devido a ajustes no setor de transforma\u00e7\u00e3o, a massa salarial cresceu 0,9%, puxada por pagamentos adicionais, e o rendimento m\u00e9dio real teve alta de 1,1%.<\/p>\n\n\n\n<p>Mesmo com o bom desempenho no m\u00eas e resultados positivos na compara\u00e7\u00e3o anual, a an\u00e1lise dos \u00faltimos 12 meses indica perda de dinamismo da ind\u00fastria mineira, em meio a juros elevados, restri\u00e7\u00f5es fiscais e um cen\u00e1rio internacional mais incerto, fatores que devem limitar a atividade econ\u00f4mica em 2025.<br><br>Para conferir os resultados completos da Pesquisa Indicadores Industriais (INDEX) da FIEMG, <a href=\"https:\/\/www.fiemg.com.br\/area-de-interesse\/estudos-economicos\/fiemg-index-2\/\">clique aqui<\/a>.\u00a0<br><br><em>Denise Lucas<\/em><br><strong>Imprensa FIEMG<\/strong><\/p>\n\n\n\n<p><\/p>\n","protected":false},"featured_media":10212,"template":"","categories":[],"tags":[],"class_list":["post-10211","noticias","type-noticias","status-publish","has-post-thumbnail","hentry"],"acf":[],"yoast_head":"<!-- This site is optimized with the Yoast SEO plugin v26.2 - https:\/\/yoast.com\/wordpress\/plugins\/seo\/ -->\n<title>Ind\u00fastria mineira cresce em setembro, mas ainda enfrenta cen\u00e1rio desafiador - FIEMG<\/title>\n<meta name=\"description\" content=\"Avan\u00e7o do faturamento e das horas trabalhadas contrasta com desacelera\u00e7\u00e3o no acumulado do ano\" \/>\n<meta name=\"robots\" content=\"index, follow, max-snippet:-1, max-image-preview:large, max-video-preview:-1\" \/>\n<link rel=\"canonical\" href=\"https:\/\/www.fiemg.com.br\/fiemg\/noticias\/avanco-do-faturamento-e-das-horas-trabalhadas-contrasta-com-desaceleracao-no-acumulado-do-ano\/\" \/>\n<meta property=\"og:locale\" content=\"pt_BR\" \/>\n<meta property=\"og:type\" content=\"article\" \/>\n<meta property=\"og:title\" content=\"Ind\u00fastria mineira cresce em setembro, mas ainda enfrenta cen\u00e1rio desafiador - FIEMG\" \/>\n<meta property=\"og:description\" content=\"Avan\u00e7o do faturamento e das horas trabalhadas contrasta com desacelera\u00e7\u00e3o no acumulado do ano\" \/>\n<meta property=\"og:url\" content=\"https:\/\/www.fiemg.com.br\/fiemg\/noticias\/avanco-do-faturamento-e-das-horas-trabalhadas-contrasta-com-desaceleracao-no-acumulado-do-ano\/\" \/>\n<meta property=\"og:site_name\" content=\"FIEMG\" \/>\n<meta property=\"article:modified_time\" content=\"2025-11-06T11:28:17+00:00\" \/>\n<meta property=\"og:image\" content=\"https:\/\/www.fiemg.com.br\/fiemg\/wp-content\/uploads\/sites\/10\/2025\/11\/INDEX-MINI-NOVO.png\" \/>\n\t<meta property=\"og:image:width\" content=\"225\" \/>\n\t<meta property=\"og:image:height\" content=\"225\" \/>\n\t<meta property=\"og:image:type\" content=\"image\/png\" \/>\n<meta name=\"twitter:card\" content=\"summary_large_image\" \/>\n<meta name=\"twitter:label1\" content=\"Est. tempo de leitura\" \/>\n\t<meta name=\"twitter:data1\" content=\"2 minutos\" \/>\n<script type=\"application\/ld+json\" class=\"yoast-schema-graph\">{\"@context\":\"https:\/\/schema.org\",\"@graph\":[{\"@type\":\"WebPage\",\"@id\":\"https:\/\/www.fiemg.com.br\/fiemg\/noticias\/avanco-do-faturamento-e-das-horas-trabalhadas-contrasta-com-desaceleracao-no-acumulado-do-ano\/\",\"url\":\"https:\/\/www.fiemg.com.br\/fiemg\/noticias\/avanco-do-faturamento-e-das-horas-trabalhadas-contrasta-com-desaceleracao-no-acumulado-do-ano\/\",\"name\":\"Ind\u00fastria mineira cresce em setembro, mas ainda enfrenta cen\u00e1rio desafiador - FIEMG\",\"isPartOf\":{\"@id\":\"https:\/\/www.fiemg.com.br\/fiemg\/#website\"},\"primaryImageOfPage\":{\"@id\":\"https:\/\/www.fiemg.com.br\/fiemg\/noticias\/avanco-do-faturamento-e-das-horas-trabalhadas-contrasta-com-desaceleracao-no-acumulado-do-ano\/#primaryimage\"},\"image\":{\"@id\":\"https:\/\/www.fiemg.com.br\/fiemg\/noticias\/avanco-do-faturamento-e-das-horas-trabalhadas-contrasta-com-desaceleracao-no-acumulado-do-ano\/#primaryimage\"},\"thumbnailUrl\":\"https:\/\/www.fiemg.com.br\/fiemg\/wp-content\/uploads\/sites\/10\/2025\/11\/INDEX-MINI-NOVO.png\",\"datePublished\":\"2025-11-06T11:23:10+00:00\",\"dateModified\":\"2025-11-06T11:28:17+00:00\",\"description\":\"Avan\u00e7o do faturamento e das horas trabalhadas contrasta com desacelera\u00e7\u00e3o no acumulado do ano\",\"breadcrumb\":{\"@id\":\"https:\/\/www.fiemg.com.br\/fiemg\/noticias\/avanco-do-faturamento-e-das-horas-trabalhadas-contrasta-com-desaceleracao-no-acumulado-do-ano\/#breadcrumb\"},\"inLanguage\":\"pt-BR\",\"potentialAction\":[{\"@type\":\"ReadAction\",\"target\":[\"https:\/\/www.fiemg.com.br\/fiemg\/noticias\/avanco-do-faturamento-e-das-horas-trabalhadas-contrasta-com-desaceleracao-no-acumulado-do-ano\/\"]}]},{\"@type\":\"ImageObject\",\"inLanguage\":\"pt-BR\",\"@id\":\"https:\/\/www.fiemg.com.br\/fiemg\/noticias\/avanco-do-faturamento-e-das-horas-trabalhadas-contrasta-com-desaceleracao-no-acumulado-do-ano\/#primaryimage\",\"url\":\"https:\/\/www.fiemg.com.br\/fiemg\/wp-content\/uploads\/sites\/10\/2025\/11\/INDEX-MINI-NOVO.png\",\"contentUrl\":\"https:\/\/www.fiemg.com.br\/fiemg\/wp-content\/uploads\/sites\/10\/2025\/11\/INDEX-MINI-NOVO.png\",\"width\":225,\"height\":225},{\"@type\":\"BreadcrumbList\",\"@id\":\"https:\/\/www.fiemg.com.br\/fiemg\/noticias\/avanco-do-faturamento-e-das-horas-trabalhadas-contrasta-com-desaceleracao-no-acumulado-do-ano\/#breadcrumb\",\"itemListElement\":[{\"@type\":\"ListItem\",\"position\":1,\"name\":\"In\u00edcio\",\"item\":\"https:\/\/www.fiemg.com.br\/fiemg\/\"},{\"@type\":\"ListItem\",\"position\":2,\"name\":\"Ind\u00fastria mineira cresce em setembro, mas ainda enfrenta cen\u00e1rio desafiador\"}]},{\"@type\":\"WebSite\",\"@id\":\"https:\/\/www.fiemg.com.br\/fiemg\/#website\",\"url\":\"https:\/\/www.fiemg.com.br\/fiemg\/\",\"name\":\"FIEMG\",\"description\":\"Federa\u00e7\u00e3o das Ind\u00fastrias do Estado de Minas Gerais\",\"publisher\":{\"@id\":\"https:\/\/www.fiemg.com.br\/fiemg\/#organization\"},\"potentialAction\":[{\"@type\":\"SearchAction\",\"target\":{\"@type\":\"EntryPoint\",\"urlTemplate\":\"https:\/\/www.fiemg.com.br\/fiemg\/?s={search_term_string}\"},\"query-input\":{\"@type\":\"PropertyValueSpecification\",\"valueRequired\":true,\"valueName\":\"search_term_string\"}}],\"inLanguage\":\"pt-BR\"},{\"@type\":\"Organization\",\"@id\":\"https:\/\/www.fiemg.com.br\/fiemg\/#organization\",\"name\":\"FIEMG\",\"url\":\"https:\/\/www.fiemg.com.br\/fiemg\/\",\"logo\":{\"@type\":\"ImageObject\",\"inLanguage\":\"pt-BR\",\"@id\":\"https:\/\/www.fiemg.com.br\/fiemg\/#\/schema\/logo\/image\/\",\"url\":\"https:\/\/www.fiemg.com.br\/fiemg\/wp-content\/uploads\/sites\/10\/2023\/02\/fiemg_branco.svg\",\"contentUrl\":\"https:\/\/www.fiemg.com.br\/fiemg\/wp-content\/uploads\/sites\/10\/2023\/02\/fiemg_branco.svg\",\"width\":561,\"height\":147,\"caption\":\"FIEMG\"},\"image\":{\"@id\":\"https:\/\/www.fiemg.com.br\/fiemg\/#\/schema\/logo\/image\/\"}}]}<\/script>\n<!-- \/ Yoast SEO plugin. -->","yoast_head_json":{"title":"Ind\u00fastria mineira cresce em setembro, mas ainda enfrenta cen\u00e1rio desafiador - FIEMG","description":"Avan\u00e7o do faturamento e das horas trabalhadas contrasta com desacelera\u00e7\u00e3o no acumulado do ano","robots":{"index":"index","follow":"follow","max-snippet":"max-snippet:-1","max-image-preview":"max-image-preview:large","max-video-preview":"max-video-preview:-1"},"canonical":"https:\/\/www.fiemg.com.br\/fiemg\/noticias\/avanco-do-faturamento-e-das-horas-trabalhadas-contrasta-com-desaceleracao-no-acumulado-do-ano\/","og_locale":"pt_BR","og_type":"article","og_title":"Ind\u00fastria mineira cresce em setembro, mas ainda enfrenta cen\u00e1rio desafiador - FIEMG","og_description":"Avan\u00e7o do faturamento e das horas trabalhadas contrasta com desacelera\u00e7\u00e3o no acumulado do ano","og_url":"https:\/\/www.fiemg.com.br\/fiemg\/noticias\/avanco-do-faturamento-e-das-horas-trabalhadas-contrasta-com-desaceleracao-no-acumulado-do-ano\/","og_site_name":"FIEMG","article_modified_time":"2025-11-06T11:28:17+00:00","og_image":[{"width":225,"height":225,"url":"https:\/\/www.fiemg.com.br\/fiemg\/wp-content\/uploads\/sites\/10\/2025\/11\/INDEX-MINI-NOVO.png","type":"image\/png"}],"twitter_card":"summary_large_image","twitter_misc":{"Est. tempo de leitura":"2 minutos"},"schema":{"@context":"https:\/\/schema.org","@graph":[{"@type":"WebPage","@id":"https:\/\/www.fiemg.com.br\/fiemg\/noticias\/avanco-do-faturamento-e-das-horas-trabalhadas-contrasta-com-desaceleracao-no-acumulado-do-ano\/","url":"https:\/\/www.fiemg.com.br\/fiemg\/noticias\/avanco-do-faturamento-e-das-horas-trabalhadas-contrasta-com-desaceleracao-no-acumulado-do-ano\/","name":"Ind\u00fastria mineira cresce em setembro, mas ainda enfrenta cen\u00e1rio desafiador - FIEMG","isPartOf":{"@id":"https:\/\/www.fiemg.com.br\/fiemg\/#website"},"primaryImageOfPage":{"@id":"https:\/\/www.fiemg.com.br\/fiemg\/noticias\/avanco-do-faturamento-e-das-horas-trabalhadas-contrasta-com-desaceleracao-no-acumulado-do-ano\/#primaryimage"},"image":{"@id":"https:\/\/www.fiemg.com.br\/fiemg\/noticias\/avanco-do-faturamento-e-das-horas-trabalhadas-contrasta-com-desaceleracao-no-acumulado-do-ano\/#primaryimage"},"thumbnailUrl":"https:\/\/www.fiemg.com.br\/fiemg\/wp-content\/uploads\/sites\/10\/2025\/11\/INDEX-MINI-NOVO.png","datePublished":"2025-11-06T11:23:10+00:00","dateModified":"2025-11-06T11:28:17+00:00","description":"Avan\u00e7o do faturamento e das horas trabalhadas contrasta com desacelera\u00e7\u00e3o no acumulado do ano","breadcrumb":{"@id":"https:\/\/www.fiemg.com.br\/fiemg\/noticias\/avanco-do-faturamento-e-das-horas-trabalhadas-contrasta-com-desaceleracao-no-acumulado-do-ano\/#breadcrumb"},"inLanguage":"pt-BR","potentialAction":[{"@type":"ReadAction","target":["https:\/\/www.fiemg.com.br\/fiemg\/noticias\/avanco-do-faturamento-e-das-horas-trabalhadas-contrasta-com-desaceleracao-no-acumulado-do-ano\/"]}]},{"@type":"ImageObject","inLanguage":"pt-BR","@id":"https:\/\/www.fiemg.com.br\/fiemg\/noticias\/avanco-do-faturamento-e-das-horas-trabalhadas-contrasta-com-desaceleracao-no-acumulado-do-ano\/#primaryimage","url":"https:\/\/www.fiemg.com.br\/fiemg\/wp-content\/uploads\/sites\/10\/2025\/11\/INDEX-MINI-NOVO.png","contentUrl":"https:\/\/www.fiemg.com.br\/fiemg\/wp-content\/uploads\/sites\/10\/2025\/11\/INDEX-MINI-NOVO.png","width":225,"height":225},{"@type":"BreadcrumbList","@id":"https:\/\/www.fiemg.com.br\/fiemg\/noticias\/avanco-do-faturamento-e-das-horas-trabalhadas-contrasta-com-desaceleracao-no-acumulado-do-ano\/#breadcrumb","itemListElement":[{"@type":"ListItem","position":1,"name":"In\u00edcio","item":"https:\/\/www.fiemg.com.br\/fiemg\/"},{"@type":"ListItem","position":2,"name":"Ind\u00fastria mineira cresce em setembro, mas ainda enfrenta cen\u00e1rio desafiador"}]},{"@type":"WebSite","@id":"https:\/\/www.fiemg.com.br\/fiemg\/#website","url":"https:\/\/www.fiemg.com.br\/fiemg\/","name":"FIEMG","description":"Federa\u00e7\u00e3o das Ind\u00fastrias do Estado de Minas Gerais","publisher":{"@id":"https:\/\/www.fiemg.com.br\/fiemg\/#organization"},"potentialAction":[{"@type":"SearchAction","target":{"@type":"EntryPoint","urlTemplate":"https:\/\/www.fiemg.com.br\/fiemg\/?s={search_term_string}"},"query-input":{"@type":"PropertyValueSpecification","valueRequired":true,"valueName":"search_term_string"}}],"inLanguage":"pt-BR"},{"@type":"Organization","@id":"https:\/\/www.fiemg.com.br\/fiemg\/#organization","name":"FIEMG","url":"https:\/\/www.fiemg.com.br\/fiemg\/","logo":{"@type":"ImageObject","inLanguage":"pt-BR","@id":"https:\/\/www.fiemg.com.br\/fiemg\/#\/schema\/logo\/image\/","url":"https:\/\/www.fiemg.com.br\/fiemg\/wp-content\/uploads\/sites\/10\/2023\/02\/fiemg_branco.svg","contentUrl":"https:\/\/www.fiemg.com.br\/fiemg\/wp-content\/uploads\/sites\/10\/2023\/02\/fiemg_branco.svg","width":561,"height":147,"caption":"FIEMG"},"image":{"@id":"https:\/\/www.fiemg.com.br\/fiemg\/#\/schema\/logo\/image\/"}}]}},"_links":{"self":[{"href":"https:\/\/www.fiemg.com.br\/fiemg\/wp-json\/wp\/v2\/noticias\/10211","targetHints":{"allow":["GET"]}}],"collection":[{"href":"https:\/\/www.fiemg.com.br\/fiemg\/wp-json\/wp\/v2\/noticias"}],"about":[{"href":"https:\/\/www.fiemg.com.br\/fiemg\/wp-json\/wp\/v2\/types\/noticias"}],"wp:featuredmedia":[{"embeddable":true,"href":"https:\/\/www.fiemg.com.br\/fiemg\/wp-json\/wp\/v2\/media\/10212"}],"wp:attachment":[{"href":"https:\/\/www.fiemg.com.br\/fiemg\/wp-json\/wp\/v2\/media?parent=10211"}],"wp:term":[{"taxonomy":"category","embeddable":true,"href":"https:\/\/www.fiemg.com.br\/fiemg\/wp-json\/wp\/v2\/categories?post=10211"},{"taxonomy":"post_tag","embeddable":true,"href":"https:\/\/www.fiemg.com.br\/fiemg\/wp-json\/wp\/v2\/tags?post=10211"}],"curies":[{"name":"wp","href":"https:\/\/api.w.org\/{rel}","templated":true}]}}