{"id":10223,"date":"2025-11-06T15:10:02","date_gmt":"2025-11-06T18:10:02","guid":{"rendered":"https:\/\/www.fiemg.com.br\/fiemg\/noticias\/presidente-da-fiemg-e-vice-governador-de-minas-visitam-a-maior-feira-de-importacao-da-china\/"},"modified":"2025-11-06T15:10:10","modified_gmt":"2025-11-06T18:10:10","slug":"presidente-da-fiemg-e-vice-governador-de-minas-visitam-a-maior-feira-de-importacao-da-china","status":"publish","type":"noticias","link":"https:\/\/www.fiemg.com.br\/fiemg\/noticias\/presidente-da-fiemg-e-vice-governador-de-minas-visitam-a-maior-feira-de-importacao-da-china\/","title":{"rendered":"Presidente da FIEMG e vice-governador de Minas visitam a maior feira de importa\u00e7\u00e3o da China"},"content":{"rendered":"\n<p>O presidente da FIEMG, Fl\u00e1vio Roscoe, e o vice-governador de Minas Gerais, Mateus Sim\u00f5es, visitaram nesta quinta-feira (6\/11), em Xangai, a China International Import Expo (CIIE) \u2014 a maior feira de importa\u00e7\u00e3o da China e uma das mais relevantes do mundo em tecnologia, inova\u00e7\u00e3o e com\u00e9rcio internacional. A visita integrou a programa\u00e7\u00e3o da Miss\u00e3o Internacional \u00e0 China, promovida pela FIEMG.<\/p>\n\n\n\n<p>Realizada desde 2018, a CIIE chega \u00e0 sua 8\u00aa edi\u00e7\u00e3o com uma estrutura impressionante e diversidade de expositores de todos os continentes. Segundo o presidente Fl\u00e1vio Roscoe, a feira \u00e9 um retrato do dinamismo e da capacidade de inova\u00e7\u00e3o da economia chinesa.<\/p>\n\n\n\n<p>\u201cEssa feira \u00e9 extraordin\u00e1ria \u2014 o tamanho impressiona a todos, a diversidade da economia chinesa e a diversidade de players que t\u00eam intera\u00e7\u00e3o com ela. E o mais impressionante \u00e9 o qu\u00e3o r\u00e1pido est\u00e3o evoluindo. A China International Import Expo tem apenas oito anos e j\u00e1 alcan\u00e7ou essa dimens\u00e3o\u201d, afirmou.<\/p>\n\n\n\n<p>Entre as tecnologias que mais chamaram a aten\u00e7\u00e3o da delega\u00e7\u00e3o mineira, est\u00e1 um ve\u00edculo aut\u00f4nomo e el\u00e9trico de baixo custo, que deve ser regulamentado em at\u00e9 dois anos. \u201c\u00c9 algo que certamente vai mudar o transporte das pessoas\u201d, destacou o presidente da FIEMG.&nbsp;<\/p>\n\n\n\n<p>Ele inclusive anunciou que a brasileira Embraer abrir\u00e1, no pr\u00f3ximo m\u00eas de janeiro, um escrit\u00f3rio de projetos no pr\u00e9dio do P7 Criativo, em Belo Horizonte, e que pode desenvolver tecnologias como as apresentadas na CIIE. \u201cConseguimos junto com o governo mais essa iniciativa \u2014 quem sabe um ve\u00edculo como esse n\u00e3o possa ser desenvolvido l\u00e1?\u201d, acrescentou Roscoe.<\/p>\n\n\n\n<p>O vice-governador Mateus Sim\u00f5es destacou o papel da FIEMG em aproximar Minas Gerais das principais tend\u00eancias industriais e tecnol\u00f3gicas do mundo. \u201cEu fico pensando que s\u00e3o oportunidades que n\u00e3o podemos deixar para tr\u00e1s. E fico muito feliz de ver a FIEMG nesta dianteira, trazendo os industriais mineiros com uma delega\u00e7\u00e3o de peso como essa. \u00c9 uma oportunidade, n\u00e3o s\u00f3 de conhecer tecnologias inovadoras, mas tamb\u00e9m de entender que h\u00e1 espa\u00e7o para que participemos desse movimento de evolu\u00e7\u00e3o da ind\u00fastria e da cadeia de consumo\u201d, afirmou.<\/p>\n\n\n\n<p>A Miss\u00e3o Internacional \u00e0 China \u00e9 realizada pela FIEMG e tem patroc\u00ednio m\u00e1ster da Companhia de Desenvolvimento de Minas Gerais (Codemge), patroc\u00ednio ouro da Vale, patroc\u00ednio prata da Anglo American e patroc\u00ednio bronze da Companhia Brasileira de Metalurgia e Minera\u00e7\u00e3o (CBMM) e da Construtora Barbosa Mello.<br><br><em>Tha\u00eds Mota<\/em><br><strong>Imprensa FIEMG<\/strong><\/p>\n","protected":false},"featured_media":10224,"template":"","categories":[15],"tags":[913,79,1371,1591,598,1097],"class_list":["post-10223","noticias","type-noticias","status-publish","has-post-thumbnail","hentry","category-desenvolvimento-industrial","tag-ciie","tag-flavio-roscoe","tag-mateus-simoes-2","tag-missao-internacional-a-china","tag-visita","tag-xangai"],"acf":[],"yoast_head":"<!-- This site is optimized with the Yoast SEO plugin v26.2 - https:\/\/yoast.com\/wordpress\/plugins\/seo\/ -->\n<title>Presidente da FIEMG e vice-governador de Minas visitam a maior feira de importa\u00e7\u00e3o da China - FIEMG<\/title>\n<meta name=\"description\" content=\"Fl\u00e1vio Roscoe e Mateus Sim\u00f5es conheceram tecnologias de ponta na CIIE, em Xangai, incluindo um ve\u00edculo el\u00e9trico aut\u00f4nomo que deve ser regulamentado em at\u00e9 dois anos\" \/>\n<meta name=\"robots\" content=\"index, follow, max-snippet:-1, max-image-preview:large, max-video-preview:-1\" \/>\n<link rel=\"canonical\" href=\"https:\/\/www.fiemg.com.br\/fiemg\/noticias\/presidente-da-fiemg-e-vice-governador-de-minas-visitam-a-maior-feira-de-importacao-da-china\/\" \/>\n<meta property=\"og:locale\" content=\"pt_BR\" \/>\n<meta property=\"og:type\" content=\"article\" \/>\n<meta property=\"og:title\" content=\"Presidente da FIEMG e vice-governador de Minas visitam a maior feira de importa\u00e7\u00e3o da China - FIEMG\" \/>\n<meta property=\"og:description\" content=\"Fl\u00e1vio Roscoe e Mateus Sim\u00f5es conheceram tecnologias de ponta na CIIE, em Xangai, incluindo um ve\u00edculo el\u00e9trico aut\u00f4nomo que deve ser regulamentado em at\u00e9 dois anos\" \/>\n<meta property=\"og:url\" content=\"https:\/\/www.fiemg.com.br\/fiemg\/noticias\/presidente-da-fiemg-e-vice-governador-de-minas-visitam-a-maior-feira-de-importacao-da-china\/\" \/>\n<meta property=\"og:site_name\" content=\"FIEMG\" \/>\n<meta property=\"article:modified_time\" content=\"2025-11-06T18:10:10+00:00\" \/>\n<meta property=\"og:image\" content=\"https:\/\/www.fiemg.com.br\/fiemg\/wp-content\/uploads\/sites\/10\/2025\/11\/Visita-CIIE-2.jpg\" \/>\n\t<meta property=\"og:image:width\" content=\"512\" \/>\n\t<meta property=\"og:image:height\" content=\"512\" \/>\n\t<meta property=\"og:image:type\" content=\"image\/jpeg\" \/>\n<meta name=\"twitter:card\" content=\"summary_large_image\" \/>\n<meta name=\"twitter:label1\" content=\"Est. tempo de leitura\" \/>\n\t<meta name=\"twitter:data1\" content=\"3 minutos\" \/>\n<script type=\"application\/ld+json\" class=\"yoast-schema-graph\">{\"@context\":\"https:\/\/schema.org\",\"@graph\":[{\"@type\":\"WebPage\",\"@id\":\"https:\/\/www.fiemg.com.br\/fiemg\/noticias\/presidente-da-fiemg-e-vice-governador-de-minas-visitam-a-maior-feira-de-importacao-da-china\/\",\"url\":\"https:\/\/www.fiemg.com.br\/fiemg\/noticias\/presidente-da-fiemg-e-vice-governador-de-minas-visitam-a-maior-feira-de-importacao-da-china\/\",\"name\":\"Presidente da FIEMG e vice-governador de Minas visitam a maior feira de importa\u00e7\u00e3o da China - FIEMG\",\"isPartOf\":{\"@id\":\"https:\/\/www.fiemg.com.br\/fiemg\/#website\"},\"primaryImageOfPage\":{\"@id\":\"https:\/\/www.fiemg.com.br\/fiemg\/noticias\/presidente-da-fiemg-e-vice-governador-de-minas-visitam-a-maior-feira-de-importacao-da-china\/#primaryimage\"},\"image\":{\"@id\":\"https:\/\/www.fiemg.com.br\/fiemg\/noticias\/presidente-da-fiemg-e-vice-governador-de-minas-visitam-a-maior-feira-de-importacao-da-china\/#primaryimage\"},\"thumbnailUrl\":\"https:\/\/www.fiemg.com.br\/fiemg\/wp-content\/uploads\/sites\/10\/2025\/11\/Visita-CIIE-2.jpg\",\"datePublished\":\"2025-11-06T18:10:02+00:00\",\"dateModified\":\"2025-11-06T18:10:10+00:00\",\"description\":\"Fl\u00e1vio Roscoe e Mateus Sim\u00f5es conheceram tecnologias de ponta na CIIE, em Xangai, incluindo um ve\u00edculo el\u00e9trico aut\u00f4nomo que deve ser regulamentado em at\u00e9 dois anos\",\"breadcrumb\":{\"@id\":\"https:\/\/www.fiemg.com.br\/fiemg\/noticias\/presidente-da-fiemg-e-vice-governador-de-minas-visitam-a-maior-feira-de-importacao-da-china\/#breadcrumb\"},\"inLanguage\":\"pt-BR\",\"potentialAction\":[{\"@type\":\"ReadAction\",\"target\":[\"https:\/\/www.fiemg.com.br\/fiemg\/noticias\/presidente-da-fiemg-e-vice-governador-de-minas-visitam-a-maior-feira-de-importacao-da-china\/\"]}]},{\"@type\":\"ImageObject\",\"inLanguage\":\"pt-BR\",\"@id\":\"https:\/\/www.fiemg.com.br\/fiemg\/noticias\/presidente-da-fiemg-e-vice-governador-de-minas-visitam-a-maior-feira-de-importacao-da-china\/#primaryimage\",\"url\":\"https:\/\/www.fiemg.com.br\/fiemg\/wp-content\/uploads\/sites\/10\/2025\/11\/Visita-CIIE-2.jpg\",\"contentUrl\":\"https:\/\/www.fiemg.com.br\/fiemg\/wp-content\/uploads\/sites\/10\/2025\/11\/Visita-CIIE-2.jpg\",\"width\":512,\"height\":512},{\"@type\":\"BreadcrumbList\",\"@id\":\"https:\/\/www.fiemg.com.br\/fiemg\/noticias\/presidente-da-fiemg-e-vice-governador-de-minas-visitam-a-maior-feira-de-importacao-da-china\/#breadcrumb\",\"itemListElement\":[{\"@type\":\"ListItem\",\"position\":1,\"name\":\"In\u00edcio\",\"item\":\"https:\/\/www.fiemg.com.br\/fiemg\/\"},{\"@type\":\"ListItem\",\"position\":2,\"name\":\"Presidente da FIEMG e vice-governador de Minas visitam a maior feira de importa\u00e7\u00e3o da China\"}]},{\"@type\":\"WebSite\",\"@id\":\"https:\/\/www.fiemg.com.br\/fiemg\/#website\",\"url\":\"https:\/\/www.fiemg.com.br\/fiemg\/\",\"name\":\"FIEMG\",\"description\":\"Federa\u00e7\u00e3o das Ind\u00fastrias do Estado de Minas Gerais\",\"publisher\":{\"@id\":\"https:\/\/www.fiemg.com.br\/fiemg\/#organization\"},\"potentialAction\":[{\"@type\":\"SearchAction\",\"target\":{\"@type\":\"EntryPoint\",\"urlTemplate\":\"https:\/\/www.fiemg.com.br\/fiemg\/?s={search_term_string}\"},\"query-input\":{\"@type\":\"PropertyValueSpecification\",\"valueRequired\":true,\"valueName\":\"search_term_string\"}}],\"inLanguage\":\"pt-BR\"},{\"@type\":\"Organization\",\"@id\":\"https:\/\/www.fiemg.com.br\/fiemg\/#organization\",\"name\":\"FIEMG\",\"url\":\"https:\/\/www.fiemg.com.br\/fiemg\/\",\"logo\":{\"@type\":\"ImageObject\",\"inLanguage\":\"pt-BR\",\"@id\":\"https:\/\/www.fiemg.com.br\/fiemg\/#\/schema\/logo\/image\/\",\"url\":\"https:\/\/www.fiemg.com.br\/fiemg\/wp-content\/uploads\/sites\/10\/2023\/02\/fiemg_branco.svg\",\"contentUrl\":\"https:\/\/www.fiemg.com.br\/fiemg\/wp-content\/uploads\/sites\/10\/2023\/02\/fiemg_branco.svg\",\"width\":561,\"height\":147,\"caption\":\"FIEMG\"},\"image\":{\"@id\":\"https:\/\/www.fiemg.com.br\/fiemg\/#\/schema\/logo\/image\/\"}}]}<\/script>\n<!-- \/ Yoast SEO plugin. -->","yoast_head_json":{"title":"Presidente da FIEMG e vice-governador de Minas visitam a maior feira de importa\u00e7\u00e3o da China - FIEMG","description":"Fl\u00e1vio Roscoe e Mateus Sim\u00f5es conheceram tecnologias de ponta na CIIE, em Xangai, incluindo um ve\u00edculo el\u00e9trico aut\u00f4nomo que deve ser regulamentado em at\u00e9 dois anos","robots":{"index":"index","follow":"follow","max-snippet":"max-snippet:-1","max-image-preview":"max-image-preview:large","max-video-preview":"max-video-preview:-1"},"canonical":"https:\/\/www.fiemg.com.br\/fiemg\/noticias\/presidente-da-fiemg-e-vice-governador-de-minas-visitam-a-maior-feira-de-importacao-da-china\/","og_locale":"pt_BR","og_type":"article","og_title":"Presidente da FIEMG e vice-governador de Minas visitam a maior feira de importa\u00e7\u00e3o da China - FIEMG","og_description":"Fl\u00e1vio Roscoe e Mateus Sim\u00f5es conheceram tecnologias de ponta na CIIE, em Xangai, incluindo um ve\u00edculo el\u00e9trico aut\u00f4nomo que deve ser regulamentado em at\u00e9 dois anos","og_url":"https:\/\/www.fiemg.com.br\/fiemg\/noticias\/presidente-da-fiemg-e-vice-governador-de-minas-visitam-a-maior-feira-de-importacao-da-china\/","og_site_name":"FIEMG","article_modified_time":"2025-11-06T18:10:10+00:00","og_image":[{"width":512,"height":512,"url":"https:\/\/www.fiemg.com.br\/fiemg\/wp-content\/uploads\/sites\/10\/2025\/11\/Visita-CIIE-2.jpg","type":"image\/jpeg"}],"twitter_card":"summary_large_image","twitter_misc":{"Est. tempo de leitura":"3 minutos"},"schema":{"@context":"https:\/\/schema.org","@graph":[{"@type":"WebPage","@id":"https:\/\/www.fiemg.com.br\/fiemg\/noticias\/presidente-da-fiemg-e-vice-governador-de-minas-visitam-a-maior-feira-de-importacao-da-china\/","url":"https:\/\/www.fiemg.com.br\/fiemg\/noticias\/presidente-da-fiemg-e-vice-governador-de-minas-visitam-a-maior-feira-de-importacao-da-china\/","name":"Presidente da FIEMG e vice-governador de Minas visitam a maior feira de importa\u00e7\u00e3o da China - FIEMG","isPartOf":{"@id":"https:\/\/www.fiemg.com.br\/fiemg\/#website"},"primaryImageOfPage":{"@id":"https:\/\/www.fiemg.com.br\/fiemg\/noticias\/presidente-da-fiemg-e-vice-governador-de-minas-visitam-a-maior-feira-de-importacao-da-china\/#primaryimage"},"image":{"@id":"https:\/\/www.fiemg.com.br\/fiemg\/noticias\/presidente-da-fiemg-e-vice-governador-de-minas-visitam-a-maior-feira-de-importacao-da-china\/#primaryimage"},"thumbnailUrl":"https:\/\/www.fiemg.com.br\/fiemg\/wp-content\/uploads\/sites\/10\/2025\/11\/Visita-CIIE-2.jpg","datePublished":"2025-11-06T18:10:02+00:00","dateModified":"2025-11-06T18:10:10+00:00","description":"Fl\u00e1vio Roscoe e Mateus Sim\u00f5es conheceram tecnologias de ponta na CIIE, em Xangai, incluindo um ve\u00edculo el\u00e9trico aut\u00f4nomo que deve ser regulamentado em at\u00e9 dois anos","breadcrumb":{"@id":"https:\/\/www.fiemg.com.br\/fiemg\/noticias\/presidente-da-fiemg-e-vice-governador-de-minas-visitam-a-maior-feira-de-importacao-da-china\/#breadcrumb"},"inLanguage":"pt-BR","potentialAction":[{"@type":"ReadAction","target":["https:\/\/www.fiemg.com.br\/fiemg\/noticias\/presidente-da-fiemg-e-vice-governador-de-minas-visitam-a-maior-feira-de-importacao-da-china\/"]}]},{"@type":"ImageObject","inLanguage":"pt-BR","@id":"https:\/\/www.fiemg.com.br\/fiemg\/noticias\/presidente-da-fiemg-e-vice-governador-de-minas-visitam-a-maior-feira-de-importacao-da-china\/#primaryimage","url":"https:\/\/www.fiemg.com.br\/fiemg\/wp-content\/uploads\/sites\/10\/2025\/11\/Visita-CIIE-2.jpg","contentUrl":"https:\/\/www.fiemg.com.br\/fiemg\/wp-content\/uploads\/sites\/10\/2025\/11\/Visita-CIIE-2.jpg","width":512,"height":512},{"@type":"BreadcrumbList","@id":"https:\/\/www.fiemg.com.br\/fiemg\/noticias\/presidente-da-fiemg-e-vice-governador-de-minas-visitam-a-maior-feira-de-importacao-da-china\/#breadcrumb","itemListElement":[{"@type":"ListItem","position":1,"name":"In\u00edcio","item":"https:\/\/www.fiemg.com.br\/fiemg\/"},{"@type":"ListItem","position":2,"name":"Presidente da FIEMG e vice-governador de Minas visitam a maior feira de importa\u00e7\u00e3o da China"}]},{"@type":"WebSite","@id":"https:\/\/www.fiemg.com.br\/fiemg\/#website","url":"https:\/\/www.fiemg.com.br\/fiemg\/","name":"FIEMG","description":"Federa\u00e7\u00e3o das Ind\u00fastrias do Estado de Minas Gerais","publisher":{"@id":"https:\/\/www.fiemg.com.br\/fiemg\/#organization"},"potentialAction":[{"@type":"SearchAction","target":{"@type":"EntryPoint","urlTemplate":"https:\/\/www.fiemg.com.br\/fiemg\/?s={search_term_string}"},"query-input":{"@type":"PropertyValueSpecification","valueRequired":true,"valueName":"search_term_string"}}],"inLanguage":"pt-BR"},{"@type":"Organization","@id":"https:\/\/www.fiemg.com.br\/fiemg\/#organization","name":"FIEMG","url":"https:\/\/www.fiemg.com.br\/fiemg\/","logo":{"@type":"ImageObject","inLanguage":"pt-BR","@id":"https:\/\/www.fiemg.com.br\/fiemg\/#\/schema\/logo\/image\/","url":"https:\/\/www.fiemg.com.br\/fiemg\/wp-content\/uploads\/sites\/10\/2023\/02\/fiemg_branco.svg","contentUrl":"https:\/\/www.fiemg.com.br\/fiemg\/wp-content\/uploads\/sites\/10\/2023\/02\/fiemg_branco.svg","width":561,"height":147,"caption":"FIEMG"},"image":{"@id":"https:\/\/www.fiemg.com.br\/fiemg\/#\/schema\/logo\/image\/"}}]}},"_links":{"self":[{"href":"https:\/\/www.fiemg.com.br\/fiemg\/wp-json\/wp\/v2\/noticias\/10223","targetHints":{"allow":["GET"]}}],"collection":[{"href":"https:\/\/www.fiemg.com.br\/fiemg\/wp-json\/wp\/v2\/noticias"}],"about":[{"href":"https:\/\/www.fiemg.com.br\/fiemg\/wp-json\/wp\/v2\/types\/noticias"}],"wp:featuredmedia":[{"embeddable":true,"href":"https:\/\/www.fiemg.com.br\/fiemg\/wp-json\/wp\/v2\/media\/10224"}],"wp:attachment":[{"href":"https:\/\/www.fiemg.com.br\/fiemg\/wp-json\/wp\/v2\/media?parent=10223"}],"wp:term":[{"taxonomy":"category","embeddable":true,"href":"https:\/\/www.fiemg.com.br\/fiemg\/wp-json\/wp\/v2\/categories?post=10223"},{"taxonomy":"post_tag","embeddable":true,"href":"https:\/\/www.fiemg.com.br\/fiemg\/wp-json\/wp\/v2\/tags?post=10223"}],"curies":[{"name":"wp","href":"https:\/\/api.w.org\/{rel}","templated":true}]}}