{"id":10290,"date":"2025-11-13T13:19:36","date_gmt":"2025-11-13T16:19:36","guid":{"rendered":"https:\/\/www.fiemg.com.br\/fiemg\/noticias\/negociacao-e-relacoes-humanas-sao-destaque-em-edicao-especial-do-cafe-empresarial\/"},"modified":"2025-11-17T09:03:23","modified_gmt":"2025-11-17T12:03:23","slug":"negociacao-e-relacoes-humanas-sao-destaque-em-edicao-especial-do-cafe-empresarial","status":"publish","type":"noticias","link":"https:\/\/www.fiemg.com.br\/fiemg\/noticias\/negociacao-e-relacoes-humanas-sao-destaque-em-edicao-especial-do-cafe-empresarial\/","title":{"rendered":"Negocia\u00e7\u00e3o e rela\u00e7\u00f5es humanas s\u00e3o destaque em edi\u00e7\u00e3o especial do Caf\u00e9 Empresarial"},"content":{"rendered":"\n<p>O CIEMG realizou uma edi\u00e7\u00e3o especial do Caf\u00e9 Empresarial com o tema \u201cNegociar \u00e9 Humano: Como Percep\u00e7\u00e3o, Atitude e Imagem Transformam Rela\u00e7\u00f5es\u201d. O encontro ocorreu em 13 de novembro de 2025, no CIEMG, em Contagem, e reuniu empres\u00e1rios e profissionais da ind\u00fastria interessados em aprimorar compet\u00eancias de comunica\u00e7\u00e3o e negocia\u00e7\u00e3o. A iniciativa contou com a parceria do IEL Projetos para a Ind\u00fastria e teve como prop\u00f3sito oferecer uma viv\u00eancia pr\u00e1tica em gest\u00e3o, aliando conte\u00fado estrat\u00e9gico, troca de experi\u00eancias e oportunidades de desenvolvimento para empresas de diferentes portes.<\/p>\n\n\n\n<p>Na abertura, a superintendente do CIEMG, Maria Helena de S\u00e1, destacou que o tema dialoga diretamente com as a\u00e7\u00f5es da institui\u00e7\u00e3o ao longo de 2025, per\u00edodo marcado por eventos, treinamentos e iniciativas voltadas ao fortalecimento de relacionamentos. Para ela, negociar \u00e9 um ato essencialmente humano, sustentado pela empatia, pela conex\u00e3o e pela cria\u00e7\u00e3o de v\u00ednculos. Segundo a superintendente, consumidores e negociadores tomam decis\u00f5es movidos pela emo\u00e7\u00e3o, pela simpatia e pela confian\u00e7a, elementos que refor\u00e7am a import\u00e2ncia das rela\u00e7\u00f5es interpessoais mesmo em um contexto de crescente digitaliza\u00e7\u00e3o.<br><br><\/p>\n\n\n\n<figure class=\"wp-block-image aligncenter size-full is-resized\"><img fetchpriority=\"high\" decoding=\"async\" width=\"1019\" height=\"683\" src=\"https:\/\/www.fiemg.com.br\/fiemg\/wp-content\/uploads\/sites\/10\/2025\/11\/image-11.png\" alt=\"\" class=\"wp-image-10316\" style=\"width:700px\" srcset=\"https:\/\/www.fiemg.com.br\/fiemg\/wp-content\/uploads\/sites\/10\/2025\/11\/image-11.png 1019w, https:\/\/www.fiemg.com.br\/fiemg\/wp-content\/uploads\/sites\/10\/2025\/11\/image-11-300x201.png 300w, https:\/\/www.fiemg.com.br\/fiemg\/wp-content\/uploads\/sites\/10\/2025\/11\/image-11-768x515.png 768w\" sizes=\"(max-width: 1019px) 100vw, 1019px\" \/><\/figure>\n\n\n\n<p>A analista de Projetos do IEL, Amanda Pilar, apresentou aos participantes a atua\u00e7\u00e3o da Ger\u00eancia de Projetos para a Ind\u00fastria, que oferece solu\u00e7\u00f5es subsidiadas voltadas ao desenvolvimento das empresas mineiras por meio de cursos, consultorias, estudos, encontros empresariais e apoio t\u00e9cnico. Ela ressaltou que, por se tratar de um encontro dedicado ao tema vendas e negocia\u00e7\u00e3o, o IEL disponibiliza consultorias espec\u00edficas que auxiliam ind\u00fastrias a fortalecer estrat\u00e9gias comerciais e aprimorar pr\u00e1ticas de mercado.<br><br><\/p>\n\n\n\n<figure class=\"wp-block-image aligncenter size-large is-resized\"><img decoding=\"async\" width=\"1024\" height=\"692\" src=\"https:\/\/www.fiemg.com.br\/fiemg\/wp-content\/uploads\/sites\/10\/2025\/11\/image-12-1024x692.png\" alt=\"\" class=\"wp-image-10315\" style=\"width:700px\" srcset=\"https:\/\/www.fiemg.com.br\/fiemg\/wp-content\/uploads\/sites\/10\/2025\/11\/image-12-1024x692.png 1024w, https:\/\/www.fiemg.com.br\/fiemg\/wp-content\/uploads\/sites\/10\/2025\/11\/image-12-300x203.png 300w, https:\/\/www.fiemg.com.br\/fiemg\/wp-content\/uploads\/sites\/10\/2025\/11\/image-12-768x519.png 768w, https:\/\/www.fiemg.com.br\/fiemg\/wp-content\/uploads\/sites\/10\/2025\/11\/image-12.png 1067w\" sizes=\"(max-width: 1024px) 100vw, 1024px\" \/><\/figure>\n\n\n\n<p>O palestrante convidado, Jefferson Rocha, mestre em Administra\u00e7\u00e3o pela Funda\u00e7\u00e3o Dom Cabral e especialista em competitividade organizacional, iniciou sua apresenta\u00e7\u00e3o destacando sua liga\u00e7\u00e3o com Minas Gerais e a for\u00e7a da identidade cultural na constru\u00e7\u00e3o de rela\u00e7\u00f5es humanas. Ele ressaltou que a negocia\u00e7\u00e3o \u00e9 influenciada por tr\u00eas aspectos fundamentais, percep\u00e7\u00e3o, atitude e imagem, que dependem exclusivamente de cada profissional e podem transformar o modo como as rela\u00e7\u00f5es interpessoais e comerciais s\u00e3o estabelecidas. Rocha afirmou que, embora t\u00e9cnicas espec\u00edficas de negocia\u00e7\u00e3o complementem o trabalho, o resultado depende sobretudo da forma como cada indiv\u00edduo se posiciona, observa o outro e conduz suas intera\u00e7\u00f5es.<\/p>\n\n\n\n<p>Com mais de 20 anos de experi\u00eancia no setor corporativo e atua\u00e7\u00e3o em empresas como Ambev, Janssen, Xerox e Grupo Ultra, Jefferson destacou que a competitividade das organiza\u00e7\u00f5es se constr\u00f3i no contato di\u00e1rio com clientes e parceiros. Para ele, a combina\u00e7\u00e3o entre estudo cont\u00ednuo, conhecimento t\u00e9cnico, habilidades relacionais e uso estrat\u00e9gico da tecnologia \u00e9 decisiva para melhorar o desempenho comercial. O palestrante ainda refor\u00e7ou que a intelig\u00eancia artificial amplia a produtividade, mas n\u00e3o substitui a dimens\u00e3o humana, especialmente em negocia\u00e7\u00f5es estrat\u00e9gicas que envolvem confian\u00e7a, percep\u00e7\u00e3o e di\u00e1logo.<br><br><\/p>\n\n\n\n<figure class=\"wp-block-image aligncenter size-large is-resized\"><img decoding=\"async\" width=\"1024\" height=\"686\" src=\"https:\/\/www.fiemg.com.br\/fiemg\/wp-content\/uploads\/sites\/10\/2025\/11\/image-13-1024x686.png\" alt=\"\" class=\"wp-image-10314\" style=\"width:700px\" srcset=\"https:\/\/www.fiemg.com.br\/fiemg\/wp-content\/uploads\/sites\/10\/2025\/11\/image-13-1024x686.png 1024w, https:\/\/www.fiemg.com.br\/fiemg\/wp-content\/uploads\/sites\/10\/2025\/11\/image-13-300x201.png 300w, https:\/\/www.fiemg.com.br\/fiemg\/wp-content\/uploads\/sites\/10\/2025\/11\/image-13-768x515.png 768w, https:\/\/www.fiemg.com.br\/fiemg\/wp-content\/uploads\/sites\/10\/2025\/11\/image-13.png 1085w\" sizes=\"(max-width: 1024px) 100vw, 1024px\" \/><\/figure>\n\n\n\n<p>Ao longo da apresenta\u00e7\u00e3o, o palestrante incentivou os participantes a refletirem sobre seus pr\u00f3prios comportamentos e sobre a relev\u00e2ncia da rela\u00e7\u00e3o humana nos processos de decis\u00e3o, discutindo como a integra\u00e7\u00e3o entre relacionamento, tecnologia e preparo t\u00e9cnico pode elevar a qualidade das negocia\u00e7\u00f5es e fortalecer os resultados\u00a0empresariais.<br><br>Confira as fotos do \u00faltimo Caf\u00e9 Empresarial de 2025 no <a href=\"https:\/\/www.flickr.com\/photos\/sistemafiemg\/albums\/72177720330304878\/with\/54921491175\">Flickr do Sistema FIEMG<\/a>.<br><br><em>Denise Lucas<\/em><br><strong>Imprensa FIEMG<\/strong><\/p>\n\n\n\n<p><\/p>\n","protected":false},"featured_media":10313,"template":"","categories":[15],"tags":[753,78],"class_list":["post-10290","noticias","type-noticias","status-publish","has-post-thumbnail","hentry","category-desenvolvimento-industrial","tag-ciemg","tag-fiemg"],"acf":[],"yoast_head":"<!-- This site is optimized with the Yoast SEO plugin v26.2 - https:\/\/yoast.com\/wordpress\/plugins\/seo\/ -->\n<title>Negocia\u00e7\u00e3o e rela\u00e7\u00f5es humanas s\u00e3o destaque em edi\u00e7\u00e3o especial do Caf\u00e9 Empresarial - FIEMG<\/title>\n<meta name=\"description\" content=\"Encontro promovido pelo CIEMG, com parceria do IEL, reuniu representantes da ind\u00fastria para discutir como percep\u00e7\u00e3o, atitude e imagem influenciam processos de negocia\u00e7\u00e3o e desempenho profissional\" \/>\n<meta name=\"robots\" content=\"index, follow, max-snippet:-1, max-image-preview:large, max-video-preview:-1\" \/>\n<link rel=\"canonical\" href=\"https:\/\/www.fiemg.com.br\/fiemg\/noticias\/negociacao-e-relacoes-humanas-sao-destaque-em-edicao-especial-do-cafe-empresarial\/\" \/>\n<meta property=\"og:locale\" content=\"pt_BR\" \/>\n<meta property=\"og:type\" content=\"article\" \/>\n<meta property=\"og:title\" content=\"Negocia\u00e7\u00e3o e rela\u00e7\u00f5es humanas s\u00e3o destaque em edi\u00e7\u00e3o especial do Caf\u00e9 Empresarial - FIEMG\" \/>\n<meta property=\"og:description\" content=\"Encontro promovido pelo CIEMG, com parceria do IEL, reuniu representantes da ind\u00fastria para discutir como percep\u00e7\u00e3o, atitude e imagem influenciam processos de negocia\u00e7\u00e3o e desempenho profissional\" \/>\n<meta property=\"og:url\" content=\"https:\/\/www.fiemg.com.br\/fiemg\/noticias\/negociacao-e-relacoes-humanas-sao-destaque-em-edicao-especial-do-cafe-empresarial\/\" \/>\n<meta property=\"og:site_name\" content=\"FIEMG\" \/>\n<meta property=\"article:modified_time\" content=\"2025-11-17T12:03:23+00:00\" \/>\n<meta property=\"og:image\" content=\"https:\/\/www.fiemg.com.br\/fiemg\/wp-content\/uploads\/sites\/10\/2025\/11\/Cafe-Empresarial-1.png\" \/>\n\t<meta property=\"og:image:width\" content=\"520\" \/>\n\t<meta property=\"og:image:height\" content=\"493\" \/>\n\t<meta property=\"og:image:type\" content=\"image\/png\" \/>\n<meta name=\"twitter:card\" content=\"summary_large_image\" \/>\n<meta name=\"twitter:label1\" content=\"Est. tempo de leitura\" \/>\n\t<meta name=\"twitter:data1\" content=\"3 minutos\" \/>\n<script type=\"application\/ld+json\" class=\"yoast-schema-graph\">{\"@context\":\"https:\/\/schema.org\",\"@graph\":[{\"@type\":\"WebPage\",\"@id\":\"https:\/\/www.fiemg.com.br\/fiemg\/noticias\/negociacao-e-relacoes-humanas-sao-destaque-em-edicao-especial-do-cafe-empresarial\/\",\"url\":\"https:\/\/www.fiemg.com.br\/fiemg\/noticias\/negociacao-e-relacoes-humanas-sao-destaque-em-edicao-especial-do-cafe-empresarial\/\",\"name\":\"Negocia\u00e7\u00e3o e rela\u00e7\u00f5es humanas s\u00e3o destaque em edi\u00e7\u00e3o especial do Caf\u00e9 Empresarial - FIEMG\",\"isPartOf\":{\"@id\":\"https:\/\/www.fiemg.com.br\/fiemg\/#website\"},\"primaryImageOfPage\":{\"@id\":\"https:\/\/www.fiemg.com.br\/fiemg\/noticias\/negociacao-e-relacoes-humanas-sao-destaque-em-edicao-especial-do-cafe-empresarial\/#primaryimage\"},\"image\":{\"@id\":\"https:\/\/www.fiemg.com.br\/fiemg\/noticias\/negociacao-e-relacoes-humanas-sao-destaque-em-edicao-especial-do-cafe-empresarial\/#primaryimage\"},\"thumbnailUrl\":\"https:\/\/www.fiemg.com.br\/fiemg\/wp-content\/uploads\/sites\/10\/2025\/11\/cafe-ciemg.png\",\"datePublished\":\"2025-11-13T16:19:36+00:00\",\"dateModified\":\"2025-11-17T12:03:23+00:00\",\"description\":\"Encontro promovido pelo CIEMG, com parceria do IEL, reuniu representantes da ind\u00fastria para discutir como percep\u00e7\u00e3o, atitude e imagem influenciam processos de negocia\u00e7\u00e3o e desempenho profissional\",\"breadcrumb\":{\"@id\":\"https:\/\/www.fiemg.com.br\/fiemg\/noticias\/negociacao-e-relacoes-humanas-sao-destaque-em-edicao-especial-do-cafe-empresarial\/#breadcrumb\"},\"inLanguage\":\"pt-BR\",\"potentialAction\":[{\"@type\":\"ReadAction\",\"target\":[\"https:\/\/www.fiemg.com.br\/fiemg\/noticias\/negociacao-e-relacoes-humanas-sao-destaque-em-edicao-especial-do-cafe-empresarial\/\"]}]},{\"@type\":\"ImageObject\",\"inLanguage\":\"pt-BR\",\"@id\":\"https:\/\/www.fiemg.com.br\/fiemg\/noticias\/negociacao-e-relacoes-humanas-sao-destaque-em-edicao-especial-do-cafe-empresarial\/#primaryimage\",\"url\":\"https:\/\/www.fiemg.com.br\/fiemg\/wp-content\/uploads\/sites\/10\/2025\/11\/cafe-ciemg.png\",\"contentUrl\":\"https:\/\/www.fiemg.com.br\/fiemg\/wp-content\/uploads\/sites\/10\/2025\/11\/cafe-ciemg.png\",\"width\":1600,\"height\":1600},{\"@type\":\"BreadcrumbList\",\"@id\":\"https:\/\/www.fiemg.com.br\/fiemg\/noticias\/negociacao-e-relacoes-humanas-sao-destaque-em-edicao-especial-do-cafe-empresarial\/#breadcrumb\",\"itemListElement\":[{\"@type\":\"ListItem\",\"position\":1,\"name\":\"In\u00edcio\",\"item\":\"https:\/\/www.fiemg.com.br\/fiemg\/\"},{\"@type\":\"ListItem\",\"position\":2,\"name\":\"Negocia\u00e7\u00e3o e rela\u00e7\u00f5es humanas s\u00e3o destaque em edi\u00e7\u00e3o especial do Caf\u00e9 Empresarial\"}]},{\"@type\":\"WebSite\",\"@id\":\"https:\/\/www.fiemg.com.br\/fiemg\/#website\",\"url\":\"https:\/\/www.fiemg.com.br\/fiemg\/\",\"name\":\"FIEMG\",\"description\":\"Federa\u00e7\u00e3o das Ind\u00fastrias do Estado de Minas Gerais\",\"publisher\":{\"@id\":\"https:\/\/www.fiemg.com.br\/fiemg\/#organization\"},\"potentialAction\":[{\"@type\":\"SearchAction\",\"target\":{\"@type\":\"EntryPoint\",\"urlTemplate\":\"https:\/\/www.fiemg.com.br\/fiemg\/?s={search_term_string}\"},\"query-input\":{\"@type\":\"PropertyValueSpecification\",\"valueRequired\":true,\"valueName\":\"search_term_string\"}}],\"inLanguage\":\"pt-BR\"},{\"@type\":\"Organization\",\"@id\":\"https:\/\/www.fiemg.com.br\/fiemg\/#organization\",\"name\":\"FIEMG\",\"url\":\"https:\/\/www.fiemg.com.br\/fiemg\/\",\"logo\":{\"@type\":\"ImageObject\",\"inLanguage\":\"pt-BR\",\"@id\":\"https:\/\/www.fiemg.com.br\/fiemg\/#\/schema\/logo\/image\/\",\"url\":\"https:\/\/www.fiemg.com.br\/fiemg\/wp-content\/uploads\/sites\/10\/2023\/02\/fiemg_branco.svg\",\"contentUrl\":\"https:\/\/www.fiemg.com.br\/fiemg\/wp-content\/uploads\/sites\/10\/2023\/02\/fiemg_branco.svg\",\"width\":561,\"height\":147,\"caption\":\"FIEMG\"},\"image\":{\"@id\":\"https:\/\/www.fiemg.com.br\/fiemg\/#\/schema\/logo\/image\/\"}}]}<\/script>\n<!-- \/ Yoast SEO plugin. -->","yoast_head_json":{"title":"Negocia\u00e7\u00e3o e rela\u00e7\u00f5es humanas s\u00e3o destaque em edi\u00e7\u00e3o especial do Caf\u00e9 Empresarial - FIEMG","description":"Encontro promovido pelo CIEMG, com parceria do IEL, reuniu representantes da ind\u00fastria para discutir como percep\u00e7\u00e3o, atitude e imagem influenciam processos de negocia\u00e7\u00e3o e desempenho profissional","robots":{"index":"index","follow":"follow","max-snippet":"max-snippet:-1","max-image-preview":"max-image-preview:large","max-video-preview":"max-video-preview:-1"},"canonical":"https:\/\/www.fiemg.com.br\/fiemg\/noticias\/negociacao-e-relacoes-humanas-sao-destaque-em-edicao-especial-do-cafe-empresarial\/","og_locale":"pt_BR","og_type":"article","og_title":"Negocia\u00e7\u00e3o e rela\u00e7\u00f5es humanas s\u00e3o destaque em edi\u00e7\u00e3o especial do Caf\u00e9 Empresarial - FIEMG","og_description":"Encontro promovido pelo CIEMG, com parceria do IEL, reuniu representantes da ind\u00fastria para discutir como percep\u00e7\u00e3o, atitude e imagem influenciam processos de negocia\u00e7\u00e3o e desempenho profissional","og_url":"https:\/\/www.fiemg.com.br\/fiemg\/noticias\/negociacao-e-relacoes-humanas-sao-destaque-em-edicao-especial-do-cafe-empresarial\/","og_site_name":"FIEMG","article_modified_time":"2025-11-17T12:03:23+00:00","og_image":[{"width":520,"height":493,"url":"https:\/\/www.fiemg.com.br\/fiemg\/wp-content\/uploads\/sites\/10\/2025\/11\/Cafe-Empresarial-1.png","type":"image\/png"}],"twitter_card":"summary_large_image","twitter_misc":{"Est. tempo de leitura":"3 minutos"},"schema":{"@context":"https:\/\/schema.org","@graph":[{"@type":"WebPage","@id":"https:\/\/www.fiemg.com.br\/fiemg\/noticias\/negociacao-e-relacoes-humanas-sao-destaque-em-edicao-especial-do-cafe-empresarial\/","url":"https:\/\/www.fiemg.com.br\/fiemg\/noticias\/negociacao-e-relacoes-humanas-sao-destaque-em-edicao-especial-do-cafe-empresarial\/","name":"Negocia\u00e7\u00e3o e rela\u00e7\u00f5es humanas s\u00e3o destaque em edi\u00e7\u00e3o especial do Caf\u00e9 Empresarial - FIEMG","isPartOf":{"@id":"https:\/\/www.fiemg.com.br\/fiemg\/#website"},"primaryImageOfPage":{"@id":"https:\/\/www.fiemg.com.br\/fiemg\/noticias\/negociacao-e-relacoes-humanas-sao-destaque-em-edicao-especial-do-cafe-empresarial\/#primaryimage"},"image":{"@id":"https:\/\/www.fiemg.com.br\/fiemg\/noticias\/negociacao-e-relacoes-humanas-sao-destaque-em-edicao-especial-do-cafe-empresarial\/#primaryimage"},"thumbnailUrl":"https:\/\/www.fiemg.com.br\/fiemg\/wp-content\/uploads\/sites\/10\/2025\/11\/cafe-ciemg.png","datePublished":"2025-11-13T16:19:36+00:00","dateModified":"2025-11-17T12:03:23+00:00","description":"Encontro promovido pelo CIEMG, com parceria do IEL, reuniu representantes da ind\u00fastria para discutir como percep\u00e7\u00e3o, atitude e imagem influenciam processos de negocia\u00e7\u00e3o e desempenho profissional","breadcrumb":{"@id":"https:\/\/www.fiemg.com.br\/fiemg\/noticias\/negociacao-e-relacoes-humanas-sao-destaque-em-edicao-especial-do-cafe-empresarial\/#breadcrumb"},"inLanguage":"pt-BR","potentialAction":[{"@type":"ReadAction","target":["https:\/\/www.fiemg.com.br\/fiemg\/noticias\/negociacao-e-relacoes-humanas-sao-destaque-em-edicao-especial-do-cafe-empresarial\/"]}]},{"@type":"ImageObject","inLanguage":"pt-BR","@id":"https:\/\/www.fiemg.com.br\/fiemg\/noticias\/negociacao-e-relacoes-humanas-sao-destaque-em-edicao-especial-do-cafe-empresarial\/#primaryimage","url":"https:\/\/www.fiemg.com.br\/fiemg\/wp-content\/uploads\/sites\/10\/2025\/11\/cafe-ciemg.png","contentUrl":"https:\/\/www.fiemg.com.br\/fiemg\/wp-content\/uploads\/sites\/10\/2025\/11\/cafe-ciemg.png","width":1600,"height":1600},{"@type":"BreadcrumbList","@id":"https:\/\/www.fiemg.com.br\/fiemg\/noticias\/negociacao-e-relacoes-humanas-sao-destaque-em-edicao-especial-do-cafe-empresarial\/#breadcrumb","itemListElement":[{"@type":"ListItem","position":1,"name":"In\u00edcio","item":"https:\/\/www.fiemg.com.br\/fiemg\/"},{"@type":"ListItem","position":2,"name":"Negocia\u00e7\u00e3o e rela\u00e7\u00f5es humanas s\u00e3o destaque em edi\u00e7\u00e3o especial do Caf\u00e9 Empresarial"}]},{"@type":"WebSite","@id":"https:\/\/www.fiemg.com.br\/fiemg\/#website","url":"https:\/\/www.fiemg.com.br\/fiemg\/","name":"FIEMG","description":"Federa\u00e7\u00e3o das Ind\u00fastrias do Estado de Minas Gerais","publisher":{"@id":"https:\/\/www.fiemg.com.br\/fiemg\/#organization"},"potentialAction":[{"@type":"SearchAction","target":{"@type":"EntryPoint","urlTemplate":"https:\/\/www.fiemg.com.br\/fiemg\/?s={search_term_string}"},"query-input":{"@type":"PropertyValueSpecification","valueRequired":true,"valueName":"search_term_string"}}],"inLanguage":"pt-BR"},{"@type":"Organization","@id":"https:\/\/www.fiemg.com.br\/fiemg\/#organization","name":"FIEMG","url":"https:\/\/www.fiemg.com.br\/fiemg\/","logo":{"@type":"ImageObject","inLanguage":"pt-BR","@id":"https:\/\/www.fiemg.com.br\/fiemg\/#\/schema\/logo\/image\/","url":"https:\/\/www.fiemg.com.br\/fiemg\/wp-content\/uploads\/sites\/10\/2023\/02\/fiemg_branco.svg","contentUrl":"https:\/\/www.fiemg.com.br\/fiemg\/wp-content\/uploads\/sites\/10\/2023\/02\/fiemg_branco.svg","width":561,"height":147,"caption":"FIEMG"},"image":{"@id":"https:\/\/www.fiemg.com.br\/fiemg\/#\/schema\/logo\/image\/"}}]}},"_links":{"self":[{"href":"https:\/\/www.fiemg.com.br\/fiemg\/wp-json\/wp\/v2\/noticias\/10290","targetHints":{"allow":["GET"]}}],"collection":[{"href":"https:\/\/www.fiemg.com.br\/fiemg\/wp-json\/wp\/v2\/noticias"}],"about":[{"href":"https:\/\/www.fiemg.com.br\/fiemg\/wp-json\/wp\/v2\/types\/noticias"}],"wp:featuredmedia":[{"embeddable":true,"href":"https:\/\/www.fiemg.com.br\/fiemg\/wp-json\/wp\/v2\/media\/10313"}],"wp:attachment":[{"href":"https:\/\/www.fiemg.com.br\/fiemg\/wp-json\/wp\/v2\/media?parent=10290"}],"wp:term":[{"taxonomy":"category","embeddable":true,"href":"https:\/\/www.fiemg.com.br\/fiemg\/wp-json\/wp\/v2\/categories?post=10290"},{"taxonomy":"post_tag","embeddable":true,"href":"https:\/\/www.fiemg.com.br\/fiemg\/wp-json\/wp\/v2\/tags?post=10290"}],"curies":[{"name":"wp","href":"https:\/\/api.w.org\/{rel}","templated":true}]}}